{"id":2721,"date":"2019-07-18T00:00:00","date_gmt":"2019-07-17T22:00:00","guid":{"rendered":"http:\/\/wonder.solidarites.ch\/journal\/%tx_journal_issues%\/geneva-pride-2019\/"},"modified":"2019-07-18T00:00:00","modified_gmt":"2019-07-17T22:00:00","slug":"geneva-pride-2019","status":"publish","type":"cpt_sj_article","link":"https:\/\/solidarites.ch\/geneve\/journal\/354-2\/geneva-pride-2019\/","title":{"rendered":"Geneva Pride 2019"},"content":{"rendered":"<div style=\"font-weight:bolder\">\n<div><img decoding=\"async\" alt=\"solidarit\u00c3\u00a9S \u00c3  la Pride Gen\u00c3\u00a8ve 2019\" src=\"http:\/\/solidarites.ch\/wp-content\/uploads\/2019\/11\/solidariteS-pride-geneve-2019.jpg\" xss=removed><\/div>\n<\/div>\n<p>Le 6 juillet, la Pride a r\u00e9uni des dizaines de milliers de manifestant\u00b7e\u00b7s venu\u00b7e\u00b7s de partout. On y a bien s\u00fbr retrouv\u00e9 un nombre important d&rsquo;associations LGBT et queer, mais aussi des entreprises. De nombreux\u00b7ses militant\u00b7e\u00b7s se sont toutefois appliqu\u00e9s \u00e0 rendre \u00e0 cet \u00e9v\u00e9nement sa dimension politique: slogans et pancartes anticapitalistes ont \u00e9gren\u00e9 la parade, afin qu&rsquo;elle demeure \u00e0 l&rsquo;honneur des luttes LGBTIQ, historiquement subversives et d\u00e9nonciatrices de la marchandisation si pr\u00e9sente aujourd&rsquo;hui. <strong>TK<\/strong><\/p>\n<div> <\/div>\n","protected":false},"featured_media":2722,"template":"","tx_journal_issues":[72],"tx_journal_display":[],"class_list":["post-2721","cpt_sj_article","type-cpt_sj_article","status-publish","has-post-thumbnail","hentry","tx_journal_authors-knezevic-tamara","tx_journal_issues-354-2","tx_journal_sections-en-mouvement","tx_journal_sections-queer"],"acf":[],"yoast_head":"<!-- This site is optimized with the Yoast SEO plugin v27.4 - https:\/\/yoast.com\/product\/yoast-seo-wordpress\/ -->\n<title>Geneva Pride 2019 - solidarit\u00e9S Gen\u00e8ve<\/title>\n<meta name=\"robots\" content=\"index, follow, max-snippet:-1, max-image-preview:large, max-video-preview:-1\" \/>\n<link rel=\"canonical\" href=\"https:\/\/solidarites.ch\/geneve\/journal\/354-2\/geneva-pride-2019\/\" \/>\n<meta property=\"og:locale\" content=\"fr_FR\" \/>\n<meta property=\"og:type\" content=\"article\" \/>\n<meta property=\"og:title\" content=\"Geneva Pride 2019 - solidarit\u00e9S Gen\u00e8ve\" \/>\n<meta property=\"og:description\" content=\"Le 6 juillet, la Pride a r\u00e9uni des dizaines de milliers de manifestant\u00b7e\u00b7s venu\u00b7e\u00b7s de partout. On y a bien s\u00fbr retrouv\u00e9 un nombre important d&rsquo;associations LGBT et queer, mais aussi des entreprises. De nombreux\u00b7ses militant\u00b7e\u00b7s se sont toutefois appliqu\u00e9s \u00e0 rendre \u00e0 cet \u00e9v\u00e9nement sa dimension politique: slogans et pancartes anticapitalistes ont \u00e9gren\u00e9 la &hellip; Continued\" \/>\n<meta property=\"og:url\" content=\"https:\/\/solidarites.ch\/geneve\/journal\/354-2\/geneva-pride-2019\/\" \/>\n<meta property=\"og:site_name\" content=\"solidarit\u00e9S Gen\u00e8ve\" \/>\n<meta property=\"og:image\" content=\"https:\/\/solidarites.ch\/geneve\/wp-content\/uploads\/sites\/6\/2019\/07\/solidariteS-pride-geneve-2019.jpg\" \/>\n\t<meta property=\"og:image:width\" content=\"1162\" \/>\n\t<meta property=\"og:image:height\" content=\"784\" \/>\n\t<meta property=\"og:image:type\" content=\"image\/jpeg\" \/>\n<meta name=\"twitter:card\" content=\"summary_large_image\" \/>\n<script type=\"application\/ld+json\" class=\"yoast-schema-graph\">{\"@context\":\"https:\\\/\\\/schema.org\",\"@graph\":[{\"@type\":\"WebPage\",\"@id\":\"https:\\\/\\\/solidarites.ch\\\/geneve\\\/journal\\\/354-2\\\/geneva-pride-2019\\\/\",\"url\":\"https:\\\/\\\/solidarites.ch\\\/geneve\\\/journal\\\/354-2\\\/geneva-pride-2019\\\/\",\"name\":\"Geneva Pride 2019 - solidarit\u00e9S Gen\u00e8ve\",\"isPartOf\":{\"@id\":\"https:\\\/\\\/solidarites.ch\\\/geneve\\\/#website\"},\"primaryImageOfPage\":{\"@id\":\"https:\\\/\\\/solidarites.ch\\\/geneve\\\/journal\\\/354-2\\\/geneva-pride-2019\\\/#primaryimage\"},\"image\":{\"@id\":\"https:\\\/\\\/solidarites.ch\\\/geneve\\\/journal\\\/354-2\\\/geneva-pride-2019\\\/#primaryimage\"},\"thumbnailUrl\":\"https:\\\/\\\/solidarites.ch\\\/geneve\\\/wp-content\\\/uploads\\\/sites\\\/6\\\/2019\\\/07\\\/solidariteS-pride-geneve-2019.jpg\",\"datePublished\":\"2019-07-17T22:00:00+00:00\",\"breadcrumb\":{\"@id\":\"https:\\\/\\\/solidarites.ch\\\/geneve\\\/journal\\\/354-2\\\/geneva-pride-2019\\\/#breadcrumb\"},\"inLanguage\":\"fr-FR\",\"potentialAction\":[{\"@type\":\"ReadAction\",\"target\":[\"https:\\\/\\\/solidarites.ch\\\/geneve\\\/journal\\\/354-2\\\/geneva-pride-2019\\\/\"]}]},{\"@type\":\"ImageObject\",\"inLanguage\":\"fr-FR\",\"@id\":\"https:\\\/\\\/solidarites.ch\\\/geneve\\\/journal\\\/354-2\\\/geneva-pride-2019\\\/#primaryimage\",\"url\":\"https:\\\/\\\/solidarites.ch\\\/geneve\\\/wp-content\\\/uploads\\\/sites\\\/6\\\/2019\\\/07\\\/solidariteS-pride-geneve-2019.jpg\",\"contentUrl\":\"https:\\\/\\\/solidarites.ch\\\/geneve\\\/wp-content\\\/uploads\\\/sites\\\/6\\\/2019\\\/07\\\/solidariteS-pride-geneve-2019.jpg\",\"width\":1162,\"height\":784},{\"@type\":\"BreadcrumbList\",\"@id\":\"https:\\\/\\\/solidarites.ch\\\/geneve\\\/journal\\\/354-2\\\/geneva-pride-2019\\\/#breadcrumb\",\"itemListElement\":[{\"@type\":\"ListItem\",\"position\":1,\"name\":\"Accueil\",\"item\":\"https:\\\/\\\/solidarites.ch\\\/geneve\\\/\"},{\"@type\":\"ListItem\",\"position\":2,\"name\":\"Articles Journal\",\"item\":\"https:\\\/\\\/solidarites.ch\\\/geneve\\\/articles\\\/\"},{\"@type\":\"ListItem\",\"position\":3,\"name\":\"Geneva Pride 2019\"}]},{\"@type\":\"WebSite\",\"@id\":\"https:\\\/\\\/solidarites.ch\\\/geneve\\\/#website\",\"url\":\"https:\\\/\\\/solidarites.ch\\\/geneve\\\/\",\"name\":\"solidarit\u00e9S Gen\u00e8ve\",\"description\":\"Un mouvement &lt;br&gt;anticapitaliste, &lt;br&gt;f\u00e9ministe, &lt;br&gt;\u00e9cosocialiste\",\"potentialAction\":[{\"@type\":\"SearchAction\",\"target\":{\"@type\":\"EntryPoint\",\"urlTemplate\":\"https:\\\/\\\/solidarites.ch\\\/geneve\\\/?s={search_term_string}\"},\"query-input\":{\"@type\":\"PropertyValueSpecification\",\"valueRequired\":true,\"valueName\":\"search_term_string\"}}],\"inLanguage\":\"fr-FR\"}]}<\/script>\n<!-- \/ Yoast SEO plugin. -->","yoast_head_json":{"title":"Geneva Pride 2019 - solidarit\u00e9S Gen\u00e8ve","robots":{"index":"index","follow":"follow","max-snippet":"max-snippet:-1","max-image-preview":"max-image-preview:large","max-video-preview":"max-video-preview:-1"},"canonical":"https:\/\/solidarites.ch\/geneve\/journal\/354-2\/geneva-pride-2019\/","og_locale":"fr_FR","og_type":"article","og_title":"Geneva Pride 2019 - solidarit\u00e9S Gen\u00e8ve","og_description":"Le 6 juillet, la Pride a r\u00e9uni des dizaines de milliers de manifestant\u00b7e\u00b7s venu\u00b7e\u00b7s de partout. On y a bien s\u00fbr retrouv\u00e9 un nombre important d&rsquo;associations LGBT et queer, mais aussi des entreprises. De nombreux\u00b7ses militant\u00b7e\u00b7s se sont toutefois appliqu\u00e9s \u00e0 rendre \u00e0 cet \u00e9v\u00e9nement sa dimension politique: slogans et pancartes anticapitalistes ont \u00e9gren\u00e9 la &hellip; Continued","og_url":"https:\/\/solidarites.ch\/geneve\/journal\/354-2\/geneva-pride-2019\/","og_site_name":"solidarit\u00e9S Gen\u00e8ve","og_image":[{"width":1162,"height":784,"url":"https:\/\/solidarites.ch\/geneve\/wp-content\/uploads\/sites\/6\/2019\/07\/solidariteS-pride-geneve-2019.jpg","type":"image\/jpeg"}],"twitter_card":"summary_large_image","schema":{"@context":"https:\/\/schema.org","@graph":[{"@type":"WebPage","@id":"https:\/\/solidarites.ch\/geneve\/journal\/354-2\/geneva-pride-2019\/","url":"https:\/\/solidarites.ch\/geneve\/journal\/354-2\/geneva-pride-2019\/","name":"Geneva Pride 2019 - solidarit\u00e9S Gen\u00e8ve","isPartOf":{"@id":"https:\/\/solidarites.ch\/geneve\/#website"},"primaryImageOfPage":{"@id":"https:\/\/solidarites.ch\/geneve\/journal\/354-2\/geneva-pride-2019\/#primaryimage"},"image":{"@id":"https:\/\/solidarites.ch\/geneve\/journal\/354-2\/geneva-pride-2019\/#primaryimage"},"thumbnailUrl":"https:\/\/solidarites.ch\/geneve\/wp-content\/uploads\/sites\/6\/2019\/07\/solidariteS-pride-geneve-2019.jpg","datePublished":"2019-07-17T22:00:00+00:00","breadcrumb":{"@id":"https:\/\/solidarites.ch\/geneve\/journal\/354-2\/geneva-pride-2019\/#breadcrumb"},"inLanguage":"fr-FR","potentialAction":[{"@type":"ReadAction","target":["https:\/\/solidarites.ch\/geneve\/journal\/354-2\/geneva-pride-2019\/"]}]},{"@type":"ImageObject","inLanguage":"fr-FR","@id":"https:\/\/solidarites.ch\/geneve\/journal\/354-2\/geneva-pride-2019\/#primaryimage","url":"https:\/\/solidarites.ch\/geneve\/wp-content\/uploads\/sites\/6\/2019\/07\/solidariteS-pride-geneve-2019.jpg","contentUrl":"https:\/\/solidarites.ch\/geneve\/wp-content\/uploads\/sites\/6\/2019\/07\/solidariteS-pride-geneve-2019.jpg","width":1162,"height":784},{"@type":"BreadcrumbList","@id":"https:\/\/solidarites.ch\/geneve\/journal\/354-2\/geneva-pride-2019\/#breadcrumb","itemListElement":[{"@type":"ListItem","position":1,"name":"Accueil","item":"https:\/\/solidarites.ch\/geneve\/"},{"@type":"ListItem","position":2,"name":"Articles Journal","item":"https:\/\/solidarites.ch\/geneve\/articles\/"},{"@type":"ListItem","position":3,"name":"Geneva Pride 2019"}]},{"@type":"WebSite","@id":"https:\/\/solidarites.ch\/geneve\/#website","url":"https:\/\/solidarites.ch\/geneve\/","name":"solidarit\u00e9S Gen\u00e8ve","description":"Un mouvement &lt;br&gt;anticapitaliste, &lt;br&gt;f\u00e9ministe, &lt;br&gt;\u00e9cosocialiste","potentialAction":[{"@type":"SearchAction","target":{"@type":"EntryPoint","urlTemplate":"https:\/\/solidarites.ch\/geneve\/?s={search_term_string}"},"query-input":{"@type":"PropertyValueSpecification","valueRequired":true,"valueName":"search_term_string"}}],"inLanguage":"fr-FR"}]}},"distributor_meta":false,"distributor_terms":false,"distributor_media":false,"distributor_original_site_name":"solidarit\u00e9S Gen\u00e8ve","distributor_original_site_url":"https:\/\/solidarites.ch\/geneve","push-errors":false,"_links":{"self":[{"href":"https:\/\/solidarites.ch\/geneve\/wp-json\/wp\/v2\/cpt_sj_article\/2721","targetHints":{"allow":["GET"]}}],"collection":[{"href":"https:\/\/solidarites.ch\/geneve\/wp-json\/wp\/v2\/cpt_sj_article"}],"about":[{"href":"https:\/\/solidarites.ch\/geneve\/wp-json\/wp\/v2\/types\/cpt_sj_article"}],"wp:featuredmedia":[{"embeddable":true,"href":"https:\/\/solidarites.ch\/geneve\/wp-json\/wp\/v2\/media\/2722"}],"wp:attachment":[{"href":"https:\/\/solidarites.ch\/geneve\/wp-json\/wp\/v2\/media?parent=2721"}],"wp:term":[{"taxonomy":"tx_journal_issues","embeddable":true,"href":"https:\/\/solidarites.ch\/geneve\/wp-json\/wp\/v2\/tx_journal_issues?post=2721"},{"taxonomy":"tx_journal_display","embeddable":true,"href":"https:\/\/solidarites.ch\/geneve\/wp-json\/wp\/v2\/tx_journal_display?post=2721"}],"curies":[{"name":"wp","href":"https:\/\/api.w.org\/{rel}","templated":true}]}}