{"id":2967,"date":"2020-03-05T15:17:16","date_gmt":"2020-03-05T14:17:16","guid":{"rendered":"https:\/\/solidarites.ch\/?post_type=cpt_sj_article&#038;p=15117"},"modified":"2020-03-07T14:52:01","modified_gmt":"2020-03-07T13:52:01","slug":"la-fin-de-score","status":"publish","type":"cpt_sj_article","link":"https:\/\/solidarites.ch\/geneve\/journal\/364-2\/la-fin-de-score\/","title":{"rendered":"La fin de SCORE"},"content":{"rendered":"\n<div class=\"wp-block-image\"><figure class=\"aligncenter size-full\"><img decoding=\"async\" src=\"https:\/\/solidarites.ch\/wp-content\/uploads\/2020\/03\/Manifestation-contre-SCORE-Geneve-2017.jpg\" alt=\"\" class=\"wp-image-15118\" \/><figcaption>Manifestation contre SCORE, Gen\u00e8ve, 2017<\/figcaption><\/div>\n<div class='wp-description'><\/div><\/figure>\n\n\n<p class=\"has-drop-cap\">solidarit\u00e9S soutient le mouvement syndical dans son opposition au projet SCORE (\u00ab\u2009Syst\u00e8me comp\u00e9tence, r\u00e9mun\u00e9ration, \u00e9valuation\u2009\u00bb). Ce dernier vise \u00e0 la r\u00e9forme du syst\u00e8me d\u2019\u00e9valuation des fonctions et des salaires du personnel de l\u2019 \u00c9tat de Gen\u00e8ve et du secteur subventionn\u00e9, qui concerne plusieurs dizaines de milliers de salari\u00e9\u00b7e\u00b7s. Le manque de transparence du projet et la volont\u00e9 d\u2019exclure les syndicats d\u00e9montrent quelques-uns des probl\u00e8mes pos\u00e9s par ce projet. Le Grand Conseil avait d\u2019ailleurs d\u00e9j\u00e0 refus\u00e9 une premi\u00e8re version, tant ce dernier n\u2019\u00e9tait pas abouti.<\/p>\n\n\n\n<p>Nous ne pouvons donc qu\u2019\u00eatre soulag\u00e9\u00b7e\u00b7s du retrait de SCORE, tout en demandant \u00e0 l\u2019\u00c9tat de reprendre l\u2019\u00e9valuation de certains m\u00e9tiers et des cahiers des charges correspondant afin de garantir une r\u00e9mun\u00e9ration plus juste et \u00e9galitaire \u00e0 son personnel. Le syst\u00e8me doit \u00e9voluer afin de r\u00e9pondre \u00e0 l\u2019attente de plusieurs branches particuli\u00e8rement d\u00e9favoris\u00e9es par le syst\u00e8me salarial actuel (en particulier les m\u00e9tiers \u00e0 forte repr\u00e9sentation f\u00e9minines comme les aides-soignantes et les emplois du social).<\/p>\n\n\n\n<p><br><strong>Donna Golaz<\/strong><\/p>\n","protected":false},"featured_media":2968,"template":"","tx_journal_issues":[87],"tx_journal_display":[],"class_list":["post-2967","cpt_sj_article","type-cpt_sj_article","status-publish","has-post-thumbnail","hentry","tx_journal_authors-golaz-donna","tx_journal_issues-364-2","tx_journal_sections-geneve","tx_journal_sections-monde-du-travail"],"acf":[],"yoast_head":"<!-- This site is optimized with the Yoast SEO plugin v27.4 - https:\/\/yoast.com\/product\/yoast-seo-wordpress\/ -->\n<title>La fin de SCORE - solidarit\u00e9S Gen\u00e8ve<\/title>\n<meta name=\"description\" content=\"solidarit\u00e9S soutient le mouvement syndical dans son opposition au projet SCORE. Ce dernier vise \u00e0 la r\u00e9forme du syst\u00e8me d\u2019\u00e9valuation des fonctions et des salaires du personnel de l\u2019\u00c9tat de Gen\u00e8ve et du secteur subventionn\u00e9.\" \/>\n<meta name=\"robots\" content=\"index, follow, max-snippet:-1, max-image-preview:large, max-video-preview:-1\" \/>\n<link rel=\"canonical\" href=\"https:\/\/solidarites.ch\/geneve\/journal\/364-2\/la-fin-de-score\/\" \/>\n<meta property=\"og:locale\" content=\"fr_FR\" \/>\n<meta property=\"og:type\" content=\"article\" \/>\n<meta property=\"og:title\" content=\"La fin de SCORE - solidarit\u00e9S Gen\u00e8ve\" \/>\n<meta property=\"og:description\" content=\"solidarit\u00e9S soutient le mouvement syndical dans son opposition au projet SCORE. Ce dernier vise \u00e0 la r\u00e9forme du syst\u00e8me d\u2019\u00e9valuation des fonctions et des salaires du personnel de l\u2019\u00c9tat de Gen\u00e8ve et du secteur subventionn\u00e9.\" \/>\n<meta property=\"og:url\" content=\"https:\/\/solidarites.ch\/geneve\/journal\/364-2\/la-fin-de-score\/\" \/>\n<meta property=\"og:site_name\" content=\"solidarit\u00e9S Gen\u00e8ve\" \/>\n<meta property=\"article:modified_time\" content=\"2020-03-07T13:52:01+00:00\" \/>\n<meta property=\"og:image\" content=\"https:\/\/solidarites.ch\/geneve\/wp-content\/uploads\/sites\/6\/2020\/03\/Manifestation-contre-SCORE-Geneve-2017.jpg\" \/>\n\t<meta property=\"og:image:width\" content=\"720\" \/>\n\t<meta property=\"og:image:height\" content=\"960\" \/>\n\t<meta property=\"og:image:type\" content=\"image\/jpeg\" \/>\n<meta name=\"twitter:card\" content=\"summary_large_image\" \/>\n<meta name=\"twitter:label1\" content=\"Dur\u00e9e de lecture estim\u00e9e\" \/>\n\t<meta name=\"twitter:data1\" content=\"1 minute\" \/>\n<script type=\"application\/ld+json\" class=\"yoast-schema-graph\">{\"@context\":\"https:\\\/\\\/schema.org\",\"@graph\":[{\"@type\":\"WebPage\",\"@id\":\"https:\\\/\\\/solidarites.ch\\\/geneve\\\/journal\\\/364-2\\\/la-fin-de-score\\\/\",\"url\":\"https:\\\/\\\/solidarites.ch\\\/geneve\\\/journal\\\/364-2\\\/la-fin-de-score\\\/\",\"name\":\"La fin de SCORE - solidarit\u00e9S Gen\u00e8ve\",\"isPartOf\":{\"@id\":\"https:\\\/\\\/solidarites.ch\\\/geneve\\\/#website\"},\"primaryImageOfPage\":{\"@id\":\"https:\\\/\\\/solidarites.ch\\\/geneve\\\/journal\\\/364-2\\\/la-fin-de-score\\\/#primaryimage\"},\"image\":{\"@id\":\"https:\\\/\\\/solidarites.ch\\\/geneve\\\/journal\\\/364-2\\\/la-fin-de-score\\\/#primaryimage\"},\"thumbnailUrl\":\"https:\\\/\\\/solidarites.ch\\\/geneve\\\/wp-content\\\/uploads\\\/sites\\\/6\\\/2020\\\/03\\\/Manifestation-contre-SCORE-Geneve-2017.jpg\",\"datePublished\":\"2020-03-05T14:17:16+00:00\",\"dateModified\":\"2020-03-07T13:52:01+00:00\",\"description\":\"solidarit\u00e9S soutient le mouvement syndical dans son opposition au projet SCORE. Ce dernier vise \u00e0 la r\u00e9forme du syst\u00e8me d\u2019\u00e9valuation des fonctions et des salaires du personnel de l\u2019\u00c9tat de Gen\u00e8ve et du secteur subventionn\u00e9.\",\"breadcrumb\":{\"@id\":\"https:\\\/\\\/solidarites.ch\\\/geneve\\\/journal\\\/364-2\\\/la-fin-de-score\\\/#breadcrumb\"},\"inLanguage\":\"fr-FR\",\"potentialAction\":[{\"@type\":\"ReadAction\",\"target\":[\"https:\\\/\\\/solidarites.ch\\\/geneve\\\/journal\\\/364-2\\\/la-fin-de-score\\\/\"]}]},{\"@type\":\"ImageObject\",\"inLanguage\":\"fr-FR\",\"@id\":\"https:\\\/\\\/solidarites.ch\\\/geneve\\\/journal\\\/364-2\\\/la-fin-de-score\\\/#primaryimage\",\"url\":\"https:\\\/\\\/solidarites.ch\\\/geneve\\\/wp-content\\\/uploads\\\/sites\\\/6\\\/2020\\\/03\\\/Manifestation-contre-SCORE-Geneve-2017.jpg\",\"contentUrl\":\"https:\\\/\\\/solidarites.ch\\\/geneve\\\/wp-content\\\/uploads\\\/sites\\\/6\\\/2020\\\/03\\\/Manifestation-contre-SCORE-Geneve-2017.jpg\",\"width\":720,\"height\":960,\"caption\":\"Manifestation contre SCORE Gen\u00e8ve 2017\"},{\"@type\":\"BreadcrumbList\",\"@id\":\"https:\\\/\\\/solidarites.ch\\\/geneve\\\/journal\\\/364-2\\\/la-fin-de-score\\\/#breadcrumb\",\"itemListElement\":[{\"@type\":\"ListItem\",\"position\":1,\"name\":\"Accueil\",\"item\":\"https:\\\/\\\/solidarites.ch\\\/geneve\\\/\"},{\"@type\":\"ListItem\",\"position\":2,\"name\":\"Articles Journal\",\"item\":\"https:\\\/\\\/solidarites.ch\\\/geneve\\\/articles\\\/\"},{\"@type\":\"ListItem\",\"position\":3,\"name\":\"La fin de SCORE\"}]},{\"@type\":\"WebSite\",\"@id\":\"https:\\\/\\\/solidarites.ch\\\/geneve\\\/#website\",\"url\":\"https:\\\/\\\/solidarites.ch\\\/geneve\\\/\",\"name\":\"solidarit\u00e9S Gen\u00e8ve\",\"description\":\"Un mouvement &lt;br&gt;anticapitaliste, &lt;br&gt;f\u00e9ministe, &lt;br&gt;\u00e9cosocialiste\",\"potentialAction\":[{\"@type\":\"SearchAction\",\"target\":{\"@type\":\"EntryPoint\",\"urlTemplate\":\"https:\\\/\\\/solidarites.ch\\\/geneve\\\/?s={search_term_string}\"},\"query-input\":{\"@type\":\"PropertyValueSpecification\",\"valueRequired\":true,\"valueName\":\"search_term_string\"}}],\"inLanguage\":\"fr-FR\"}]}<\/script>\n<!-- \/ Yoast SEO plugin. -->","yoast_head_json":{"title":"La fin de SCORE - solidarit\u00e9S Gen\u00e8ve","description":"solidarit\u00e9S soutient le mouvement syndical dans son opposition au projet SCORE. Ce dernier vise \u00e0 la r\u00e9forme du syst\u00e8me d\u2019\u00e9valuation des fonctions et des salaires du personnel de l\u2019\u00c9tat de Gen\u00e8ve et du secteur subventionn\u00e9.","robots":{"index":"index","follow":"follow","max-snippet":"max-snippet:-1","max-image-preview":"max-image-preview:large","max-video-preview":"max-video-preview:-1"},"canonical":"https:\/\/solidarites.ch\/geneve\/journal\/364-2\/la-fin-de-score\/","og_locale":"fr_FR","og_type":"article","og_title":"La fin de SCORE - solidarit\u00e9S Gen\u00e8ve","og_description":"solidarit\u00e9S soutient le mouvement syndical dans son opposition au projet SCORE. Ce dernier vise \u00e0 la r\u00e9forme du syst\u00e8me d\u2019\u00e9valuation des fonctions et des salaires du personnel de l\u2019\u00c9tat de Gen\u00e8ve et du secteur subventionn\u00e9.","og_url":"https:\/\/solidarites.ch\/geneve\/journal\/364-2\/la-fin-de-score\/","og_site_name":"solidarit\u00e9S Gen\u00e8ve","article_modified_time":"2020-03-07T13:52:01+00:00","og_image":[{"width":720,"height":960,"url":"https:\/\/solidarites.ch\/geneve\/wp-content\/uploads\/sites\/6\/2020\/03\/Manifestation-contre-SCORE-Geneve-2017.jpg","type":"image\/jpeg"}],"twitter_card":"summary_large_image","twitter_misc":{"Dur\u00e9e de lecture estim\u00e9e":"1 minute"},"schema":{"@context":"https:\/\/schema.org","@graph":[{"@type":"WebPage","@id":"https:\/\/solidarites.ch\/geneve\/journal\/364-2\/la-fin-de-score\/","url":"https:\/\/solidarites.ch\/geneve\/journal\/364-2\/la-fin-de-score\/","name":"La fin de SCORE - solidarit\u00e9S Gen\u00e8ve","isPartOf":{"@id":"https:\/\/solidarites.ch\/geneve\/#website"},"primaryImageOfPage":{"@id":"https:\/\/solidarites.ch\/geneve\/journal\/364-2\/la-fin-de-score\/#primaryimage"},"image":{"@id":"https:\/\/solidarites.ch\/geneve\/journal\/364-2\/la-fin-de-score\/#primaryimage"},"thumbnailUrl":"https:\/\/solidarites.ch\/geneve\/wp-content\/uploads\/sites\/6\/2020\/03\/Manifestation-contre-SCORE-Geneve-2017.jpg","datePublished":"2020-03-05T14:17:16+00:00","dateModified":"2020-03-07T13:52:01+00:00","description":"solidarit\u00e9S soutient le mouvement syndical dans son opposition au projet SCORE. Ce dernier vise \u00e0 la r\u00e9forme du syst\u00e8me d\u2019\u00e9valuation des fonctions et des salaires du personnel de l\u2019\u00c9tat de Gen\u00e8ve et du secteur subventionn\u00e9.","breadcrumb":{"@id":"https:\/\/solidarites.ch\/geneve\/journal\/364-2\/la-fin-de-score\/#breadcrumb"},"inLanguage":"fr-FR","potentialAction":[{"@type":"ReadAction","target":["https:\/\/solidarites.ch\/geneve\/journal\/364-2\/la-fin-de-score\/"]}]},{"@type":"ImageObject","inLanguage":"fr-FR","@id":"https:\/\/solidarites.ch\/geneve\/journal\/364-2\/la-fin-de-score\/#primaryimage","url":"https:\/\/solidarites.ch\/geneve\/wp-content\/uploads\/sites\/6\/2020\/03\/Manifestation-contre-SCORE-Geneve-2017.jpg","contentUrl":"https:\/\/solidarites.ch\/geneve\/wp-content\/uploads\/sites\/6\/2020\/03\/Manifestation-contre-SCORE-Geneve-2017.jpg","width":720,"height":960,"caption":"Manifestation contre SCORE Gen\u00e8ve 2017"},{"@type":"BreadcrumbList","@id":"https:\/\/solidarites.ch\/geneve\/journal\/364-2\/la-fin-de-score\/#breadcrumb","itemListElement":[{"@type":"ListItem","position":1,"name":"Accueil","item":"https:\/\/solidarites.ch\/geneve\/"},{"@type":"ListItem","position":2,"name":"Articles Journal","item":"https:\/\/solidarites.ch\/geneve\/articles\/"},{"@type":"ListItem","position":3,"name":"La fin de SCORE"}]},{"@type":"WebSite","@id":"https:\/\/solidarites.ch\/geneve\/#website","url":"https:\/\/solidarites.ch\/geneve\/","name":"solidarit\u00e9S Gen\u00e8ve","description":"Un mouvement &lt;br&gt;anticapitaliste, &lt;br&gt;f\u00e9ministe, &lt;br&gt;\u00e9cosocialiste","potentialAction":[{"@type":"SearchAction","target":{"@type":"EntryPoint","urlTemplate":"https:\/\/solidarites.ch\/geneve\/?s={search_term_string}"},"query-input":{"@type":"PropertyValueSpecification","valueRequired":true,"valueName":"search_term_string"}}],"inLanguage":"fr-FR"}]}},"distributor_meta":false,"distributor_terms":false,"distributor_media":false,"distributor_original_site_name":"solidarit\u00e9S Gen\u00e8ve","distributor_original_site_url":"https:\/\/solidarites.ch\/geneve","push-errors":false,"_links":{"self":[{"href":"https:\/\/solidarites.ch\/geneve\/wp-json\/wp\/v2\/cpt_sj_article\/2967","targetHints":{"allow":["GET"]}}],"collection":[{"href":"https:\/\/solidarites.ch\/geneve\/wp-json\/wp\/v2\/cpt_sj_article"}],"about":[{"href":"https:\/\/solidarites.ch\/geneve\/wp-json\/wp\/v2\/types\/cpt_sj_article"}],"wp:featuredmedia":[{"embeddable":true,"href":"https:\/\/solidarites.ch\/geneve\/wp-json\/wp\/v2\/media\/2968"}],"wp:attachment":[{"href":"https:\/\/solidarites.ch\/geneve\/wp-json\/wp\/v2\/media?parent=2967"}],"wp:term":[{"taxonomy":"tx_journal_issues","embeddable":true,"href":"https:\/\/solidarites.ch\/geneve\/wp-json\/wp\/v2\/tx_journal_issues?post=2967"},{"taxonomy":"tx_journal_display","embeddable":true,"href":"https:\/\/solidarites.ch\/geneve\/wp-json\/wp\/v2\/tx_journal_display?post=2967"}],"curies":[{"name":"wp","href":"https:\/\/api.w.org\/{rel}","templated":true}]}}