{"id":4294,"date":"2024-02-12T21:42:50","date_gmt":"2024-02-12T20:42:50","guid":{"rendered":"https:\/\/solidarites.ch\/?post_type=cpt_sj_article&#038;p=20296"},"modified":"2024-02-13T12:02:22","modified_gmt":"2024-02-13T11:02:22","slug":"le-fil-rouge","status":"publish","type":"cpt_sj_article","link":"https:\/\/solidarites.ch\/geneve\/journal\/431-2\/le-fil-rouge\/","title":{"rendered":"Le Fil Rouge"},"content":{"rendered":"\n<p><strong>La Jeunesse Solidaire lance un cycle de projections-d\u00e9bat.<\/strong><\/p>\n\n\n\n<figure class=\"wp-block-image size-full\"><img decoding=\"async\" src=\"https:\/\/solidarites.ch\/wp-content\/uploads\/2024\/02\/Moi_Daniel-Blake.webp\" alt=\"Deux ch\u00f4meurs dans le film de Ken Loach\" class=\"wp-image-20263\" \/><figcaption class=\"wp-element-caption\">Image du film Moi, Daniel Blake de Ken Loach<\/figcaption>\n<div class='wp-description'><\/div><\/figure>\n\n\n<p class=\"has-drop-cap\">Le cin\u00e9ma est, depuis toujours, une des formes d\u2019art les plus politis\u00e9es. On ne compte plus les r\u00e9alisateur\u00b7ices qui, \u00e0 travers le monde, ont mis l\u2019accent sur les luttes sociales en tous genres, faisant de leur cam\u00e9ra un outil plus ou moins explicite de transmission politique.\u00a0<\/p>\n\n\n\n<p>Mais le cin\u00e9ma se distingue aussi par sa capacit\u00e9 \u00e0 rassembler un public large, de milieux vari\u00e9s et de cultures diff\u00e9rentes, bref\u2009: \u00e0 unir les gens autour d\u2019un film et, en ce qui concerne les projections du <em>Fil Rouge<\/em>, un th\u00e8me politique.&nbsp;<\/p>\n\n\n\n<p>Le <em>Fil Rouge<\/em>, c\u2019est le nom du cycle de projections sur lequel nous travaillons depuis plusieurs semaines maintenant: chaque mois, de f\u00e9vrier \u00e0 juin, au Cin\u00e9lux (Gen\u00e8ve), nous projetterons un film abordant un th\u00e8me politique: f\u00e9minisme, \u00e9cologie, services publics, antifascisme.\u00a0<\/p>\n\n\n\n<p>Les projections seront accompagn\u00e9es de d\u00e9bats, d\u2019interventions, d\u2019\u00e9changes avec des intervenant\u00b7es de tous horizons, mais surtout, avec vous! L\u2019objectif est double\u2009: d\u2019abord, diffuser des films qui nous tiennent \u00e0 c\u0153ur, \u00e0 la fois divertissants et qui peuvent permettre de comprendre et de parler de sujets importants\u200a; ensuite, faire vivre et faire conna\u00eetre la Jeunesse Solidaire et ses combats au-del\u00e0 de nos sph\u00e8res militantes, et donc amener de nouvelles personnes \u00e0 nous rejoindre!\u00a0<\/p>\n\n\n\n<h2 class=\"wp-block-heading\">Ken Loach<\/h2>\n\n\n\n<p>Que reste-t-il \u00e0 dire? Et bien, que la premi\u00e8re projection du <em>Fil Rouge<\/em> aura lieu le mardi 27 f\u00e9vrier 2024 au Cin\u00e9lux! Pour d\u00e9marrer ce cycle en beaut\u00e9, nous vous proposons de revenir aux bases avec l\u2019un des cin\u00e9astes contemporains les plus engag\u00e9s dans les luttes sociales, l\u2019anglais <a href=\"https:\/\/solidarites.ch\/journal\/394-2\/fin-de-parcours-pour-la-gauche-travailliste\/\" target=\"_blank\" rel=\"noreferrer noopener\">Ken Loach<\/a> avec le c\u00e9l\u00e8bre <em><a href=\"https:\/\/solidarites.ch\/journal\/289-2\/une-palme-dor-scandaleuse-pour-ken-loach\/\" target=\"_blank\" rel=\"noreferrer noopener\">I,\u00a0Daniel Blake<\/a><\/em>. Le film raconte l\u2019histoire de Daniel, un homme de 59 ans, menuisier, qui se voit interdit de travailler par ses m\u00e9decins apr\u00e8s un accident cardiaque. D\u00e9pourvu de revenus, il va donc devoir faire appel \u00e0 l\u2019aide sociale, et se retrouve englu\u00e9 dans un inextricable chaos bureaucratique. Il fait ensuite la connaissance de Katie, une m\u00e8re c\u00e9libataire qui se retrouve dans une situation similaire, sans allocations\u2009: les deux vont s\u2019aider mutuellement, en bataillant pour obtenir de quoi survivre. La projection sera \u00e0 prix libre (minimum 5.\u2013).<\/p>\n\n\n\n<h2 class=\"wp-block-heading\">Agn\u00e8s Varda<\/h2>\n\n\n\n<p>Le reste des projections du cycle <em>Fil Rouge<\/em> sera annonc\u00e9 au fur et \u00e0 mesure, mais vous pouvez d\u2019ores et d\u00e9j\u00e0 noter la date du mardi 12 mars pour une projection li\u00e9e au th\u00e8me des personnes sans-abri avec l\u2019important <em>Sans Toit ni Loi<\/em>, d\u2019Agn\u00e8s Varda.&nbsp;<\/p>\n\n\n\n<p>Vive la lutte, vive le cin\u00e9ma et rendez-vous le 27 f\u00e9vrier au Cin\u00e9lux!<\/p>\n\n\n\n<p class=\"has-small-font-size\">La jeunesse Solidaire<\/p>\n\n\n\n<p><a href=\"https:\/\/www.instagram.com\/jeunesse_solidairege\/\" target=\"_blank\" rel=\"noreferrer noopener\"><strong>Toutes les informations sur les projections <\/strong>\u2197\ufe0e<\/a>\u00a0<\/p>\n","protected":false},"featured_media":4298,"template":"","tx_journal_issues":[257],"tx_journal_display":[56],"class_list":["post-4294","cpt_sj_article","type-cpt_sj_article","status-publish","has-post-thumbnail","hentry","tx_journal_issues-431-2","tx_journal_sections-a-voir","tx_journal_sections-en-mouvement","tx_journal_sections-geneve"],"acf":[],"yoast_head":"<!-- This site is optimized with the Yoast SEO plugin v27.4 - https:\/\/yoast.com\/product\/yoast-seo-wordpress\/ -->\n<title>Le Fil Rouge - solidarit\u00e9S Gen\u00e8ve<\/title>\n<meta name=\"description\" content=\"La Jeunesse Solidaire lance un cycle de projections-d\u00e9bat. \u00c7a commence le 27 f\u00e9vrier avec le film Moi, Daniel Blake de Ken Loach.\" \/>\n<meta name=\"robots\" content=\"index, follow, max-snippet:-1, max-image-preview:large, max-video-preview:-1\" \/>\n<link rel=\"canonical\" href=\"https:\/\/solidarites.ch\/geneve\/journal\/431-2\/le-fil-rouge\/\" \/>\n<meta property=\"og:locale\" content=\"fr_FR\" \/>\n<meta property=\"og:type\" content=\"article\" \/>\n<meta property=\"og:title\" content=\"Le Fil Rouge - solidarit\u00e9S Gen\u00e8ve\" \/>\n<meta property=\"og:description\" content=\"La Jeunesse Solidaire lance un cycle de projections-d\u00e9bat. \u00c7a commence le 27 f\u00e9vrier avec le film Moi, Daniel Blake de Ken Loach.\" \/>\n<meta property=\"og:url\" content=\"https:\/\/solidarites.ch\/geneve\/journal\/431-2\/le-fil-rouge\/\" \/>\n<meta property=\"og:site_name\" content=\"solidarit\u00e9S Gen\u00e8ve\" \/>\n<meta property=\"article:modified_time\" content=\"2024-02-13T11:02:22+00:00\" \/>\n<meta name=\"twitter:card\" content=\"summary_large_image\" \/>\n<meta name=\"twitter:label1\" content=\"Dur\u00e9e de lecture estim\u00e9e\" \/>\n\t<meta name=\"twitter:data1\" content=\"3 minutes\" \/>\n<script type=\"application\/ld+json\" class=\"yoast-schema-graph\">{\"@context\":\"https:\\\/\\\/schema.org\",\"@graph\":[{\"@type\":\"WebPage\",\"@id\":\"https:\\\/\\\/solidarites.ch\\\/geneve\\\/journal\\\/431-2\\\/le-fil-rouge\\\/\",\"url\":\"https:\\\/\\\/solidarites.ch\\\/geneve\\\/journal\\\/431-2\\\/le-fil-rouge\\\/\",\"name\":\"Le Fil Rouge - solidarit\u00e9S Gen\u00e8ve\",\"isPartOf\":{\"@id\":\"https:\\\/\\\/solidarites.ch\\\/geneve\\\/#website\"},\"primaryImageOfPage\":{\"@id\":\"https:\\\/\\\/solidarites.ch\\\/geneve\\\/journal\\\/431-2\\\/le-fil-rouge\\\/#primaryimage\"},\"image\":{\"@id\":\"https:\\\/\\\/solidarites.ch\\\/geneve\\\/journal\\\/431-2\\\/le-fil-rouge\\\/#primaryimage\"},\"thumbnailUrl\":\"https:\\\/\\\/solidarites.ch\\\/geneve\\\/wp-content\\\/uploads\\\/sites\\\/6\\\/2024\\\/02\\\/Moi_Daniel-Blake.webp\",\"datePublished\":\"2024-02-12T20:42:50+00:00\",\"dateModified\":\"2024-02-13T11:02:22+00:00\",\"description\":\"La Jeunesse Solidaire lance un cycle de projections-d\u00e9bat. \u00c7a commence le 27 f\u00e9vrier avec le film Moi, Daniel Blake de Ken Loach.\",\"breadcrumb\":{\"@id\":\"https:\\\/\\\/solidarites.ch\\\/geneve\\\/journal\\\/431-2\\\/le-fil-rouge\\\/#breadcrumb\"},\"inLanguage\":\"fr-FR\",\"potentialAction\":[{\"@type\":\"ReadAction\",\"target\":[\"https:\\\/\\\/solidarites.ch\\\/geneve\\\/journal\\\/431-2\\\/le-fil-rouge\\\/\"]}]},{\"@type\":\"ImageObject\",\"inLanguage\":\"fr-FR\",\"@id\":\"https:\\\/\\\/solidarites.ch\\\/geneve\\\/journal\\\/431-2\\\/le-fil-rouge\\\/#primaryimage\",\"url\":\"https:\\\/\\\/solidarites.ch\\\/geneve\\\/wp-content\\\/uploads\\\/sites\\\/6\\\/2024\\\/02\\\/Moi_Daniel-Blake.webp\",\"contentUrl\":\"https:\\\/\\\/solidarites.ch\\\/geneve\\\/wp-content\\\/uploads\\\/sites\\\/6\\\/2024\\\/02\\\/Moi_Daniel-Blake.webp\",\"width\":1070,\"height\":803,\"caption\":\"Image du film Moi, Daniel Blake de Ken Loach\"},{\"@type\":\"BreadcrumbList\",\"@id\":\"https:\\\/\\\/solidarites.ch\\\/geneve\\\/journal\\\/431-2\\\/le-fil-rouge\\\/#breadcrumb\",\"itemListElement\":[{\"@type\":\"ListItem\",\"position\":1,\"name\":\"Accueil\",\"item\":\"https:\\\/\\\/solidarites.ch\\\/geneve\\\/\"},{\"@type\":\"ListItem\",\"position\":2,\"name\":\"Articles Journal\",\"item\":\"https:\\\/\\\/solidarites.ch\\\/geneve\\\/articles\\\/\"},{\"@type\":\"ListItem\",\"position\":3,\"name\":\"Le Fil Rouge\"}]},{\"@type\":\"WebSite\",\"@id\":\"https:\\\/\\\/solidarites.ch\\\/geneve\\\/#website\",\"url\":\"https:\\\/\\\/solidarites.ch\\\/geneve\\\/\",\"name\":\"solidarit\u00e9S Gen\u00e8ve\",\"description\":\"Un mouvement &lt;br&gt;anticapitaliste, &lt;br&gt;f\u00e9ministe, &lt;br&gt;\u00e9cosocialiste\",\"potentialAction\":[{\"@type\":\"SearchAction\",\"target\":{\"@type\":\"EntryPoint\",\"urlTemplate\":\"https:\\\/\\\/solidarites.ch\\\/geneve\\\/?s={search_term_string}\"},\"query-input\":{\"@type\":\"PropertyValueSpecification\",\"valueRequired\":true,\"valueName\":\"search_term_string\"}}],\"inLanguage\":\"fr-FR\"}]}<\/script>\n<!-- \/ Yoast SEO plugin. -->","yoast_head_json":{"title":"Le Fil Rouge - solidarit\u00e9S Gen\u00e8ve","description":"La Jeunesse Solidaire lance un cycle de projections-d\u00e9bat. \u00c7a commence le 27 f\u00e9vrier avec le film Moi, Daniel Blake de Ken Loach.","robots":{"index":"index","follow":"follow","max-snippet":"max-snippet:-1","max-image-preview":"max-image-preview:large","max-video-preview":"max-video-preview:-1"},"canonical":"https:\/\/solidarites.ch\/geneve\/journal\/431-2\/le-fil-rouge\/","og_locale":"fr_FR","og_type":"article","og_title":"Le Fil Rouge - solidarit\u00e9S Gen\u00e8ve","og_description":"La Jeunesse Solidaire lance un cycle de projections-d\u00e9bat. \u00c7a commence le 27 f\u00e9vrier avec le film Moi, Daniel Blake de Ken Loach.","og_url":"https:\/\/solidarites.ch\/geneve\/journal\/431-2\/le-fil-rouge\/","og_site_name":"solidarit\u00e9S Gen\u00e8ve","article_modified_time":"2024-02-13T11:02:22+00:00","twitter_card":"summary_large_image","twitter_misc":{"Dur\u00e9e de lecture estim\u00e9e":"3 minutes"},"schema":{"@context":"https:\/\/schema.org","@graph":[{"@type":"WebPage","@id":"https:\/\/solidarites.ch\/geneve\/journal\/431-2\/le-fil-rouge\/","url":"https:\/\/solidarites.ch\/geneve\/journal\/431-2\/le-fil-rouge\/","name":"Le Fil Rouge - solidarit\u00e9S Gen\u00e8ve","isPartOf":{"@id":"https:\/\/solidarites.ch\/geneve\/#website"},"primaryImageOfPage":{"@id":"https:\/\/solidarites.ch\/geneve\/journal\/431-2\/le-fil-rouge\/#primaryimage"},"image":{"@id":"https:\/\/solidarites.ch\/geneve\/journal\/431-2\/le-fil-rouge\/#primaryimage"},"thumbnailUrl":"https:\/\/solidarites.ch\/geneve\/wp-content\/uploads\/sites\/6\/2024\/02\/Moi_Daniel-Blake.webp","datePublished":"2024-02-12T20:42:50+00:00","dateModified":"2024-02-13T11:02:22+00:00","description":"La Jeunesse Solidaire lance un cycle de projections-d\u00e9bat. \u00c7a commence le 27 f\u00e9vrier avec le film Moi, Daniel Blake de Ken Loach.","breadcrumb":{"@id":"https:\/\/solidarites.ch\/geneve\/journal\/431-2\/le-fil-rouge\/#breadcrumb"},"inLanguage":"fr-FR","potentialAction":[{"@type":"ReadAction","target":["https:\/\/solidarites.ch\/geneve\/journal\/431-2\/le-fil-rouge\/"]}]},{"@type":"ImageObject","inLanguage":"fr-FR","@id":"https:\/\/solidarites.ch\/geneve\/journal\/431-2\/le-fil-rouge\/#primaryimage","url":"https:\/\/solidarites.ch\/geneve\/wp-content\/uploads\/sites\/6\/2024\/02\/Moi_Daniel-Blake.webp","contentUrl":"https:\/\/solidarites.ch\/geneve\/wp-content\/uploads\/sites\/6\/2024\/02\/Moi_Daniel-Blake.webp","width":1070,"height":803,"caption":"Image du film Moi, Daniel Blake de Ken Loach"},{"@type":"BreadcrumbList","@id":"https:\/\/solidarites.ch\/geneve\/journal\/431-2\/le-fil-rouge\/#breadcrumb","itemListElement":[{"@type":"ListItem","position":1,"name":"Accueil","item":"https:\/\/solidarites.ch\/geneve\/"},{"@type":"ListItem","position":2,"name":"Articles Journal","item":"https:\/\/solidarites.ch\/geneve\/articles\/"},{"@type":"ListItem","position":3,"name":"Le Fil Rouge"}]},{"@type":"WebSite","@id":"https:\/\/solidarites.ch\/geneve\/#website","url":"https:\/\/solidarites.ch\/geneve\/","name":"solidarit\u00e9S Gen\u00e8ve","description":"Un mouvement &lt;br&gt;anticapitaliste, &lt;br&gt;f\u00e9ministe, &lt;br&gt;\u00e9cosocialiste","potentialAction":[{"@type":"SearchAction","target":{"@type":"EntryPoint","urlTemplate":"https:\/\/solidarites.ch\/geneve\/?s={search_term_string}"},"query-input":{"@type":"PropertyValueSpecification","valueRequired":true,"valueName":"search_term_string"}}],"inLanguage":"fr-FR"}]}},"distributor_meta":false,"distributor_terms":false,"distributor_media":false,"distributor_original_site_name":"solidarit\u00e9S Gen\u00e8ve","distributor_original_site_url":"https:\/\/solidarites.ch\/geneve","push-errors":false,"_links":{"self":[{"href":"https:\/\/solidarites.ch\/geneve\/wp-json\/wp\/v2\/cpt_sj_article\/4294","targetHints":{"allow":["GET"]}}],"collection":[{"href":"https:\/\/solidarites.ch\/geneve\/wp-json\/wp\/v2\/cpt_sj_article"}],"about":[{"href":"https:\/\/solidarites.ch\/geneve\/wp-json\/wp\/v2\/types\/cpt_sj_article"}],"wp:featuredmedia":[{"embeddable":true,"href":"https:\/\/solidarites.ch\/geneve\/wp-json\/wp\/v2\/media\/4298"}],"wp:attachment":[{"href":"https:\/\/solidarites.ch\/geneve\/wp-json\/wp\/v2\/media?parent=4294"}],"wp:term":[{"taxonomy":"tx_journal_issues","embeddable":true,"href":"https:\/\/solidarites.ch\/geneve\/wp-json\/wp\/v2\/tx_journal_issues?post=4294"},{"taxonomy":"tx_journal_display","embeddable":true,"href":"https:\/\/solidarites.ch\/geneve\/wp-json\/wp\/v2\/tx_journal_display?post=4294"}],"curies":[{"name":"wp","href":"https:\/\/api.w.org\/{rel}","templated":true}]}}