{"id":4405,"date":"2024-07-19T14:01:28","date_gmt":"2024-07-19T12:01:28","guid":{"rendered":"https:\/\/solidarites.ch\/?post_type=cpt_sj_article&#038;p=20638"},"modified":"2024-07-19T14:01:29","modified_gmt":"2024-07-19T12:01:29","slug":"asile-proces-incendie-au-foyer-des-tattes-l-etat-responsable","status":"publish","type":"cpt_sj_article","link":"https:\/\/solidarites.ch\/geneve\/journal\/437-2\/asile-proces-incendie-au-foyer-des-tattes-l-etat-responsable\/","title":{"rendered":"Incendie au foyer des Tattes: l\u2019\u00c9tat responsable"},"content":{"rendered":"\n<p><strong>En novembre 2014, un incendie dans le foyer surpeupl\u00e9 des Tattes \u00e0 Gen\u00e8ve provoquait la mort d\u2019un requ\u00e9rant d\u2019asile et la d\u00e9fenestration de dizaines d\u2019autres. Ce terrible \u00e9v\u00e9nement relan\u00e7ait aussi un solide mouvement de solidarit\u00e9.\u00a0<\/strong><\/p>\n\n\n\n<figure class=\"wp-block-image size-full\"><img decoding=\"async\" src=\"https:\/\/solidarites.ch\/wp-content\/uploads\/2024\/07\/jugement-incendie-des-tattes-geneve-2024.webp\" alt=\"Conf\u00e9rence des avocat\u00b7es des victimes de l'incendie du foyer des Tattes devant le palais de justice, Gen\u00e8ve, avril 2024\" class=\"wp-image-20601\" \/><figcaption class=\"wp-element-caption\">Conf\u00e9rence des avocat\u00b7es des victimes devant le palais de justice, Gen\u00e8ve, avril 2024<\/figcaption>\n<div class='wp-description'><\/div><\/figure>\n\n\n<p class=\"has-drop-cap\">En\u00a0f\u00e9vrier 2015, le collectif Solidarit\u00e9 Tattes se constituait pour soutenir les personnes affect\u00e9es par l\u2019incendie, pour comprendre les causes du d\u00e9sastre et r\u00e9clamer que justice soit faite. Depuis, chaque ann\u00e9e en novembre, un rassemblement s\u2019est tenu aux Tattes, sous la plaque appos\u00e9e au mur du B\u00e2timent I.<\/p>\n\n\n\n<p>En 2022, le p\u00e8re de Fikre Seghid, le jeune \u00c9rythr\u00e9en mort dans l\u2019incendie, a particip\u00e9 au proc\u00e8s, de m\u00eame que Steve, toujours affect\u00e9 dans sa sant\u00e9 physique, avec des douleurs qui ne lui laissent pas de r\u00e9pit ni le jour ni la nuit. <a href=\"https:\/\/solidarites.ch\/journal\/336-2\/liberte-pour-ayop\/\">Ayop Aziz<\/a> \u00e9tait \u00e9galement pr\u00e9sent, d\u00e9bout\u00e9 de l\u2019asile et totalement bloqu\u00e9 au niveau de sa formation et de son travail, alors qu\u2019il est une des victimes gravement affect\u00e9es par cet incendie. Mais \u00e0 l\u2019issue de ce proc\u00e8s, les victimes se trouvaient toujours sur le banc des accus\u00e9s et l\u2019\u00c9tat, lui, disculp\u00e9.<\/p>\n\n\n\n<h2 class=\"wp-block-heading\">Dix ans pour la justice&nbsp;<\/h2>\n\n\n\n<p>Il aura fallu dix ans pendant lesquels les avocates, Solidarit\u00e9 Tattes (et d\u2019autres associations) et surtout les victimes (une partie d\u2019entre elles, certaines ayant \u00e9t\u00e9 expuls\u00e9es) n\u2019ont rien l\u00e2ch\u00e9. <a href=\"https:\/\/solidarites.ch\/journal\/359-2\/contre-le-deni-de-justice\/\">Pendant toutes ces ann\u00e9es<\/a>, l\u2019histoire a \u00e9t\u00e9 pr\u00e9sent\u00e9e de telle mani\u00e8re que le principal responsable, le coordinateur incendie de l\u2019Hospice g\u00e9n\u00e9ral, en est toujours sorti blanchi. Les avocates ont d\u00fb entreprendre une enqu\u00eate longue et m\u00e9ticuleuse pour faire \u00e9clater la v\u00e9rit\u00e9.<\/p>\n\n\n\n<p>D\u00e9but avril 2024, apr\u00e8s un ultime \u00e9pisode du proc\u00e8s, le verdict a \u00e9t\u00e9 rendu. L\u2019ancien coordinateur incendie a \u00e9t\u00e9 reconnu coupable en appel d\u2019homicide et de l\u00e9sions corporelles par n\u00e9gligence. La justice peut-elle donc \u00eatre rendue dans ce canton? Peut-\u00eatre bien pour finir. Mais apr\u00e8s 10 ans, comment r\u00e9parer \u00e0 leur juste valeur, les dommages physiques et psychiques des victimes, abandonn\u00e9es jusqu\u2019\u00e0 aujourd\u2019hui? Comment fournir une r\u00e9paration aux personnes qui ont \u00e9t\u00e9 renvoy\u00e9es au fil des ann\u00e9es par l\u2019un des responsables m\u00eame de l\u2019incendie, c\u2019est-\u00e0-dire l\u2019\u00c9tat, au pr\u00e9texte qu\u2019elles n\u2019avaient pas les bons papiers?<\/p>\n\n\n\n<h2 class=\"wp-block-heading\">Une victoire \u00e0 f\u00eater, des papiers \u00e0 exiger!<\/h2>\n\n\n\n<p>Aujourd\u2019hui, c\u2019est une victoire que nous devons f\u00eater! Mais n\u2019oublions pas que trop peu de proc\u00e8s tournent en faveur des droits humains, et que trop de proc\u00e8s n\u2019ont pas lieu parce que <a href=\"https:\/\/solidarites.ch\/journal\/371-2\/lieux-de-non-droit\/\">les personnes n\u2019osent pas ou ne peuvent pas demander justice<\/a>. Et nous continuons d\u2019exiger des d\u00e9dommagements pour les sinistr\u00e9s des Tattes! Et des permis B pour toutes les victimes!<\/p>\n\n\n\n<p class=\"has-small-font-size\"><strong>Aude Martenot<\/strong><\/p>\n","protected":false},"featured_media":0,"template":"","tx_journal_issues":[275],"tx_journal_display":[],"class_list":["post-4405","cpt_sj_article","type-cpt_sj_article","status-publish","hentry","tx_journal_authors-martenot-aude","tx_journal_issues-437-2","tx_journal_sections-geneve","tx_journal_sections-immigration","tx_journal_sections-racisme"],"acf":[],"yoast_head":"<!-- This site is optimized with the Yoast SEO plugin v27.5 - https:\/\/yoast.com\/product\/yoast-seo-wordpress\/ -->\n<title>Incendie au foyer des Tattes: l\u2019\u00c9tat responsable - solidarit\u00e9S Gen\u00e8ve<\/title>\n<meta name=\"description\" content=\"En 2014, un incendie dans le foyer surpeupl\u00e9 des Tattes provoquait la mort d\u2019un requ\u00e9rant d\u2019asile et la d\u00e9fenestration de dizaines d\u2019autres.\" \/>\n<meta name=\"robots\" content=\"index, follow, max-snippet:-1, max-image-preview:large, max-video-preview:-1\" \/>\n<link rel=\"canonical\" href=\"https:\/\/solidarites.ch\/geneve\/journal\/437-2\/asile-proces-incendie-au-foyer-des-tattes-l-etat-responsable\/\" \/>\n<meta property=\"og:locale\" content=\"fr_FR\" \/>\n<meta property=\"og:type\" content=\"article\" \/>\n<meta property=\"og:title\" content=\"Incendie au foyer des Tattes: l\u2019\u00c9tat responsable - solidarit\u00e9S Gen\u00e8ve\" \/>\n<meta property=\"og:description\" content=\"En 2014, un incendie dans le foyer surpeupl\u00e9 des Tattes provoquait la mort d\u2019un requ\u00e9rant d\u2019asile et la d\u00e9fenestration de dizaines d\u2019autres.\" \/>\n<meta property=\"og:url\" content=\"https:\/\/solidarites.ch\/geneve\/journal\/437-2\/asile-proces-incendie-au-foyer-des-tattes-l-etat-responsable\/\" \/>\n<meta property=\"og:site_name\" content=\"solidarit\u00e9S Gen\u00e8ve\" \/>\n<meta property=\"article:modified_time\" content=\"2024-07-19T12:01:29+00:00\" \/>\n<meta name=\"twitter:card\" content=\"summary_large_image\" \/>\n<meta name=\"twitter:label1\" content=\"Dur\u00e9e de lecture estim\u00e9e\" \/>\n\t<meta name=\"twitter:data1\" content=\"3 minutes\" \/>\n<script type=\"application\/ld+json\" class=\"yoast-schema-graph\">{\"@context\":\"https:\\\/\\\/schema.org\",\"@graph\":[{\"@type\":\"WebPage\",\"@id\":\"https:\\\/\\\/solidarites.ch\\\/geneve\\\/journal\\\/437-2\\\/asile-proces-incendie-au-foyer-des-tattes-l-etat-responsable\\\/\",\"url\":\"https:\\\/\\\/solidarites.ch\\\/geneve\\\/journal\\\/437-2\\\/asile-proces-incendie-au-foyer-des-tattes-l-etat-responsable\\\/\",\"name\":\"Incendie au foyer des Tattes: l\u2019\u00c9tat responsable - solidarit\u00e9S Gen\u00e8ve\",\"isPartOf\":{\"@id\":\"https:\\\/\\\/solidarites.ch\\\/geneve\\\/#website\"},\"primaryImageOfPage\":{\"@id\":\"https:\\\/\\\/solidarites.ch\\\/geneve\\\/journal\\\/437-2\\\/asile-proces-incendie-au-foyer-des-tattes-l-etat-responsable\\\/#primaryimage\"},\"image\":{\"@id\":\"https:\\\/\\\/solidarites.ch\\\/geneve\\\/journal\\\/437-2\\\/asile-proces-incendie-au-foyer-des-tattes-l-etat-responsable\\\/#primaryimage\"},\"thumbnailUrl\":\"https:\\\/\\\/solidarites.ch\\\/wp-content\\\/uploads\\\/2024\\\/07\\\/jugement-incendie-des-tattes-geneve-2024.webp\",\"datePublished\":\"2024-07-19T12:01:28+00:00\",\"dateModified\":\"2024-07-19T12:01:29+00:00\",\"description\":\"En 2014, un incendie dans le foyer surpeupl\u00e9 des Tattes provoquait la mort d\u2019un requ\u00e9rant d\u2019asile et la d\u00e9fenestration de dizaines d\u2019autres.\",\"breadcrumb\":{\"@id\":\"https:\\\/\\\/solidarites.ch\\\/geneve\\\/journal\\\/437-2\\\/asile-proces-incendie-au-foyer-des-tattes-l-etat-responsable\\\/#breadcrumb\"},\"inLanguage\":\"fr-FR\",\"potentialAction\":[{\"@type\":\"ReadAction\",\"target\":[\"https:\\\/\\\/solidarites.ch\\\/geneve\\\/journal\\\/437-2\\\/asile-proces-incendie-au-foyer-des-tattes-l-etat-responsable\\\/\"]}]},{\"@type\":\"ImageObject\",\"inLanguage\":\"fr-FR\",\"@id\":\"https:\\\/\\\/solidarites.ch\\\/geneve\\\/journal\\\/437-2\\\/asile-proces-incendie-au-foyer-des-tattes-l-etat-responsable\\\/#primaryimage\",\"url\":\"https:\\\/\\\/solidarites.ch\\\/wp-content\\\/uploads\\\/2024\\\/07\\\/jugement-incendie-des-tattes-geneve-2024.webp\",\"contentUrl\":\"https:\\\/\\\/solidarites.ch\\\/wp-content\\\/uploads\\\/2024\\\/07\\\/jugement-incendie-des-tattes-geneve-2024.webp\"},{\"@type\":\"BreadcrumbList\",\"@id\":\"https:\\\/\\\/solidarites.ch\\\/geneve\\\/journal\\\/437-2\\\/asile-proces-incendie-au-foyer-des-tattes-l-etat-responsable\\\/#breadcrumb\",\"itemListElement\":[{\"@type\":\"ListItem\",\"position\":1,\"name\":\"Accueil\",\"item\":\"https:\\\/\\\/solidarites.ch\\\/geneve\\\/\"},{\"@type\":\"ListItem\",\"position\":2,\"name\":\"Articles Journal\",\"item\":\"https:\\\/\\\/solidarites.ch\\\/geneve\\\/articles\\\/\"},{\"@type\":\"ListItem\",\"position\":3,\"name\":\"Incendie au foyer des Tattes: l\u2019\u00c9tat responsable\"}]},{\"@type\":\"WebSite\",\"@id\":\"https:\\\/\\\/solidarites.ch\\\/geneve\\\/#website\",\"url\":\"https:\\\/\\\/solidarites.ch\\\/geneve\\\/\",\"name\":\"solidarit\u00e9S Gen\u00e8ve\",\"description\":\"Un mouvement &lt;br&gt;anticapitaliste, &lt;br&gt;f\u00e9ministe, &lt;br&gt;\u00e9cosocialiste\",\"potentialAction\":[{\"@type\":\"SearchAction\",\"target\":{\"@type\":\"EntryPoint\",\"urlTemplate\":\"https:\\\/\\\/solidarites.ch\\\/geneve\\\/?s={search_term_string}\"},\"query-input\":{\"@type\":\"PropertyValueSpecification\",\"valueRequired\":true,\"valueName\":\"search_term_string\"}}],\"inLanguage\":\"fr-FR\"}]}<\/script>\n<!-- \/ Yoast SEO plugin. -->","yoast_head_json":{"title":"Incendie au foyer des Tattes: l\u2019\u00c9tat responsable - solidarit\u00e9S Gen\u00e8ve","description":"En 2014, un incendie dans le foyer surpeupl\u00e9 des Tattes provoquait la mort d\u2019un requ\u00e9rant d\u2019asile et la d\u00e9fenestration de dizaines d\u2019autres.","robots":{"index":"index","follow":"follow","max-snippet":"max-snippet:-1","max-image-preview":"max-image-preview:large","max-video-preview":"max-video-preview:-1"},"canonical":"https:\/\/solidarites.ch\/geneve\/journal\/437-2\/asile-proces-incendie-au-foyer-des-tattes-l-etat-responsable\/","og_locale":"fr_FR","og_type":"article","og_title":"Incendie au foyer des Tattes: l\u2019\u00c9tat responsable - solidarit\u00e9S Gen\u00e8ve","og_description":"En 2014, un incendie dans le foyer surpeupl\u00e9 des Tattes provoquait la mort d\u2019un requ\u00e9rant d\u2019asile et la d\u00e9fenestration de dizaines d\u2019autres.","og_url":"https:\/\/solidarites.ch\/geneve\/journal\/437-2\/asile-proces-incendie-au-foyer-des-tattes-l-etat-responsable\/","og_site_name":"solidarit\u00e9S Gen\u00e8ve","article_modified_time":"2024-07-19T12:01:29+00:00","twitter_card":"summary_large_image","twitter_misc":{"Dur\u00e9e de lecture estim\u00e9e":"3 minutes"},"schema":{"@context":"https:\/\/schema.org","@graph":[{"@type":"WebPage","@id":"https:\/\/solidarites.ch\/geneve\/journal\/437-2\/asile-proces-incendie-au-foyer-des-tattes-l-etat-responsable\/","url":"https:\/\/solidarites.ch\/geneve\/journal\/437-2\/asile-proces-incendie-au-foyer-des-tattes-l-etat-responsable\/","name":"Incendie au foyer des Tattes: l\u2019\u00c9tat responsable - solidarit\u00e9S Gen\u00e8ve","isPartOf":{"@id":"https:\/\/solidarites.ch\/geneve\/#website"},"primaryImageOfPage":{"@id":"https:\/\/solidarites.ch\/geneve\/journal\/437-2\/asile-proces-incendie-au-foyer-des-tattes-l-etat-responsable\/#primaryimage"},"image":{"@id":"https:\/\/solidarites.ch\/geneve\/journal\/437-2\/asile-proces-incendie-au-foyer-des-tattes-l-etat-responsable\/#primaryimage"},"thumbnailUrl":"https:\/\/solidarites.ch\/wp-content\/uploads\/2024\/07\/jugement-incendie-des-tattes-geneve-2024.webp","datePublished":"2024-07-19T12:01:28+00:00","dateModified":"2024-07-19T12:01:29+00:00","description":"En 2014, un incendie dans le foyer surpeupl\u00e9 des Tattes provoquait la mort d\u2019un requ\u00e9rant d\u2019asile et la d\u00e9fenestration de dizaines d\u2019autres.","breadcrumb":{"@id":"https:\/\/solidarites.ch\/geneve\/journal\/437-2\/asile-proces-incendie-au-foyer-des-tattes-l-etat-responsable\/#breadcrumb"},"inLanguage":"fr-FR","potentialAction":[{"@type":"ReadAction","target":["https:\/\/solidarites.ch\/geneve\/journal\/437-2\/asile-proces-incendie-au-foyer-des-tattes-l-etat-responsable\/"]}]},{"@type":"ImageObject","inLanguage":"fr-FR","@id":"https:\/\/solidarites.ch\/geneve\/journal\/437-2\/asile-proces-incendie-au-foyer-des-tattes-l-etat-responsable\/#primaryimage","url":"https:\/\/solidarites.ch\/wp-content\/uploads\/2024\/07\/jugement-incendie-des-tattes-geneve-2024.webp","contentUrl":"https:\/\/solidarites.ch\/wp-content\/uploads\/2024\/07\/jugement-incendie-des-tattes-geneve-2024.webp"},{"@type":"BreadcrumbList","@id":"https:\/\/solidarites.ch\/geneve\/journal\/437-2\/asile-proces-incendie-au-foyer-des-tattes-l-etat-responsable\/#breadcrumb","itemListElement":[{"@type":"ListItem","position":1,"name":"Accueil","item":"https:\/\/solidarites.ch\/geneve\/"},{"@type":"ListItem","position":2,"name":"Articles Journal","item":"https:\/\/solidarites.ch\/geneve\/articles\/"},{"@type":"ListItem","position":3,"name":"Incendie au foyer des Tattes: l\u2019\u00c9tat responsable"}]},{"@type":"WebSite","@id":"https:\/\/solidarites.ch\/geneve\/#website","url":"https:\/\/solidarites.ch\/geneve\/","name":"solidarit\u00e9S Gen\u00e8ve","description":"Un mouvement &lt;br&gt;anticapitaliste, &lt;br&gt;f\u00e9ministe, &lt;br&gt;\u00e9cosocialiste","potentialAction":[{"@type":"SearchAction","target":{"@type":"EntryPoint","urlTemplate":"https:\/\/solidarites.ch\/geneve\/?s={search_term_string}"},"query-input":{"@type":"PropertyValueSpecification","valueRequired":true,"valueName":"search_term_string"}}],"inLanguage":"fr-FR"}]}},"distributor_meta":false,"distributor_terms":false,"distributor_media":false,"distributor_original_site_name":"solidarit\u00e9S Gen\u00e8ve","distributor_original_site_url":"https:\/\/solidarites.ch\/geneve","push-errors":false,"_links":{"self":[{"href":"https:\/\/solidarites.ch\/geneve\/wp-json\/wp\/v2\/cpt_sj_article\/4405","targetHints":{"allow":["GET"]}}],"collection":[{"href":"https:\/\/solidarites.ch\/geneve\/wp-json\/wp\/v2\/cpt_sj_article"}],"about":[{"href":"https:\/\/solidarites.ch\/geneve\/wp-json\/wp\/v2\/types\/cpt_sj_article"}],"wp:attachment":[{"href":"https:\/\/solidarites.ch\/geneve\/wp-json\/wp\/v2\/media?parent=4405"}],"wp:term":[{"taxonomy":"tx_journal_issues","embeddable":true,"href":"https:\/\/solidarites.ch\/geneve\/wp-json\/wp\/v2\/tx_journal_issues?post=4405"},{"taxonomy":"tx_journal_display","embeddable":true,"href":"https:\/\/solidarites.ch\/geneve\/wp-json\/wp\/v2\/tx_journal_display?post=4405"}],"curies":[{"name":"wp","href":"https:\/\/api.w.org\/{rel}","templated":true}]}}