{"id":4406,"date":"2024-07-19T08:20:00","date_gmt":"2024-07-19T06:20:00","guid":{"rendered":"https:\/\/solidarites.ch\/?post_type=cpt_sj_article&#038;p=20626"},"modified":"2024-07-22T16:19:07","modified_gmt":"2024-07-22T14:19:07","slug":"climat-suisse-dix-mort%c2%b7es-les-coupables-courent-toujours","status":"publish","type":"cpt_sj_article","link":"https:\/\/solidarites.ch\/geneve\/journal\/437-2\/climat-suisse-dix-mort%c2%b7es-les-coupables-courent-toujours\/","title":{"rendered":"Suisse: dix mort\u00b7es. Les coupables courent toujours"},"content":{"rendered":"\n<p><strong>La Suisse, comme le monde, assiste \u00e0 une succession d\u2019\u00e9v\u00e9nements climatiques extr\u00eame et mortels. Et ce n\u2019est qu\u2019un d\u00e9but\u2026<\/strong><\/p>\n\n\n\n<figure class=\"wp-block-image size-full\"><img decoding=\"async\" src=\"https:\/\/solidarites.ch\/wp-content\/uploads\/2024\/07\/degats-intemperies-cevio-tessin.webp\" alt=\"D\u00e9g\u00e2ts dus aux orages de la nuit du 29 au 30 juin 2024 \u00e0 Cevio, Tessin\" class=\"wp-image-20598\" \/><figcaption class=\"wp-element-caption\">D\u00e9g\u00e2ts dus aux orages de la nuit du 29 au 30 juin 2024 \u00e0 Cevio, Tessin<\/figcaption>\n<div class='wp-description'><\/div><\/figure>\n\n\n<p class=\"has-drop-cap\"><strong>La\u00a0Suisse a subi plusieurs d\u00e9luges le mois pass\u00e9. Inondations, <a href=\"https:\/\/www.rts.ch\/info\/regions\/valais\/2024\/article\/environ-200-personnes-evacuees-dans-le-val-de-bagnes-en-raison-d-une-lave-torrentielle-a-risque-28559230.html\">laves torrentielles<\/a> et <a href=\"https:\/\/www.rts.ch\/info\/regions\/autres-cantons\/2024\/article\/le-bilan-grimpe-a-quatre-morts-et-quatre-disparus-au-tessin-une-nouvelle-alerte-aux-inondations-emise-28557649.html\">glissements de terrain<\/a> ont caus\u00e9 la mort de dix personnes. Ces victimes climatiques s\u2019ajoutent aux <a href=\"https:\/\/fr.euronews.com\/2024\/06\/24\/plus-de-1300-morts-lors-du-pelerinage-du-hajj-cette-annee-en-arabie-saoudite#:~:text=Monde%20Arabie%20Saoudite-,Plus%20de%201%20300%20morts%20lors%20du%20p%C3%A8lerinage%20du,cette%20ann%C3%A9e%2C%20en%20Arabie%20saoudite&amp;text=Plus%20de%201%20300%20personnes,Mecque%20et%20de%20ses%20environs.\">milliers de mort\u00b7es<\/a> caus\u00e9es par la chaleur extr\u00eame, les <a href=\"https:\/\/www.lfm.ch\/actualite\/international\/louragan-beryl-en-categorie-5-potentiellement-catastrophique\/\">ouragans<\/a>, les inondations et les feux de for\u00eat qui se sont produits aux quatre coins du globe ces derniers mois, \u00e9v\u00e9nements souvent qualifi\u00e9s d\u2019<em>\u00abexceptionnels\u00bb<\/em>.<\/strong><\/p>\n\n\n\n<p><strong>Rien d\u2019\u00e9tonnant pourtant. Le mois de juin 2024 a \u00e9t\u00e9 le 13<sup>e<\/sup>\u00a0mois cons\u00e9cutif enregistrant des temp\u00e9ratures record au niveau mondial, selon le service climatique Copernicus. Et le 12<sup>e<\/sup> mois cons\u00e9cutif o\u00f9 les temp\u00e9ratures ont d\u00e9pass\u00e9 de 1,5 \u00b0C la moyenne pr\u00e9-industrielle. Rappelons que l\u2019Accord de Paris de 2015 engageait les pays signataires \u00e0 tout mettre en \u0153uvre pour ne pas d\u00e9passer ce seuil et que les \u00abcontributions\u00bb annonc\u00e9es des \u00c9tats, tr\u00e8s optimistes, nous engagent sur une trajectoire de 2,5 \u00b0C.<\/strong><\/p>\n\n\n\n<p><strong>Si on ajoute aux \u00e9v\u00e9nements climatiques ponctuels les autres cons\u00e9quences \u00e0 long terme du d\u00e9r\u00e8glement climatique, comme un effondrement de la production alimentaire, l\u2019h\u00e9catombe est annonc\u00e9e. Les&nbsp;faits sont connus et \u00e9tablis.<\/strong><\/p>\n\n\n\n<p><strong>En Suisse, les initiatives et r\u00e9f\u00e9rendums permettent (un peu) de d\u00e9battre de ces questions et (surtout) de mesurer <a href=\"https:\/\/solidarites.ch\/journal\/409-2\/lelevage-cest-lexploitation\/\">le gouffre qui existe entre ce qui devrait \u00eatre entrepris et les positions des opposant\u00b7es<\/a>.<\/strong><\/p>\n\n\n\n<p><strong>Le 22 septembre, les citoyen\u00b7nes se prononceront sur <a href=\"https:\/\/www.initiative-biodiversite.ch\/\">l\u2019initiative biodiversit\u00e9<\/a>. Tr\u00e8s vague dans sa formulation, elle est indiscutable face \u00e0 la perte au constat que tire le comit\u00e9 d\u2019initiative: <em>\u00abun tiers de toutes les esp\u00e8ces animales et v\u00e9g\u00e9tales de Suisse sont consid\u00e9r\u00e9es comme menac\u00e9es ou ont d\u00e9j\u00e0 disparu\u00bb<\/em>. Pourtant, la droite et l\u2019Union suisse des paysans s\u2019y opposent vigoureusement, alarmant sur la <em>\u00abdiminution de la souverainet\u00e9 alimentaire\u00bb<\/em>. Savent-iels que diminuer drastiquement la production de nourriture d\u2019origine animale permettrait de r\u00e9pondre bien plus efficacement \u00e0 leur inqui\u00e9tude?<\/strong><\/p>\n\n\n\n<p><strong>En novembre, les citoyen\u00b7nes suisses devront d\u00e9cider \u2013 <em>true story<\/em> \u2013 s\u2019il faut <a href=\"https:\/\/solidarites.ch\/journal\/427-2\/referendum-autoroutes-une-bataille-decisive\/\">investir des milliards pour \u00e9largir les autoroutes\u2026<\/a> Toute personne qui envisage qu\u2019en 2040 il pourra y avoir autant de voitures en circulation qu\u2019aujourd\u2019hui tout en atteignant la neutralit\u00e9 carbone est soit\u00a0 fou\u00b7lle soit li\u00e9\u00b7e pieds et poings aux milieux \u00e9conomiques.<\/strong><\/p>\n\n\n\n<p><strong>Il semble que les m\u00e9dias, se parant de vertu pour d\u00e9noncer les infox, ont permis de faire accroire qu\u2019un capitalisme vert et quelques conseils pratiques (<a href=\"https:\/\/www.rts.ch\/info\/sciences-tech\/environnement\/14316120-manger-moins-de-viande-ca-change-quoi-pour-vous.html#:~:text=Dans%20sa%20nouvelle%20strat%C3%A9gie%20climatique,s%C3%A9curit%C3%A9%20alimentaire%20d'ici%202050.\">manger un peu moins de viande<\/a>, opter pour une voiture \u00e9lectrique\u2026) allaient r\u00e9soudre le probl\u00e8me. Et qu\u2019il faut avant tout s\u2019<em>\u00abadapter\u00bb<\/em>. Ce n\u2019est pas le cas!\u00a0<\/strong><\/p>\n\n\n\n<p><strong>Les transformations n\u00e9cessaires dans tous les domaines, notamment de l\u2019appareil de production, <a href=\"https:\/\/solidarites.ch\/journal\/434-2\/pour-une-bifurcation-ecosocialiste\/\">doivent \u00eatre radicales<\/a>. Le hic, c\u2019est que celles-ci ne sont pas compatibles avec le maintien du taux de profit du capital et contredisent fondamentalement le syst\u00e8me actuel.<\/strong><\/p>\n\n\n\n<p><strong>Son maintien, organis\u00e9 par <a href=\"https:\/\/solidarites.ch\/journal\/436-2\/recettes-reactionnaires-a-la-crise-ecologique\/\">leurs ex\u00e9cutant\u00b7es politiques<\/a>, provoquera donc des millions de mort\u00b7es et d\u00e9plac\u00e9\u00b7es \u2013 en plus de ceux qu\u2019il produit d\u00e9j\u00e0 directement. Rien de moins qu\u2019une <em>\u00abviolation d\u00e9lib\u00e9r\u00e9e des droits fondamentaux inspir\u00e9e par des motifs politiques\u00bb<\/em>. C\u2019est la d\u00e9finition du crime contre l\u2019humanit\u00e9.<\/strong><\/p>\n\n\n\n<p class=\"has-small-font-size\"><strong>Niels Wehrspann<\/strong><\/p>\n","protected":false},"featured_media":4407,"template":"","tx_journal_issues":[275],"tx_journal_display":[56],"class_list":["post-4406","cpt_sj_article","type-cpt_sj_article","status-publish","has-post-thumbnail","hentry","tx_journal_authors-wehrspann-niels","tx_journal_issues-437-2","tx_journal_sections-ecologie","tx_journal_sections-edito"],"acf":[],"yoast_head":"<!-- This site is optimized with the Yoast SEO plugin v27.5 - https:\/\/yoast.com\/product\/yoast-seo-wordpress\/ -->\n<title>Suisse: dix mort\u00b7es. Les coupables courent toujours - solidarit\u00e9S Gen\u00e8ve<\/title>\n<meta name=\"description\" content=\"La Suisse, comme le monde, assiste \u00e0 une succession d\u2019\u00e9v\u00e9nements climatiques extr\u00eame et mortels. Et ce n\u2019est qu\u2019un d\u00e9but\u2026\" \/>\n<meta name=\"robots\" content=\"index, follow, max-snippet:-1, max-image-preview:large, max-video-preview:-1\" \/>\n<link rel=\"canonical\" href=\"https:\/\/solidarites.ch\/geneve\/journal\/437-2\/climat-suisse-dix-mort\u00b7es-les-coupables-courent-toujours\/\" \/>\n<meta property=\"og:locale\" content=\"fr_FR\" \/>\n<meta property=\"og:type\" content=\"article\" \/>\n<meta property=\"og:title\" content=\"Suisse: dix mort\u00b7es. Les coupables courent toujours - solidarit\u00e9S Gen\u00e8ve\" \/>\n<meta property=\"og:description\" content=\"La Suisse, comme le monde, assiste \u00e0 une succession d\u2019\u00e9v\u00e9nements climatiques extr\u00eame et mortels. Et ce n\u2019est qu\u2019un d\u00e9but\u2026\" \/>\n<meta property=\"og:url\" content=\"https:\/\/solidarites.ch\/geneve\/journal\/437-2\/climat-suisse-dix-mort\u00b7es-les-coupables-courent-toujours\/\" \/>\n<meta property=\"og:site_name\" content=\"solidarit\u00e9S Gen\u00e8ve\" \/>\n<meta property=\"article:modified_time\" content=\"2024-07-22T14:19:07+00:00\" \/>\n<meta name=\"twitter:card\" content=\"summary_large_image\" \/>\n<meta name=\"twitter:label1\" content=\"Dur\u00e9e de lecture estim\u00e9e\" \/>\n\t<meta name=\"twitter:data1\" content=\"4 minutes\" \/>\n<script type=\"application\/ld+json\" class=\"yoast-schema-graph\">{\"@context\":\"https:\\\/\\\/schema.org\",\"@graph\":[{\"@type\":\"WebPage\",\"@id\":\"https:\\\/\\\/solidarites.ch\\\/geneve\\\/journal\\\/437-2\\\/climat-suisse-dix-mort%c2%b7es-les-coupables-courent-toujours\\\/\",\"url\":\"https:\\\/\\\/solidarites.ch\\\/geneve\\\/journal\\\/437-2\\\/climat-suisse-dix-mort%c2%b7es-les-coupables-courent-toujours\\\/\",\"name\":\"Suisse: dix mort\u00b7es. Les coupables courent toujours - solidarit\u00e9S Gen\u00e8ve\",\"isPartOf\":{\"@id\":\"https:\\\/\\\/solidarites.ch\\\/geneve\\\/#website\"},\"primaryImageOfPage\":{\"@id\":\"https:\\\/\\\/solidarites.ch\\\/geneve\\\/journal\\\/437-2\\\/climat-suisse-dix-mort%c2%b7es-les-coupables-courent-toujours\\\/#primaryimage\"},\"image\":{\"@id\":\"https:\\\/\\\/solidarites.ch\\\/geneve\\\/journal\\\/437-2\\\/climat-suisse-dix-mort%c2%b7es-les-coupables-courent-toujours\\\/#primaryimage\"},\"thumbnailUrl\":\"https:\\\/\\\/solidarites.ch\\\/geneve\\\/wp-content\\\/uploads\\\/sites\\\/6\\\/2024\\\/07\\\/degats-intemperies-cevio-tessin.webp\",\"datePublished\":\"2024-07-19T06:20:00+00:00\",\"dateModified\":\"2024-07-22T14:19:07+00:00\",\"description\":\"La Suisse, comme le monde, assiste \u00e0 une succession d\u2019\u00e9v\u00e9nements climatiques extr\u00eame et mortels. Et ce n\u2019est qu\u2019un d\u00e9but\u2026\",\"breadcrumb\":{\"@id\":\"https:\\\/\\\/solidarites.ch\\\/geneve\\\/journal\\\/437-2\\\/climat-suisse-dix-mort%c2%b7es-les-coupables-courent-toujours\\\/#breadcrumb\"},\"inLanguage\":\"fr-FR\",\"potentialAction\":[{\"@type\":\"ReadAction\",\"target\":[\"https:\\\/\\\/solidarites.ch\\\/geneve\\\/journal\\\/437-2\\\/climat-suisse-dix-mort%c2%b7es-les-coupables-courent-toujours\\\/\"]}]},{\"@type\":\"ImageObject\",\"inLanguage\":\"fr-FR\",\"@id\":\"https:\\\/\\\/solidarites.ch\\\/geneve\\\/journal\\\/437-2\\\/climat-suisse-dix-mort%c2%b7es-les-coupables-courent-toujours\\\/#primaryimage\",\"url\":\"https:\\\/\\\/solidarites.ch\\\/geneve\\\/wp-content\\\/uploads\\\/sites\\\/6\\\/2024\\\/07\\\/degats-intemperies-cevio-tessin.webp\",\"contentUrl\":\"https:\\\/\\\/solidarites.ch\\\/geneve\\\/wp-content\\\/uploads\\\/sites\\\/6\\\/2024\\\/07\\\/degats-intemperies-cevio-tessin.webp\",\"width\":1440,\"height\":1440},{\"@type\":\"BreadcrumbList\",\"@id\":\"https:\\\/\\\/solidarites.ch\\\/geneve\\\/journal\\\/437-2\\\/climat-suisse-dix-mort%c2%b7es-les-coupables-courent-toujours\\\/#breadcrumb\",\"itemListElement\":[{\"@type\":\"ListItem\",\"position\":1,\"name\":\"Accueil\",\"item\":\"https:\\\/\\\/solidarites.ch\\\/geneve\\\/\"},{\"@type\":\"ListItem\",\"position\":2,\"name\":\"Articles Journal\",\"item\":\"https:\\\/\\\/solidarites.ch\\\/geneve\\\/articles\\\/\"},{\"@type\":\"ListItem\",\"position\":3,\"name\":\"Suisse: dix mort\u00b7es. Les coupables courent toujours\"}]},{\"@type\":\"WebSite\",\"@id\":\"https:\\\/\\\/solidarites.ch\\\/geneve\\\/#website\",\"url\":\"https:\\\/\\\/solidarites.ch\\\/geneve\\\/\",\"name\":\"solidarit\u00e9S Gen\u00e8ve\",\"description\":\"Un mouvement &lt;br&gt;anticapitaliste, &lt;br&gt;f\u00e9ministe, &lt;br&gt;\u00e9cosocialiste\",\"potentialAction\":[{\"@type\":\"SearchAction\",\"target\":{\"@type\":\"EntryPoint\",\"urlTemplate\":\"https:\\\/\\\/solidarites.ch\\\/geneve\\\/?s={search_term_string}\"},\"query-input\":{\"@type\":\"PropertyValueSpecification\",\"valueRequired\":true,\"valueName\":\"search_term_string\"}}],\"inLanguage\":\"fr-FR\"}]}<\/script>\n<!-- \/ Yoast SEO plugin. -->","yoast_head_json":{"title":"Suisse: dix mort\u00b7es. Les coupables courent toujours - solidarit\u00e9S Gen\u00e8ve","description":"La Suisse, comme le monde, assiste \u00e0 une succession d\u2019\u00e9v\u00e9nements climatiques extr\u00eame et mortels. Et ce n\u2019est qu\u2019un d\u00e9but\u2026","robots":{"index":"index","follow":"follow","max-snippet":"max-snippet:-1","max-image-preview":"max-image-preview:large","max-video-preview":"max-video-preview:-1"},"canonical":"https:\/\/solidarites.ch\/geneve\/journal\/437-2\/climat-suisse-dix-mort\u00b7es-les-coupables-courent-toujours\/","og_locale":"fr_FR","og_type":"article","og_title":"Suisse: dix mort\u00b7es. Les coupables courent toujours - solidarit\u00e9S Gen\u00e8ve","og_description":"La Suisse, comme le monde, assiste \u00e0 une succession d\u2019\u00e9v\u00e9nements climatiques extr\u00eame et mortels. Et ce n\u2019est qu\u2019un d\u00e9but\u2026","og_url":"https:\/\/solidarites.ch\/geneve\/journal\/437-2\/climat-suisse-dix-mort\u00b7es-les-coupables-courent-toujours\/","og_site_name":"solidarit\u00e9S Gen\u00e8ve","article_modified_time":"2024-07-22T14:19:07+00:00","twitter_card":"summary_large_image","twitter_misc":{"Dur\u00e9e de lecture estim\u00e9e":"4 minutes"},"schema":{"@context":"https:\/\/schema.org","@graph":[{"@type":"WebPage","@id":"https:\/\/solidarites.ch\/geneve\/journal\/437-2\/climat-suisse-dix-mort%c2%b7es-les-coupables-courent-toujours\/","url":"https:\/\/solidarites.ch\/geneve\/journal\/437-2\/climat-suisse-dix-mort%c2%b7es-les-coupables-courent-toujours\/","name":"Suisse: dix mort\u00b7es. Les coupables courent toujours - solidarit\u00e9S Gen\u00e8ve","isPartOf":{"@id":"https:\/\/solidarites.ch\/geneve\/#website"},"primaryImageOfPage":{"@id":"https:\/\/solidarites.ch\/geneve\/journal\/437-2\/climat-suisse-dix-mort%c2%b7es-les-coupables-courent-toujours\/#primaryimage"},"image":{"@id":"https:\/\/solidarites.ch\/geneve\/journal\/437-2\/climat-suisse-dix-mort%c2%b7es-les-coupables-courent-toujours\/#primaryimage"},"thumbnailUrl":"https:\/\/solidarites.ch\/geneve\/wp-content\/uploads\/sites\/6\/2024\/07\/degats-intemperies-cevio-tessin.webp","datePublished":"2024-07-19T06:20:00+00:00","dateModified":"2024-07-22T14:19:07+00:00","description":"La Suisse, comme le monde, assiste \u00e0 une succession d\u2019\u00e9v\u00e9nements climatiques extr\u00eame et mortels. Et ce n\u2019est qu\u2019un d\u00e9but\u2026","breadcrumb":{"@id":"https:\/\/solidarites.ch\/geneve\/journal\/437-2\/climat-suisse-dix-mort%c2%b7es-les-coupables-courent-toujours\/#breadcrumb"},"inLanguage":"fr-FR","potentialAction":[{"@type":"ReadAction","target":["https:\/\/solidarites.ch\/geneve\/journal\/437-2\/climat-suisse-dix-mort%c2%b7es-les-coupables-courent-toujours\/"]}]},{"@type":"ImageObject","inLanguage":"fr-FR","@id":"https:\/\/solidarites.ch\/geneve\/journal\/437-2\/climat-suisse-dix-mort%c2%b7es-les-coupables-courent-toujours\/#primaryimage","url":"https:\/\/solidarites.ch\/geneve\/wp-content\/uploads\/sites\/6\/2024\/07\/degats-intemperies-cevio-tessin.webp","contentUrl":"https:\/\/solidarites.ch\/geneve\/wp-content\/uploads\/sites\/6\/2024\/07\/degats-intemperies-cevio-tessin.webp","width":1440,"height":1440},{"@type":"BreadcrumbList","@id":"https:\/\/solidarites.ch\/geneve\/journal\/437-2\/climat-suisse-dix-mort%c2%b7es-les-coupables-courent-toujours\/#breadcrumb","itemListElement":[{"@type":"ListItem","position":1,"name":"Accueil","item":"https:\/\/solidarites.ch\/geneve\/"},{"@type":"ListItem","position":2,"name":"Articles Journal","item":"https:\/\/solidarites.ch\/geneve\/articles\/"},{"@type":"ListItem","position":3,"name":"Suisse: dix mort\u00b7es. Les coupables courent toujours"}]},{"@type":"WebSite","@id":"https:\/\/solidarites.ch\/geneve\/#website","url":"https:\/\/solidarites.ch\/geneve\/","name":"solidarit\u00e9S Gen\u00e8ve","description":"Un mouvement &lt;br&gt;anticapitaliste, &lt;br&gt;f\u00e9ministe, &lt;br&gt;\u00e9cosocialiste","potentialAction":[{"@type":"SearchAction","target":{"@type":"EntryPoint","urlTemplate":"https:\/\/solidarites.ch\/geneve\/?s={search_term_string}"},"query-input":{"@type":"PropertyValueSpecification","valueRequired":true,"valueName":"search_term_string"}}],"inLanguage":"fr-FR"}]}},"distributor_meta":false,"distributor_terms":false,"distributor_media":false,"distributor_original_site_name":"solidarit\u00e9S Gen\u00e8ve","distributor_original_site_url":"https:\/\/solidarites.ch\/geneve","push-errors":false,"_links":{"self":[{"href":"https:\/\/solidarites.ch\/geneve\/wp-json\/wp\/v2\/cpt_sj_article\/4406","targetHints":{"allow":["GET"]}}],"collection":[{"href":"https:\/\/solidarites.ch\/geneve\/wp-json\/wp\/v2\/cpt_sj_article"}],"about":[{"href":"https:\/\/solidarites.ch\/geneve\/wp-json\/wp\/v2\/types\/cpt_sj_article"}],"wp:featuredmedia":[{"embeddable":true,"href":"https:\/\/solidarites.ch\/geneve\/wp-json\/wp\/v2\/media\/4407"}],"wp:attachment":[{"href":"https:\/\/solidarites.ch\/geneve\/wp-json\/wp\/v2\/media?parent=4406"}],"wp:term":[{"taxonomy":"tx_journal_issues","embeddable":true,"href":"https:\/\/solidarites.ch\/geneve\/wp-json\/wp\/v2\/tx_journal_issues?post=4406"},{"taxonomy":"tx_journal_display","embeddable":true,"href":"https:\/\/solidarites.ch\/geneve\/wp-json\/wp\/v2\/tx_journal_display?post=4406"}],"curies":[{"name":"wp","href":"https:\/\/api.w.org\/{rel}","templated":true}]}}