{"id":2605,"date":"2019-03-05T14:06:19","date_gmt":"2019-03-05T13:06:19","guid":{"rendered":"https:\/\/solidarites.ch\/geneve\/2019\/03\/05\/12-03-2019-conference-debat-ou-va-le-venezuela-%c2%b7-avec-s-p-borges-%c2%b7-19h30-%c2%b7-cafe-gavroche\/"},"modified":"2019-03-05T14:06:19","modified_gmt":"2019-03-05T13:06:19","slug":"12-03-2019-conference-debat-ou-va-le-venezuela-%c2%b7-avec-s-p-borges-%c2%b7-19h30-%c2%b7-cafe-gavroche","status":"publish","type":"post","link":"https:\/\/solidarites.ch\/geneve\/2019\/03\/05\/12-03-2019-conference-debat-ou-va-le-venezuela-%c2%b7-avec-s-p-borges-%c2%b7-19h30-%c2%b7-cafe-gavroche\/","title":{"rendered":"12.03.2019: Conf\u00e9rence-d\u00e9bat : O\u00f9 va le Venezuela? \u00b7\u00a0avec S.P. Borges \u00b7\u00a019h30 \u00b7\u00a0Caf\u00e9 Gavroche"},"content":{"rendered":"<p><img loading=\"lazy\" decoding=\"async\" style=\"margin: 20px; float: left;\" src=\"https:\/\/solidarites.ch\/geneve\/wp-content\/uploads\/sites\/6\/2020\/01\/2019-04-Venezuela-scaled.jpg\" alt=\"2019 04 Venezuela\" width=\"540\" height=\"244\" \/><\/p>\n<p>&nbsp;<\/p>\n<p class=\"zsubtitolohelvebig zcolor\" style=\"text-align: center;\">O\u00d9 VA LE VENEZUELA ?<\/p>\n<p class=\"zsubtitolohelve zcolor\" style=\"text-align: center;\">Conf\u00e9rence\u2014d\u00e9bat<\/p>\n<p class=\"zsubtitolohelve zcolor\" style=\"text-align: center;\">avec<\/p>\n<p class=\"zsubtitolohelve zcolor\" style=\"text-align: center;\">Stal\u00edn P\u00e9rez Borges, <br \/>syndicaliste v\u00e9n\u00e9zu\u00e9lien<\/p>\n<p class=\"zsubtitolohelve zcolor\" style=\"text-align: center;\">Mardi 12 mars \u00b7 19h30<br \/>Caf\u00e9 Gavroche \u00b7 4 bis bvd James-Fazy<\/p>\n<p class=\"zsubtitolohelve\" style=\"text-align: center;\"><span style=\"color: #4a4849; font-size: 0.85em; letter-spacing: 0em; word-spacing: 0em;\"><\/span><\/p>\n<p class=\"zsubtitolohelve\" style=\"text-align: left;\">&nbsp;<\/p>\n<p class=\"zsubtitolohelve\" style=\"text-align: left;\">NON au coup d\u2019\u00c9tat imp\u00e9rialiste au Venezuela!<\/p>\n<p style=\"text-align: left;\">Depuis plusieurs semaines, nous assistons \u00e0 une nouvelle tentative de faire tomber le gouvernement v\u00e9n\u00e9zu\u00e9lien. Aujourd&rsquo;hui, c\u2019est par la voie du coup d\u2019\u00c9tat et la menace d\u2019une intervention militaire \u00e9trang\u00e8re coordonn\u00e9e par les Etats-Unis que se manifestent des vell\u00e9it\u00e9s imp\u00e9rialistes. Ce n\u2019est pas la d\u00e9fense de la d\u00e9mocratie qui anime les putschistes et leurs soutiens mais bien l&rsquo;exact oppos\u00e9. Cette offensive imp\u00e9rialiste n&rsquo;est pas uniquement dirig\u00e9e contre le gouvernement de Maduro mais vise \u00e0 maintenir et \u00e9tendre la domination imp\u00e9rialiste dans toute la r\u00e9gion.<\/p>\n<p style=\"text-align: left;\">Nous appelons \u00e0 de tr\u00e8s amples campagnes internationales contre ce nouveau chapitre d&rsquo;une histoire d\u00e9j\u00e0 longue d&rsquo;interventions des Etats-Unis en Am\u00e9rique latine. D\u00e9fendre la souverainet\u00e9 v\u00e9n\u00e9zu\u00e9lienne ne doit \u00e9videmment pas nous emp\u00eacher de critiquer les politiques r\u00e9pressives et autoritaires du gouvernement Maduro. Mais, et cela devrait \u00eatre le sens commun de base : seul le peuple v\u00e9n\u00e9zu\u00e9lien peut librement et d\u00e9mocratiquement \u00eatre ma\u00eetre de son futur, sans \u00eatre la marionnette d&rsquo;aucune puissance imp\u00e9rialiste!<\/p>\n<p style=\"text-align: left;\">Laissons donc les classes populaires du Venezuela, libres et souveraines, d\u00e9cider de leur sort. Elles savent bien qu\u2019elles n\u2019ont rien \u00e0 attendre de la droite putschiste, soutenue par les imp\u00e9rialistes du type de Trump, Trudeau et Macron ou par des n\u00e9o-fascistes comme Bolsonaro.<\/p>\n<p style=\"text-align: left;\"><strong>Venez nombreux\u00b7euses en d\u00e9battre avec nous!<\/strong><\/p>\n<p>&nbsp;<\/p>\n<p>&nbsp;<\/p>\n<p><img loading=\"lazy\" decoding=\"async\" style=\"margin: 20px; float: left;\" src=\"https:\/\/solidarites.ch\/geneve\/wp-content\/uploads\/sites\/6\/2020\/01\/2019-spborges.jpg\" alt=\"2019 spborges\" width=\"540\" height=\"303\" \/><\/p>\n<p>&nbsp;<\/p>\n<p style=\"text-align: left;\"><strong>Stal\u00edn P\u00e9rez Borges<\/strong> est dirigeant syndical de la Central Socialista Bolivariana de Trabajadores et du courant LUCHAS, courant au sein du Parti socialiste unifi\u00e9 du Venezuela (PSUV), ancien responsable national de l\u2019Union nationale des travailleurs (UNT) au Venezuela.<\/p>\n<p style=\"text-align: left;\">Militant et syndicaliste marxiste-r\u00e9volutionnaire, Stal\u00edn P\u00e9rez Borges avait adh\u00e9r\u00e9 au PSUV, durant la p\u00e9riode de Chavez, pensant y d\u00e9velopper, avec d\u2019autres, des propositions r\u00e9pondant aux exigences populaires. Il a aujourd\u2019hui 67 ans.<\/p>\n<p style=\"text-align: left;\">&nbsp;<\/p>\n","protected":false},"excerpt":{"rendered":"<p><img loading=\"lazy\" decoding=\"async\" style=\"margin: 20px; float: left;\" src=\"https:\/\/www2.solidarites.ch\/geneve\/images\/stories\/agenda\/2018\/2019-04-Venezuela.jpg\" alt=\"2019 04 Venezuela\" width=\"540\" height=\"244\" \/><\/p>\n<p>&nbsp;<\/p>\n<p class=\"zsubtitolohelvebig zcolor\" style=\"text-align: center;\">O\u00d9 VA LE VENEZUELA ?<\/p>\n<p class=\"zsubtitolohelve zcolor\" style=\"text-align: center;\">Conf\u00e9rence\u2014d\u00e9bat<\/p>\n<p class=\"zsubtitolohelve zcolor\" style=\"text-align: center;\">avec<\/p>\n<p class=\"zsubtitolohelve zcolor\" style=\"text-align: center;\">Stal\u00edn P\u00e9rez Borges, <br \/>syndicaliste v\u00e9n\u00e9zu\u00e9lien<\/p>\n<p class=\"zsubtitolohelve zcolor\" style=\"text-align: center;\">Mardi 12 mars \u00b7 19h30<br \/>Caf\u00e9 Gavroche \u00b7 4 bis bvd James-Fazy<\/p>\n<p class=\"zsubtitolohelve\" style=\"text-align: center;\"><span style=\"color: #4a4849; font-size: 0.85em; letter-spacing: 0em; word-spacing: 0em;\"><\/span><\/p>\n","protected":false},"author":1,"featured_media":2607,"comment_status":"closed","ping_status":"closed","sticky":false,"template":"","format":"standard","meta":{"_acf_changed":false,"_monsterinsights_skip_tracking":false,"_monsterinsights_sitenote_active":false,"_monsterinsights_sitenote_note":"","_monsterinsights_sitenote_category":0,"footnotes":""},"tx_journal_display":[],"class_list":["post-2605","post","type-post","status-publish","format-standard","has-post-thumbnail","hentry","tx_journal_sections-agenda"],"acf":[],"yoast_head":"<!-- This site is optimized with the Yoast SEO plugin v27.5 - https:\/\/yoast.com\/product\/yoast-seo-wordpress\/ -->\n<title>12.03.2019: Conf\u00e9rence-d\u00e9bat : O\u00f9 va le Venezuela? \u00b7\u00a0avec S.P. Borges \u00b7\u00a019h30 \u00b7\u00a0Caf\u00e9 Gavroche - solidarit\u00e9S Gen\u00e8ve<\/title>\n<meta name=\"robots\" content=\"index, follow, max-snippet:-1, max-image-preview:large, max-video-preview:-1\" \/>\n<link rel=\"canonical\" href=\"https:\/\/solidarites.ch\/geneve\/2019\/03\/05\/12-03-2019-conference-debat-ou-va-le-venezuela-\u00b7-avec-s-p-borges-\u00b7-19h30-\u00b7-cafe-gavroche\/\" \/>\n<meta property=\"og:locale\" content=\"fr_FR\" \/>\n<meta property=\"og:type\" content=\"article\" \/>\n<meta property=\"og:title\" content=\"12.03.2019: Conf\u00e9rence-d\u00e9bat : O\u00f9 va le Venezuela? \u00b7\u00a0avec S.P. Borges \u00b7\u00a019h30 \u00b7\u00a0Caf\u00e9 Gavroche - solidarit\u00e9S Gen\u00e8ve\" \/>\n<meta property=\"og:description\" content=\"&nbsp; O\u00d9 VA LE VENEZUELA ? Conf\u00e9rence\u2014d\u00e9bat avec Stal\u00edn P\u00e9rez Borges, syndicaliste v\u00e9n\u00e9zu\u00e9lien Mardi 12 mars \u00b7 19h30Caf\u00e9 Gavroche \u00b7 4 bis bvd James-Fazy\" \/>\n<meta property=\"og:url\" content=\"https:\/\/solidarites.ch\/geneve\/2019\/03\/05\/12-03-2019-conference-debat-ou-va-le-venezuela-\u00b7-avec-s-p-borges-\u00b7-19h30-\u00b7-cafe-gavroche\/\" \/>\n<meta property=\"og:site_name\" content=\"solidarit\u00e9S Gen\u00e8ve\" \/>\n<meta property=\"article:published_time\" content=\"2019-03-05T13:06:19+00:00\" \/>\n<meta property=\"og:image\" content=\"https:\/\/solidarites.ch\/geneve\/wp-content\/uploads\/sites\/6\/2020\/01\/2019-spborges.jpg\" \/>\n\t<meta property=\"og:image:width\" content=\"1200\" \/>\n\t<meta property=\"og:image:height\" content=\"674\" \/>\n\t<meta property=\"og:image:type\" content=\"image\/jpeg\" \/>\n<meta name=\"author\" content=\"fab\" \/>\n<meta name=\"twitter:card\" content=\"summary_large_image\" \/>\n<meta name=\"twitter:label1\" content=\"\u00c9crit par\" \/>\n\t<meta name=\"twitter:data1\" content=\"fab\" \/>\n\t<meta name=\"twitter:label2\" content=\"Dur\u00e9e de lecture estim\u00e9e\" \/>\n\t<meta name=\"twitter:data2\" content=\"2 minutes\" \/>\n<script type=\"application\/ld+json\" class=\"yoast-schema-graph\">{\"@context\":\"https:\\\/\\\/schema.org\",\"@graph\":[{\"@type\":\"Article\",\"@id\":\"https:\\\/\\\/solidarites.ch\\\/geneve\\\/2019\\\/03\\\/05\\\/12-03-2019-conference-debat-ou-va-le-venezuela-%c2%b7-avec-s-p-borges-%c2%b7-19h30-%c2%b7-cafe-gavroche\\\/#article\",\"isPartOf\":{\"@id\":\"https:\\\/\\\/solidarites.ch\\\/geneve\\\/2019\\\/03\\\/05\\\/12-03-2019-conference-debat-ou-va-le-venezuela-%c2%b7-avec-s-p-borges-%c2%b7-19h30-%c2%b7-cafe-gavroche\\\/\"},\"author\":{\"name\":\"fab\",\"@id\":\"https:\\\/\\\/solidarites.ch\\\/geneve\\\/#\\\/schema\\\/person\\\/1fe04f9721c8856b07477d286db23d9d\"},\"headline\":\"12.03.2019: Conf\u00e9rence-d\u00e9bat : O\u00f9 va le Venezuela? \u00b7\u00a0avec S.P. Borges \u00b7\u00a019h30 \u00b7\u00a0Caf\u00e9 Gavroche\",\"datePublished\":\"2019-03-05T13:06:19+00:00\",\"mainEntityOfPage\":{\"@id\":\"https:\\\/\\\/solidarites.ch\\\/geneve\\\/2019\\\/03\\\/05\\\/12-03-2019-conference-debat-ou-va-le-venezuela-%c2%b7-avec-s-p-borges-%c2%b7-19h30-%c2%b7-cafe-gavroche\\\/\"},\"wordCount\":384,\"image\":{\"@id\":\"https:\\\/\\\/solidarites.ch\\\/geneve\\\/2019\\\/03\\\/05\\\/12-03-2019-conference-debat-ou-va-le-venezuela-%c2%b7-avec-s-p-borges-%c2%b7-19h30-%c2%b7-cafe-gavroche\\\/#primaryimage\"},\"thumbnailUrl\":\"https:\\\/\\\/solidarites.ch\\\/geneve\\\/wp-content\\\/uploads\\\/sites\\\/6\\\/2020\\\/01\\\/2019-spborges.jpg\",\"inLanguage\":\"fr-FR\"},{\"@type\":\"WebPage\",\"@id\":\"https:\\\/\\\/solidarites.ch\\\/geneve\\\/2019\\\/03\\\/05\\\/12-03-2019-conference-debat-ou-va-le-venezuela-%c2%b7-avec-s-p-borges-%c2%b7-19h30-%c2%b7-cafe-gavroche\\\/\",\"url\":\"https:\\\/\\\/solidarites.ch\\\/geneve\\\/2019\\\/03\\\/05\\\/12-03-2019-conference-debat-ou-va-le-venezuela-%c2%b7-avec-s-p-borges-%c2%b7-19h30-%c2%b7-cafe-gavroche\\\/\",\"name\":\"12.03.2019: Conf\u00e9rence-d\u00e9bat : O\u00f9 va le Venezuela? \u00b7\u00a0avec S.P. Borges \u00b7\u00a019h30 \u00b7\u00a0Caf\u00e9 Gavroche - solidarit\u00e9S Gen\u00e8ve\",\"isPartOf\":{\"@id\":\"https:\\\/\\\/solidarites.ch\\\/geneve\\\/#website\"},\"primaryImageOfPage\":{\"@id\":\"https:\\\/\\\/solidarites.ch\\\/geneve\\\/2019\\\/03\\\/05\\\/12-03-2019-conference-debat-ou-va-le-venezuela-%c2%b7-avec-s-p-borges-%c2%b7-19h30-%c2%b7-cafe-gavroche\\\/#primaryimage\"},\"image\":{\"@id\":\"https:\\\/\\\/solidarites.ch\\\/geneve\\\/2019\\\/03\\\/05\\\/12-03-2019-conference-debat-ou-va-le-venezuela-%c2%b7-avec-s-p-borges-%c2%b7-19h30-%c2%b7-cafe-gavroche\\\/#primaryimage\"},\"thumbnailUrl\":\"https:\\\/\\\/solidarites.ch\\\/geneve\\\/wp-content\\\/uploads\\\/sites\\\/6\\\/2020\\\/01\\\/2019-spborges.jpg\",\"datePublished\":\"2019-03-05T13:06:19+00:00\",\"author\":{\"@id\":\"https:\\\/\\\/solidarites.ch\\\/geneve\\\/#\\\/schema\\\/person\\\/1fe04f9721c8856b07477d286db23d9d\"},\"breadcrumb\":{\"@id\":\"https:\\\/\\\/solidarites.ch\\\/geneve\\\/2019\\\/03\\\/05\\\/12-03-2019-conference-debat-ou-va-le-venezuela-%c2%b7-avec-s-p-borges-%c2%b7-19h30-%c2%b7-cafe-gavroche\\\/#breadcrumb\"},\"inLanguage\":\"fr-FR\",\"potentialAction\":[{\"@type\":\"ReadAction\",\"target\":[\"https:\\\/\\\/solidarites.ch\\\/geneve\\\/2019\\\/03\\\/05\\\/12-03-2019-conference-debat-ou-va-le-venezuela-%c2%b7-avec-s-p-borges-%c2%b7-19h30-%c2%b7-cafe-gavroche\\\/\"]}]},{\"@type\":\"ImageObject\",\"inLanguage\":\"fr-FR\",\"@id\":\"https:\\\/\\\/solidarites.ch\\\/geneve\\\/2019\\\/03\\\/05\\\/12-03-2019-conference-debat-ou-va-le-venezuela-%c2%b7-avec-s-p-borges-%c2%b7-19h30-%c2%b7-cafe-gavroche\\\/#primaryimage\",\"url\":\"https:\\\/\\\/solidarites.ch\\\/geneve\\\/wp-content\\\/uploads\\\/sites\\\/6\\\/2020\\\/01\\\/2019-spborges.jpg\",\"contentUrl\":\"https:\\\/\\\/solidarites.ch\\\/geneve\\\/wp-content\\\/uploads\\\/sites\\\/6\\\/2020\\\/01\\\/2019-spborges.jpg\",\"width\":1200,\"height\":674},{\"@type\":\"BreadcrumbList\",\"@id\":\"https:\\\/\\\/solidarites.ch\\\/geneve\\\/2019\\\/03\\\/05\\\/12-03-2019-conference-debat-ou-va-le-venezuela-%c2%b7-avec-s-p-borges-%c2%b7-19h30-%c2%b7-cafe-gavroche\\\/#breadcrumb\",\"itemListElement\":[{\"@type\":\"ListItem\",\"position\":1,\"name\":\"Accueil\",\"item\":\"https:\\\/\\\/solidarites.ch\\\/geneve\\\/\"},{\"@type\":\"ListItem\",\"position\":2,\"name\":\"12.03.2019: Conf\u00e9rence-d\u00e9bat : O\u00f9 va le Venezuela? \u00b7\u00a0avec S.P. Borges \u00b7\u00a019h30 \u00b7\u00a0Caf\u00e9 Gavroche\"}]},{\"@type\":\"WebSite\",\"@id\":\"https:\\\/\\\/solidarites.ch\\\/geneve\\\/#website\",\"url\":\"https:\\\/\\\/solidarites.ch\\\/geneve\\\/\",\"name\":\"solidarit\u00e9S Gen\u00e8ve\",\"description\":\"Un mouvement &lt;br&gt;anticapitaliste, &lt;br&gt;f\u00e9ministe, &lt;br&gt;\u00e9cosocialiste\",\"potentialAction\":[{\"@type\":\"SearchAction\",\"target\":{\"@type\":\"EntryPoint\",\"urlTemplate\":\"https:\\\/\\\/solidarites.ch\\\/geneve\\\/?s={search_term_string}\"},\"query-input\":{\"@type\":\"PropertyValueSpecification\",\"valueRequired\":true,\"valueName\":\"search_term_string\"}}],\"inLanguage\":\"fr-FR\"},{\"@type\":\"Person\",\"@id\":\"https:\\\/\\\/solidarites.ch\\\/geneve\\\/#\\\/schema\\\/person\\\/1fe04f9721c8856b07477d286db23d9d\",\"name\":\"fab\",\"image\":{\"@type\":\"ImageObject\",\"inLanguage\":\"fr-FR\",\"@id\":\"https:\\\/\\\/secure.gravatar.com\\\/avatar\\\/2dd55d128632d654ffcdaedc06aabab9d9cf66a3a6a535b5ca207e20dcd43c69?s=96&d=mm&r=g\",\"url\":\"https:\\\/\\\/secure.gravatar.com\\\/avatar\\\/2dd55d128632d654ffcdaedc06aabab9d9cf66a3a6a535b5ca207e20dcd43c69?s=96&d=mm&r=g\",\"contentUrl\":\"https:\\\/\\\/secure.gravatar.com\\\/avatar\\\/2dd55d128632d654ffcdaedc06aabab9d9cf66a3a6a535b5ca207e20dcd43c69?s=96&d=mm&r=g\",\"caption\":\"fab\"},\"url\":\"https:\\\/\\\/solidarites.ch\\\/geneve\\\/author\\\/fab\\\/\"}]}<\/script>\n<!-- \/ Yoast SEO plugin. -->","yoast_head_json":{"title":"12.03.2019: Conf\u00e9rence-d\u00e9bat : O\u00f9 va le Venezuela? \u00b7\u00a0avec S.P. Borges \u00b7\u00a019h30 \u00b7\u00a0Caf\u00e9 Gavroche - solidarit\u00e9S Gen\u00e8ve","robots":{"index":"index","follow":"follow","max-snippet":"max-snippet:-1","max-image-preview":"max-image-preview:large","max-video-preview":"max-video-preview:-1"},"canonical":"https:\/\/solidarites.ch\/geneve\/2019\/03\/05\/12-03-2019-conference-debat-ou-va-le-venezuela-\u00b7-avec-s-p-borges-\u00b7-19h30-\u00b7-cafe-gavroche\/","og_locale":"fr_FR","og_type":"article","og_title":"12.03.2019: Conf\u00e9rence-d\u00e9bat : O\u00f9 va le Venezuela? \u00b7\u00a0avec S.P. Borges \u00b7\u00a019h30 \u00b7\u00a0Caf\u00e9 Gavroche - solidarit\u00e9S Gen\u00e8ve","og_description":"&nbsp; O\u00d9 VA LE VENEZUELA ? Conf\u00e9rence\u2014d\u00e9bat avec Stal\u00edn P\u00e9rez Borges, syndicaliste v\u00e9n\u00e9zu\u00e9lien Mardi 12 mars \u00b7 19h30Caf\u00e9 Gavroche \u00b7 4 bis bvd James-Fazy","og_url":"https:\/\/solidarites.ch\/geneve\/2019\/03\/05\/12-03-2019-conference-debat-ou-va-le-venezuela-\u00b7-avec-s-p-borges-\u00b7-19h30-\u00b7-cafe-gavroche\/","og_site_name":"solidarit\u00e9S Gen\u00e8ve","article_published_time":"2019-03-05T13:06:19+00:00","og_image":[{"width":1200,"height":674,"url":"https:\/\/solidarites.ch\/geneve\/wp-content\/uploads\/sites\/6\/2020\/01\/2019-spborges.jpg","type":"image\/jpeg"}],"author":"fab","twitter_card":"summary_large_image","twitter_misc":{"\u00c9crit par":"fab","Dur\u00e9e de lecture estim\u00e9e":"2 minutes"},"schema":{"@context":"https:\/\/schema.org","@graph":[{"@type":"Article","@id":"https:\/\/solidarites.ch\/geneve\/2019\/03\/05\/12-03-2019-conference-debat-ou-va-le-venezuela-%c2%b7-avec-s-p-borges-%c2%b7-19h30-%c2%b7-cafe-gavroche\/#article","isPartOf":{"@id":"https:\/\/solidarites.ch\/geneve\/2019\/03\/05\/12-03-2019-conference-debat-ou-va-le-venezuela-%c2%b7-avec-s-p-borges-%c2%b7-19h30-%c2%b7-cafe-gavroche\/"},"author":{"name":"fab","@id":"https:\/\/solidarites.ch\/geneve\/#\/schema\/person\/1fe04f9721c8856b07477d286db23d9d"},"headline":"12.03.2019: Conf\u00e9rence-d\u00e9bat : O\u00f9 va le Venezuela? \u00b7\u00a0avec S.P. Borges \u00b7\u00a019h30 \u00b7\u00a0Caf\u00e9 Gavroche","datePublished":"2019-03-05T13:06:19+00:00","mainEntityOfPage":{"@id":"https:\/\/solidarites.ch\/geneve\/2019\/03\/05\/12-03-2019-conference-debat-ou-va-le-venezuela-%c2%b7-avec-s-p-borges-%c2%b7-19h30-%c2%b7-cafe-gavroche\/"},"wordCount":384,"image":{"@id":"https:\/\/solidarites.ch\/geneve\/2019\/03\/05\/12-03-2019-conference-debat-ou-va-le-venezuela-%c2%b7-avec-s-p-borges-%c2%b7-19h30-%c2%b7-cafe-gavroche\/#primaryimage"},"thumbnailUrl":"https:\/\/solidarites.ch\/geneve\/wp-content\/uploads\/sites\/6\/2020\/01\/2019-spborges.jpg","inLanguage":"fr-FR"},{"@type":"WebPage","@id":"https:\/\/solidarites.ch\/geneve\/2019\/03\/05\/12-03-2019-conference-debat-ou-va-le-venezuela-%c2%b7-avec-s-p-borges-%c2%b7-19h30-%c2%b7-cafe-gavroche\/","url":"https:\/\/solidarites.ch\/geneve\/2019\/03\/05\/12-03-2019-conference-debat-ou-va-le-venezuela-%c2%b7-avec-s-p-borges-%c2%b7-19h30-%c2%b7-cafe-gavroche\/","name":"12.03.2019: Conf\u00e9rence-d\u00e9bat : O\u00f9 va le Venezuela? \u00b7\u00a0avec S.P. Borges \u00b7\u00a019h30 \u00b7\u00a0Caf\u00e9 Gavroche - solidarit\u00e9S Gen\u00e8ve","isPartOf":{"@id":"https:\/\/solidarites.ch\/geneve\/#website"},"primaryImageOfPage":{"@id":"https:\/\/solidarites.ch\/geneve\/2019\/03\/05\/12-03-2019-conference-debat-ou-va-le-venezuela-%c2%b7-avec-s-p-borges-%c2%b7-19h30-%c2%b7-cafe-gavroche\/#primaryimage"},"image":{"@id":"https:\/\/solidarites.ch\/geneve\/2019\/03\/05\/12-03-2019-conference-debat-ou-va-le-venezuela-%c2%b7-avec-s-p-borges-%c2%b7-19h30-%c2%b7-cafe-gavroche\/#primaryimage"},"thumbnailUrl":"https:\/\/solidarites.ch\/geneve\/wp-content\/uploads\/sites\/6\/2020\/01\/2019-spborges.jpg","datePublished":"2019-03-05T13:06:19+00:00","author":{"@id":"https:\/\/solidarites.ch\/geneve\/#\/schema\/person\/1fe04f9721c8856b07477d286db23d9d"},"breadcrumb":{"@id":"https:\/\/solidarites.ch\/geneve\/2019\/03\/05\/12-03-2019-conference-debat-ou-va-le-venezuela-%c2%b7-avec-s-p-borges-%c2%b7-19h30-%c2%b7-cafe-gavroche\/#breadcrumb"},"inLanguage":"fr-FR","potentialAction":[{"@type":"ReadAction","target":["https:\/\/solidarites.ch\/geneve\/2019\/03\/05\/12-03-2019-conference-debat-ou-va-le-venezuela-%c2%b7-avec-s-p-borges-%c2%b7-19h30-%c2%b7-cafe-gavroche\/"]}]},{"@type":"ImageObject","inLanguage":"fr-FR","@id":"https:\/\/solidarites.ch\/geneve\/2019\/03\/05\/12-03-2019-conference-debat-ou-va-le-venezuela-%c2%b7-avec-s-p-borges-%c2%b7-19h30-%c2%b7-cafe-gavroche\/#primaryimage","url":"https:\/\/solidarites.ch\/geneve\/wp-content\/uploads\/sites\/6\/2020\/01\/2019-spborges.jpg","contentUrl":"https:\/\/solidarites.ch\/geneve\/wp-content\/uploads\/sites\/6\/2020\/01\/2019-spborges.jpg","width":1200,"height":674},{"@type":"BreadcrumbList","@id":"https:\/\/solidarites.ch\/geneve\/2019\/03\/05\/12-03-2019-conference-debat-ou-va-le-venezuela-%c2%b7-avec-s-p-borges-%c2%b7-19h30-%c2%b7-cafe-gavroche\/#breadcrumb","itemListElement":[{"@type":"ListItem","position":1,"name":"Accueil","item":"https:\/\/solidarites.ch\/geneve\/"},{"@type":"ListItem","position":2,"name":"12.03.2019: Conf\u00e9rence-d\u00e9bat : O\u00f9 va le Venezuela? \u00b7\u00a0avec S.P. Borges \u00b7\u00a019h30 \u00b7\u00a0Caf\u00e9 Gavroche"}]},{"@type":"WebSite","@id":"https:\/\/solidarites.ch\/geneve\/#website","url":"https:\/\/solidarites.ch\/geneve\/","name":"solidarit\u00e9S Gen\u00e8ve","description":"Un mouvement &lt;br&gt;anticapitaliste, &lt;br&gt;f\u00e9ministe, &lt;br&gt;\u00e9cosocialiste","potentialAction":[{"@type":"SearchAction","target":{"@type":"EntryPoint","urlTemplate":"https:\/\/solidarites.ch\/geneve\/?s={search_term_string}"},"query-input":{"@type":"PropertyValueSpecification","valueRequired":true,"valueName":"search_term_string"}}],"inLanguage":"fr-FR"},{"@type":"Person","@id":"https:\/\/solidarites.ch\/geneve\/#\/schema\/person\/1fe04f9721c8856b07477d286db23d9d","name":"fab","image":{"@type":"ImageObject","inLanguage":"fr-FR","@id":"https:\/\/secure.gravatar.com\/avatar\/2dd55d128632d654ffcdaedc06aabab9d9cf66a3a6a535b5ca207e20dcd43c69?s=96&d=mm&r=g","url":"https:\/\/secure.gravatar.com\/avatar\/2dd55d128632d654ffcdaedc06aabab9d9cf66a3a6a535b5ca207e20dcd43c69?s=96&d=mm&r=g","contentUrl":"https:\/\/secure.gravatar.com\/avatar\/2dd55d128632d654ffcdaedc06aabab9d9cf66a3a6a535b5ca207e20dcd43c69?s=96&d=mm&r=g","caption":"fab"},"url":"https:\/\/solidarites.ch\/geneve\/author\/fab\/"}]}},"distributor_meta":false,"distributor_terms":false,"distributor_media":false,"distributor_original_site_name":"solidarit\u00e9S Gen\u00e8ve","distributor_original_site_url":"https:\/\/solidarites.ch\/geneve","push-errors":false,"_links":{"self":[{"href":"https:\/\/solidarites.ch\/geneve\/wp-json\/wp\/v2\/posts\/2605","targetHints":{"allow":["GET"]}}],"collection":[{"href":"https:\/\/solidarites.ch\/geneve\/wp-json\/wp\/v2\/posts"}],"about":[{"href":"https:\/\/solidarites.ch\/geneve\/wp-json\/wp\/v2\/types\/post"}],"author":[{"embeddable":true,"href":"https:\/\/solidarites.ch\/geneve\/wp-json\/wp\/v2\/users\/1"}],"replies":[{"embeddable":true,"href":"https:\/\/solidarites.ch\/geneve\/wp-json\/wp\/v2\/comments?post=2605"}],"version-history":[{"count":0,"href":"https:\/\/solidarites.ch\/geneve\/wp-json\/wp\/v2\/posts\/2605\/revisions"}],"wp:featuredmedia":[{"embeddable":true,"href":"https:\/\/solidarites.ch\/geneve\/wp-json\/wp\/v2\/media\/2607"}],"wp:attachment":[{"href":"https:\/\/solidarites.ch\/geneve\/wp-json\/wp\/v2\/media?parent=2605"}],"wp:term":[{"taxonomy":"tx_journal_display","embeddable":true,"href":"https:\/\/solidarites.ch\/geneve\/wp-json\/wp\/v2\/tx_journal_display?post=2605"}],"curies":[{"name":"wp","href":"https:\/\/api.w.org\/{rel}","templated":true}]}}