{"id":2628,"date":"2019-05-07T12:58:50","date_gmt":"2019-05-07T10:58:50","guid":{"rendered":"https:\/\/solidarites.ch\/geneve\/2019\/05\/07\/les-candidat%c2%b7e%c2%b7s-de-solidarites-geneve-pour-ensemble-a-gauche-aux-elections-nationales\/"},"modified":"2019-05-07T12:58:50","modified_gmt":"2019-05-07T10:58:50","slug":"les-candidat%c2%b7e%c2%b7s-de-solidarites-geneve-pour-ensemble-a-gauche-aux-elections-nationales","status":"publish","type":"post","link":"https:\/\/solidarites.ch\/geneve\/2019\/05\/07\/les-candidat%c2%b7e%c2%b7s-de-solidarites-geneve-pour-ensemble-a-gauche-aux-elections-nationales\/","title":{"rendered":"Les candidat\u00b7e\u00b7s de solidarit\u00e9S Gen\u00e8ve pour Ensemble \u00e0 Gauche aux \u00e9lections nationales"},"content":{"rendered":"<p><img loading=\"lazy\" decoding=\"async\" style=\"display: block; margin-left: auto; margin-right: auto;\" src=\"https:\/\/solidarites.ch\/geneve\/wp-content\/uploads\/sites\/6\/2020\/01\/2019-elections-candidats-sol2.jpg\" alt=\"2019 elections candidats sol2\" width=\"1200\" height=\"900\" \/><\/p>\n<p>&nbsp;<\/p>\n<p class=\"zsubtitolohelve\">CONSEIL NATIONAL<\/p>\n<p>L\u2019Assembl\u00e9e g\u00e9n\u00e9rale de solidarit\u00e9S du 3 mai dernier a d\u00e9sign\u00e9 ses candidat\u00b7e\u00b7s au Conseil national pour une liste d\u2019Ensemble \u00e0 Gauche dans l\u2019ordre suivant :<\/p>\n<p>&nbsp;<\/p>\n<p>1. <strong>St\u00e9fanie PREZIOSO<\/strong>, 50 ans, historienne, professeure d\u2019universit\u00e9<br \/>2. <strong>Jean BURGERMEISTER<\/strong>, 30 ans, biologiste, d\u00e9put\u00e9 au Grand Conseil<br \/>3. <strong>Aude MARTENOT<\/strong>, 32 ans, socio\u00e9conomiste, Secr\u00e9taire g\u00e9n\u00e9rale de la Centrale Sanitaire Suisse Romande<br \/>4. <strong>Luca CALIFANO<\/strong>, 19 ans, \u00e9tudiant<br \/>5. <strong>Jocelyne HALLER<\/strong>, 64 ans, travailleuse sociale, d\u00e9put\u00e9e au Grand Conseil<br \/>6. <strong>Jean BATOU<\/strong>, 64 ans, historien, d\u00e9put\u00e9 au Grand Conseil<\/p>\n<p>Deux candidat\u00b7e\u00b7s du <strong>DAL<\/strong> (D\u00e9fense des a\u00een\u00e9\u00b7e\u00b7s, des locataires, de l\u2019emploi et du social) figureront \u00e9galement sur cette liste : il s\u2019agit de <strong>Christian ZAUGG<\/strong>, d\u00e9put\u00e9 au Grand Conseil et <strong>Corinne KHAOUCHI<\/strong>, vice-pr\u00e9sidente du DAL.<\/p>\n<p>Par ailleurs, nous avons d\u00e9cid\u00e9 de pr\u00e9senter plusieurs listes sous-apparent\u00e9es avec des candidat\u00b7e\u00b7s engag\u00e9\u00b7e\u00b7s sur les th\u00e9matiques du f\u00e9minisme et de la d\u00e9fense des droits des personnes LGBT, sur la lutte contre les discriminations et la d\u00e9fense des droits des migrant\u00b7e\u00b7s, ainsi qu\u2019en d\u00e9fense d\u2019une \u00e9cologie anticapitaliste.<\/p>\n<p>Le Parti du Travail nous ayant fait conna\u00eetre sa volont\u00e9 de constituer une liste s\u00e9par\u00e9e, ce que nous regrettons, nous lui proposons tout de m\u00eame de sous-apparenter sa liste avec celles pr\u00e9sentant les candidat\u00b7e\u00b7s de solidarit\u00e9S et du DAL.<\/p>\n<p><strong class=\"zsubtitolohelve\">CONSEIL DES \u00c9TATS<\/strong><\/p>\n<p>&nbsp;<\/p>\n<p>\u2022 <strong>St\u00e9fanie PREZIOSO<\/strong>, 50 ans, historienne, professeure d\u2019universit\u00e9<br \/>\u2022 <strong>Jean BURGERMEISTER<\/strong>, 30 ans, biologiste, d\u00e9put\u00e9 au Grand Conseil<\/p>\n<p class=\"zsubtitolohelve\">Vers un groupe parlementaire \u00e0 Berne pour les 99%!<\/p>\n<p>Cette ann\u00e9e, l\u2019attribution d\u2019un si\u00e8ge de plus aux cantons de Gen\u00e8ve et de Vaud devrait profiter \u00e0 la gauche combative, qui a manqu\u00e9 ces deux si\u00e8ges de justesse il y a quatre ans. Par ailleurs, des si\u00e8ges sont aussi \u00e0 sa port\u00e9e dans les cantons de B\u00e2le, de Neuch\u00e2tel, de Zurich et du Tessin, si bien que la formation d\u2019un groupe parlementaire \u00e0 part enti\u00e8re de 5 \u00e0 6 membres, \u00e0 gauche du Parti socialiste et des Verts, est possible.<\/p>\n<p>Ceci concr\u00e9tiserait notre engagement commun contre la baisse de l\u2019imposition des b\u00e9n\u00e9fices des entreprises (RIE III, RFFA, etc.), contre l\u2019\u00e9l\u00e9vation de l\u2019\u00e2ge de la retraite des femmes (PV 2020). Une repr\u00e9sentation parlementaire qui ne peut se penser qu\u2019en lien \u00e9troit avec les mouvements sociaux qui luttent pour la justice climatique, pour les droits des femmes*, pour les int\u00e9r\u00eats des 99%.<\/p>\n<p>Contact:<\/p>\n<p><strong>St\u00e9fanie Prezioso<\/strong> 079 746 39 08<br \/><strong>\u2028Jean Burgermeister<\/strong> 078 855 73 43<\/p>\n<p>&nbsp;<\/p>\n<p class=\"zsubtitolohelve\" style=\"text-align: center;\">\u00c9lections nationales 2019<br \/>Les candidat\u00b7e\u00b7s de solidarit\u00e9S <br \/>pour Ensemble \u00e0 Gauche<\/p>\n<p style=\"text-align: center;\">&nbsp;<\/p>\n<p style=\"text-align: center;\"><img loading=\"lazy\" decoding=\"async\" style=\"display: block; margin-left: auto; margin-right: auto;\" src=\"https:\/\/solidarites.ch\/geneve\/wp-content\/uploads\/sites\/6\/2020\/01\/stef.jpg\" alt=\"stef\" width=\"199\" height=\"300\" \/><strong>St\u00e9fanie PREZIOSO<\/strong><br \/>50 ans, historienne, professeure d\u2019universit\u00e9<\/p>\n<p style=\"text-align: center;\"><strong><img loading=\"lazy\" decoding=\"async\" style=\"display: block; margin-left: auto; margin-right: auto;\" src=\"https:\/\/solidarites.ch\/geneve\/wp-content\/uploads\/sites\/6\/2020\/01\/Bubu.jpg\" alt=\"Bubu\" width=\"199\" height=\"300\" \/>Jean BURGERMEISTER<\/strong><br \/>30 ans, biologiste, d\u00e9put\u00e9 au Grand Conseil<\/p>\n<p style=\"text-align: center;\"><strong><img loading=\"lazy\" decoding=\"async\" style=\"display: block; margin-left: auto; margin-right: auto;\" src=\"https:\/\/solidarites.ch\/geneve\/wp-content\/uploads\/sites\/6\/2020\/01\/Aude.jpg\" alt=\"Aude\" width=\"199\" height=\"300\" \/>Aude MARTENOT<\/strong><br \/>32 ans, socio\u00e9conomiste, Secr\u00e9taire g\u00e9n\u00e9rale de la Centrale Sanitaire Suisse Romande<\/p>\n<p style=\"text-align: center;\"><strong><img loading=\"lazy\" decoding=\"async\" style=\"display: block; margin-left: auto; margin-right: auto;\" src=\"https:\/\/solidarites.ch\/geneve\/wp-content\/uploads\/sites\/6\/2020\/01\/Lucas.jpg\" alt=\"Lucas\" width=\"240\" height=\"300\" \/>Luca CALIFANO<\/strong><br \/>19 ans, \u00e9tudiant<\/p>\n<p style=\"text-align: center;\"><strong><img loading=\"lazy\" decoding=\"async\" style=\"display: block; margin-left: auto; margin-right: auto;\" src=\"https:\/\/solidarites.ch\/geneve\/wp-content\/uploads\/sites\/6\/2020\/01\/Jocelyne.jpg\" alt=\"Jocelyne\" width=\"199\" height=\"300\" \/>Jocelyne HALLER<\/strong><br \/>64 ans, travailleuse sociale, d\u00e9put\u00e9e au Grand Conseil<\/p>\n<p style=\"text-align: center;\"><strong><img loading=\"lazy\" decoding=\"async\" style=\"display: block; margin-left: auto; margin-right: auto;\" src=\"https:\/\/solidarites.ch\/geneve\/wp-content\/uploads\/sites\/6\/2020\/01\/Batou.jpg\" alt=\"Batou\" width=\"199\" height=\"300\" \/>Jean BATOU<\/strong><br \/>64 ans, historien, d\u00e9put\u00e9 au Grand Conseil<\/p>\n<p style=\"text-align: center;\">&nbsp;<\/p>\n<p style=\"text-align: center;\">&nbsp;<\/p>\n","protected":false},"excerpt":{"rendered":"<p><img loading=\"lazy\" decoding=\"async\" style=\"display: block; margin-left: auto; margin-right: auto;\" src=\"https:\/\/www2.solidarites.ch\/geneve\/images\/2019-elections-candidats-sol2.jpg\" alt=\"2019 elections candidats sol2\" width=\"1200\" height=\"900\" \/><\/p>\n<p>&nbsp;<\/p>\n<p class=\"zsubtitolohelve\">CONSEIL NATIONAL<\/p>\n<p>L\u2019Assembl\u00e9e g\u00e9n\u00e9rale de solidarit\u00e9S du 3 mai dernier a d\u00e9sign\u00e9 ses candidat\u00b7e\u00b7s au Conseil national pour une liste d\u2019Ensemble \u00e0 Gauche dans l\u2019ordre suivant :<\/p>\n","protected":false},"author":1,"featured_media":2635,"comment_status":"closed","ping_status":"closed","sticky":false,"template":"","format":"standard","meta":{"_acf_changed":false,"_monsterinsights_skip_tracking":false,"_monsterinsights_sitenote_active":false,"_monsterinsights_sitenote_note":"","_monsterinsights_sitenote_category":0,"footnotes":""},"tx_journal_display":[],"class_list":["post-2628","post","type-post","status-publish","format-standard","has-post-thumbnail","hentry","tx_journal_sections-elections"],"acf":[],"yoast_head":"<!-- This site is optimized with the Yoast SEO plugin v27.5 - https:\/\/yoast.com\/product\/yoast-seo-wordpress\/ -->\n<title>Les candidat\u00b7e\u00b7s de solidarit\u00e9S Gen\u00e8ve pour Ensemble \u00e0 Gauche aux \u00e9lections nationales - solidarit\u00e9S Gen\u00e8ve<\/title>\n<meta name=\"robots\" content=\"index, follow, max-snippet:-1, max-image-preview:large, max-video-preview:-1\" \/>\n<link rel=\"canonical\" href=\"https:\/\/solidarites.ch\/geneve\/2019\/05\/07\/les-candidat\u00b7e\u00b7s-de-solidarites-geneve-pour-ensemble-a-gauche-aux-elections-nationales\/\" \/>\n<meta property=\"og:locale\" content=\"fr_FR\" \/>\n<meta property=\"og:type\" content=\"article\" \/>\n<meta property=\"og:title\" content=\"Les candidat\u00b7e\u00b7s de solidarit\u00e9S Gen\u00e8ve pour Ensemble \u00e0 Gauche aux \u00e9lections nationales - solidarit\u00e9S Gen\u00e8ve\" \/>\n<meta property=\"og:description\" content=\"&nbsp; CONSEIL NATIONAL L\u2019Assembl\u00e9e g\u00e9n\u00e9rale de solidarit\u00e9S du 3 mai dernier a d\u00e9sign\u00e9 ses candidat\u00b7e\u00b7s au Conseil national pour une liste d\u2019Ensemble \u00e0 Gauche dans l\u2019ordre suivant :\" \/>\n<meta property=\"og:url\" content=\"https:\/\/solidarites.ch\/geneve\/2019\/05\/07\/les-candidat\u00b7e\u00b7s-de-solidarites-geneve-pour-ensemble-a-gauche-aux-elections-nationales\/\" \/>\n<meta property=\"og:site_name\" content=\"solidarit\u00e9S Gen\u00e8ve\" \/>\n<meta property=\"article:published_time\" content=\"2019-05-07T10:58:50+00:00\" \/>\n<meta property=\"og:image\" content=\"https:\/\/solidarites.ch\/geneve\/wp-content\/uploads\/sites\/6\/2020\/01\/Batou.jpg\" \/>\n\t<meta property=\"og:image:width\" content=\"199\" \/>\n\t<meta property=\"og:image:height\" content=\"300\" \/>\n\t<meta property=\"og:image:type\" content=\"image\/jpeg\" \/>\n<meta name=\"author\" content=\"fab\" \/>\n<meta name=\"twitter:card\" content=\"summary_large_image\" \/>\n<meta name=\"twitter:label1\" content=\"\u00c9crit par\" \/>\n\t<meta name=\"twitter:data1\" content=\"fab\" \/>\n\t<meta name=\"twitter:label2\" content=\"Dur\u00e9e de lecture estim\u00e9e\" \/>\n\t<meta name=\"twitter:data2\" content=\"3 minutes\" \/>\n<script type=\"application\/ld+json\" class=\"yoast-schema-graph\">{\"@context\":\"https:\\\/\\\/schema.org\",\"@graph\":[{\"@type\":\"Article\",\"@id\":\"https:\\\/\\\/solidarites.ch\\\/geneve\\\/2019\\\/05\\\/07\\\/les-candidat%c2%b7e%c2%b7s-de-solidarites-geneve-pour-ensemble-a-gauche-aux-elections-nationales\\\/#article\",\"isPartOf\":{\"@id\":\"https:\\\/\\\/solidarites.ch\\\/geneve\\\/2019\\\/05\\\/07\\\/les-candidat%c2%b7e%c2%b7s-de-solidarites-geneve-pour-ensemble-a-gauche-aux-elections-nationales\\\/\"},\"author\":{\"name\":\"fab\",\"@id\":\"https:\\\/\\\/solidarites.ch\\\/geneve\\\/#\\\/schema\\\/person\\\/1fe04f9721c8856b07477d286db23d9d\"},\"headline\":\"Les candidat\u00b7e\u00b7s de solidarit\u00e9S Gen\u00e8ve pour Ensemble \u00e0 Gauche aux \u00e9lections nationales\",\"datePublished\":\"2019-05-07T10:58:50+00:00\",\"mainEntityOfPage\":{\"@id\":\"https:\\\/\\\/solidarites.ch\\\/geneve\\\/2019\\\/05\\\/07\\\/les-candidat%c2%b7e%c2%b7s-de-solidarites-geneve-pour-ensemble-a-gauche-aux-elections-nationales\\\/\"},\"wordCount\":523,\"image\":{\"@id\":\"https:\\\/\\\/solidarites.ch\\\/geneve\\\/2019\\\/05\\\/07\\\/les-candidat%c2%b7e%c2%b7s-de-solidarites-geneve-pour-ensemble-a-gauche-aux-elections-nationales\\\/#primaryimage\"},\"thumbnailUrl\":\"https:\\\/\\\/solidarites.ch\\\/geneve\\\/wp-content\\\/uploads\\\/sites\\\/6\\\/2020\\\/01\\\/Batou.jpg\",\"inLanguage\":\"fr-FR\"},{\"@type\":\"WebPage\",\"@id\":\"https:\\\/\\\/solidarites.ch\\\/geneve\\\/2019\\\/05\\\/07\\\/les-candidat%c2%b7e%c2%b7s-de-solidarites-geneve-pour-ensemble-a-gauche-aux-elections-nationales\\\/\",\"url\":\"https:\\\/\\\/solidarites.ch\\\/geneve\\\/2019\\\/05\\\/07\\\/les-candidat%c2%b7e%c2%b7s-de-solidarites-geneve-pour-ensemble-a-gauche-aux-elections-nationales\\\/\",\"name\":\"Les candidat\u00b7e\u00b7s de solidarit\u00e9S Gen\u00e8ve pour Ensemble \u00e0 Gauche aux \u00e9lections nationales - solidarit\u00e9S Gen\u00e8ve\",\"isPartOf\":{\"@id\":\"https:\\\/\\\/solidarites.ch\\\/geneve\\\/#website\"},\"primaryImageOfPage\":{\"@id\":\"https:\\\/\\\/solidarites.ch\\\/geneve\\\/2019\\\/05\\\/07\\\/les-candidat%c2%b7e%c2%b7s-de-solidarites-geneve-pour-ensemble-a-gauche-aux-elections-nationales\\\/#primaryimage\"},\"image\":{\"@id\":\"https:\\\/\\\/solidarites.ch\\\/geneve\\\/2019\\\/05\\\/07\\\/les-candidat%c2%b7e%c2%b7s-de-solidarites-geneve-pour-ensemble-a-gauche-aux-elections-nationales\\\/#primaryimage\"},\"thumbnailUrl\":\"https:\\\/\\\/solidarites.ch\\\/geneve\\\/wp-content\\\/uploads\\\/sites\\\/6\\\/2020\\\/01\\\/Batou.jpg\",\"datePublished\":\"2019-05-07T10:58:50+00:00\",\"author\":{\"@id\":\"https:\\\/\\\/solidarites.ch\\\/geneve\\\/#\\\/schema\\\/person\\\/1fe04f9721c8856b07477d286db23d9d\"},\"breadcrumb\":{\"@id\":\"https:\\\/\\\/solidarites.ch\\\/geneve\\\/2019\\\/05\\\/07\\\/les-candidat%c2%b7e%c2%b7s-de-solidarites-geneve-pour-ensemble-a-gauche-aux-elections-nationales\\\/#breadcrumb\"},\"inLanguage\":\"fr-FR\",\"potentialAction\":[{\"@type\":\"ReadAction\",\"target\":[\"https:\\\/\\\/solidarites.ch\\\/geneve\\\/2019\\\/05\\\/07\\\/les-candidat%c2%b7e%c2%b7s-de-solidarites-geneve-pour-ensemble-a-gauche-aux-elections-nationales\\\/\"]}]},{\"@type\":\"ImageObject\",\"inLanguage\":\"fr-FR\",\"@id\":\"https:\\\/\\\/solidarites.ch\\\/geneve\\\/2019\\\/05\\\/07\\\/les-candidat%c2%b7e%c2%b7s-de-solidarites-geneve-pour-ensemble-a-gauche-aux-elections-nationales\\\/#primaryimage\",\"url\":\"https:\\\/\\\/solidarites.ch\\\/geneve\\\/wp-content\\\/uploads\\\/sites\\\/6\\\/2020\\\/01\\\/Batou.jpg\",\"contentUrl\":\"https:\\\/\\\/solidarites.ch\\\/geneve\\\/wp-content\\\/uploads\\\/sites\\\/6\\\/2020\\\/01\\\/Batou.jpg\",\"width\":199,\"height\":300},{\"@type\":\"BreadcrumbList\",\"@id\":\"https:\\\/\\\/solidarites.ch\\\/geneve\\\/2019\\\/05\\\/07\\\/les-candidat%c2%b7e%c2%b7s-de-solidarites-geneve-pour-ensemble-a-gauche-aux-elections-nationales\\\/#breadcrumb\",\"itemListElement\":[{\"@type\":\"ListItem\",\"position\":1,\"name\":\"Accueil\",\"item\":\"https:\\\/\\\/solidarites.ch\\\/geneve\\\/\"},{\"@type\":\"ListItem\",\"position\":2,\"name\":\"Les candidat\u00b7e\u00b7s de solidarit\u00e9S Gen\u00e8ve pour Ensemble \u00e0 Gauche aux \u00e9lections nationales\"}]},{\"@type\":\"WebSite\",\"@id\":\"https:\\\/\\\/solidarites.ch\\\/geneve\\\/#website\",\"url\":\"https:\\\/\\\/solidarites.ch\\\/geneve\\\/\",\"name\":\"solidarit\u00e9S Gen\u00e8ve\",\"description\":\"Un mouvement &lt;br&gt;anticapitaliste, &lt;br&gt;f\u00e9ministe, &lt;br&gt;\u00e9cosocialiste\",\"potentialAction\":[{\"@type\":\"SearchAction\",\"target\":{\"@type\":\"EntryPoint\",\"urlTemplate\":\"https:\\\/\\\/solidarites.ch\\\/geneve\\\/?s={search_term_string}\"},\"query-input\":{\"@type\":\"PropertyValueSpecification\",\"valueRequired\":true,\"valueName\":\"search_term_string\"}}],\"inLanguage\":\"fr-FR\"},{\"@type\":\"Person\",\"@id\":\"https:\\\/\\\/solidarites.ch\\\/geneve\\\/#\\\/schema\\\/person\\\/1fe04f9721c8856b07477d286db23d9d\",\"name\":\"fab\",\"image\":{\"@type\":\"ImageObject\",\"inLanguage\":\"fr-FR\",\"@id\":\"https:\\\/\\\/secure.gravatar.com\\\/avatar\\\/2dd55d128632d654ffcdaedc06aabab9d9cf66a3a6a535b5ca207e20dcd43c69?s=96&d=mm&r=g\",\"url\":\"https:\\\/\\\/secure.gravatar.com\\\/avatar\\\/2dd55d128632d654ffcdaedc06aabab9d9cf66a3a6a535b5ca207e20dcd43c69?s=96&d=mm&r=g\",\"contentUrl\":\"https:\\\/\\\/secure.gravatar.com\\\/avatar\\\/2dd55d128632d654ffcdaedc06aabab9d9cf66a3a6a535b5ca207e20dcd43c69?s=96&d=mm&r=g\",\"caption\":\"fab\"},\"url\":\"https:\\\/\\\/solidarites.ch\\\/geneve\\\/author\\\/fab\\\/\"}]}<\/script>\n<!-- \/ Yoast SEO plugin. -->","yoast_head_json":{"title":"Les candidat\u00b7e\u00b7s de solidarit\u00e9S Gen\u00e8ve pour Ensemble \u00e0 Gauche aux \u00e9lections nationales - solidarit\u00e9S Gen\u00e8ve","robots":{"index":"index","follow":"follow","max-snippet":"max-snippet:-1","max-image-preview":"max-image-preview:large","max-video-preview":"max-video-preview:-1"},"canonical":"https:\/\/solidarites.ch\/geneve\/2019\/05\/07\/les-candidat\u00b7e\u00b7s-de-solidarites-geneve-pour-ensemble-a-gauche-aux-elections-nationales\/","og_locale":"fr_FR","og_type":"article","og_title":"Les candidat\u00b7e\u00b7s de solidarit\u00e9S Gen\u00e8ve pour Ensemble \u00e0 Gauche aux \u00e9lections nationales - solidarit\u00e9S Gen\u00e8ve","og_description":"&nbsp; CONSEIL NATIONAL L\u2019Assembl\u00e9e g\u00e9n\u00e9rale de solidarit\u00e9S du 3 mai dernier a d\u00e9sign\u00e9 ses candidat\u00b7e\u00b7s au Conseil national pour une liste d\u2019Ensemble \u00e0 Gauche dans l\u2019ordre suivant :","og_url":"https:\/\/solidarites.ch\/geneve\/2019\/05\/07\/les-candidat\u00b7e\u00b7s-de-solidarites-geneve-pour-ensemble-a-gauche-aux-elections-nationales\/","og_site_name":"solidarit\u00e9S Gen\u00e8ve","article_published_time":"2019-05-07T10:58:50+00:00","og_image":[{"width":199,"height":300,"url":"https:\/\/solidarites.ch\/geneve\/wp-content\/uploads\/sites\/6\/2020\/01\/Batou.jpg","type":"image\/jpeg"}],"author":"fab","twitter_card":"summary_large_image","twitter_misc":{"\u00c9crit par":"fab","Dur\u00e9e de lecture estim\u00e9e":"3 minutes"},"schema":{"@context":"https:\/\/schema.org","@graph":[{"@type":"Article","@id":"https:\/\/solidarites.ch\/geneve\/2019\/05\/07\/les-candidat%c2%b7e%c2%b7s-de-solidarites-geneve-pour-ensemble-a-gauche-aux-elections-nationales\/#article","isPartOf":{"@id":"https:\/\/solidarites.ch\/geneve\/2019\/05\/07\/les-candidat%c2%b7e%c2%b7s-de-solidarites-geneve-pour-ensemble-a-gauche-aux-elections-nationales\/"},"author":{"name":"fab","@id":"https:\/\/solidarites.ch\/geneve\/#\/schema\/person\/1fe04f9721c8856b07477d286db23d9d"},"headline":"Les candidat\u00b7e\u00b7s de solidarit\u00e9S Gen\u00e8ve pour Ensemble \u00e0 Gauche aux \u00e9lections nationales","datePublished":"2019-05-07T10:58:50+00:00","mainEntityOfPage":{"@id":"https:\/\/solidarites.ch\/geneve\/2019\/05\/07\/les-candidat%c2%b7e%c2%b7s-de-solidarites-geneve-pour-ensemble-a-gauche-aux-elections-nationales\/"},"wordCount":523,"image":{"@id":"https:\/\/solidarites.ch\/geneve\/2019\/05\/07\/les-candidat%c2%b7e%c2%b7s-de-solidarites-geneve-pour-ensemble-a-gauche-aux-elections-nationales\/#primaryimage"},"thumbnailUrl":"https:\/\/solidarites.ch\/geneve\/wp-content\/uploads\/sites\/6\/2020\/01\/Batou.jpg","inLanguage":"fr-FR"},{"@type":"WebPage","@id":"https:\/\/solidarites.ch\/geneve\/2019\/05\/07\/les-candidat%c2%b7e%c2%b7s-de-solidarites-geneve-pour-ensemble-a-gauche-aux-elections-nationales\/","url":"https:\/\/solidarites.ch\/geneve\/2019\/05\/07\/les-candidat%c2%b7e%c2%b7s-de-solidarites-geneve-pour-ensemble-a-gauche-aux-elections-nationales\/","name":"Les candidat\u00b7e\u00b7s de solidarit\u00e9S Gen\u00e8ve pour Ensemble \u00e0 Gauche aux \u00e9lections nationales - solidarit\u00e9S Gen\u00e8ve","isPartOf":{"@id":"https:\/\/solidarites.ch\/geneve\/#website"},"primaryImageOfPage":{"@id":"https:\/\/solidarites.ch\/geneve\/2019\/05\/07\/les-candidat%c2%b7e%c2%b7s-de-solidarites-geneve-pour-ensemble-a-gauche-aux-elections-nationales\/#primaryimage"},"image":{"@id":"https:\/\/solidarites.ch\/geneve\/2019\/05\/07\/les-candidat%c2%b7e%c2%b7s-de-solidarites-geneve-pour-ensemble-a-gauche-aux-elections-nationales\/#primaryimage"},"thumbnailUrl":"https:\/\/solidarites.ch\/geneve\/wp-content\/uploads\/sites\/6\/2020\/01\/Batou.jpg","datePublished":"2019-05-07T10:58:50+00:00","author":{"@id":"https:\/\/solidarites.ch\/geneve\/#\/schema\/person\/1fe04f9721c8856b07477d286db23d9d"},"breadcrumb":{"@id":"https:\/\/solidarites.ch\/geneve\/2019\/05\/07\/les-candidat%c2%b7e%c2%b7s-de-solidarites-geneve-pour-ensemble-a-gauche-aux-elections-nationales\/#breadcrumb"},"inLanguage":"fr-FR","potentialAction":[{"@type":"ReadAction","target":["https:\/\/solidarites.ch\/geneve\/2019\/05\/07\/les-candidat%c2%b7e%c2%b7s-de-solidarites-geneve-pour-ensemble-a-gauche-aux-elections-nationales\/"]}]},{"@type":"ImageObject","inLanguage":"fr-FR","@id":"https:\/\/solidarites.ch\/geneve\/2019\/05\/07\/les-candidat%c2%b7e%c2%b7s-de-solidarites-geneve-pour-ensemble-a-gauche-aux-elections-nationales\/#primaryimage","url":"https:\/\/solidarites.ch\/geneve\/wp-content\/uploads\/sites\/6\/2020\/01\/Batou.jpg","contentUrl":"https:\/\/solidarites.ch\/geneve\/wp-content\/uploads\/sites\/6\/2020\/01\/Batou.jpg","width":199,"height":300},{"@type":"BreadcrumbList","@id":"https:\/\/solidarites.ch\/geneve\/2019\/05\/07\/les-candidat%c2%b7e%c2%b7s-de-solidarites-geneve-pour-ensemble-a-gauche-aux-elections-nationales\/#breadcrumb","itemListElement":[{"@type":"ListItem","position":1,"name":"Accueil","item":"https:\/\/solidarites.ch\/geneve\/"},{"@type":"ListItem","position":2,"name":"Les candidat\u00b7e\u00b7s de solidarit\u00e9S Gen\u00e8ve pour Ensemble \u00e0 Gauche aux \u00e9lections nationales"}]},{"@type":"WebSite","@id":"https:\/\/solidarites.ch\/geneve\/#website","url":"https:\/\/solidarites.ch\/geneve\/","name":"solidarit\u00e9S Gen\u00e8ve","description":"Un mouvement &lt;br&gt;anticapitaliste, &lt;br&gt;f\u00e9ministe, &lt;br&gt;\u00e9cosocialiste","potentialAction":[{"@type":"SearchAction","target":{"@type":"EntryPoint","urlTemplate":"https:\/\/solidarites.ch\/geneve\/?s={search_term_string}"},"query-input":{"@type":"PropertyValueSpecification","valueRequired":true,"valueName":"search_term_string"}}],"inLanguage":"fr-FR"},{"@type":"Person","@id":"https:\/\/solidarites.ch\/geneve\/#\/schema\/person\/1fe04f9721c8856b07477d286db23d9d","name":"fab","image":{"@type":"ImageObject","inLanguage":"fr-FR","@id":"https:\/\/secure.gravatar.com\/avatar\/2dd55d128632d654ffcdaedc06aabab9d9cf66a3a6a535b5ca207e20dcd43c69?s=96&d=mm&r=g","url":"https:\/\/secure.gravatar.com\/avatar\/2dd55d128632d654ffcdaedc06aabab9d9cf66a3a6a535b5ca207e20dcd43c69?s=96&d=mm&r=g","contentUrl":"https:\/\/secure.gravatar.com\/avatar\/2dd55d128632d654ffcdaedc06aabab9d9cf66a3a6a535b5ca207e20dcd43c69?s=96&d=mm&r=g","caption":"fab"},"url":"https:\/\/solidarites.ch\/geneve\/author\/fab\/"}]}},"distributor_meta":false,"distributor_terms":false,"distributor_media":false,"distributor_original_site_name":"solidarit\u00e9S Gen\u00e8ve","distributor_original_site_url":"https:\/\/solidarites.ch\/geneve","push-errors":false,"_links":{"self":[{"href":"https:\/\/solidarites.ch\/geneve\/wp-json\/wp\/v2\/posts\/2628","targetHints":{"allow":["GET"]}}],"collection":[{"href":"https:\/\/solidarites.ch\/geneve\/wp-json\/wp\/v2\/posts"}],"about":[{"href":"https:\/\/solidarites.ch\/geneve\/wp-json\/wp\/v2\/types\/post"}],"author":[{"embeddable":true,"href":"https:\/\/solidarites.ch\/geneve\/wp-json\/wp\/v2\/users\/1"}],"replies":[{"embeddable":true,"href":"https:\/\/solidarites.ch\/geneve\/wp-json\/wp\/v2\/comments?post=2628"}],"version-history":[{"count":0,"href":"https:\/\/solidarites.ch\/geneve\/wp-json\/wp\/v2\/posts\/2628\/revisions"}],"wp:featuredmedia":[{"embeddable":true,"href":"https:\/\/solidarites.ch\/geneve\/wp-json\/wp\/v2\/media\/2635"}],"wp:attachment":[{"href":"https:\/\/solidarites.ch\/geneve\/wp-json\/wp\/v2\/media?parent=2628"}],"wp:term":[{"taxonomy":"tx_journal_display","embeddable":true,"href":"https:\/\/solidarites.ch\/geneve\/wp-json\/wp\/v2\/tx_journal_display?post=2628"}],"curies":[{"name":"wp","href":"https:\/\/api.w.org\/{rel}","templated":true}]}}