{"id":4427,"date":"2024-09-22T14:36:02","date_gmt":"2024-09-22T12:36:02","guid":{"rendered":"https:\/\/solidarites.ch\/geneve\/?p=4427"},"modified":"2024-09-22T14:36:03","modified_gmt":"2024-09-22T12:36:03","slug":"un-dimanche-qui-fait-trebucher-une-droite-trop-sure-delle","status":"publish","type":"post","link":"https:\/\/solidarites.ch\/geneve\/2024\/09\/22\/un-dimanche-qui-fait-trebucher-une-droite-trop-sure-delle\/","title":{"rendered":"Un dimanche qui fait tr\u00e9bucher une droite trop s\u00fbre d\u2019elle\u00a0!"},"content":{"rendered":"\n<p class=\"has-text-align-center\"><\/p>\n\n\n\n<figure class=\"wp-block-gallery has-nested-images columns-default is-cropped wp-block-gallery-1 is-layout-flex wp-block-gallery-is-layout-flex\">\n<figure class=\"wp-block-image size-large\"><img loading=\"lazy\" decoding=\"async\" width=\"851\" height=\"315\" data-id=\"4428\" src=\"https:\/\/solidarites.ch\/geneve\/wp-content\/uploads\/sites\/6\/2024\/09\/DE-LARGENT-POUR-TA-GRAND-MeRE-PAS-POUR-LES-ACTIONNAIRES.png\" alt=\"\" class=\"wp-image-4428\" srcset=\"https:\/\/solidarites.ch\/geneve\/wp-content\/uploads\/sites\/6\/2024\/09\/DE-LARGENT-POUR-TA-GRAND-MeRE-PAS-POUR-LES-ACTIONNAIRES.png 851w, https:\/\/solidarites.ch\/geneve\/wp-content\/uploads\/sites\/6\/2024\/09\/DE-LARGENT-POUR-TA-GRAND-MeRE-PAS-POUR-LES-ACTIONNAIRES-300x111.png 300w, https:\/\/solidarites.ch\/geneve\/wp-content\/uploads\/sites\/6\/2024\/09\/DE-LARGENT-POUR-TA-GRAND-MeRE-PAS-POUR-LES-ACTIONNAIRES-768x284.png 768w\" sizes=\"auto, (max-width: 851px) 100vw, 851px\" \/>\n<div class='wp-description'><\/div><\/figure><\/figure>\n\n\n\n<p><strong>Communiqu\u00e9 de presse 22 septembre 2024<\/strong><\/p>\n\n\n\n<h2 class=\"wp-block-heading\"><strong>LPP 21 un refus \u00e9crasant<\/strong><\/h2>\n\n\n\n<p>Aujourd\u2019hui encore le peuple a largement refus\u00e9, comme en 2010 et en 2017, une r\u00e9forme qui vise \u00e0 nouveau \u00e0 baisser le taux de conversion pour obliger les salari\u00e9e.e.s \u00e0 cotiser plus pour percevoir des rentes plus basses. Les \u00e9lecteur.trices n\u2019ont pas \u00e9t\u00e9 dupes puisque c\u2019est \u00e0 67% &nbsp;qu\u2019 il.elle.s ont r\u00e9fut\u00e9 les projections catastrophiques, et soulignons aussi le score \u00e9clatant \u00e0 Gen\u00e8ve, puisque c\u2019est 73% des votant.e.s qui ont enterr\u00e9 ce projet n\u00e9faste&nbsp;! &nbsp;Un projet qui voulait faire croire qu\u2019il n\u2019y a pas d\u2019autre avenir possible que de renoncer \u00e0 nos acquis et \u00e0 sacrifier la pr\u00e9voyance vieillesse sur l\u2019autel des profits des milieux financiers.<\/p>\n\n\n\n<p>Alors que la LPP ne garantit pas aux retrait\u00e9.e.s, comme elle le devrait avec l\u2019AVS, 60% du revenu ant\u00e9rieur, les milieux financiers continuent pour leur part \u00e0 profiter du produit de l\u2019argent des travailleur.euse.s. C\u2019est l\u00e0 un hold-up contre nature. L\u2019\u00e9pargne de ces dernier.\u00e8re.s doit servir \u00e0 couvrir et \u00e0 am\u00e9liorer leur rentes et non \u00e0 enrichir les assurances et les banques.<\/p>\n\n\n\n<p>La LPP a prouv\u00e9 son incapacit\u00e9 \u00e0 \u00eatre une assurance v\u00e9ritablement sociale. Aussi plut\u00f4t que de perdre notre temps et notre \u00e9nergie \u00e0 combattre les prochaines douteuses r\u00e9formes que la droite et les milieux financiers qu&rsquo;elle repr\u00e9sente ne manqueront pas de vouloir nous imposer, il faut d\u00e8s maintenant ouvrir dans l\u2019espace public des champs de r\u00e9flexion pour renforcer l\u2019AVS et construire une alternative au 2e pilier.<\/p>\n\n\n\n<h2 class=\"wp-block-heading\"><strong>La bonne blague fiscale de la droite ne fait rire personne<\/strong><\/h2>\n\n\n\n<p>A l&rsquo;origine du r\u00e9f\u00e9rendum ayant permis que le peuple se prononce sur cet objet, solidarit\u00e9S constate que la majorit\u00e9 des \u00e9lectrices et les \u00e9lecteurs ne se sont pas laiss\u00e9.e.s berner par la campagne intense des milieux patronaux, du Grand-Conseil et du Conseil d&rsquo;Etat. En refusant \u00e0 plus de 58% la baisse de l&rsquo;imp\u00f4t sur la fortune accord\u00e9e aux actionnaires de plus de 10% de leur entreprise, ils ne sont pas tomb\u00e9s dans l&rsquo;illusion d&rsquo;un pr\u00e9tendu soutien \u00e0 l&rsquo;investissement et \u00e0 l&#8217;emploi, alors que le projet consistait en un pur cadeau fiscal aux plus fortun\u00e9s, comme les banquiers priv\u00e9s genevois par exemple.<\/p>\n\n\n\n<h2 class=\"wp-block-heading\"><strong>3 ans de formation c\u2019est non&nbsp;: Pas de formation au rabais&nbsp;!<\/strong><\/h2>\n\n\n\n<p>Etre moins form\u00e9.e pour mieux former ? Voil\u00e0 une injonction paradoxale dont le peuple n\u2019a pas voulu. Il ne s\u2019est pas laiss\u00e9 abuser par le discours aberrant de celles et ceux qui n\u2019h\u00e9sitent jamais \u00e0 r\u00e9duire les finances publiques pour servir les int\u00e9r\u00eats des lobbys. Par ce refus massif \u00e0 61% de r\u00e9duire la dur\u00e9e de la formation des enseignant.e.s du primaire \u00e0 3 ans, la population a clairement montr\u00e9 son attachement \u00e0 une \u00e9cole de qualit\u00e9 et \u00e0 l\u2019ad\u00e9quation de la formation de ses enseignant.e.s. Elle a compris les enjeux li\u00e9s \u00e0 la complexification du terrain sur lequel interviennent les enseignant.e.s ainsi que la multiplication des besoins des enfants.<\/p>\n\n\n\n<p>En rejetant le sabrage d\u2019un quart de la dur\u00e9e de la formation, le peuple a refus\u00e9 de sacrifier ces dernier.i\u00e8re.s au nom de fallacieuses politiques de restrictions budg\u00e9taires. Alors que d\u2019autres cantons se battent pour augmenter la dur\u00e9e de formation et non la r\u00e9duire, on rel\u00e8ve pour une fois une pratique genevoise dont la pertinence est reconnue au-del\u00e0 de la Versoix.<\/p>\n\n\n\n<h2 class=\"wp-block-heading\"><strong>La protection de la biodiversit\u00e9 enterr\u00e9e encore une fois<\/strong><\/h2>\n\n\n\n<p>Le refus de l\u2019initiative au niveau suisse est un signal n\u00e9gatif pour la protection du vivant. Toutefois, il faut souligner que la campagne fut difficile en dehors de Gen\u00e8ve, qui est l\u2019un des rares cantons \u00e0 avoir accept\u00e9 ladite initiative. solidarit\u00e9S soutenait de mani\u00e8re critique un texte bien intentionn\u00e9 mais bancal dans sa formulation, ne prenant h\u00e9las que peu en compte la r\u00e9alit\u00e9 des milieux agricoles. Pour renforcer la protection de la biodiversit\u00e9, il est essentiel de construire \u00e0 l\u2019avenir un front large qui inclut les paysan.ne.s, directement impact\u00e9.e.s par l\u2019affaiblissement des \u00e9cosyst\u00e8mes. C\u2019est ainsi que nous pourrons aller vers une soci\u00e9t\u00e9 solidaire et respectueuse des \u00e9quilibres \u00e9cologiques.<\/p>\n","protected":false},"excerpt":{"rendered":"<p>Communiqu\u00e9 de presse 22 septembre 2024 LPP 21 un refus \u00e9crasant Aujourd\u2019hui encore le peuple a largement refus\u00e9, comme en 2010 et en 2017, une r\u00e9forme qui vise \u00e0 nouveau \u00e0 baisser le taux de conversion pour obliger les salari\u00e9e.e.s \u00e0 cotiser plus pour percevoir des rentes plus basses. Les \u00e9lecteur.trices n\u2019ont pas \u00e9t\u00e9 dupes &hellip; <a href=\"https:\/\/solidarites.ch\/geneve\/2024\/09\/22\/un-dimanche-qui-fait-trebucher-une-droite-trop-sure-delle\/\">Continued<\/a><\/p>\n","protected":false},"author":7,"featured_media":0,"comment_status":"closed","ping_status":"closed","sticky":false,"template":"","format":"standard","meta":{"_acf_changed":false,"_monsterinsights_skip_tracking":false,"_monsterinsights_sitenote_active":false,"_monsterinsights_sitenote_note":"","_monsterinsights_sitenote_category":0,"footnotes":""},"tx_journal_display":[],"class_list":["post-4427","post","type-post","status-publish","format-standard","hentry","tx_journal_sections-communiques","tx_journal_sections-votations"],"acf":[],"yoast_head":"<!-- This site is optimized with the Yoast SEO plugin v27.5 - https:\/\/yoast.com\/product\/yoast-seo-wordpress\/ -->\n<title>Un dimanche qui fait tr\u00e9bucher une droite trop s\u00fbre d\u2019elle\u00a0! - solidarit\u00e9S Gen\u00e8ve<\/title>\n<meta name=\"description\" content=\"LPP 21 un refus \u00e9crasantAujourd\u2019hui encore le peuple a largement refus\u00e9, comme en 2010 et en 2017, une r\u00e9forme qui vise \u00e0 nouveau \u00e0 baisser le taux de conversion pour obliger les salari\u00e9e.e.s \u00e0 cotiser plus pour percevoir des rentes plus basses. Les \u00e9lecteur.trices n\u2019ont pas \u00e9t\u00e9 dupes puisque c\u2019est \u00e0 67% qu\u2019 il.elle.s ont r\u00e9fut\u00e9 les projections catastrophiques, et soulignons aussi le score \u00e9clatant \u00e0 Gen\u00e8ve, puisque c\u2019est 73% des votant.e.s qui ont enterr\u00e9 ce projet n\u00e9faste ! Un projet qui voulait faire croire qu\u2019il n\u2019y a pas d\u2019autre avenir possible que de renoncer \u00e0 nos acquis et \u00e0 sacrifier la pr\u00e9voyance vieillesse sur l\u2019autel des profits des milieux financiers.Alors que la LPP ne garantit pas aux retrait\u00e9.e.s, comme elle le devrait avec l\u2019AVS, 60% du revenu ant\u00e9rieur, les milieux financiers continuent pour leur part \u00e0 profiter du produit de l\u2019argent des travailleur.euse.s. C\u2019est l\u00e0 un hold-up contre nature. L\u2019\u00e9pargne de ces dernier.\u00e8re.s doit servir \u00e0 couvrir et \u00e0 am\u00e9liorer leur rentes et non \u00e0 enrichir les assurances et les banques.La LPP a prouv\u00e9 son incapacit\u00e9 \u00e0 \u00eatre une assurance v\u00e9ritablement sociale. Aussi plut\u00f4t que de perdre notre temps et notre \u00e9nergie \u00e0 combattre les prochaines douteuses r\u00e9formes que la droite et les milieux financiers qu&#039;elle repr\u00e9sente ne manqueront pas de vouloir nous imposer, il faut d\u00e8s maintenant ouvrir dans l\u2019espace public des champs de r\u00e9flexion pour renforcer l\u2019AVS et construire une alternative au 2e pilier.La bonne blague fiscale de la droite ne fait rire personneA l&#039;origine du r\u00e9f\u00e9rendum ayant permis que le peuple se prononce sur cet objet, solidarit\u00e9S constate que la majorit\u00e9 des \u00e9lectrices et les \u00e9lecteurs ne se sont pas laiss\u00e9.e.s berner par la campagne intense des milieux patronaux, du Grand-Conseil et du Conseil d&#039;Etat. En refusant \u00e0 plus de 58% la baisse de l&#039;imp\u00f4t sur la fortune accord\u00e9e aux actionnaires de plus de 10% de leur entreprise, ils ne sont pas tomb\u00e9s dans l&#039;illusion d&#039;un pr\u00e9tendu soutien \u00e0 l&#039;investissement et \u00e0 l&#039;emploi, alors que le projet consistait en un pur cadeau fiscal aux plus fortun\u00e9s, comme les banquiers priv\u00e9s genevois par exemple.3 ans de formation c\u2019est non : Pas de formation au rabais !Etre moins form\u00e9.e pour mieux former ? Voil\u00e0 une injonction paradoxale dont le peuple n\u2019a pas voulu. Il ne s\u2019est pas laiss\u00e9 abuser par le discours aberrant de celles et ceux qui n\u2019h\u00e9sitent jamais \u00e0 r\u00e9duire les finances publiques pour servir les int\u00e9r\u00eats des lobbys. Par ce refus massif \u00e0 61% de r\u00e9duire la dur\u00e9e de la formation des enseignant.e.s du primaire \u00e0 3 ans, la population a clairement montr\u00e9 son attachement \u00e0 une \u00e9cole de qualit\u00e9 et \u00e0 l\u2019ad\u00e9quation de la formation de ses enseignant.e.s. Elle a compris les enjeux li\u00e9s \u00e0 la complexification du terrain sur lequel interviennent les enseignant.e.s ainsi que la multiplication des besoins des enfants.En rejetant le sabrage d\u2019un quart de la dur\u00e9e de la formation, le peuple a refus\u00e9 de sacrifier ces dernier.i\u00e8re.s au nom de fallacieuses politiques de restrictions budg\u00e9taires. Alors que d\u2019autres cantons se battent pour augmenter la dur\u00e9e de formation et non la r\u00e9duire, on rel\u00e8ve pour une fois une pratique genevoise dont la pertinence est reconnue au-del\u00e0 de la Versoix.La protection de la biodiversit\u00e9 enterr\u00e9e encore une foisLe refus de l\u2019initiative au niveau suisse est un signal n\u00e9gatif pour la protection du vivant. Toutefois, il faut souligner que la campagne fut difficile en dehors de Gen\u00e8ve, qui est l\u2019un des rares cantons \u00e0 avoir accept\u00e9 ladite initiative. solidarit\u00e9S soutenait de mani\u00e8re critique un texte bien intentionn\u00e9 mais bancal dans sa formulation, ne prenant h\u00e9las que peu en compte la r\u00e9alit\u00e9 des milieux agricoles. Pour renforcer la protection de la biodiversit\u00e9, il est essentiel de construire \u00e0 l\u2019avenir un front large qui inclut les paysan.ne.s, directement impact\u00e9.e.s par l\u2019affaiblissement des \u00e9cosyst\u00e8mes. C\u2019est ainsi que nous pourrons aller vers une soci\u00e9t\u00e9 solidaire et respectueuse des \u00e9quilibres \u00e9cologiques.\" \/>\n<meta name=\"robots\" content=\"index, follow, max-snippet:-1, max-image-preview:large, max-video-preview:-1\" \/>\n<link rel=\"canonical\" href=\"https:\/\/solidarites.ch\/geneve\/2024\/09\/22\/un-dimanche-qui-fait-trebucher-une-droite-trop-sure-delle\/\" \/>\n<meta property=\"og:locale\" content=\"fr_FR\" \/>\n<meta property=\"og:type\" content=\"article\" \/>\n<meta property=\"og:title\" content=\"Un dimanche qui fait tr\u00e9bucher une droite trop s\u00fbre d\u2019elle\u00a0! - solidarit\u00e9S Gen\u00e8ve\" \/>\n<meta property=\"og:description\" content=\"LPP 21 un refus \u00e9crasantAujourd\u2019hui encore le peuple a largement refus\u00e9, comme en 2010 et en 2017, une r\u00e9forme qui vise \u00e0 nouveau \u00e0 baisser le taux de conversion pour obliger les salari\u00e9e.e.s \u00e0 cotiser plus pour percevoir des rentes plus basses. Les \u00e9lecteur.trices n\u2019ont pas \u00e9t\u00e9 dupes puisque c\u2019est \u00e0 67% qu\u2019 il.elle.s ont r\u00e9fut\u00e9 les projections catastrophiques, et soulignons aussi le score \u00e9clatant \u00e0 Gen\u00e8ve, puisque c\u2019est 73% des votant.e.s qui ont enterr\u00e9 ce projet n\u00e9faste ! Un projet qui voulait faire croire qu\u2019il n\u2019y a pas d\u2019autre avenir possible que de renoncer \u00e0 nos acquis et \u00e0 sacrifier la pr\u00e9voyance vieillesse sur l\u2019autel des profits des milieux financiers.Alors que la LPP ne garantit pas aux retrait\u00e9.e.s, comme elle le devrait avec l\u2019AVS, 60% du revenu ant\u00e9rieur, les milieux financiers continuent pour leur part \u00e0 profiter du produit de l\u2019argent des travailleur.euse.s. C\u2019est l\u00e0 un hold-up contre nature. L\u2019\u00e9pargne de ces dernier.\u00e8re.s doit servir \u00e0 couvrir et \u00e0 am\u00e9liorer leur rentes et non \u00e0 enrichir les assurances et les banques.La LPP a prouv\u00e9 son incapacit\u00e9 \u00e0 \u00eatre une assurance v\u00e9ritablement sociale. Aussi plut\u00f4t que de perdre notre temps et notre \u00e9nergie \u00e0 combattre les prochaines douteuses r\u00e9formes que la droite et les milieux financiers qu&#039;elle repr\u00e9sente ne manqueront pas de vouloir nous imposer, il faut d\u00e8s maintenant ouvrir dans l\u2019espace public des champs de r\u00e9flexion pour renforcer l\u2019AVS et construire une alternative au 2e pilier.La bonne blague fiscale de la droite ne fait rire personneA l&#039;origine du r\u00e9f\u00e9rendum ayant permis que le peuple se prononce sur cet objet, solidarit\u00e9S constate que la majorit\u00e9 des \u00e9lectrices et les \u00e9lecteurs ne se sont pas laiss\u00e9.e.s berner par la campagne intense des milieux patronaux, du Grand-Conseil et du Conseil d&#039;Etat. En refusant \u00e0 plus de 58% la baisse de l&#039;imp\u00f4t sur la fortune accord\u00e9e aux actionnaires de plus de 10% de leur entreprise, ils ne sont pas tomb\u00e9s dans l&#039;illusion d&#039;un pr\u00e9tendu soutien \u00e0 l&#039;investissement et \u00e0 l&#039;emploi, alors que le projet consistait en un pur cadeau fiscal aux plus fortun\u00e9s, comme les banquiers priv\u00e9s genevois par exemple.3 ans de formation c\u2019est non : Pas de formation au rabais !Etre moins form\u00e9.e pour mieux former ? Voil\u00e0 une injonction paradoxale dont le peuple n\u2019a pas voulu. Il ne s\u2019est pas laiss\u00e9 abuser par le discours aberrant de celles et ceux qui n\u2019h\u00e9sitent jamais \u00e0 r\u00e9duire les finances publiques pour servir les int\u00e9r\u00eats des lobbys. Par ce refus massif \u00e0 61% de r\u00e9duire la dur\u00e9e de la formation des enseignant.e.s du primaire \u00e0 3 ans, la population a clairement montr\u00e9 son attachement \u00e0 une \u00e9cole de qualit\u00e9 et \u00e0 l\u2019ad\u00e9quation de la formation de ses enseignant.e.s. Elle a compris les enjeux li\u00e9s \u00e0 la complexification du terrain sur lequel interviennent les enseignant.e.s ainsi que la multiplication des besoins des enfants.En rejetant le sabrage d\u2019un quart de la dur\u00e9e de la formation, le peuple a refus\u00e9 de sacrifier ces dernier.i\u00e8re.s au nom de fallacieuses politiques de restrictions budg\u00e9taires. Alors que d\u2019autres cantons se battent pour augmenter la dur\u00e9e de formation et non la r\u00e9duire, on rel\u00e8ve pour une fois une pratique genevoise dont la pertinence est reconnue au-del\u00e0 de la Versoix.La protection de la biodiversit\u00e9 enterr\u00e9e encore une foisLe refus de l\u2019initiative au niveau suisse est un signal n\u00e9gatif pour la protection du vivant. Toutefois, il faut souligner que la campagne fut difficile en dehors de Gen\u00e8ve, qui est l\u2019un des rares cantons \u00e0 avoir accept\u00e9 ladite initiative. solidarit\u00e9S soutenait de mani\u00e8re critique un texte bien intentionn\u00e9 mais bancal dans sa formulation, ne prenant h\u00e9las que peu en compte la r\u00e9alit\u00e9 des milieux agricoles. Pour renforcer la protection de la biodiversit\u00e9, il est essentiel de construire \u00e0 l\u2019avenir un front large qui inclut les paysan.ne.s, directement impact\u00e9.e.s par l\u2019affaiblissement des \u00e9cosyst\u00e8mes. C\u2019est ainsi que nous pourrons aller vers une soci\u00e9t\u00e9 solidaire et respectueuse des \u00e9quilibres \u00e9cologiques.\" \/>\n<meta property=\"og:url\" content=\"https:\/\/solidarites.ch\/geneve\/2024\/09\/22\/un-dimanche-qui-fait-trebucher-une-droite-trop-sure-delle\/\" \/>\n<meta property=\"og:site_name\" content=\"solidarit\u00e9S Gen\u00e8ve\" \/>\n<meta property=\"article:published_time\" content=\"2024-09-22T12:36:02+00:00\" \/>\n<meta property=\"article:modified_time\" content=\"2024-09-22T12:36:03+00:00\" \/>\n<meta property=\"og:image\" content=\"https:\/\/solidarites.ch\/geneve\/wp-content\/uploads\/sites\/6\/2024\/09\/DE-LARGENT-POUR-TA-GRAND-MeRE-PAS-POUR-LES-ACTIONNAIRES.png\" \/>\n<meta name=\"author\" content=\"donna\" \/>\n<meta name=\"twitter:card\" content=\"summary_large_image\" \/>\n<meta name=\"twitter:label1\" content=\"\u00c9crit par\" \/>\n\t<meta name=\"twitter:data1\" content=\"donna\" \/>\n\t<meta name=\"twitter:label2\" content=\"Dur\u00e9e de lecture estim\u00e9e\" \/>\n\t<meta name=\"twitter:data2\" content=\"4 minutes\" \/>\n<script type=\"application\/ld+json\" class=\"yoast-schema-graph\">{\"@context\":\"https:\\\/\\\/schema.org\",\"@graph\":[{\"@type\":\"Article\",\"@id\":\"https:\\\/\\\/solidarites.ch\\\/geneve\\\/2024\\\/09\\\/22\\\/un-dimanche-qui-fait-trebucher-une-droite-trop-sure-delle\\\/#article\",\"isPartOf\":{\"@id\":\"https:\\\/\\\/solidarites.ch\\\/geneve\\\/2024\\\/09\\\/22\\\/un-dimanche-qui-fait-trebucher-une-droite-trop-sure-delle\\\/\"},\"author\":{\"name\":\"donna\",\"@id\":\"https:\\\/\\\/solidarites.ch\\\/geneve\\\/#\\\/schema\\\/person\\\/d5a1b679b02a8526cc98baa6e693bba5\"},\"headline\":\"Un dimanche qui fait tr\u00e9bucher une droite trop s\u00fbre d\u2019elle\u00a0!\",\"datePublished\":\"2024-09-22T12:36:02+00:00\",\"dateModified\":\"2024-09-22T12:36:03+00:00\",\"mainEntityOfPage\":{\"@id\":\"https:\\\/\\\/solidarites.ch\\\/geneve\\\/2024\\\/09\\\/22\\\/un-dimanche-qui-fait-trebucher-une-droite-trop-sure-delle\\\/\"},\"wordCount\":744,\"image\":{\"@id\":\"https:\\\/\\\/solidarites.ch\\\/geneve\\\/2024\\\/09\\\/22\\\/un-dimanche-qui-fait-trebucher-une-droite-trop-sure-delle\\\/#primaryimage\"},\"thumbnailUrl\":\"https:\\\/\\\/solidarites.ch\\\/geneve\\\/wp-content\\\/uploads\\\/sites\\\/6\\\/2024\\\/09\\\/DE-LARGENT-POUR-TA-GRAND-MeRE-PAS-POUR-LES-ACTIONNAIRES.png\",\"inLanguage\":\"fr-FR\"},{\"@type\":\"WebPage\",\"@id\":\"https:\\\/\\\/solidarites.ch\\\/geneve\\\/2024\\\/09\\\/22\\\/un-dimanche-qui-fait-trebucher-une-droite-trop-sure-delle\\\/\",\"url\":\"https:\\\/\\\/solidarites.ch\\\/geneve\\\/2024\\\/09\\\/22\\\/un-dimanche-qui-fait-trebucher-une-droite-trop-sure-delle\\\/\",\"name\":\"Un dimanche qui fait tr\u00e9bucher une droite trop s\u00fbre d\u2019elle\u00a0! - solidarit\u00e9S Gen\u00e8ve\",\"isPartOf\":{\"@id\":\"https:\\\/\\\/solidarites.ch\\\/geneve\\\/#website\"},\"primaryImageOfPage\":{\"@id\":\"https:\\\/\\\/solidarites.ch\\\/geneve\\\/2024\\\/09\\\/22\\\/un-dimanche-qui-fait-trebucher-une-droite-trop-sure-delle\\\/#primaryimage\"},\"image\":{\"@id\":\"https:\\\/\\\/solidarites.ch\\\/geneve\\\/2024\\\/09\\\/22\\\/un-dimanche-qui-fait-trebucher-une-droite-trop-sure-delle\\\/#primaryimage\"},\"thumbnailUrl\":\"https:\\\/\\\/solidarites.ch\\\/geneve\\\/wp-content\\\/uploads\\\/sites\\\/6\\\/2024\\\/09\\\/DE-LARGENT-POUR-TA-GRAND-MeRE-PAS-POUR-LES-ACTIONNAIRES.png\",\"datePublished\":\"2024-09-22T12:36:02+00:00\",\"dateModified\":\"2024-09-22T12:36:03+00:00\",\"author\":{\"@id\":\"https:\\\/\\\/solidarites.ch\\\/geneve\\\/#\\\/schema\\\/person\\\/d5a1b679b02a8526cc98baa6e693bba5\"},\"description\":\"LPP 21 un refus \u00e9crasantAujourd\u2019hui encore le peuple a largement refus\u00e9, comme en 2010 et en 2017, une r\u00e9forme qui vise \u00e0 nouveau \u00e0 baisser le taux de conversion pour obliger les salari\u00e9e.e.s \u00e0 cotiser plus pour percevoir des rentes plus basses. Les \u00e9lecteur.trices n\u2019ont pas \u00e9t\u00e9 dupes puisque c\u2019est \u00e0 67% qu\u2019 il.elle.s ont r\u00e9fut\u00e9 les projections catastrophiques, et soulignons aussi le score \u00e9clatant \u00e0 Gen\u00e8ve, puisque c\u2019est 73% des votant.e.s qui ont enterr\u00e9 ce projet n\u00e9faste ! Un projet qui voulait faire croire qu\u2019il n\u2019y a pas d\u2019autre avenir possible que de renoncer \u00e0 nos acquis et \u00e0 sacrifier la pr\u00e9voyance vieillesse sur l\u2019autel des profits des milieux financiers.Alors que la LPP ne garantit pas aux retrait\u00e9.e.s, comme elle le devrait avec l\u2019AVS, 60% du revenu ant\u00e9rieur, les milieux financiers continuent pour leur part \u00e0 profiter du produit de l\u2019argent des travailleur.euse.s. C\u2019est l\u00e0 un hold-up contre nature. L\u2019\u00e9pargne de ces dernier.\u00e8re.s doit servir \u00e0 couvrir et \u00e0 am\u00e9liorer leur rentes et non \u00e0 enrichir les assurances et les banques.La LPP a prouv\u00e9 son incapacit\u00e9 \u00e0 \u00eatre une assurance v\u00e9ritablement sociale. Aussi plut\u00f4t que de perdre notre temps et notre \u00e9nergie \u00e0 combattre les prochaines douteuses r\u00e9formes que la droite et les milieux financiers qu'elle repr\u00e9sente ne manqueront pas de vouloir nous imposer, il faut d\u00e8s maintenant ouvrir dans l\u2019espace public des champs de r\u00e9flexion pour renforcer l\u2019AVS et construire une alternative au 2e pilier.La bonne blague fiscale de la droite ne fait rire personneA l'origine du r\u00e9f\u00e9rendum ayant permis que le peuple se prononce sur cet objet, solidarit\u00e9S constate que la majorit\u00e9 des \u00e9lectrices et les \u00e9lecteurs ne se sont pas laiss\u00e9.e.s berner par la campagne intense des milieux patronaux, du Grand-Conseil et du Conseil d'Etat. En refusant \u00e0 plus de 58% la baisse de l'imp\u00f4t sur la fortune accord\u00e9e aux actionnaires de plus de 10% de leur entreprise, ils ne sont pas tomb\u00e9s dans l'illusion d'un pr\u00e9tendu soutien \u00e0 l'investissement et \u00e0 l'emploi, alors que le projet consistait en un pur cadeau fiscal aux plus fortun\u00e9s, comme les banquiers priv\u00e9s genevois par exemple.3 ans de formation c\u2019est non : Pas de formation au rabais !Etre moins form\u00e9.e pour mieux former ? Voil\u00e0 une injonction paradoxale dont le peuple n\u2019a pas voulu. Il ne s\u2019est pas laiss\u00e9 abuser par le discours aberrant de celles et ceux qui n\u2019h\u00e9sitent jamais \u00e0 r\u00e9duire les finances publiques pour servir les int\u00e9r\u00eats des lobbys. Par ce refus massif \u00e0 61% de r\u00e9duire la dur\u00e9e de la formation des enseignant.e.s du primaire \u00e0 3 ans, la population a clairement montr\u00e9 son attachement \u00e0 une \u00e9cole de qualit\u00e9 et \u00e0 l\u2019ad\u00e9quation de la formation de ses enseignant.e.s. Elle a compris les enjeux li\u00e9s \u00e0 la complexification du terrain sur lequel interviennent les enseignant.e.s ainsi que la multiplication des besoins des enfants.En rejetant le sabrage d\u2019un quart de la dur\u00e9e de la formation, le peuple a refus\u00e9 de sacrifier ces dernier.i\u00e8re.s au nom de fallacieuses politiques de restrictions budg\u00e9taires. Alors que d\u2019autres cantons se battent pour augmenter la dur\u00e9e de formation et non la r\u00e9duire, on rel\u00e8ve pour une fois une pratique genevoise dont la pertinence est reconnue au-del\u00e0 de la Versoix.La protection de la biodiversit\u00e9 enterr\u00e9e encore une foisLe refus de l\u2019initiative au niveau suisse est un signal n\u00e9gatif pour la protection du vivant. Toutefois, il faut souligner que la campagne fut difficile en dehors de Gen\u00e8ve, qui est l\u2019un des rares cantons \u00e0 avoir accept\u00e9 ladite initiative. solidarit\u00e9S soutenait de mani\u00e8re critique un texte bien intentionn\u00e9 mais bancal dans sa formulation, ne prenant h\u00e9las que peu en compte la r\u00e9alit\u00e9 des milieux agricoles. Pour renforcer la protection de la biodiversit\u00e9, il est essentiel de construire \u00e0 l\u2019avenir un front large qui inclut les paysan.ne.s, directement impact\u00e9.e.s par l\u2019affaiblissement des \u00e9cosyst\u00e8mes. C\u2019est ainsi que nous pourrons aller vers une soci\u00e9t\u00e9 solidaire et respectueuse des \u00e9quilibres \u00e9cologiques.\",\"breadcrumb\":{\"@id\":\"https:\\\/\\\/solidarites.ch\\\/geneve\\\/2024\\\/09\\\/22\\\/un-dimanche-qui-fait-trebucher-une-droite-trop-sure-delle\\\/#breadcrumb\"},\"inLanguage\":\"fr-FR\",\"potentialAction\":[{\"@type\":\"ReadAction\",\"target\":[\"https:\\\/\\\/solidarites.ch\\\/geneve\\\/2024\\\/09\\\/22\\\/un-dimanche-qui-fait-trebucher-une-droite-trop-sure-delle\\\/\"]}]},{\"@type\":\"ImageObject\",\"inLanguage\":\"fr-FR\",\"@id\":\"https:\\\/\\\/solidarites.ch\\\/geneve\\\/2024\\\/09\\\/22\\\/un-dimanche-qui-fait-trebucher-une-droite-trop-sure-delle\\\/#primaryimage\",\"url\":\"https:\\\/\\\/solidarites.ch\\\/geneve\\\/wp-content\\\/uploads\\\/sites\\\/6\\\/2024\\\/09\\\/DE-LARGENT-POUR-TA-GRAND-MeRE-PAS-POUR-LES-ACTIONNAIRES.png\",\"contentUrl\":\"https:\\\/\\\/solidarites.ch\\\/geneve\\\/wp-content\\\/uploads\\\/sites\\\/6\\\/2024\\\/09\\\/DE-LARGENT-POUR-TA-GRAND-MeRE-PAS-POUR-LES-ACTIONNAIRES.png\",\"width\":851,\"height\":315},{\"@type\":\"BreadcrumbList\",\"@id\":\"https:\\\/\\\/solidarites.ch\\\/geneve\\\/2024\\\/09\\\/22\\\/un-dimanche-qui-fait-trebucher-une-droite-trop-sure-delle\\\/#breadcrumb\",\"itemListElement\":[{\"@type\":\"ListItem\",\"position\":1,\"name\":\"Accueil\",\"item\":\"https:\\\/\\\/solidarites.ch\\\/geneve\\\/\"},{\"@type\":\"ListItem\",\"position\":2,\"name\":\"Un dimanche qui fait tr\u00e9bucher une droite trop s\u00fbre d\u2019elle\u00a0!\"}]},{\"@type\":\"WebSite\",\"@id\":\"https:\\\/\\\/solidarites.ch\\\/geneve\\\/#website\",\"url\":\"https:\\\/\\\/solidarites.ch\\\/geneve\\\/\",\"name\":\"solidarit\u00e9S Gen\u00e8ve\",\"description\":\"Un mouvement &lt;br&gt;anticapitaliste, &lt;br&gt;f\u00e9ministe, &lt;br&gt;\u00e9cosocialiste\",\"potentialAction\":[{\"@type\":\"SearchAction\",\"target\":{\"@type\":\"EntryPoint\",\"urlTemplate\":\"https:\\\/\\\/solidarites.ch\\\/geneve\\\/?s={search_term_string}\"},\"query-input\":{\"@type\":\"PropertyValueSpecification\",\"valueRequired\":true,\"valueName\":\"search_term_string\"}}],\"inLanguage\":\"fr-FR\"},{\"@type\":\"Person\",\"@id\":\"https:\\\/\\\/solidarites.ch\\\/geneve\\\/#\\\/schema\\\/person\\\/d5a1b679b02a8526cc98baa6e693bba5\",\"name\":\"donna\",\"image\":{\"@type\":\"ImageObject\",\"inLanguage\":\"fr-FR\",\"@id\":\"https:\\\/\\\/secure.gravatar.com\\\/avatar\\\/7a027a8de78f59d385ed53d54021a16efcd11084e5787385965f44880e791a7a?s=96&d=mm&r=g\",\"url\":\"https:\\\/\\\/secure.gravatar.com\\\/avatar\\\/7a027a8de78f59d385ed53d54021a16efcd11084e5787385965f44880e791a7a?s=96&d=mm&r=g\",\"contentUrl\":\"https:\\\/\\\/secure.gravatar.com\\\/avatar\\\/7a027a8de78f59d385ed53d54021a16efcd11084e5787385965f44880e791a7a?s=96&d=mm&r=g\",\"caption\":\"donna\"},\"url\":\"https:\\\/\\\/solidarites.ch\\\/geneve\\\/author\\\/donna\\\/\"}]}<\/script>\n<!-- \/ Yoast SEO plugin. -->","yoast_head_json":{"title":"Un dimanche qui fait tr\u00e9bucher une droite trop s\u00fbre d\u2019elle\u00a0! - solidarit\u00e9S Gen\u00e8ve","description":"LPP 21 un refus \u00e9crasantAujourd\u2019hui encore le peuple a largement refus\u00e9, comme en 2010 et en 2017, une r\u00e9forme qui vise \u00e0 nouveau \u00e0 baisser le taux de conversion pour obliger les salari\u00e9e.e.s \u00e0 cotiser plus pour percevoir des rentes plus basses. Les \u00e9lecteur.trices n\u2019ont pas \u00e9t\u00e9 dupes puisque c\u2019est \u00e0 67% qu\u2019 il.elle.s ont r\u00e9fut\u00e9 les projections catastrophiques, et soulignons aussi le score \u00e9clatant \u00e0 Gen\u00e8ve, puisque c\u2019est 73% des votant.e.s qui ont enterr\u00e9 ce projet n\u00e9faste ! Un projet qui voulait faire croire qu\u2019il n\u2019y a pas d\u2019autre avenir possible que de renoncer \u00e0 nos acquis et \u00e0 sacrifier la pr\u00e9voyance vieillesse sur l\u2019autel des profits des milieux financiers.Alors que la LPP ne garantit pas aux retrait\u00e9.e.s, comme elle le devrait avec l\u2019AVS, 60% du revenu ant\u00e9rieur, les milieux financiers continuent pour leur part \u00e0 profiter du produit de l\u2019argent des travailleur.euse.s. C\u2019est l\u00e0 un hold-up contre nature. L\u2019\u00e9pargne de ces dernier.\u00e8re.s doit servir \u00e0 couvrir et \u00e0 am\u00e9liorer leur rentes et non \u00e0 enrichir les assurances et les banques.La LPP a prouv\u00e9 son incapacit\u00e9 \u00e0 \u00eatre une assurance v\u00e9ritablement sociale. Aussi plut\u00f4t que de perdre notre temps et notre \u00e9nergie \u00e0 combattre les prochaines douteuses r\u00e9formes que la droite et les milieux financiers qu'elle repr\u00e9sente ne manqueront pas de vouloir nous imposer, il faut d\u00e8s maintenant ouvrir dans l\u2019espace public des champs de r\u00e9flexion pour renforcer l\u2019AVS et construire une alternative au 2e pilier.La bonne blague fiscale de la droite ne fait rire personneA l'origine du r\u00e9f\u00e9rendum ayant permis que le peuple se prononce sur cet objet, solidarit\u00e9S constate que la majorit\u00e9 des \u00e9lectrices et les \u00e9lecteurs ne se sont pas laiss\u00e9.e.s berner par la campagne intense des milieux patronaux, du Grand-Conseil et du Conseil d'Etat. En refusant \u00e0 plus de 58% la baisse de l'imp\u00f4t sur la fortune accord\u00e9e aux actionnaires de plus de 10% de leur entreprise, ils ne sont pas tomb\u00e9s dans l'illusion d'un pr\u00e9tendu soutien \u00e0 l'investissement et \u00e0 l'emploi, alors que le projet consistait en un pur cadeau fiscal aux plus fortun\u00e9s, comme les banquiers priv\u00e9s genevois par exemple.3 ans de formation c\u2019est non : Pas de formation au rabais !Etre moins form\u00e9.e pour mieux former ? Voil\u00e0 une injonction paradoxale dont le peuple n\u2019a pas voulu. Il ne s\u2019est pas laiss\u00e9 abuser par le discours aberrant de celles et ceux qui n\u2019h\u00e9sitent jamais \u00e0 r\u00e9duire les finances publiques pour servir les int\u00e9r\u00eats des lobbys. Par ce refus massif \u00e0 61% de r\u00e9duire la dur\u00e9e de la formation des enseignant.e.s du primaire \u00e0 3 ans, la population a clairement montr\u00e9 son attachement \u00e0 une \u00e9cole de qualit\u00e9 et \u00e0 l\u2019ad\u00e9quation de la formation de ses enseignant.e.s. Elle a compris les enjeux li\u00e9s \u00e0 la complexification du terrain sur lequel interviennent les enseignant.e.s ainsi que la multiplication des besoins des enfants.En rejetant le sabrage d\u2019un quart de la dur\u00e9e de la formation, le peuple a refus\u00e9 de sacrifier ces dernier.i\u00e8re.s au nom de fallacieuses politiques de restrictions budg\u00e9taires. Alors que d\u2019autres cantons se battent pour augmenter la dur\u00e9e de formation et non la r\u00e9duire, on rel\u00e8ve pour une fois une pratique genevoise dont la pertinence est reconnue au-del\u00e0 de la Versoix.La protection de la biodiversit\u00e9 enterr\u00e9e encore une foisLe refus de l\u2019initiative au niveau suisse est un signal n\u00e9gatif pour la protection du vivant. Toutefois, il faut souligner que la campagne fut difficile en dehors de Gen\u00e8ve, qui est l\u2019un des rares cantons \u00e0 avoir accept\u00e9 ladite initiative. solidarit\u00e9S soutenait de mani\u00e8re critique un texte bien intentionn\u00e9 mais bancal dans sa formulation, ne prenant h\u00e9las que peu en compte la r\u00e9alit\u00e9 des milieux agricoles. Pour renforcer la protection de la biodiversit\u00e9, il est essentiel de construire \u00e0 l\u2019avenir un front large qui inclut les paysan.ne.s, directement impact\u00e9.e.s par l\u2019affaiblissement des \u00e9cosyst\u00e8mes. C\u2019est ainsi que nous pourrons aller vers une soci\u00e9t\u00e9 solidaire et respectueuse des \u00e9quilibres \u00e9cologiques.","robots":{"index":"index","follow":"follow","max-snippet":"max-snippet:-1","max-image-preview":"max-image-preview:large","max-video-preview":"max-video-preview:-1"},"canonical":"https:\/\/solidarites.ch\/geneve\/2024\/09\/22\/un-dimanche-qui-fait-trebucher-une-droite-trop-sure-delle\/","og_locale":"fr_FR","og_type":"article","og_title":"Un dimanche qui fait tr\u00e9bucher une droite trop s\u00fbre d\u2019elle\u00a0! - solidarit\u00e9S Gen\u00e8ve","og_description":"LPP 21 un refus \u00e9crasantAujourd\u2019hui encore le peuple a largement refus\u00e9, comme en 2010 et en 2017, une r\u00e9forme qui vise \u00e0 nouveau \u00e0 baisser le taux de conversion pour obliger les salari\u00e9e.e.s \u00e0 cotiser plus pour percevoir des rentes plus basses. Les \u00e9lecteur.trices n\u2019ont pas \u00e9t\u00e9 dupes puisque c\u2019est \u00e0 67% qu\u2019 il.elle.s ont r\u00e9fut\u00e9 les projections catastrophiques, et soulignons aussi le score \u00e9clatant \u00e0 Gen\u00e8ve, puisque c\u2019est 73% des votant.e.s qui ont enterr\u00e9 ce projet n\u00e9faste ! Un projet qui voulait faire croire qu\u2019il n\u2019y a pas d\u2019autre avenir possible que de renoncer \u00e0 nos acquis et \u00e0 sacrifier la pr\u00e9voyance vieillesse sur l\u2019autel des profits des milieux financiers.Alors que la LPP ne garantit pas aux retrait\u00e9.e.s, comme elle le devrait avec l\u2019AVS, 60% du revenu ant\u00e9rieur, les milieux financiers continuent pour leur part \u00e0 profiter du produit de l\u2019argent des travailleur.euse.s. C\u2019est l\u00e0 un hold-up contre nature. L\u2019\u00e9pargne de ces dernier.\u00e8re.s doit servir \u00e0 couvrir et \u00e0 am\u00e9liorer leur rentes et non \u00e0 enrichir les assurances et les banques.La LPP a prouv\u00e9 son incapacit\u00e9 \u00e0 \u00eatre une assurance v\u00e9ritablement sociale. Aussi plut\u00f4t que de perdre notre temps et notre \u00e9nergie \u00e0 combattre les prochaines douteuses r\u00e9formes que la droite et les milieux financiers qu'elle repr\u00e9sente ne manqueront pas de vouloir nous imposer, il faut d\u00e8s maintenant ouvrir dans l\u2019espace public des champs de r\u00e9flexion pour renforcer l\u2019AVS et construire une alternative au 2e pilier.La bonne blague fiscale de la droite ne fait rire personneA l'origine du r\u00e9f\u00e9rendum ayant permis que le peuple se prononce sur cet objet, solidarit\u00e9S constate que la majorit\u00e9 des \u00e9lectrices et les \u00e9lecteurs ne se sont pas laiss\u00e9.e.s berner par la campagne intense des milieux patronaux, du Grand-Conseil et du Conseil d'Etat. En refusant \u00e0 plus de 58% la baisse de l'imp\u00f4t sur la fortune accord\u00e9e aux actionnaires de plus de 10% de leur entreprise, ils ne sont pas tomb\u00e9s dans l'illusion d'un pr\u00e9tendu soutien \u00e0 l'investissement et \u00e0 l'emploi, alors que le projet consistait en un pur cadeau fiscal aux plus fortun\u00e9s, comme les banquiers priv\u00e9s genevois par exemple.3 ans de formation c\u2019est non : Pas de formation au rabais !Etre moins form\u00e9.e pour mieux former ? Voil\u00e0 une injonction paradoxale dont le peuple n\u2019a pas voulu. Il ne s\u2019est pas laiss\u00e9 abuser par le discours aberrant de celles et ceux qui n\u2019h\u00e9sitent jamais \u00e0 r\u00e9duire les finances publiques pour servir les int\u00e9r\u00eats des lobbys. Par ce refus massif \u00e0 61% de r\u00e9duire la dur\u00e9e de la formation des enseignant.e.s du primaire \u00e0 3 ans, la population a clairement montr\u00e9 son attachement \u00e0 une \u00e9cole de qualit\u00e9 et \u00e0 l\u2019ad\u00e9quation de la formation de ses enseignant.e.s. Elle a compris les enjeux li\u00e9s \u00e0 la complexification du terrain sur lequel interviennent les enseignant.e.s ainsi que la multiplication des besoins des enfants.En rejetant le sabrage d\u2019un quart de la dur\u00e9e de la formation, le peuple a refus\u00e9 de sacrifier ces dernier.i\u00e8re.s au nom de fallacieuses politiques de restrictions budg\u00e9taires. Alors que d\u2019autres cantons se battent pour augmenter la dur\u00e9e de formation et non la r\u00e9duire, on rel\u00e8ve pour une fois une pratique genevoise dont la pertinence est reconnue au-del\u00e0 de la Versoix.La protection de la biodiversit\u00e9 enterr\u00e9e encore une foisLe refus de l\u2019initiative au niveau suisse est un signal n\u00e9gatif pour la protection du vivant. Toutefois, il faut souligner que la campagne fut difficile en dehors de Gen\u00e8ve, qui est l\u2019un des rares cantons \u00e0 avoir accept\u00e9 ladite initiative. solidarit\u00e9S soutenait de mani\u00e8re critique un texte bien intentionn\u00e9 mais bancal dans sa formulation, ne prenant h\u00e9las que peu en compte la r\u00e9alit\u00e9 des milieux agricoles. Pour renforcer la protection de la biodiversit\u00e9, il est essentiel de construire \u00e0 l\u2019avenir un front large qui inclut les paysan.ne.s, directement impact\u00e9.e.s par l\u2019affaiblissement des \u00e9cosyst\u00e8mes. C\u2019est ainsi que nous pourrons aller vers une soci\u00e9t\u00e9 solidaire et respectueuse des \u00e9quilibres \u00e9cologiques.","og_url":"https:\/\/solidarites.ch\/geneve\/2024\/09\/22\/un-dimanche-qui-fait-trebucher-une-droite-trop-sure-delle\/","og_site_name":"solidarit\u00e9S Gen\u00e8ve","article_published_time":"2024-09-22T12:36:02+00:00","article_modified_time":"2024-09-22T12:36:03+00:00","og_image":[{"url":"https:\/\/solidarites.ch\/geneve\/wp-content\/uploads\/sites\/6\/2024\/09\/DE-LARGENT-POUR-TA-GRAND-MeRE-PAS-POUR-LES-ACTIONNAIRES.png","type":"","width":"","height":""}],"author":"donna","twitter_card":"summary_large_image","twitter_misc":{"\u00c9crit par":"donna","Dur\u00e9e de lecture estim\u00e9e":"4 minutes"},"schema":{"@context":"https:\/\/schema.org","@graph":[{"@type":"Article","@id":"https:\/\/solidarites.ch\/geneve\/2024\/09\/22\/un-dimanche-qui-fait-trebucher-une-droite-trop-sure-delle\/#article","isPartOf":{"@id":"https:\/\/solidarites.ch\/geneve\/2024\/09\/22\/un-dimanche-qui-fait-trebucher-une-droite-trop-sure-delle\/"},"author":{"name":"donna","@id":"https:\/\/solidarites.ch\/geneve\/#\/schema\/person\/d5a1b679b02a8526cc98baa6e693bba5"},"headline":"Un dimanche qui fait tr\u00e9bucher une droite trop s\u00fbre d\u2019elle\u00a0!","datePublished":"2024-09-22T12:36:02+00:00","dateModified":"2024-09-22T12:36:03+00:00","mainEntityOfPage":{"@id":"https:\/\/solidarites.ch\/geneve\/2024\/09\/22\/un-dimanche-qui-fait-trebucher-une-droite-trop-sure-delle\/"},"wordCount":744,"image":{"@id":"https:\/\/solidarites.ch\/geneve\/2024\/09\/22\/un-dimanche-qui-fait-trebucher-une-droite-trop-sure-delle\/#primaryimage"},"thumbnailUrl":"https:\/\/solidarites.ch\/geneve\/wp-content\/uploads\/sites\/6\/2024\/09\/DE-LARGENT-POUR-TA-GRAND-MeRE-PAS-POUR-LES-ACTIONNAIRES.png","inLanguage":"fr-FR"},{"@type":"WebPage","@id":"https:\/\/solidarites.ch\/geneve\/2024\/09\/22\/un-dimanche-qui-fait-trebucher-une-droite-trop-sure-delle\/","url":"https:\/\/solidarites.ch\/geneve\/2024\/09\/22\/un-dimanche-qui-fait-trebucher-une-droite-trop-sure-delle\/","name":"Un dimanche qui fait tr\u00e9bucher une droite trop s\u00fbre d\u2019elle\u00a0! - solidarit\u00e9S Gen\u00e8ve","isPartOf":{"@id":"https:\/\/solidarites.ch\/geneve\/#website"},"primaryImageOfPage":{"@id":"https:\/\/solidarites.ch\/geneve\/2024\/09\/22\/un-dimanche-qui-fait-trebucher-une-droite-trop-sure-delle\/#primaryimage"},"image":{"@id":"https:\/\/solidarites.ch\/geneve\/2024\/09\/22\/un-dimanche-qui-fait-trebucher-une-droite-trop-sure-delle\/#primaryimage"},"thumbnailUrl":"https:\/\/solidarites.ch\/geneve\/wp-content\/uploads\/sites\/6\/2024\/09\/DE-LARGENT-POUR-TA-GRAND-MeRE-PAS-POUR-LES-ACTIONNAIRES.png","datePublished":"2024-09-22T12:36:02+00:00","dateModified":"2024-09-22T12:36:03+00:00","author":{"@id":"https:\/\/solidarites.ch\/geneve\/#\/schema\/person\/d5a1b679b02a8526cc98baa6e693bba5"},"description":"LPP 21 un refus \u00e9crasantAujourd\u2019hui encore le peuple a largement refus\u00e9, comme en 2010 et en 2017, une r\u00e9forme qui vise \u00e0 nouveau \u00e0 baisser le taux de conversion pour obliger les salari\u00e9e.e.s \u00e0 cotiser plus pour percevoir des rentes plus basses. Les \u00e9lecteur.trices n\u2019ont pas \u00e9t\u00e9 dupes puisque c\u2019est \u00e0 67% qu\u2019 il.elle.s ont r\u00e9fut\u00e9 les projections catastrophiques, et soulignons aussi le score \u00e9clatant \u00e0 Gen\u00e8ve, puisque c\u2019est 73% des votant.e.s qui ont enterr\u00e9 ce projet n\u00e9faste ! Un projet qui voulait faire croire qu\u2019il n\u2019y a pas d\u2019autre avenir possible que de renoncer \u00e0 nos acquis et \u00e0 sacrifier la pr\u00e9voyance vieillesse sur l\u2019autel des profits des milieux financiers.Alors que la LPP ne garantit pas aux retrait\u00e9.e.s, comme elle le devrait avec l\u2019AVS, 60% du revenu ant\u00e9rieur, les milieux financiers continuent pour leur part \u00e0 profiter du produit de l\u2019argent des travailleur.euse.s. C\u2019est l\u00e0 un hold-up contre nature. L\u2019\u00e9pargne de ces dernier.\u00e8re.s doit servir \u00e0 couvrir et \u00e0 am\u00e9liorer leur rentes et non \u00e0 enrichir les assurances et les banques.La LPP a prouv\u00e9 son incapacit\u00e9 \u00e0 \u00eatre une assurance v\u00e9ritablement sociale. Aussi plut\u00f4t que de perdre notre temps et notre \u00e9nergie \u00e0 combattre les prochaines douteuses r\u00e9formes que la droite et les milieux financiers qu'elle repr\u00e9sente ne manqueront pas de vouloir nous imposer, il faut d\u00e8s maintenant ouvrir dans l\u2019espace public des champs de r\u00e9flexion pour renforcer l\u2019AVS et construire une alternative au 2e pilier.La bonne blague fiscale de la droite ne fait rire personneA l'origine du r\u00e9f\u00e9rendum ayant permis que le peuple se prononce sur cet objet, solidarit\u00e9S constate que la majorit\u00e9 des \u00e9lectrices et les \u00e9lecteurs ne se sont pas laiss\u00e9.e.s berner par la campagne intense des milieux patronaux, du Grand-Conseil et du Conseil d'Etat. En refusant \u00e0 plus de 58% la baisse de l'imp\u00f4t sur la fortune accord\u00e9e aux actionnaires de plus de 10% de leur entreprise, ils ne sont pas tomb\u00e9s dans l'illusion d'un pr\u00e9tendu soutien \u00e0 l'investissement et \u00e0 l'emploi, alors que le projet consistait en un pur cadeau fiscal aux plus fortun\u00e9s, comme les banquiers priv\u00e9s genevois par exemple.3 ans de formation c\u2019est non : Pas de formation au rabais !Etre moins form\u00e9.e pour mieux former ? Voil\u00e0 une injonction paradoxale dont le peuple n\u2019a pas voulu. Il ne s\u2019est pas laiss\u00e9 abuser par le discours aberrant de celles et ceux qui n\u2019h\u00e9sitent jamais \u00e0 r\u00e9duire les finances publiques pour servir les int\u00e9r\u00eats des lobbys. Par ce refus massif \u00e0 61% de r\u00e9duire la dur\u00e9e de la formation des enseignant.e.s du primaire \u00e0 3 ans, la population a clairement montr\u00e9 son attachement \u00e0 une \u00e9cole de qualit\u00e9 et \u00e0 l\u2019ad\u00e9quation de la formation de ses enseignant.e.s. Elle a compris les enjeux li\u00e9s \u00e0 la complexification du terrain sur lequel interviennent les enseignant.e.s ainsi que la multiplication des besoins des enfants.En rejetant le sabrage d\u2019un quart de la dur\u00e9e de la formation, le peuple a refus\u00e9 de sacrifier ces dernier.i\u00e8re.s au nom de fallacieuses politiques de restrictions budg\u00e9taires. Alors que d\u2019autres cantons se battent pour augmenter la dur\u00e9e de formation et non la r\u00e9duire, on rel\u00e8ve pour une fois une pratique genevoise dont la pertinence est reconnue au-del\u00e0 de la Versoix.La protection de la biodiversit\u00e9 enterr\u00e9e encore une foisLe refus de l\u2019initiative au niveau suisse est un signal n\u00e9gatif pour la protection du vivant. Toutefois, il faut souligner que la campagne fut difficile en dehors de Gen\u00e8ve, qui est l\u2019un des rares cantons \u00e0 avoir accept\u00e9 ladite initiative. solidarit\u00e9S soutenait de mani\u00e8re critique un texte bien intentionn\u00e9 mais bancal dans sa formulation, ne prenant h\u00e9las que peu en compte la r\u00e9alit\u00e9 des milieux agricoles. Pour renforcer la protection de la biodiversit\u00e9, il est essentiel de construire \u00e0 l\u2019avenir un front large qui inclut les paysan.ne.s, directement impact\u00e9.e.s par l\u2019affaiblissement des \u00e9cosyst\u00e8mes. C\u2019est ainsi que nous pourrons aller vers une soci\u00e9t\u00e9 solidaire et respectueuse des \u00e9quilibres \u00e9cologiques.","breadcrumb":{"@id":"https:\/\/solidarites.ch\/geneve\/2024\/09\/22\/un-dimanche-qui-fait-trebucher-une-droite-trop-sure-delle\/#breadcrumb"},"inLanguage":"fr-FR","potentialAction":[{"@type":"ReadAction","target":["https:\/\/solidarites.ch\/geneve\/2024\/09\/22\/un-dimanche-qui-fait-trebucher-une-droite-trop-sure-delle\/"]}]},{"@type":"ImageObject","inLanguage":"fr-FR","@id":"https:\/\/solidarites.ch\/geneve\/2024\/09\/22\/un-dimanche-qui-fait-trebucher-une-droite-trop-sure-delle\/#primaryimage","url":"https:\/\/solidarites.ch\/geneve\/wp-content\/uploads\/sites\/6\/2024\/09\/DE-LARGENT-POUR-TA-GRAND-MeRE-PAS-POUR-LES-ACTIONNAIRES.png","contentUrl":"https:\/\/solidarites.ch\/geneve\/wp-content\/uploads\/sites\/6\/2024\/09\/DE-LARGENT-POUR-TA-GRAND-MeRE-PAS-POUR-LES-ACTIONNAIRES.png","width":851,"height":315},{"@type":"BreadcrumbList","@id":"https:\/\/solidarites.ch\/geneve\/2024\/09\/22\/un-dimanche-qui-fait-trebucher-une-droite-trop-sure-delle\/#breadcrumb","itemListElement":[{"@type":"ListItem","position":1,"name":"Accueil","item":"https:\/\/solidarites.ch\/geneve\/"},{"@type":"ListItem","position":2,"name":"Un dimanche qui fait tr\u00e9bucher une droite trop s\u00fbre d\u2019elle\u00a0!"}]},{"@type":"WebSite","@id":"https:\/\/solidarites.ch\/geneve\/#website","url":"https:\/\/solidarites.ch\/geneve\/","name":"solidarit\u00e9S Gen\u00e8ve","description":"Un mouvement &lt;br&gt;anticapitaliste, &lt;br&gt;f\u00e9ministe, &lt;br&gt;\u00e9cosocialiste","potentialAction":[{"@type":"SearchAction","target":{"@type":"EntryPoint","urlTemplate":"https:\/\/solidarites.ch\/geneve\/?s={search_term_string}"},"query-input":{"@type":"PropertyValueSpecification","valueRequired":true,"valueName":"search_term_string"}}],"inLanguage":"fr-FR"},{"@type":"Person","@id":"https:\/\/solidarites.ch\/geneve\/#\/schema\/person\/d5a1b679b02a8526cc98baa6e693bba5","name":"donna","image":{"@type":"ImageObject","inLanguage":"fr-FR","@id":"https:\/\/secure.gravatar.com\/avatar\/7a027a8de78f59d385ed53d54021a16efcd11084e5787385965f44880e791a7a?s=96&d=mm&r=g","url":"https:\/\/secure.gravatar.com\/avatar\/7a027a8de78f59d385ed53d54021a16efcd11084e5787385965f44880e791a7a?s=96&d=mm&r=g","contentUrl":"https:\/\/secure.gravatar.com\/avatar\/7a027a8de78f59d385ed53d54021a16efcd11084e5787385965f44880e791a7a?s=96&d=mm&r=g","caption":"donna"},"url":"https:\/\/solidarites.ch\/geneve\/author\/donna\/"}]}},"distributor_meta":false,"distributor_terms":false,"distributor_media":false,"distributor_original_site_name":"solidarit\u00e9S Gen\u00e8ve","distributor_original_site_url":"https:\/\/solidarites.ch\/geneve","push-errors":false,"_links":{"self":[{"href":"https:\/\/solidarites.ch\/geneve\/wp-json\/wp\/v2\/posts\/4427","targetHints":{"allow":["GET"]}}],"collection":[{"href":"https:\/\/solidarites.ch\/geneve\/wp-json\/wp\/v2\/posts"}],"about":[{"href":"https:\/\/solidarites.ch\/geneve\/wp-json\/wp\/v2\/types\/post"}],"author":[{"embeddable":true,"href":"https:\/\/solidarites.ch\/geneve\/wp-json\/wp\/v2\/users\/7"}],"replies":[{"embeddable":true,"href":"https:\/\/solidarites.ch\/geneve\/wp-json\/wp\/v2\/comments?post=4427"}],"version-history":[{"count":1,"href":"https:\/\/solidarites.ch\/geneve\/wp-json\/wp\/v2\/posts\/4427\/revisions"}],"predecessor-version":[{"id":4429,"href":"https:\/\/solidarites.ch\/geneve\/wp-json\/wp\/v2\/posts\/4427\/revisions\/4429"}],"wp:attachment":[{"href":"https:\/\/solidarites.ch\/geneve\/wp-json\/wp\/v2\/media?parent=4427"}],"wp:term":[{"taxonomy":"tx_journal_display","embeddable":true,"href":"https:\/\/solidarites.ch\/geneve\/wp-json\/wp\/v2\/tx_journal_display?post=4427"}],"curies":[{"name":"wp","href":"https:\/\/api.w.org\/{rel}","templated":true}]}}