{"id":1531,"date":"2024-02-19T18:56:29","date_gmt":"2024-02-19T17:56:29","guid":{"rendered":"https:\/\/solidarites.ch\/ne\/?p=1531"},"modified":"2024-03-05T16:59:51","modified_gmt":"2024-03-05T15:59:51","slug":"une-politique-feministe","status":"publish","type":"post","link":"https:\/\/solidarites.ch\/ne\/2024\/02\/19\/une-politique-feministe\/","title":{"rendered":"Une politique f\u00e9ministe"},"content":{"rendered":"\n<p>\u00c9lection au Conseil g\u00e9n\u00e9ral<\/p>\n\n\n\n<p><mark style=\"background-color:#ffffff\" class=\"has-inline-color\">Nous luttons pour une ville sans gaspillage, sans racisme ni sexisme, o\u00f9 il fait bon vivre, pour un acc\u00e8s \u00e9quitable au travail, \u00e0 l\u2019\u00e9ducation, \u00e0 la culture et aux soins.<\/mark><\/p>\n\n\n\n<p class=\"has-medium-font-size\">L\u2019\u00e9galit\u00e9 entre femmes et hommes est un droit reconnu, mais l\u2019oppression patriarcale domine encore. \u00c0 notre \u00e9chelle, nous exigerons de la Ville&nbsp;:<\/p>\n\n\n\n<ul class=\"has-medium-font-size wp-block-list\">\n<li class=\"has-medium-font-size\">Lutter contre les violences sexistes et le harc\u00e8lement \u2013 mise en place d&rsquo;un observatoire des violences et des f\u00e9minicides &#8211; avec la publication r\u00e9guli\u00e8re des r\u00e9sultats-, dans le but de soutenir les luttes des femmes et de leurs organisations.<\/li>\n\n\n\n<li>Former le personnel \u00e9ducatif et les \u00e9l\u00e8ves aux probl\u00e9matiques de genre.<\/li>\n\n\n\n<li>D\u00e9velopper \u00e0 l\u2019\u00e9cole, \u00e0 tous les niveaux, des programmes d\u2019\u00e9ducation \u00e0 la sexualit\u00e9, aux questions LGBTQUIA+ et \u00e0 l\u2019\u00e9galit\u00e9 entre femmes et hommes.<\/li>\n\n\n\n<li>Assurer un enfant = une place en cr\u00e8che \/parascolaire \u2013 abordable (gratuite!).<\/li>\n\n\n\n<li>Cr\u00e9er un lieu d\u2019accueil pour les personnes victimes de violences li\u00e9es au genre et\/ou \u00e0 l\u2019orientation sexuelle.<\/li>\n\n\n\n<li>Engager une campagne pour instaurer l\u2019\u00e9galit\u00e9 salariale.<\/li>\n\n\n\n<li>Demander un quota de femmes au sein des cadres du personnel communal \u2013 promouvoir des postes en job sharing.<\/li>\n\n\n\n<li>La cr\u00e9ation d&rsquo;un service charg\u00e9 de la lutte contre le harc\u00e8lement qu\u2019il ait lieu dans le cadre du couple, de la famille, \u00e0 l&rsquo;\u00e9cole, au travail ou dans la rue.<\/li>\n\n\n\n<li>Assurer de bonnes conditions de travail au personnel communal.<\/li>\n<\/ul>\n","protected":false},"excerpt":{"rendered":"<p>\u00c9lection au Conseil g\u00e9n\u00e9ral Nous luttons pour une ville sans gaspillage, sans racisme ni sexisme, o\u00f9 il fait bon vivre, pour un acc\u00e8s \u00e9quitable au travail, \u00e0 l\u2019\u00e9ducation, \u00e0 la culture et aux soins. L\u2019\u00e9galit\u00e9 entre femmes et hommes est un droit reconnu, mais l\u2019oppression patriarcale domine encore. \u00c0 notre \u00e9chelle, nous exigerons de la &hellip; <a href=\"https:\/\/solidarites.ch\/ne\/2024\/02\/19\/une-politique-feministe\/\">Continued<\/a><\/p>\n","protected":false},"author":23,"featured_media":0,"comment_status":"closed","ping_status":"closed","sticky":false,"template":"","format":"standard","meta":{"_acf_changed":false,"_monsterinsights_skip_tracking":false,"_monsterinsights_sitenote_active":false,"_monsterinsights_sitenote_note":"","_monsterinsights_sitenote_category":0,"footnotes":""},"tx_journal_display":[],"class_list":["post-1531","post","type-post","status-publish","format-standard","hentry","tx_journal_sections-campagnes","tx_journal_sections-elections","tx_journal_sections-neuchatel"],"acf":[],"yoast_head":"<!-- This site is optimized with the Yoast SEO plugin v27.5 - https:\/\/yoast.com\/product\/yoast-seo-wordpress\/ -->\n<title>Une politique f\u00e9ministe - Solidarit\u00e9S Neuch\u00e2tel<\/title>\n<meta name=\"robots\" content=\"index, follow, max-snippet:-1, max-image-preview:large, max-video-preview:-1\" \/>\n<link rel=\"canonical\" href=\"https:\/\/solidarites.ch\/ne\/2024\/02\/19\/une-politique-feministe\/\" \/>\n<meta property=\"og:locale\" content=\"fr_FR\" \/>\n<meta property=\"og:type\" content=\"article\" \/>\n<meta property=\"og:title\" content=\"Une politique f\u00e9ministe - Solidarit\u00e9S Neuch\u00e2tel\" \/>\n<meta property=\"og:description\" content=\"\u00c9lection au Conseil g\u00e9n\u00e9ral Nous luttons pour une ville sans gaspillage, sans racisme ni sexisme, o\u00f9 il fait bon vivre, pour un acc\u00e8s \u00e9quitable au travail, \u00e0 l\u2019\u00e9ducation, \u00e0 la culture et aux soins. L\u2019\u00e9galit\u00e9 entre femmes et hommes est un droit reconnu, mais l\u2019oppression patriarcale domine encore. \u00c0 notre \u00e9chelle, nous exigerons de la &hellip; Continued\" \/>\n<meta property=\"og:url\" content=\"https:\/\/solidarites.ch\/ne\/2024\/02\/19\/une-politique-feministe\/\" \/>\n<meta property=\"og:site_name\" content=\"Solidarit\u00e9S Neuch\u00e2tel\" \/>\n<meta property=\"article:published_time\" content=\"2024-02-19T17:56:29+00:00\" \/>\n<meta property=\"article:modified_time\" content=\"2024-03-05T15:59:51+00:00\" \/>\n<meta name=\"author\" content=\"manolo\" \/>\n<meta name=\"twitter:card\" content=\"summary_large_image\" \/>\n<meta name=\"twitter:label1\" content=\"\u00c9crit par\" \/>\n\t<meta name=\"twitter:data1\" content=\"manolo\" \/>\n\t<meta name=\"twitter:label2\" content=\"Dur\u00e9e de lecture estim\u00e9e\" \/>\n\t<meta name=\"twitter:data2\" content=\"2 minutes\" \/>\n<script type=\"application\/ld+json\" class=\"yoast-schema-graph\">{\"@context\":\"https:\\\/\\\/schema.org\",\"@graph\":[{\"@type\":\"Article\",\"@id\":\"https:\\\/\\\/solidarites.ch\\\/ne\\\/2024\\\/02\\\/19\\\/une-politique-feministe\\\/#article\",\"isPartOf\":{\"@id\":\"https:\\\/\\\/solidarites.ch\\\/ne\\\/2024\\\/02\\\/19\\\/une-politique-feministe\\\/\"},\"author\":{\"name\":\"manolo\",\"@id\":\"https:\\\/\\\/solidarites.ch\\\/ne\\\/#\\\/schema\\\/person\\\/4f0aeef1f426731c3358f51ef1419ed5\"},\"headline\":\"Une politique f\u00e9ministe\",\"datePublished\":\"2024-02-19T17:56:29+00:00\",\"dateModified\":\"2024-03-05T15:59:51+00:00\",\"mainEntityOfPage\":{\"@id\":\"https:\\\/\\\/solidarites.ch\\\/ne\\\/2024\\\/02\\\/19\\\/une-politique-feministe\\\/\"},\"wordCount\":245,\"inLanguage\":\"fr-FR\"},{\"@type\":\"WebPage\",\"@id\":\"https:\\\/\\\/solidarites.ch\\\/ne\\\/2024\\\/02\\\/19\\\/une-politique-feministe\\\/\",\"url\":\"https:\\\/\\\/solidarites.ch\\\/ne\\\/2024\\\/02\\\/19\\\/une-politique-feministe\\\/\",\"name\":\"Une politique f\u00e9ministe - Solidarit\u00e9S Neuch\u00e2tel\",\"isPartOf\":{\"@id\":\"https:\\\/\\\/solidarites.ch\\\/ne\\\/#website\"},\"datePublished\":\"2024-02-19T17:56:29+00:00\",\"dateModified\":\"2024-03-05T15:59:51+00:00\",\"author\":{\"@id\":\"https:\\\/\\\/solidarites.ch\\\/ne\\\/#\\\/schema\\\/person\\\/4f0aeef1f426731c3358f51ef1419ed5\"},\"breadcrumb\":{\"@id\":\"https:\\\/\\\/solidarites.ch\\\/ne\\\/2024\\\/02\\\/19\\\/une-politique-feministe\\\/#breadcrumb\"},\"inLanguage\":\"fr-FR\",\"potentialAction\":[{\"@type\":\"ReadAction\",\"target\":[\"https:\\\/\\\/solidarites.ch\\\/ne\\\/2024\\\/02\\\/19\\\/une-politique-feministe\\\/\"]}]},{\"@type\":\"BreadcrumbList\",\"@id\":\"https:\\\/\\\/solidarites.ch\\\/ne\\\/2024\\\/02\\\/19\\\/une-politique-feministe\\\/#breadcrumb\",\"itemListElement\":[{\"@type\":\"ListItem\",\"position\":1,\"name\":\"Accueil\",\"item\":\"https:\\\/\\\/solidarites.ch\\\/ne\\\/\"},{\"@type\":\"ListItem\",\"position\":2,\"name\":\"Une politique f\u00e9ministe\"}]},{\"@type\":\"WebSite\",\"@id\":\"https:\\\/\\\/solidarites.ch\\\/ne\\\/#website\",\"url\":\"https:\\\/\\\/solidarites.ch\\\/ne\\\/\",\"name\":\"Solidarit\u00e9S Neuch\u00e2tel\",\"description\":\"S&#039;organiser&lt;br&gt;pour&lt;br&gt;changer&lt;br&gt;le monde\",\"potentialAction\":[{\"@type\":\"SearchAction\",\"target\":{\"@type\":\"EntryPoint\",\"urlTemplate\":\"https:\\\/\\\/solidarites.ch\\\/ne\\\/?s={search_term_string}\"},\"query-input\":{\"@type\":\"PropertyValueSpecification\",\"valueRequired\":true,\"valueName\":\"search_term_string\"}}],\"inLanguage\":\"fr-FR\"},{\"@type\":\"Person\",\"@id\":\"https:\\\/\\\/solidarites.ch\\\/ne\\\/#\\\/schema\\\/person\\\/4f0aeef1f426731c3358f51ef1419ed5\",\"name\":\"manolo\",\"image\":{\"@type\":\"ImageObject\",\"inLanguage\":\"fr-FR\",\"@id\":\"https:\\\/\\\/secure.gravatar.com\\\/avatar\\\/6a8d00949bc230936079dc4abbd81429df8bbc57c417aa57c5c5987a8d60e091?s=96&d=mm&r=g\",\"url\":\"https:\\\/\\\/secure.gravatar.com\\\/avatar\\\/6a8d00949bc230936079dc4abbd81429df8bbc57c417aa57c5c5987a8d60e091?s=96&d=mm&r=g\",\"contentUrl\":\"https:\\\/\\\/secure.gravatar.com\\\/avatar\\\/6a8d00949bc230936079dc4abbd81429df8bbc57c417aa57c5c5987a8d60e091?s=96&d=mm&r=g\",\"caption\":\"manolo\"},\"url\":\"https:\\\/\\\/solidarites.ch\\\/ne\\\/author\\\/manolo\\\/\"}]}<\/script>\n<!-- \/ Yoast SEO plugin. -->","yoast_head_json":{"title":"Une politique f\u00e9ministe - Solidarit\u00e9S Neuch\u00e2tel","robots":{"index":"index","follow":"follow","max-snippet":"max-snippet:-1","max-image-preview":"max-image-preview:large","max-video-preview":"max-video-preview:-1"},"canonical":"https:\/\/solidarites.ch\/ne\/2024\/02\/19\/une-politique-feministe\/","og_locale":"fr_FR","og_type":"article","og_title":"Une politique f\u00e9ministe - Solidarit\u00e9S Neuch\u00e2tel","og_description":"\u00c9lection au Conseil g\u00e9n\u00e9ral Nous luttons pour une ville sans gaspillage, sans racisme ni sexisme, o\u00f9 il fait bon vivre, pour un acc\u00e8s \u00e9quitable au travail, \u00e0 l\u2019\u00e9ducation, \u00e0 la culture et aux soins. L\u2019\u00e9galit\u00e9 entre femmes et hommes est un droit reconnu, mais l\u2019oppression patriarcale domine encore. \u00c0 notre \u00e9chelle, nous exigerons de la &hellip; Continued","og_url":"https:\/\/solidarites.ch\/ne\/2024\/02\/19\/une-politique-feministe\/","og_site_name":"Solidarit\u00e9S Neuch\u00e2tel","article_published_time":"2024-02-19T17:56:29+00:00","article_modified_time":"2024-03-05T15:59:51+00:00","author":"manolo","twitter_card":"summary_large_image","twitter_misc":{"\u00c9crit par":"manolo","Dur\u00e9e de lecture estim\u00e9e":"2 minutes"},"schema":{"@context":"https:\/\/schema.org","@graph":[{"@type":"Article","@id":"https:\/\/solidarites.ch\/ne\/2024\/02\/19\/une-politique-feministe\/#article","isPartOf":{"@id":"https:\/\/solidarites.ch\/ne\/2024\/02\/19\/une-politique-feministe\/"},"author":{"name":"manolo","@id":"https:\/\/solidarites.ch\/ne\/#\/schema\/person\/4f0aeef1f426731c3358f51ef1419ed5"},"headline":"Une politique f\u00e9ministe","datePublished":"2024-02-19T17:56:29+00:00","dateModified":"2024-03-05T15:59:51+00:00","mainEntityOfPage":{"@id":"https:\/\/solidarites.ch\/ne\/2024\/02\/19\/une-politique-feministe\/"},"wordCount":245,"inLanguage":"fr-FR"},{"@type":"WebPage","@id":"https:\/\/solidarites.ch\/ne\/2024\/02\/19\/une-politique-feministe\/","url":"https:\/\/solidarites.ch\/ne\/2024\/02\/19\/une-politique-feministe\/","name":"Une politique f\u00e9ministe - Solidarit\u00e9S Neuch\u00e2tel","isPartOf":{"@id":"https:\/\/solidarites.ch\/ne\/#website"},"datePublished":"2024-02-19T17:56:29+00:00","dateModified":"2024-03-05T15:59:51+00:00","author":{"@id":"https:\/\/solidarites.ch\/ne\/#\/schema\/person\/4f0aeef1f426731c3358f51ef1419ed5"},"breadcrumb":{"@id":"https:\/\/solidarites.ch\/ne\/2024\/02\/19\/une-politique-feministe\/#breadcrumb"},"inLanguage":"fr-FR","potentialAction":[{"@type":"ReadAction","target":["https:\/\/solidarites.ch\/ne\/2024\/02\/19\/une-politique-feministe\/"]}]},{"@type":"BreadcrumbList","@id":"https:\/\/solidarites.ch\/ne\/2024\/02\/19\/une-politique-feministe\/#breadcrumb","itemListElement":[{"@type":"ListItem","position":1,"name":"Accueil","item":"https:\/\/solidarites.ch\/ne\/"},{"@type":"ListItem","position":2,"name":"Une politique f\u00e9ministe"}]},{"@type":"WebSite","@id":"https:\/\/solidarites.ch\/ne\/#website","url":"https:\/\/solidarites.ch\/ne\/","name":"Solidarit\u00e9S Neuch\u00e2tel","description":"S&#039;organiser&lt;br&gt;pour&lt;br&gt;changer&lt;br&gt;le monde","potentialAction":[{"@type":"SearchAction","target":{"@type":"EntryPoint","urlTemplate":"https:\/\/solidarites.ch\/ne\/?s={search_term_string}"},"query-input":{"@type":"PropertyValueSpecification","valueRequired":true,"valueName":"search_term_string"}}],"inLanguage":"fr-FR"},{"@type":"Person","@id":"https:\/\/solidarites.ch\/ne\/#\/schema\/person\/4f0aeef1f426731c3358f51ef1419ed5","name":"manolo","image":{"@type":"ImageObject","inLanguage":"fr-FR","@id":"https:\/\/secure.gravatar.com\/avatar\/6a8d00949bc230936079dc4abbd81429df8bbc57c417aa57c5c5987a8d60e091?s=96&d=mm&r=g","url":"https:\/\/secure.gravatar.com\/avatar\/6a8d00949bc230936079dc4abbd81429df8bbc57c417aa57c5c5987a8d60e091?s=96&d=mm&r=g","contentUrl":"https:\/\/secure.gravatar.com\/avatar\/6a8d00949bc230936079dc4abbd81429df8bbc57c417aa57c5c5987a8d60e091?s=96&d=mm&r=g","caption":"manolo"},"url":"https:\/\/solidarites.ch\/ne\/author\/manolo\/"}]}},"distributor_meta":false,"distributor_terms":false,"distributor_media":false,"distributor_original_site_name":"Solidarit\u00e9S Neuch\u00e2tel","distributor_original_site_url":"https:\/\/solidarites.ch\/ne","push-errors":false,"_links":{"self":[{"href":"https:\/\/solidarites.ch\/ne\/wp-json\/wp\/v2\/posts\/1531","targetHints":{"allow":["GET"]}}],"collection":[{"href":"https:\/\/solidarites.ch\/ne\/wp-json\/wp\/v2\/posts"}],"about":[{"href":"https:\/\/solidarites.ch\/ne\/wp-json\/wp\/v2\/types\/post"}],"author":[{"embeddable":true,"href":"https:\/\/solidarites.ch\/ne\/wp-json\/wp\/v2\/users\/23"}],"replies":[{"embeddable":true,"href":"https:\/\/solidarites.ch\/ne\/wp-json\/wp\/v2\/comments?post=1531"}],"version-history":[{"count":5,"href":"https:\/\/solidarites.ch\/ne\/wp-json\/wp\/v2\/posts\/1531\/revisions"}],"predecessor-version":[{"id":1566,"href":"https:\/\/solidarites.ch\/ne\/wp-json\/wp\/v2\/posts\/1531\/revisions\/1566"}],"wp:attachment":[{"href":"https:\/\/solidarites.ch\/ne\/wp-json\/wp\/v2\/media?parent=1531"}],"wp:term":[{"taxonomy":"tx_journal_display","embeddable":true,"href":"https:\/\/solidarites.ch\/ne\/wp-json\/wp\/v2\/tx_journal_display?post=1531"}],"curies":[{"name":"wp","href":"https:\/\/api.w.org\/{rel}","templated":true}]}}