{"id":1536,"date":"2024-02-19T19:02:20","date_gmt":"2024-02-19T18:02:20","guid":{"rendered":"https:\/\/solidarites.ch\/ne\/?p=1536"},"modified":"2024-03-05T16:49:38","modified_gmt":"2024-03-05T15:49:38","slug":"une-politique-antiraciste-et-anticoloniale","status":"publish","type":"post","link":"https:\/\/solidarites.ch\/ne\/2024\/02\/19\/une-politique-antiraciste-et-anticoloniale\/","title":{"rendered":"Une politique antiraciste et anticoloniale\u00a0"},"content":{"rendered":"\n<p>\u00c9lection au Conseil g\u00e9n\u00e9ral<\/p>\n\n\n\n<p><mark style=\"background-color:#ffffff\" class=\"has-inline-color\">Nous luttons pour une ville sans gaspillage, sans racisme ni sexisme, o\u00f9 il fait bon vivre, pour un acc\u00e8s \u00e9quitable au travail, \u00e0 l\u2019\u00e9ducation, \u00e0 la culture et aux soins.<\/mark><\/p>\n\n\n\n<p class=\"has-medium-font-size\">Les violences racistes sont syst\u00e9miques et nous devons les combattre aussi \u00e0 l\u2019\u00e9chelle de la Commune&nbsp;:<\/p>\n\n\n\n<ul class=\"has-medium-font-size wp-block-list\">\n<li>Ouvrir un observatoire public des in\u00e9galit\u00e9s raciales dans la Commune.<\/li>\n\n\n\n<li>Traiter du racisme avec les \u00e9l\u00e8ves de tous les degr\u00e9s \u00e0 l\u2019\u00e9cole.<\/li>\n\n\n\n<li>Sensibiliser la police et le personnel communal aux possibles discriminations et pr\u00e9venir le racisme par le biais de formations continues obligatoires.<\/li>\n\n\n\n<li>Garantir l\u2019acc\u00e8s \u00e9galitaire aux services, au travail, au logement et aux responsabilit\u00e9s.<\/li>\n<\/ul>\n","protected":false},"excerpt":{"rendered":"<p>\u00c9lection au Conseil g\u00e9n\u00e9ral Nous luttons pour une ville sans gaspillage, sans racisme ni sexisme, o\u00f9 il fait bon vivre, pour un acc\u00e8s \u00e9quitable au travail, \u00e0 l\u2019\u00e9ducation, \u00e0 la culture et aux soins. Les violences racistes sont syst\u00e9miques et nous devons les combattre aussi \u00e0 l\u2019\u00e9chelle de la Commune&nbsp;:<\/p>\n","protected":false},"author":23,"featured_media":0,"comment_status":"closed","ping_status":"closed","sticky":false,"template":"","format":"standard","meta":{"_acf_changed":false,"_monsterinsights_skip_tracking":false,"_monsterinsights_sitenote_active":false,"_monsterinsights_sitenote_note":"","_monsterinsights_sitenote_category":0,"footnotes":""},"tx_journal_display":[],"class_list":["post-1536","post","type-post","status-publish","format-standard","hentry","tx_journal_sections-campagnes","tx_journal_sections-elections","tx_journal_sections-neuchatel"],"acf":[],"yoast_head":"<!-- This site is optimized with the Yoast SEO plugin v27.5 - https:\/\/yoast.com\/product\/yoast-seo-wordpress\/ -->\n<title>Une politique antiraciste et anticoloniale\u00a0 - Solidarit\u00e9S Neuch\u00e2tel<\/title>\n<meta name=\"robots\" content=\"index, follow, max-snippet:-1, max-image-preview:large, max-video-preview:-1\" \/>\n<link rel=\"canonical\" href=\"https:\/\/solidarites.ch\/ne\/2024\/02\/19\/une-politique-antiraciste-et-anticoloniale\/\" \/>\n<meta property=\"og:locale\" content=\"fr_FR\" \/>\n<meta property=\"og:type\" content=\"article\" \/>\n<meta property=\"og:title\" content=\"Une politique antiraciste et anticoloniale\u00a0 - Solidarit\u00e9S Neuch\u00e2tel\" \/>\n<meta property=\"og:description\" content=\"\u00c9lection au Conseil g\u00e9n\u00e9ral Nous luttons pour une ville sans gaspillage, sans racisme ni sexisme, o\u00f9 il fait bon vivre, pour un acc\u00e8s \u00e9quitable au travail, \u00e0 l\u2019\u00e9ducation, \u00e0 la culture et aux soins. Les violences racistes sont syst\u00e9miques et nous devons les combattre aussi \u00e0 l\u2019\u00e9chelle de la Commune&nbsp;:\" \/>\n<meta property=\"og:url\" content=\"https:\/\/solidarites.ch\/ne\/2024\/02\/19\/une-politique-antiraciste-et-anticoloniale\/\" \/>\n<meta property=\"og:site_name\" content=\"Solidarit\u00e9S Neuch\u00e2tel\" \/>\n<meta property=\"article:published_time\" content=\"2024-02-19T18:02:20+00:00\" \/>\n<meta property=\"article:modified_time\" content=\"2024-03-05T15:49:38+00:00\" \/>\n<meta name=\"author\" content=\"manolo\" \/>\n<meta name=\"twitter:card\" content=\"summary_large_image\" \/>\n<meta name=\"twitter:label1\" content=\"\u00c9crit par\" \/>\n\t<meta name=\"twitter:data1\" content=\"manolo\" \/>\n\t<meta name=\"twitter:label2\" content=\"Dur\u00e9e de lecture estim\u00e9e\" \/>\n\t<meta name=\"twitter:data2\" content=\"1 minute\" \/>\n<script type=\"application\/ld+json\" class=\"yoast-schema-graph\">{\"@context\":\"https:\\\/\\\/schema.org\",\"@graph\":[{\"@type\":\"Article\",\"@id\":\"https:\\\/\\\/solidarites.ch\\\/ne\\\/2024\\\/02\\\/19\\\/une-politique-antiraciste-et-anticoloniale\\\/#article\",\"isPartOf\":{\"@id\":\"https:\\\/\\\/solidarites.ch\\\/ne\\\/2024\\\/02\\\/19\\\/une-politique-antiraciste-et-anticoloniale\\\/\"},\"author\":{\"name\":\"manolo\",\"@id\":\"https:\\\/\\\/solidarites.ch\\\/ne\\\/#\\\/schema\\\/person\\\/4f0aeef1f426731c3358f51ef1419ed5\"},\"headline\":\"Une politique antiraciste et anticoloniale\u00a0\",\"datePublished\":\"2024-02-19T18:02:20+00:00\",\"dateModified\":\"2024-03-05T15:49:38+00:00\",\"mainEntityOfPage\":{\"@id\":\"https:\\\/\\\/solidarites.ch\\\/ne\\\/2024\\\/02\\\/19\\\/une-politique-antiraciste-et-anticoloniale\\\/\"},\"wordCount\":122,\"inLanguage\":\"fr-FR\"},{\"@type\":\"WebPage\",\"@id\":\"https:\\\/\\\/solidarites.ch\\\/ne\\\/2024\\\/02\\\/19\\\/une-politique-antiraciste-et-anticoloniale\\\/\",\"url\":\"https:\\\/\\\/solidarites.ch\\\/ne\\\/2024\\\/02\\\/19\\\/une-politique-antiraciste-et-anticoloniale\\\/\",\"name\":\"Une politique antiraciste et anticoloniale\u00a0 - Solidarit\u00e9S Neuch\u00e2tel\",\"isPartOf\":{\"@id\":\"https:\\\/\\\/solidarites.ch\\\/ne\\\/#website\"},\"datePublished\":\"2024-02-19T18:02:20+00:00\",\"dateModified\":\"2024-03-05T15:49:38+00:00\",\"author\":{\"@id\":\"https:\\\/\\\/solidarites.ch\\\/ne\\\/#\\\/schema\\\/person\\\/4f0aeef1f426731c3358f51ef1419ed5\"},\"breadcrumb\":{\"@id\":\"https:\\\/\\\/solidarites.ch\\\/ne\\\/2024\\\/02\\\/19\\\/une-politique-antiraciste-et-anticoloniale\\\/#breadcrumb\"},\"inLanguage\":\"fr-FR\",\"potentialAction\":[{\"@type\":\"ReadAction\",\"target\":[\"https:\\\/\\\/solidarites.ch\\\/ne\\\/2024\\\/02\\\/19\\\/une-politique-antiraciste-et-anticoloniale\\\/\"]}]},{\"@type\":\"BreadcrumbList\",\"@id\":\"https:\\\/\\\/solidarites.ch\\\/ne\\\/2024\\\/02\\\/19\\\/une-politique-antiraciste-et-anticoloniale\\\/#breadcrumb\",\"itemListElement\":[{\"@type\":\"ListItem\",\"position\":1,\"name\":\"Accueil\",\"item\":\"https:\\\/\\\/solidarites.ch\\\/ne\\\/\"},{\"@type\":\"ListItem\",\"position\":2,\"name\":\"Une politique antiraciste et anticoloniale\u00a0\"}]},{\"@type\":\"WebSite\",\"@id\":\"https:\\\/\\\/solidarites.ch\\\/ne\\\/#website\",\"url\":\"https:\\\/\\\/solidarites.ch\\\/ne\\\/\",\"name\":\"Solidarit\u00e9S Neuch\u00e2tel\",\"description\":\"S&#039;organiser&lt;br&gt;pour&lt;br&gt;changer&lt;br&gt;le monde\",\"potentialAction\":[{\"@type\":\"SearchAction\",\"target\":{\"@type\":\"EntryPoint\",\"urlTemplate\":\"https:\\\/\\\/solidarites.ch\\\/ne\\\/?s={search_term_string}\"},\"query-input\":{\"@type\":\"PropertyValueSpecification\",\"valueRequired\":true,\"valueName\":\"search_term_string\"}}],\"inLanguage\":\"fr-FR\"},{\"@type\":\"Person\",\"@id\":\"https:\\\/\\\/solidarites.ch\\\/ne\\\/#\\\/schema\\\/person\\\/4f0aeef1f426731c3358f51ef1419ed5\",\"name\":\"manolo\",\"image\":{\"@type\":\"ImageObject\",\"inLanguage\":\"fr-FR\",\"@id\":\"https:\\\/\\\/secure.gravatar.com\\\/avatar\\\/6a8d00949bc230936079dc4abbd81429df8bbc57c417aa57c5c5987a8d60e091?s=96&d=mm&r=g\",\"url\":\"https:\\\/\\\/secure.gravatar.com\\\/avatar\\\/6a8d00949bc230936079dc4abbd81429df8bbc57c417aa57c5c5987a8d60e091?s=96&d=mm&r=g\",\"contentUrl\":\"https:\\\/\\\/secure.gravatar.com\\\/avatar\\\/6a8d00949bc230936079dc4abbd81429df8bbc57c417aa57c5c5987a8d60e091?s=96&d=mm&r=g\",\"caption\":\"manolo\"},\"url\":\"https:\\\/\\\/solidarites.ch\\\/ne\\\/author\\\/manolo\\\/\"}]}<\/script>\n<!-- \/ Yoast SEO plugin. -->","yoast_head_json":{"title":"Une politique antiraciste et anticoloniale\u00a0 - Solidarit\u00e9S Neuch\u00e2tel","robots":{"index":"index","follow":"follow","max-snippet":"max-snippet:-1","max-image-preview":"max-image-preview:large","max-video-preview":"max-video-preview:-1"},"canonical":"https:\/\/solidarites.ch\/ne\/2024\/02\/19\/une-politique-antiraciste-et-anticoloniale\/","og_locale":"fr_FR","og_type":"article","og_title":"Une politique antiraciste et anticoloniale\u00a0 - Solidarit\u00e9S Neuch\u00e2tel","og_description":"\u00c9lection au Conseil g\u00e9n\u00e9ral Nous luttons pour une ville sans gaspillage, sans racisme ni sexisme, o\u00f9 il fait bon vivre, pour un acc\u00e8s \u00e9quitable au travail, \u00e0 l\u2019\u00e9ducation, \u00e0 la culture et aux soins. Les violences racistes sont syst\u00e9miques et nous devons les combattre aussi \u00e0 l\u2019\u00e9chelle de la Commune&nbsp;:","og_url":"https:\/\/solidarites.ch\/ne\/2024\/02\/19\/une-politique-antiraciste-et-anticoloniale\/","og_site_name":"Solidarit\u00e9S Neuch\u00e2tel","article_published_time":"2024-02-19T18:02:20+00:00","article_modified_time":"2024-03-05T15:49:38+00:00","author":"manolo","twitter_card":"summary_large_image","twitter_misc":{"\u00c9crit par":"manolo","Dur\u00e9e de lecture estim\u00e9e":"1 minute"},"schema":{"@context":"https:\/\/schema.org","@graph":[{"@type":"Article","@id":"https:\/\/solidarites.ch\/ne\/2024\/02\/19\/une-politique-antiraciste-et-anticoloniale\/#article","isPartOf":{"@id":"https:\/\/solidarites.ch\/ne\/2024\/02\/19\/une-politique-antiraciste-et-anticoloniale\/"},"author":{"name":"manolo","@id":"https:\/\/solidarites.ch\/ne\/#\/schema\/person\/4f0aeef1f426731c3358f51ef1419ed5"},"headline":"Une politique antiraciste et anticoloniale\u00a0","datePublished":"2024-02-19T18:02:20+00:00","dateModified":"2024-03-05T15:49:38+00:00","mainEntityOfPage":{"@id":"https:\/\/solidarites.ch\/ne\/2024\/02\/19\/une-politique-antiraciste-et-anticoloniale\/"},"wordCount":122,"inLanguage":"fr-FR"},{"@type":"WebPage","@id":"https:\/\/solidarites.ch\/ne\/2024\/02\/19\/une-politique-antiraciste-et-anticoloniale\/","url":"https:\/\/solidarites.ch\/ne\/2024\/02\/19\/une-politique-antiraciste-et-anticoloniale\/","name":"Une politique antiraciste et anticoloniale\u00a0 - Solidarit\u00e9S Neuch\u00e2tel","isPartOf":{"@id":"https:\/\/solidarites.ch\/ne\/#website"},"datePublished":"2024-02-19T18:02:20+00:00","dateModified":"2024-03-05T15:49:38+00:00","author":{"@id":"https:\/\/solidarites.ch\/ne\/#\/schema\/person\/4f0aeef1f426731c3358f51ef1419ed5"},"breadcrumb":{"@id":"https:\/\/solidarites.ch\/ne\/2024\/02\/19\/une-politique-antiraciste-et-anticoloniale\/#breadcrumb"},"inLanguage":"fr-FR","potentialAction":[{"@type":"ReadAction","target":["https:\/\/solidarites.ch\/ne\/2024\/02\/19\/une-politique-antiraciste-et-anticoloniale\/"]}]},{"@type":"BreadcrumbList","@id":"https:\/\/solidarites.ch\/ne\/2024\/02\/19\/une-politique-antiraciste-et-anticoloniale\/#breadcrumb","itemListElement":[{"@type":"ListItem","position":1,"name":"Accueil","item":"https:\/\/solidarites.ch\/ne\/"},{"@type":"ListItem","position":2,"name":"Une politique antiraciste et anticoloniale\u00a0"}]},{"@type":"WebSite","@id":"https:\/\/solidarites.ch\/ne\/#website","url":"https:\/\/solidarites.ch\/ne\/","name":"Solidarit\u00e9S Neuch\u00e2tel","description":"S&#039;organiser&lt;br&gt;pour&lt;br&gt;changer&lt;br&gt;le monde","potentialAction":[{"@type":"SearchAction","target":{"@type":"EntryPoint","urlTemplate":"https:\/\/solidarites.ch\/ne\/?s={search_term_string}"},"query-input":{"@type":"PropertyValueSpecification","valueRequired":true,"valueName":"search_term_string"}}],"inLanguage":"fr-FR"},{"@type":"Person","@id":"https:\/\/solidarites.ch\/ne\/#\/schema\/person\/4f0aeef1f426731c3358f51ef1419ed5","name":"manolo","image":{"@type":"ImageObject","inLanguage":"fr-FR","@id":"https:\/\/secure.gravatar.com\/avatar\/6a8d00949bc230936079dc4abbd81429df8bbc57c417aa57c5c5987a8d60e091?s=96&d=mm&r=g","url":"https:\/\/secure.gravatar.com\/avatar\/6a8d00949bc230936079dc4abbd81429df8bbc57c417aa57c5c5987a8d60e091?s=96&d=mm&r=g","contentUrl":"https:\/\/secure.gravatar.com\/avatar\/6a8d00949bc230936079dc4abbd81429df8bbc57c417aa57c5c5987a8d60e091?s=96&d=mm&r=g","caption":"manolo"},"url":"https:\/\/solidarites.ch\/ne\/author\/manolo\/"}]}},"distributor_meta":false,"distributor_terms":false,"distributor_media":false,"distributor_original_site_name":"Solidarit\u00e9S Neuch\u00e2tel","distributor_original_site_url":"https:\/\/solidarites.ch\/ne","push-errors":false,"_links":{"self":[{"href":"https:\/\/solidarites.ch\/ne\/wp-json\/wp\/v2\/posts\/1536","targetHints":{"allow":["GET"]}}],"collection":[{"href":"https:\/\/solidarites.ch\/ne\/wp-json\/wp\/v2\/posts"}],"about":[{"href":"https:\/\/solidarites.ch\/ne\/wp-json\/wp\/v2\/types\/post"}],"author":[{"embeddable":true,"href":"https:\/\/solidarites.ch\/ne\/wp-json\/wp\/v2\/users\/23"}],"replies":[{"embeddable":true,"href":"https:\/\/solidarites.ch\/ne\/wp-json\/wp\/v2\/comments?post=1536"}],"version-history":[{"count":3,"href":"https:\/\/solidarites.ch\/ne\/wp-json\/wp\/v2\/posts\/1536\/revisions"}],"predecessor-version":[{"id":1560,"href":"https:\/\/solidarites.ch\/ne\/wp-json\/wp\/v2\/posts\/1536\/revisions\/1560"}],"wp:attachment":[{"href":"https:\/\/solidarites.ch\/ne\/wp-json\/wp\/v2\/media?parent=1536"}],"wp:term":[{"taxonomy":"tx_journal_display","embeddable":true,"href":"https:\/\/solidarites.ch\/ne\/wp-json\/wp\/v2\/tx_journal_display?post=1536"}],"curies":[{"name":"wp","href":"https:\/\/api.w.org\/{rel}","templated":true}]}}