{"id":1538,"date":"2024-02-19T19:07:07","date_gmt":"2024-02-19T18:07:07","guid":{"rendered":"https:\/\/solidarites.ch\/ne\/?p=1538"},"modified":"2024-03-05T16:54:20","modified_gmt":"2024-03-05T15:54:20","slug":"une-promotion-de-la-culture-et-de-leducation","status":"publish","type":"post","link":"https:\/\/solidarites.ch\/ne\/2024\/02\/19\/une-promotion-de-la-culture-et-de-leducation\/","title":{"rendered":"Une Promotion de la culture et de l\u2019\u00e9ducation"},"content":{"rendered":"\n<p>\u00c9lection au Conseil g\u00e9n\u00e9ral<\/p>\n\n\n\n<p><mark style=\"background-color:#ffffff\" class=\"has-inline-color\">Nous luttons pour une ville sans gaspillage, sans racisme ni sexisme, o\u00f9 il fait bon vivre, pour un acc\u00e8s \u00e9quitable au travail, \u00e0 l\u2019\u00e9ducation, \u00e0 la culture et aux soins.<\/mark><\/p>\n\n\n\n<p class=\"has-medium-font-size\">La culture et l\u2019\u00e9ducation sont deux ciments de notre soci\u00e9t\u00e9 et sont sources d\u2019\u00e9mancipation, nous devons d\u00e9fendre un acc\u00e8s \u00e0 la culture \u00e9quitable et une \u00e9ducation de qualit\u00e9&nbsp;:<\/p>\n\n\n\n<ul class=\"has-medium-font-size wp-block-list\">\n<li>Soutenir les lieux culturels existants.<\/li>\n\n\n\n<li>Renforcer les subventions culturelles et le soutien aux activit\u00e9s culturelles dans tous les quartiers de la commune agrandie.<\/li>\n\n\n\n<li>D\u00e9velopper les biblioth\u00e8ques et garantir leur acc\u00e8s \u00e0 tou\u00b7te\u00b7x\u00b7s.<\/li>\n\n\n\n<li>Proscrire la publicit\u00e9 commerciale sur la voie publique au profit de la culture et du bien commun.<\/li>\n\n\n\n<li>Assurer que les travailleur\u00b7euse\u00b7x\u00b7s culturel\u00b7le\u00b7x\u00b7s puissent vivre dignement.<\/li>\n\n\n\n<li>D\u00e9velopper l\u2019acc\u00e8s \u00e0 la culture pour les \u00e9l\u00e8ves de tous les degr\u00e9s.<\/li>\n<\/ul>\n","protected":false},"excerpt":{"rendered":"<p>\u00c9lection au Conseil g\u00e9n\u00e9ral Nous luttons pour une ville sans gaspillage, sans racisme ni sexisme, o\u00f9 il fait bon vivre, pour un acc\u00e8s \u00e9quitable au travail, \u00e0 l\u2019\u00e9ducation, \u00e0 la culture et aux soins. La culture et l\u2019\u00e9ducation sont deux ciments de notre soci\u00e9t\u00e9 et sont sources d\u2019\u00e9mancipation, nous devons d\u00e9fendre un acc\u00e8s \u00e0 la &hellip; <a href=\"https:\/\/solidarites.ch\/ne\/2024\/02\/19\/une-promotion-de-la-culture-et-de-leducation\/\">Continued<\/a><\/p>\n","protected":false},"author":23,"featured_media":0,"comment_status":"closed","ping_status":"closed","sticky":false,"template":"","format":"standard","meta":{"_acf_changed":false,"_monsterinsights_skip_tracking":false,"_monsterinsights_sitenote_active":false,"_monsterinsights_sitenote_note":"","_monsterinsights_sitenote_category":0,"footnotes":""},"tx_journal_display":[],"class_list":["post-1538","post","type-post","status-publish","format-standard","hentry","tx_journal_sections-campagnes","tx_journal_sections-elections","tx_journal_sections-neuchatel"],"acf":[],"yoast_head":"<!-- This site is optimized with the Yoast SEO plugin v27.5 - https:\/\/yoast.com\/product\/yoast-seo-wordpress\/ -->\n<title>Une Promotion de la culture et de l\u2019\u00e9ducation - Solidarit\u00e9S Neuch\u00e2tel<\/title>\n<meta name=\"robots\" content=\"index, follow, max-snippet:-1, max-image-preview:large, max-video-preview:-1\" \/>\n<link rel=\"canonical\" href=\"https:\/\/solidarites.ch\/ne\/2024\/02\/19\/une-promotion-de-la-culture-et-de-leducation\/\" \/>\n<meta property=\"og:locale\" content=\"fr_FR\" \/>\n<meta property=\"og:type\" content=\"article\" \/>\n<meta property=\"og:title\" content=\"Une Promotion de la culture et de l\u2019\u00e9ducation - Solidarit\u00e9S Neuch\u00e2tel\" \/>\n<meta property=\"og:description\" content=\"\u00c9lection au Conseil g\u00e9n\u00e9ral Nous luttons pour une ville sans gaspillage, sans racisme ni sexisme, o\u00f9 il fait bon vivre, pour un acc\u00e8s \u00e9quitable au travail, \u00e0 l\u2019\u00e9ducation, \u00e0 la culture et aux soins. La culture et l\u2019\u00e9ducation sont deux ciments de notre soci\u00e9t\u00e9 et sont sources d\u2019\u00e9mancipation, nous devons d\u00e9fendre un acc\u00e8s \u00e0 la &hellip; Continued\" \/>\n<meta property=\"og:url\" content=\"https:\/\/solidarites.ch\/ne\/2024\/02\/19\/une-promotion-de-la-culture-et-de-leducation\/\" \/>\n<meta property=\"og:site_name\" content=\"Solidarit\u00e9S Neuch\u00e2tel\" \/>\n<meta property=\"article:published_time\" content=\"2024-02-19T18:07:07+00:00\" \/>\n<meta property=\"article:modified_time\" content=\"2024-03-05T15:54:20+00:00\" \/>\n<meta name=\"author\" content=\"manolo\" \/>\n<meta name=\"twitter:card\" content=\"summary_large_image\" \/>\n<meta name=\"twitter:label1\" content=\"\u00c9crit par\" \/>\n\t<meta name=\"twitter:data1\" content=\"manolo\" \/>\n\t<meta name=\"twitter:label2\" content=\"Dur\u00e9e de lecture estim\u00e9e\" \/>\n\t<meta name=\"twitter:data2\" content=\"1 minute\" \/>\n<script type=\"application\/ld+json\" class=\"yoast-schema-graph\">{\"@context\":\"https:\\\/\\\/schema.org\",\"@graph\":[{\"@type\":\"Article\",\"@id\":\"https:\\\/\\\/solidarites.ch\\\/ne\\\/2024\\\/02\\\/19\\\/une-promotion-de-la-culture-et-de-leducation\\\/#article\",\"isPartOf\":{\"@id\":\"https:\\\/\\\/solidarites.ch\\\/ne\\\/2024\\\/02\\\/19\\\/une-promotion-de-la-culture-et-de-leducation\\\/\"},\"author\":{\"name\":\"manolo\",\"@id\":\"https:\\\/\\\/solidarites.ch\\\/ne\\\/#\\\/schema\\\/person\\\/4f0aeef1f426731c3358f51ef1419ed5\"},\"headline\":\"Une Promotion de la culture et de l\u2019\u00e9ducation\",\"datePublished\":\"2024-02-19T18:07:07+00:00\",\"dateModified\":\"2024-03-05T15:54:20+00:00\",\"mainEntityOfPage\":{\"@id\":\"https:\\\/\\\/solidarites.ch\\\/ne\\\/2024\\\/02\\\/19\\\/une-promotion-de-la-culture-et-de-leducation\\\/\"},\"wordCount\":163,\"inLanguage\":\"fr-FR\"},{\"@type\":\"WebPage\",\"@id\":\"https:\\\/\\\/solidarites.ch\\\/ne\\\/2024\\\/02\\\/19\\\/une-promotion-de-la-culture-et-de-leducation\\\/\",\"url\":\"https:\\\/\\\/solidarites.ch\\\/ne\\\/2024\\\/02\\\/19\\\/une-promotion-de-la-culture-et-de-leducation\\\/\",\"name\":\"Une Promotion de la culture et de l\u2019\u00e9ducation - Solidarit\u00e9S Neuch\u00e2tel\",\"isPartOf\":{\"@id\":\"https:\\\/\\\/solidarites.ch\\\/ne\\\/#website\"},\"datePublished\":\"2024-02-19T18:07:07+00:00\",\"dateModified\":\"2024-03-05T15:54:20+00:00\",\"author\":{\"@id\":\"https:\\\/\\\/solidarites.ch\\\/ne\\\/#\\\/schema\\\/person\\\/4f0aeef1f426731c3358f51ef1419ed5\"},\"breadcrumb\":{\"@id\":\"https:\\\/\\\/solidarites.ch\\\/ne\\\/2024\\\/02\\\/19\\\/une-promotion-de-la-culture-et-de-leducation\\\/#breadcrumb\"},\"inLanguage\":\"fr-FR\",\"potentialAction\":[{\"@type\":\"ReadAction\",\"target\":[\"https:\\\/\\\/solidarites.ch\\\/ne\\\/2024\\\/02\\\/19\\\/une-promotion-de-la-culture-et-de-leducation\\\/\"]}]},{\"@type\":\"BreadcrumbList\",\"@id\":\"https:\\\/\\\/solidarites.ch\\\/ne\\\/2024\\\/02\\\/19\\\/une-promotion-de-la-culture-et-de-leducation\\\/#breadcrumb\",\"itemListElement\":[{\"@type\":\"ListItem\",\"position\":1,\"name\":\"Accueil\",\"item\":\"https:\\\/\\\/solidarites.ch\\\/ne\\\/\"},{\"@type\":\"ListItem\",\"position\":2,\"name\":\"Une Promotion de la culture et de l\u2019\u00e9ducation\"}]},{\"@type\":\"WebSite\",\"@id\":\"https:\\\/\\\/solidarites.ch\\\/ne\\\/#website\",\"url\":\"https:\\\/\\\/solidarites.ch\\\/ne\\\/\",\"name\":\"Solidarit\u00e9S Neuch\u00e2tel\",\"description\":\"S&#039;organiser&lt;br&gt;pour&lt;br&gt;changer&lt;br&gt;le monde\",\"potentialAction\":[{\"@type\":\"SearchAction\",\"target\":{\"@type\":\"EntryPoint\",\"urlTemplate\":\"https:\\\/\\\/solidarites.ch\\\/ne\\\/?s={search_term_string}\"},\"query-input\":{\"@type\":\"PropertyValueSpecification\",\"valueRequired\":true,\"valueName\":\"search_term_string\"}}],\"inLanguage\":\"fr-FR\"},{\"@type\":\"Person\",\"@id\":\"https:\\\/\\\/solidarites.ch\\\/ne\\\/#\\\/schema\\\/person\\\/4f0aeef1f426731c3358f51ef1419ed5\",\"name\":\"manolo\",\"image\":{\"@type\":\"ImageObject\",\"inLanguage\":\"fr-FR\",\"@id\":\"https:\\\/\\\/secure.gravatar.com\\\/avatar\\\/6a8d00949bc230936079dc4abbd81429df8bbc57c417aa57c5c5987a8d60e091?s=96&d=mm&r=g\",\"url\":\"https:\\\/\\\/secure.gravatar.com\\\/avatar\\\/6a8d00949bc230936079dc4abbd81429df8bbc57c417aa57c5c5987a8d60e091?s=96&d=mm&r=g\",\"contentUrl\":\"https:\\\/\\\/secure.gravatar.com\\\/avatar\\\/6a8d00949bc230936079dc4abbd81429df8bbc57c417aa57c5c5987a8d60e091?s=96&d=mm&r=g\",\"caption\":\"manolo\"},\"url\":\"https:\\\/\\\/solidarites.ch\\\/ne\\\/author\\\/manolo\\\/\"}]}<\/script>\n<!-- \/ Yoast SEO plugin. -->","yoast_head_json":{"title":"Une Promotion de la culture et de l\u2019\u00e9ducation - Solidarit\u00e9S Neuch\u00e2tel","robots":{"index":"index","follow":"follow","max-snippet":"max-snippet:-1","max-image-preview":"max-image-preview:large","max-video-preview":"max-video-preview:-1"},"canonical":"https:\/\/solidarites.ch\/ne\/2024\/02\/19\/une-promotion-de-la-culture-et-de-leducation\/","og_locale":"fr_FR","og_type":"article","og_title":"Une Promotion de la culture et de l\u2019\u00e9ducation - Solidarit\u00e9S Neuch\u00e2tel","og_description":"\u00c9lection au Conseil g\u00e9n\u00e9ral Nous luttons pour une ville sans gaspillage, sans racisme ni sexisme, o\u00f9 il fait bon vivre, pour un acc\u00e8s \u00e9quitable au travail, \u00e0 l\u2019\u00e9ducation, \u00e0 la culture et aux soins. La culture et l\u2019\u00e9ducation sont deux ciments de notre soci\u00e9t\u00e9 et sont sources d\u2019\u00e9mancipation, nous devons d\u00e9fendre un acc\u00e8s \u00e0 la &hellip; Continued","og_url":"https:\/\/solidarites.ch\/ne\/2024\/02\/19\/une-promotion-de-la-culture-et-de-leducation\/","og_site_name":"Solidarit\u00e9S Neuch\u00e2tel","article_published_time":"2024-02-19T18:07:07+00:00","article_modified_time":"2024-03-05T15:54:20+00:00","author":"manolo","twitter_card":"summary_large_image","twitter_misc":{"\u00c9crit par":"manolo","Dur\u00e9e de lecture estim\u00e9e":"1 minute"},"schema":{"@context":"https:\/\/schema.org","@graph":[{"@type":"Article","@id":"https:\/\/solidarites.ch\/ne\/2024\/02\/19\/une-promotion-de-la-culture-et-de-leducation\/#article","isPartOf":{"@id":"https:\/\/solidarites.ch\/ne\/2024\/02\/19\/une-promotion-de-la-culture-et-de-leducation\/"},"author":{"name":"manolo","@id":"https:\/\/solidarites.ch\/ne\/#\/schema\/person\/4f0aeef1f426731c3358f51ef1419ed5"},"headline":"Une Promotion de la culture et de l\u2019\u00e9ducation","datePublished":"2024-02-19T18:07:07+00:00","dateModified":"2024-03-05T15:54:20+00:00","mainEntityOfPage":{"@id":"https:\/\/solidarites.ch\/ne\/2024\/02\/19\/une-promotion-de-la-culture-et-de-leducation\/"},"wordCount":163,"inLanguage":"fr-FR"},{"@type":"WebPage","@id":"https:\/\/solidarites.ch\/ne\/2024\/02\/19\/une-promotion-de-la-culture-et-de-leducation\/","url":"https:\/\/solidarites.ch\/ne\/2024\/02\/19\/une-promotion-de-la-culture-et-de-leducation\/","name":"Une Promotion de la culture et de l\u2019\u00e9ducation - Solidarit\u00e9S Neuch\u00e2tel","isPartOf":{"@id":"https:\/\/solidarites.ch\/ne\/#website"},"datePublished":"2024-02-19T18:07:07+00:00","dateModified":"2024-03-05T15:54:20+00:00","author":{"@id":"https:\/\/solidarites.ch\/ne\/#\/schema\/person\/4f0aeef1f426731c3358f51ef1419ed5"},"breadcrumb":{"@id":"https:\/\/solidarites.ch\/ne\/2024\/02\/19\/une-promotion-de-la-culture-et-de-leducation\/#breadcrumb"},"inLanguage":"fr-FR","potentialAction":[{"@type":"ReadAction","target":["https:\/\/solidarites.ch\/ne\/2024\/02\/19\/une-promotion-de-la-culture-et-de-leducation\/"]}]},{"@type":"BreadcrumbList","@id":"https:\/\/solidarites.ch\/ne\/2024\/02\/19\/une-promotion-de-la-culture-et-de-leducation\/#breadcrumb","itemListElement":[{"@type":"ListItem","position":1,"name":"Accueil","item":"https:\/\/solidarites.ch\/ne\/"},{"@type":"ListItem","position":2,"name":"Une Promotion de la culture et de l\u2019\u00e9ducation"}]},{"@type":"WebSite","@id":"https:\/\/solidarites.ch\/ne\/#website","url":"https:\/\/solidarites.ch\/ne\/","name":"Solidarit\u00e9S Neuch\u00e2tel","description":"S&#039;organiser&lt;br&gt;pour&lt;br&gt;changer&lt;br&gt;le monde","potentialAction":[{"@type":"SearchAction","target":{"@type":"EntryPoint","urlTemplate":"https:\/\/solidarites.ch\/ne\/?s={search_term_string}"},"query-input":{"@type":"PropertyValueSpecification","valueRequired":true,"valueName":"search_term_string"}}],"inLanguage":"fr-FR"},{"@type":"Person","@id":"https:\/\/solidarites.ch\/ne\/#\/schema\/person\/4f0aeef1f426731c3358f51ef1419ed5","name":"manolo","image":{"@type":"ImageObject","inLanguage":"fr-FR","@id":"https:\/\/secure.gravatar.com\/avatar\/6a8d00949bc230936079dc4abbd81429df8bbc57c417aa57c5c5987a8d60e091?s=96&d=mm&r=g","url":"https:\/\/secure.gravatar.com\/avatar\/6a8d00949bc230936079dc4abbd81429df8bbc57c417aa57c5c5987a8d60e091?s=96&d=mm&r=g","contentUrl":"https:\/\/secure.gravatar.com\/avatar\/6a8d00949bc230936079dc4abbd81429df8bbc57c417aa57c5c5987a8d60e091?s=96&d=mm&r=g","caption":"manolo"},"url":"https:\/\/solidarites.ch\/ne\/author\/manolo\/"}]}},"distributor_meta":false,"distributor_terms":false,"distributor_media":false,"distributor_original_site_name":"Solidarit\u00e9S Neuch\u00e2tel","distributor_original_site_url":"https:\/\/solidarites.ch\/ne","push-errors":false,"_links":{"self":[{"href":"https:\/\/solidarites.ch\/ne\/wp-json\/wp\/v2\/posts\/1538","targetHints":{"allow":["GET"]}}],"collection":[{"href":"https:\/\/solidarites.ch\/ne\/wp-json\/wp\/v2\/posts"}],"about":[{"href":"https:\/\/solidarites.ch\/ne\/wp-json\/wp\/v2\/types\/post"}],"author":[{"embeddable":true,"href":"https:\/\/solidarites.ch\/ne\/wp-json\/wp\/v2\/users\/23"}],"replies":[{"embeddable":true,"href":"https:\/\/solidarites.ch\/ne\/wp-json\/wp\/v2\/comments?post=1538"}],"version-history":[{"count":3,"href":"https:\/\/solidarites.ch\/ne\/wp-json\/wp\/v2\/posts\/1538\/revisions"}],"predecessor-version":[{"id":1564,"href":"https:\/\/solidarites.ch\/ne\/wp-json\/wp\/v2\/posts\/1538\/revisions\/1564"}],"wp:attachment":[{"href":"https:\/\/solidarites.ch\/ne\/wp-json\/wp\/v2\/media?parent=1538"}],"wp:term":[{"taxonomy":"tx_journal_display","embeddable":true,"href":"https:\/\/solidarites.ch\/ne\/wp-json\/wp\/v2\/tx_journal_display?post=1538"}],"curies":[{"name":"wp","href":"https:\/\/api.w.org\/{rel}","templated":true}]}}