{"id":1567,"date":"2024-03-14T13:27:26","date_gmt":"2024-03-14T12:27:26","guid":{"rendered":"https:\/\/solidarites.ch\/ne\/?p=1567"},"modified":"2024-07-29T14:16:01","modified_gmt":"2024-07-29T12:16:01","slug":"solidarites-la-liste-anticapitaliste","status":"publish","type":"post","link":"https:\/\/solidarites.ch\/ne\/2024\/03\/14\/solidarites-la-liste-anticapitaliste\/","title":{"rendered":"solidarit\u00e9S, la liste anticapitaliste\u00a0!"},"content":{"rendered":"\n<p>Actif depuis 28 ans au sein du Conseil G\u00e9n\u00e9ral de Neuch\u00e2tel, solidarit\u00e9S s\u2019engage au quotidien pour une cit\u00e9 sociale et accueillante. Nous luttons pour une ville sans gaspillage, sans racisme ni sexisme, o\u00f9 il fait bon vivre, avec un acc\u00e8s \u00e9quitable \u00e0 l\u2019\u00e9ducation, \u00e0 la culture, aux soins et au travail.<\/p>\n\n\n\n<figure class=\"wp-block-image size-large\"><img loading=\"lazy\" decoding=\"async\" width=\"716\" height=\"1024\" src=\"https:\/\/solidarites.ch\/ne\/wp-content\/uploads\/sites\/5\/2024\/03\/elections24-conseilgeneral-716x1024.png\" alt=\"\" class=\"wp-image-1570\" srcset=\"https:\/\/solidarites.ch\/ne\/wp-content\/uploads\/sites\/5\/2024\/03\/elections24-conseilgeneral-716x1024.png 716w, https:\/\/solidarites.ch\/ne\/wp-content\/uploads\/sites\/5\/2024\/03\/elections24-conseilgeneral-210x300.png 210w, https:\/\/solidarites.ch\/ne\/wp-content\/uploads\/sites\/5\/2024\/03\/elections24-conseilgeneral.png 756w\" sizes=\"auto, (max-width: 716px) 100vw, 716px\" \/>\n<div class='wp-description'><\/div><\/figure>\n\n\n<p>Pour r\u00e9pondre aux probl\u00e8mes pos\u00e9s par les multiples crises environnementales, par les discriminations racistes, sexistes et sociales, mais aussi par les guerres et l\u2019inflation, nous appelons \u00e0 un changement total du syst\u00e8me actuel qui, bas\u00e9 sur le capitalisme et le patriarcat, d\u00e9truit les vies et notre environnement.<\/p>\n\n\n\n<p>Face aux in\u00e9galit\u00e9s croissantes, nous oeuvrons pour que la Ville intervienne sur le march\u00e9 du logement de sorte que tout le monde puisse se loger, et \u00e0 un prix abordable&nbsp;; dans ce sens nous demandons l\u2019extension des logements en coop\u00e9ratives pour ne pas enrichir les sp\u00e9culateurs immobiliers. La Ville doit aussi intervenir pour faciliter le retour en emploi des personnes exclues du march\u00e9 du travail. Les enfants des personnes en recherche d\u2019emploi doivent trouver sans attendre une place en cr\u00e8che et dans les structures d\u2019accueil. Un enfant-Une place en cr\u00e8che\/structure d\u2019accueil doit cesser d\u2019\u00eatre un simple slogan.<\/p>\n\n\n\n<p>Nous voulons r\u00e9inventer une nouvelle mani\u00e8re de vivre ensemble, joyeuse et respectueuse des \u00eatres humains et de l\u2019environnement. Nous y travaillons notamment dans les mouvements sociaux et au travers d\u2019associations et de syndicats pour am\u00e9liorer les conditions de travail et de vie, en particulier des personnes en situation de pr\u00e9carit\u00e9, des femmes et personnes sexis\u00e9es, racis\u00e9es ou d\u2019autres personnes discrimin\u00e9es. <\/p>\n\n\n\n<p>Nos \u00e9lu\u00b7e\u00b7s d\u00e9fendent au Conseil g\u00e9n\u00e9ral les revendications des associations et font entendre la voix des jeunes et d\u2019autres personnes exclues des institutions. Et nous obtenons des r\u00e9sultats&nbsp;: subventions culturelles, indexation des prestations compl\u00e9mentaires, actions de la Ville contre le harc\u00e8lement de rue, am\u00e9lioration des conditions de travail du personnel communal, subvention de la m\u00e9decine dentaire scolaire, rappel du pass\u00e9 colonial des bourgeois neuch\u00e2telois. Voter la liste anticapitaliste, c\u2019est voter pour une politique solidaire, \u00e9cologiste, antiraciste et f\u00e9ministe.<\/p>\n\n\n\n<h1 class=\"wp-block-heading\">Nos revendications : <\/h1>\n\n\n\n<p><a href=\"https:\/\/solidarites.ch\/ne\/2024\/02\/19\/une-commune-sociale-et-accueillante\/\">Une commune sociale et accueillante<\/a><\/p>\n\n\n\n<p><a href=\"https:\/\/solidarites.ch\/ne\/2024\/02\/19\/une-transition-ecologique\/\">Une transition \u00e9cologique<\/a><\/p>\n\n\n\n<p><a href=\"https:\/\/solidarites.ch\/ne\/2024\/02\/19\/une-politique-feministe\/\">Une politique f\u00e9ministe<\/a><\/p>\n\n\n\n<p><a href=\"https:\/\/solidarites.ch\/ne\/2024\/02\/19\/une-politique-antiraciste-et-anticoloniale\/\">Une politique antiraciste et anticoloniale<\/a><\/p>\n\n\n\n<p><a href=\"https:\/\/solidarites.ch\/ne\/2024\/02\/19\/une-promotion-de-la-culture-et-de-leducation\/\">Une promotion de la culture et de l\u2019\u00e9ducation<\/a><\/p>\n","protected":false},"excerpt":{"rendered":"<p>Actif depuis 28 ans au sein du Conseil G\u00e9n\u00e9ral de Neuch\u00e2tel, solidarit\u00e9S s\u2019engage au quotidien pour une cit\u00e9 sociale et accueillante. Nous luttons pour une ville sans gaspillage, sans racisme ni sexisme, o\u00f9 il fait bon vivre, avec un acc\u00e8s \u00e9quitable \u00e0 l\u2019\u00e9ducation, \u00e0 la culture, aux soins et au travail.<\/p>\n","protected":false},"author":23,"featured_media":1570,"comment_status":"closed","ping_status":"closed","sticky":false,"template":"","format":"standard","meta":{"_acf_changed":false,"_monsterinsights_skip_tracking":false,"_monsterinsights_sitenote_active":false,"_monsterinsights_sitenote_note":"","_monsterinsights_sitenote_category":0,"footnotes":""},"tx_journal_display":[],"class_list":["post-1567","post","type-post","status-publish","format-standard","has-post-thumbnail","hentry","tx_journal_sections-campagnes","tx_journal_sections-elections","tx_journal_sections-neuchatel"],"acf":[],"yoast_head":"<!-- This site is optimized with the Yoast SEO plugin v27.5 - https:\/\/yoast.com\/product\/yoast-seo-wordpress\/ -->\n<title>solidarit\u00e9S, la liste anticapitaliste\u00a0! - Solidarit\u00e9S Neuch\u00e2tel<\/title>\n<meta name=\"description\" content=\"Solidarit\u00e9S, actif depuis 28 ans au sein du Conseil G\u00e9n\u00e9ral de Neuch\u00e2tel, la liste anticapitaliste s\u2019engage au quotidien pour une commune sociale.\" \/>\n<meta name=\"robots\" content=\"index, follow, max-snippet:-1, max-image-preview:large, max-video-preview:-1\" \/>\n<link rel=\"canonical\" href=\"https:\/\/solidarites.ch\/ne\/2024\/03\/14\/solidarites-la-liste-anticapitaliste\/\" \/>\n<meta property=\"og:locale\" content=\"fr_FR\" \/>\n<meta property=\"og:type\" content=\"article\" \/>\n<meta property=\"og:title\" content=\"solidarit\u00e9S, la liste anticapitaliste\u00a0! - Solidarit\u00e9S Neuch\u00e2tel\" \/>\n<meta property=\"og:description\" content=\"Solidarit\u00e9S, actif depuis 28 ans au sein du Conseil G\u00e9n\u00e9ral de Neuch\u00e2tel, la liste anticapitaliste s\u2019engage au quotidien pour une commune sociale.\" \/>\n<meta property=\"og:url\" content=\"https:\/\/solidarites.ch\/ne\/2024\/03\/14\/solidarites-la-liste-anticapitaliste\/\" \/>\n<meta property=\"og:site_name\" content=\"Solidarit\u00e9S Neuch\u00e2tel\" \/>\n<meta property=\"article:published_time\" content=\"2024-03-14T12:27:26+00:00\" \/>\n<meta property=\"article:modified_time\" content=\"2024-07-29T12:16:01+00:00\" \/>\n<meta property=\"og:image\" content=\"https:\/\/solidarites.ch\/ne\/wp-content\/uploads\/sites\/5\/2024\/03\/elections24-conseilgeneral.png\" \/>\n\t<meta property=\"og:image:width\" content=\"756\" \/>\n\t<meta property=\"og:image:height\" content=\"1081\" \/>\n\t<meta property=\"og:image:type\" content=\"image\/png\" \/>\n<meta name=\"author\" content=\"manolo\" \/>\n<meta name=\"twitter:card\" content=\"summary_large_image\" \/>\n<meta name=\"twitter:label1\" content=\"\u00c9crit par\" \/>\n\t<meta name=\"twitter:data1\" content=\"manolo\" \/>\n\t<meta name=\"twitter:label2\" content=\"Dur\u00e9e de lecture estim\u00e9e\" \/>\n\t<meta name=\"twitter:data2\" content=\"3 minutes\" \/>\n<script type=\"application\/ld+json\" class=\"yoast-schema-graph\">{\"@context\":\"https:\\\/\\\/schema.org\",\"@graph\":[{\"@type\":[\"Article\",\"BlogPosting\"],\"@id\":\"https:\\\/\\\/solidarites.ch\\\/ne\\\/2024\\\/03\\\/14\\\/solidarites-la-liste-anticapitaliste\\\/#article\",\"isPartOf\":{\"@id\":\"https:\\\/\\\/solidarites.ch\\\/ne\\\/2024\\\/03\\\/14\\\/solidarites-la-liste-anticapitaliste\\\/\"},\"author\":{\"name\":\"manolo\",\"@id\":\"https:\\\/\\\/solidarites.ch\\\/ne\\\/#\\\/schema\\\/person\\\/4f0aeef1f426731c3358f51ef1419ed5\"},\"headline\":\"solidarit\u00e9S, la liste anticapitaliste\u00a0!\",\"datePublished\":\"2024-03-14T12:27:26+00:00\",\"dateModified\":\"2024-07-29T12:16:01+00:00\",\"mainEntityOfPage\":{\"@id\":\"https:\\\/\\\/solidarites.ch\\\/ne\\\/2024\\\/03\\\/14\\\/solidarites-la-liste-anticapitaliste\\\/\"},\"wordCount\":412,\"image\":{\"@id\":\"https:\\\/\\\/solidarites.ch\\\/ne\\\/2024\\\/03\\\/14\\\/solidarites-la-liste-anticapitaliste\\\/#primaryimage\"},\"thumbnailUrl\":\"https:\\\/\\\/solidarites.ch\\\/ne\\\/wp-content\\\/uploads\\\/sites\\\/5\\\/2024\\\/03\\\/elections24-conseilgeneral.png\",\"inLanguage\":\"fr-FR\"},{\"@type\":\"WebPage\",\"@id\":\"https:\\\/\\\/solidarites.ch\\\/ne\\\/2024\\\/03\\\/14\\\/solidarites-la-liste-anticapitaliste\\\/\",\"url\":\"https:\\\/\\\/solidarites.ch\\\/ne\\\/2024\\\/03\\\/14\\\/solidarites-la-liste-anticapitaliste\\\/\",\"name\":\"solidarit\u00e9S, la liste anticapitaliste\u00a0! - Solidarit\u00e9S Neuch\u00e2tel\",\"isPartOf\":{\"@id\":\"https:\\\/\\\/solidarites.ch\\\/ne\\\/#website\"},\"primaryImageOfPage\":{\"@id\":\"https:\\\/\\\/solidarites.ch\\\/ne\\\/2024\\\/03\\\/14\\\/solidarites-la-liste-anticapitaliste\\\/#primaryimage\"},\"image\":{\"@id\":\"https:\\\/\\\/solidarites.ch\\\/ne\\\/2024\\\/03\\\/14\\\/solidarites-la-liste-anticapitaliste\\\/#primaryimage\"},\"thumbnailUrl\":\"https:\\\/\\\/solidarites.ch\\\/ne\\\/wp-content\\\/uploads\\\/sites\\\/5\\\/2024\\\/03\\\/elections24-conseilgeneral.png\",\"datePublished\":\"2024-03-14T12:27:26+00:00\",\"dateModified\":\"2024-07-29T12:16:01+00:00\",\"author\":{\"@id\":\"https:\\\/\\\/solidarites.ch\\\/ne\\\/#\\\/schema\\\/person\\\/4f0aeef1f426731c3358f51ef1419ed5\"},\"description\":\"Solidarit\u00e9S, actif depuis 28 ans au sein du Conseil G\u00e9n\u00e9ral de Neuch\u00e2tel, la liste anticapitaliste s\u2019engage au quotidien pour une commune sociale.\",\"breadcrumb\":{\"@id\":\"https:\\\/\\\/solidarites.ch\\\/ne\\\/2024\\\/03\\\/14\\\/solidarites-la-liste-anticapitaliste\\\/#breadcrumb\"},\"inLanguage\":\"fr-FR\",\"potentialAction\":[{\"@type\":\"ReadAction\",\"target\":[\"https:\\\/\\\/solidarites.ch\\\/ne\\\/2024\\\/03\\\/14\\\/solidarites-la-liste-anticapitaliste\\\/\"]}]},{\"@type\":\"ImageObject\",\"inLanguage\":\"fr-FR\",\"@id\":\"https:\\\/\\\/solidarites.ch\\\/ne\\\/2024\\\/03\\\/14\\\/solidarites-la-liste-anticapitaliste\\\/#primaryimage\",\"url\":\"https:\\\/\\\/solidarites.ch\\\/ne\\\/wp-content\\\/uploads\\\/sites\\\/5\\\/2024\\\/03\\\/elections24-conseilgeneral.png\",\"contentUrl\":\"https:\\\/\\\/solidarites.ch\\\/ne\\\/wp-content\\\/uploads\\\/sites\\\/5\\\/2024\\\/03\\\/elections24-conseilgeneral.png\",\"width\":756,\"height\":1081},{\"@type\":\"BreadcrumbList\",\"@id\":\"https:\\\/\\\/solidarites.ch\\\/ne\\\/2024\\\/03\\\/14\\\/solidarites-la-liste-anticapitaliste\\\/#breadcrumb\",\"itemListElement\":[{\"@type\":\"ListItem\",\"position\":1,\"name\":\"Accueil\",\"item\":\"https:\\\/\\\/solidarites.ch\\\/ne\\\/\"},{\"@type\":\"ListItem\",\"position\":2,\"name\":\"solidarit\u00e9S, la liste anticapitaliste\u00a0!\"}]},{\"@type\":\"WebSite\",\"@id\":\"https:\\\/\\\/solidarites.ch\\\/ne\\\/#website\",\"url\":\"https:\\\/\\\/solidarites.ch\\\/ne\\\/\",\"name\":\"Solidarit\u00e9S Neuch\u00e2tel\",\"description\":\"S&#039;organiser&lt;br&gt;pour&lt;br&gt;changer&lt;br&gt;le monde\",\"potentialAction\":[{\"@type\":\"SearchAction\",\"target\":{\"@type\":\"EntryPoint\",\"urlTemplate\":\"https:\\\/\\\/solidarites.ch\\\/ne\\\/?s={search_term_string}\"},\"query-input\":{\"@type\":\"PropertyValueSpecification\",\"valueRequired\":true,\"valueName\":\"search_term_string\"}}],\"inLanguage\":\"fr-FR\"},{\"@type\":\"Person\",\"@id\":\"https:\\\/\\\/solidarites.ch\\\/ne\\\/#\\\/schema\\\/person\\\/4f0aeef1f426731c3358f51ef1419ed5\",\"name\":\"manolo\",\"image\":{\"@type\":\"ImageObject\",\"inLanguage\":\"fr-FR\",\"@id\":\"https:\\\/\\\/secure.gravatar.com\\\/avatar\\\/6a8d00949bc230936079dc4abbd81429df8bbc57c417aa57c5c5987a8d60e091?s=96&d=mm&r=g\",\"url\":\"https:\\\/\\\/secure.gravatar.com\\\/avatar\\\/6a8d00949bc230936079dc4abbd81429df8bbc57c417aa57c5c5987a8d60e091?s=96&d=mm&r=g\",\"contentUrl\":\"https:\\\/\\\/secure.gravatar.com\\\/avatar\\\/6a8d00949bc230936079dc4abbd81429df8bbc57c417aa57c5c5987a8d60e091?s=96&d=mm&r=g\",\"caption\":\"manolo\"},\"url\":\"https:\\\/\\\/solidarites.ch\\\/ne\\\/author\\\/manolo\\\/\"}]}<\/script>\n<!-- \/ Yoast SEO plugin. -->","yoast_head_json":{"title":"solidarit\u00e9S, la liste anticapitaliste\u00a0! - Solidarit\u00e9S Neuch\u00e2tel","description":"Solidarit\u00e9S, actif depuis 28 ans au sein du Conseil G\u00e9n\u00e9ral de Neuch\u00e2tel, la liste anticapitaliste s\u2019engage au quotidien pour une commune sociale.","robots":{"index":"index","follow":"follow","max-snippet":"max-snippet:-1","max-image-preview":"max-image-preview:large","max-video-preview":"max-video-preview:-1"},"canonical":"https:\/\/solidarites.ch\/ne\/2024\/03\/14\/solidarites-la-liste-anticapitaliste\/","og_locale":"fr_FR","og_type":"article","og_title":"solidarit\u00e9S, la liste anticapitaliste\u00a0! - Solidarit\u00e9S Neuch\u00e2tel","og_description":"Solidarit\u00e9S, actif depuis 28 ans au sein du Conseil G\u00e9n\u00e9ral de Neuch\u00e2tel, la liste anticapitaliste s\u2019engage au quotidien pour une commune sociale.","og_url":"https:\/\/solidarites.ch\/ne\/2024\/03\/14\/solidarites-la-liste-anticapitaliste\/","og_site_name":"Solidarit\u00e9S Neuch\u00e2tel","article_published_time":"2024-03-14T12:27:26+00:00","article_modified_time":"2024-07-29T12:16:01+00:00","og_image":[{"width":756,"height":1081,"url":"https:\/\/solidarites.ch\/ne\/wp-content\/uploads\/sites\/5\/2024\/03\/elections24-conseilgeneral.png","type":"image\/png"}],"author":"manolo","twitter_card":"summary_large_image","twitter_misc":{"\u00c9crit par":"manolo","Dur\u00e9e de lecture estim\u00e9e":"3 minutes"},"schema":{"@context":"https:\/\/schema.org","@graph":[{"@type":["Article","BlogPosting"],"@id":"https:\/\/solidarites.ch\/ne\/2024\/03\/14\/solidarites-la-liste-anticapitaliste\/#article","isPartOf":{"@id":"https:\/\/solidarites.ch\/ne\/2024\/03\/14\/solidarites-la-liste-anticapitaliste\/"},"author":{"name":"manolo","@id":"https:\/\/solidarites.ch\/ne\/#\/schema\/person\/4f0aeef1f426731c3358f51ef1419ed5"},"headline":"solidarit\u00e9S, la liste anticapitaliste\u00a0!","datePublished":"2024-03-14T12:27:26+00:00","dateModified":"2024-07-29T12:16:01+00:00","mainEntityOfPage":{"@id":"https:\/\/solidarites.ch\/ne\/2024\/03\/14\/solidarites-la-liste-anticapitaliste\/"},"wordCount":412,"image":{"@id":"https:\/\/solidarites.ch\/ne\/2024\/03\/14\/solidarites-la-liste-anticapitaliste\/#primaryimage"},"thumbnailUrl":"https:\/\/solidarites.ch\/ne\/wp-content\/uploads\/sites\/5\/2024\/03\/elections24-conseilgeneral.png","inLanguage":"fr-FR"},{"@type":"WebPage","@id":"https:\/\/solidarites.ch\/ne\/2024\/03\/14\/solidarites-la-liste-anticapitaliste\/","url":"https:\/\/solidarites.ch\/ne\/2024\/03\/14\/solidarites-la-liste-anticapitaliste\/","name":"solidarit\u00e9S, la liste anticapitaliste\u00a0! - Solidarit\u00e9S Neuch\u00e2tel","isPartOf":{"@id":"https:\/\/solidarites.ch\/ne\/#website"},"primaryImageOfPage":{"@id":"https:\/\/solidarites.ch\/ne\/2024\/03\/14\/solidarites-la-liste-anticapitaliste\/#primaryimage"},"image":{"@id":"https:\/\/solidarites.ch\/ne\/2024\/03\/14\/solidarites-la-liste-anticapitaliste\/#primaryimage"},"thumbnailUrl":"https:\/\/solidarites.ch\/ne\/wp-content\/uploads\/sites\/5\/2024\/03\/elections24-conseilgeneral.png","datePublished":"2024-03-14T12:27:26+00:00","dateModified":"2024-07-29T12:16:01+00:00","author":{"@id":"https:\/\/solidarites.ch\/ne\/#\/schema\/person\/4f0aeef1f426731c3358f51ef1419ed5"},"description":"Solidarit\u00e9S, actif depuis 28 ans au sein du Conseil G\u00e9n\u00e9ral de Neuch\u00e2tel, la liste anticapitaliste s\u2019engage au quotidien pour une commune sociale.","breadcrumb":{"@id":"https:\/\/solidarites.ch\/ne\/2024\/03\/14\/solidarites-la-liste-anticapitaliste\/#breadcrumb"},"inLanguage":"fr-FR","potentialAction":[{"@type":"ReadAction","target":["https:\/\/solidarites.ch\/ne\/2024\/03\/14\/solidarites-la-liste-anticapitaliste\/"]}]},{"@type":"ImageObject","inLanguage":"fr-FR","@id":"https:\/\/solidarites.ch\/ne\/2024\/03\/14\/solidarites-la-liste-anticapitaliste\/#primaryimage","url":"https:\/\/solidarites.ch\/ne\/wp-content\/uploads\/sites\/5\/2024\/03\/elections24-conseilgeneral.png","contentUrl":"https:\/\/solidarites.ch\/ne\/wp-content\/uploads\/sites\/5\/2024\/03\/elections24-conseilgeneral.png","width":756,"height":1081},{"@type":"BreadcrumbList","@id":"https:\/\/solidarites.ch\/ne\/2024\/03\/14\/solidarites-la-liste-anticapitaliste\/#breadcrumb","itemListElement":[{"@type":"ListItem","position":1,"name":"Accueil","item":"https:\/\/solidarites.ch\/ne\/"},{"@type":"ListItem","position":2,"name":"solidarit\u00e9S, la liste anticapitaliste\u00a0!"}]},{"@type":"WebSite","@id":"https:\/\/solidarites.ch\/ne\/#website","url":"https:\/\/solidarites.ch\/ne\/","name":"Solidarit\u00e9S Neuch\u00e2tel","description":"S&#039;organiser&lt;br&gt;pour&lt;br&gt;changer&lt;br&gt;le monde","potentialAction":[{"@type":"SearchAction","target":{"@type":"EntryPoint","urlTemplate":"https:\/\/solidarites.ch\/ne\/?s={search_term_string}"},"query-input":{"@type":"PropertyValueSpecification","valueRequired":true,"valueName":"search_term_string"}}],"inLanguage":"fr-FR"},{"@type":"Person","@id":"https:\/\/solidarites.ch\/ne\/#\/schema\/person\/4f0aeef1f426731c3358f51ef1419ed5","name":"manolo","image":{"@type":"ImageObject","inLanguage":"fr-FR","@id":"https:\/\/secure.gravatar.com\/avatar\/6a8d00949bc230936079dc4abbd81429df8bbc57c417aa57c5c5987a8d60e091?s=96&d=mm&r=g","url":"https:\/\/secure.gravatar.com\/avatar\/6a8d00949bc230936079dc4abbd81429df8bbc57c417aa57c5c5987a8d60e091?s=96&d=mm&r=g","contentUrl":"https:\/\/secure.gravatar.com\/avatar\/6a8d00949bc230936079dc4abbd81429df8bbc57c417aa57c5c5987a8d60e091?s=96&d=mm&r=g","caption":"manolo"},"url":"https:\/\/solidarites.ch\/ne\/author\/manolo\/"}]}},"distributor_meta":false,"distributor_terms":false,"distributor_media":false,"distributor_original_site_name":"Solidarit\u00e9S Neuch\u00e2tel","distributor_original_site_url":"https:\/\/solidarites.ch\/ne","push-errors":false,"_links":{"self":[{"href":"https:\/\/solidarites.ch\/ne\/wp-json\/wp\/v2\/posts\/1567","targetHints":{"allow":["GET"]}}],"collection":[{"href":"https:\/\/solidarites.ch\/ne\/wp-json\/wp\/v2\/posts"}],"about":[{"href":"https:\/\/solidarites.ch\/ne\/wp-json\/wp\/v2\/types\/post"}],"author":[{"embeddable":true,"href":"https:\/\/solidarites.ch\/ne\/wp-json\/wp\/v2\/users\/23"}],"replies":[{"embeddable":true,"href":"https:\/\/solidarites.ch\/ne\/wp-json\/wp\/v2\/comments?post=1567"}],"version-history":[{"count":16,"href":"https:\/\/solidarites.ch\/ne\/wp-json\/wp\/v2\/posts\/1567\/revisions"}],"predecessor-version":[{"id":1672,"href":"https:\/\/solidarites.ch\/ne\/wp-json\/wp\/v2\/posts\/1567\/revisions\/1672"}],"wp:featuredmedia":[{"embeddable":true,"href":"https:\/\/solidarites.ch\/ne\/wp-json\/wp\/v2\/media\/1570"}],"wp:attachment":[{"href":"https:\/\/solidarites.ch\/ne\/wp-json\/wp\/v2\/media?parent=1567"}],"wp:term":[{"taxonomy":"tx_journal_display","embeddable":true,"href":"https:\/\/solidarites.ch\/ne\/wp-json\/wp\/v2\/tx_journal_display?post=1567"}],"curies":[{"name":"wp","href":"https:\/\/api.w.org\/{rel}","templated":true}]}}