{"id":1615,"date":"2024-05-07T14:40:52","date_gmt":"2024-05-07T12:40:52","guid":{"rendered":"https:\/\/solidarites.ch\/ne\/?p=1615"},"modified":"2024-10-23T14:47:34","modified_gmt":"2024-10-23T12:47:34","slug":"pour-une-forte-majorite-de-gauche-au-conseil-communal","status":"publish","type":"post","link":"https:\/\/solidarites.ch\/ne\/2024\/05\/07\/pour-une-forte-majorite-de-gauche-au-conseil-communal\/","title":{"rendered":"Pour une forte majorit\u00e9 de gauche au Conseil Communal"},"content":{"rendered":"\n<p>Le Conseil g\u00e9n\u00e9ral a \u00e9t\u00e9 confirm\u00e9 dans sa majorit\u00e9 \u00e0 gauche et les 3 \u00e9lu\u00b7e\u00b7s de solidarit\u00e9S d\u00e9fendront leurs propositions d&rsquo;une politique sociale, f\u00e9ministe, \u00e9cologiste, antiraciste, bref anticapitaliste. La liste de l&rsquo;alliance de gauche &#8211; avec ses 4 candidat\u00b7e\u00b7s en t\u00eate du scrutin du Conseil communal au 1er tour-, a de bonnes chances de se voir confirm\u00e9e. C&rsquo;est la meilleure configuration pour que certaines de nos propositions puissent se concr\u00e9tiser. C\u2019est pourquoi, solidarit\u00e9S appelle \u00e0 voter la liste \u00ab&nbsp;Alliance de gauche verte et socialiste&nbsp;\u00bb au deuxi\u00e8me tour.<\/p>\n","protected":false},"excerpt":{"rendered":"<p>Le Conseil g\u00e9n\u00e9ral a \u00e9t\u00e9 confirm\u00e9 dans sa majorit\u00e9 \u00e0 gauche et les 3 \u00e9lu\u00b7e\u00b7s de solidarit\u00e9S d\u00e9fendront leurs propositions d&rsquo;une politique sociale, f\u00e9ministe, \u00e9cologiste, antiraciste, bref anticapitaliste. La liste de l&rsquo;alliance de gauche &#8211; avec ses 4 candidat\u00b7e\u00b7s en t\u00eate du scrutin du Conseil communal au 1er tour-, a de bonnes chances de se &hellip; <a href=\"https:\/\/solidarites.ch\/ne\/2024\/05\/07\/pour-une-forte-majorite-de-gauche-au-conseil-communal\/\">Continued<\/a><\/p>\n","protected":false},"author":23,"featured_media":0,"comment_status":"closed","ping_status":"closed","sticky":false,"template":"","format":"standard","meta":{"_acf_changed":false,"_monsterinsights_skip_tracking":false,"_monsterinsights_sitenote_active":false,"_monsterinsights_sitenote_note":"","_monsterinsights_sitenote_category":0,"footnotes":""},"tx_journal_display":[],"class_list":["post-1615","post","type-post","status-publish","format-standard","hentry","tx_journal_sections-campagnes","tx_journal_sections-elections","tx_journal_sections-neuchatel"],"acf":[],"yoast_head":"<!-- This site is optimized with the Yoast SEO plugin v27.5 - https:\/\/yoast.com\/product\/yoast-seo-wordpress\/ -->\n<title>Pour une forte majorit\u00e9 de gauche au Conseil Communal - Solidarit\u00e9S Neuch\u00e2tel<\/title>\n<meta name=\"robots\" content=\"index, follow, max-snippet:-1, max-image-preview:large, max-video-preview:-1\" \/>\n<link rel=\"canonical\" href=\"https:\/\/solidarites.ch\/ne\/2024\/05\/07\/pour-une-forte-majorite-de-gauche-au-conseil-communal\/\" \/>\n<meta property=\"og:locale\" content=\"fr_FR\" \/>\n<meta property=\"og:type\" content=\"article\" \/>\n<meta property=\"og:title\" content=\"Pour une forte majorit\u00e9 de gauche au Conseil Communal - Solidarit\u00e9S Neuch\u00e2tel\" \/>\n<meta property=\"og:description\" content=\"Le Conseil g\u00e9n\u00e9ral a \u00e9t\u00e9 confirm\u00e9 dans sa majorit\u00e9 \u00e0 gauche et les 3 \u00e9lu\u00b7e\u00b7s de solidarit\u00e9S d\u00e9fendront leurs propositions d&rsquo;une politique sociale, f\u00e9ministe, \u00e9cologiste, antiraciste, bref anticapitaliste. La liste de l&rsquo;alliance de gauche &#8211; avec ses 4 candidat\u00b7e\u00b7s en t\u00eate du scrutin du Conseil communal au 1er tour-, a de bonnes chances de se &hellip; Continued\" \/>\n<meta property=\"og:url\" content=\"https:\/\/solidarites.ch\/ne\/2024\/05\/07\/pour-une-forte-majorite-de-gauche-au-conseil-communal\/\" \/>\n<meta property=\"og:site_name\" content=\"Solidarit\u00e9S Neuch\u00e2tel\" \/>\n<meta property=\"article:published_time\" content=\"2024-05-07T12:40:52+00:00\" \/>\n<meta property=\"article:modified_time\" content=\"2024-10-23T12:47:34+00:00\" \/>\n<meta name=\"author\" content=\"manolo\" \/>\n<meta name=\"twitter:card\" content=\"summary_large_image\" \/>\n<meta name=\"twitter:label1\" content=\"\u00c9crit par\" \/>\n\t<meta name=\"twitter:data1\" content=\"manolo\" \/>\n\t<meta name=\"twitter:label2\" content=\"Dur\u00e9e de lecture estim\u00e9e\" \/>\n\t<meta name=\"twitter:data2\" content=\"1 minute\" \/>\n<script type=\"application\/ld+json\" class=\"yoast-schema-graph\">{\"@context\":\"https:\\\/\\\/schema.org\",\"@graph\":[{\"@type\":\"Article\",\"@id\":\"https:\\\/\\\/solidarites.ch\\\/ne\\\/2024\\\/05\\\/07\\\/pour-une-forte-majorite-de-gauche-au-conseil-communal\\\/#article\",\"isPartOf\":{\"@id\":\"https:\\\/\\\/solidarites.ch\\\/ne\\\/2024\\\/05\\\/07\\\/pour-une-forte-majorite-de-gauche-au-conseil-communal\\\/\"},\"author\":{\"name\":\"manolo\",\"@id\":\"https:\\\/\\\/solidarites.ch\\\/ne\\\/#\\\/schema\\\/person\\\/4f0aeef1f426731c3358f51ef1419ed5\"},\"headline\":\"Pour une forte majorit\u00e9 de gauche au Conseil Communal\",\"datePublished\":\"2024-05-07T12:40:52+00:00\",\"dateModified\":\"2024-10-23T12:47:34+00:00\",\"mainEntityOfPage\":{\"@id\":\"https:\\\/\\\/solidarites.ch\\\/ne\\\/2024\\\/05\\\/07\\\/pour-une-forte-majorite-de-gauche-au-conseil-communal\\\/\"},\"wordCount\":112,\"inLanguage\":\"fr-FR\"},{\"@type\":\"WebPage\",\"@id\":\"https:\\\/\\\/solidarites.ch\\\/ne\\\/2024\\\/05\\\/07\\\/pour-une-forte-majorite-de-gauche-au-conseil-communal\\\/\",\"url\":\"https:\\\/\\\/solidarites.ch\\\/ne\\\/2024\\\/05\\\/07\\\/pour-une-forte-majorite-de-gauche-au-conseil-communal\\\/\",\"name\":\"Pour une forte majorit\u00e9 de gauche au Conseil Communal - Solidarit\u00e9S Neuch\u00e2tel\",\"isPartOf\":{\"@id\":\"https:\\\/\\\/solidarites.ch\\\/ne\\\/#website\"},\"datePublished\":\"2024-05-07T12:40:52+00:00\",\"dateModified\":\"2024-10-23T12:47:34+00:00\",\"author\":{\"@id\":\"https:\\\/\\\/solidarites.ch\\\/ne\\\/#\\\/schema\\\/person\\\/4f0aeef1f426731c3358f51ef1419ed5\"},\"breadcrumb\":{\"@id\":\"https:\\\/\\\/solidarites.ch\\\/ne\\\/2024\\\/05\\\/07\\\/pour-une-forte-majorite-de-gauche-au-conseil-communal\\\/#breadcrumb\"},\"inLanguage\":\"fr-FR\",\"potentialAction\":[{\"@type\":\"ReadAction\",\"target\":[\"https:\\\/\\\/solidarites.ch\\\/ne\\\/2024\\\/05\\\/07\\\/pour-une-forte-majorite-de-gauche-au-conseil-communal\\\/\"]}]},{\"@type\":\"BreadcrumbList\",\"@id\":\"https:\\\/\\\/solidarites.ch\\\/ne\\\/2024\\\/05\\\/07\\\/pour-une-forte-majorite-de-gauche-au-conseil-communal\\\/#breadcrumb\",\"itemListElement\":[{\"@type\":\"ListItem\",\"position\":1,\"name\":\"Accueil\",\"item\":\"https:\\\/\\\/solidarites.ch\\\/ne\\\/\"},{\"@type\":\"ListItem\",\"position\":2,\"name\":\"Pour une forte majorit\u00e9 de gauche au Conseil Communal\"}]},{\"@type\":\"WebSite\",\"@id\":\"https:\\\/\\\/solidarites.ch\\\/ne\\\/#website\",\"url\":\"https:\\\/\\\/solidarites.ch\\\/ne\\\/\",\"name\":\"Solidarit\u00e9S Neuch\u00e2tel\",\"description\":\"S&#039;organiser&lt;br&gt;pour&lt;br&gt;changer&lt;br&gt;le monde\",\"potentialAction\":[{\"@type\":\"SearchAction\",\"target\":{\"@type\":\"EntryPoint\",\"urlTemplate\":\"https:\\\/\\\/solidarites.ch\\\/ne\\\/?s={search_term_string}\"},\"query-input\":{\"@type\":\"PropertyValueSpecification\",\"valueRequired\":true,\"valueName\":\"search_term_string\"}}],\"inLanguage\":\"fr-FR\"},{\"@type\":\"Person\",\"@id\":\"https:\\\/\\\/solidarites.ch\\\/ne\\\/#\\\/schema\\\/person\\\/4f0aeef1f426731c3358f51ef1419ed5\",\"name\":\"manolo\",\"image\":{\"@type\":\"ImageObject\",\"inLanguage\":\"fr-FR\",\"@id\":\"https:\\\/\\\/secure.gravatar.com\\\/avatar\\\/6a8d00949bc230936079dc4abbd81429df8bbc57c417aa57c5c5987a8d60e091?s=96&d=mm&r=g\",\"url\":\"https:\\\/\\\/secure.gravatar.com\\\/avatar\\\/6a8d00949bc230936079dc4abbd81429df8bbc57c417aa57c5c5987a8d60e091?s=96&d=mm&r=g\",\"contentUrl\":\"https:\\\/\\\/secure.gravatar.com\\\/avatar\\\/6a8d00949bc230936079dc4abbd81429df8bbc57c417aa57c5c5987a8d60e091?s=96&d=mm&r=g\",\"caption\":\"manolo\"},\"url\":\"https:\\\/\\\/solidarites.ch\\\/ne\\\/author\\\/manolo\\\/\"}]}<\/script>\n<!-- \/ Yoast SEO plugin. -->","yoast_head_json":{"title":"Pour une forte majorit\u00e9 de gauche au Conseil Communal - Solidarit\u00e9S Neuch\u00e2tel","robots":{"index":"index","follow":"follow","max-snippet":"max-snippet:-1","max-image-preview":"max-image-preview:large","max-video-preview":"max-video-preview:-1"},"canonical":"https:\/\/solidarites.ch\/ne\/2024\/05\/07\/pour-une-forte-majorite-de-gauche-au-conseil-communal\/","og_locale":"fr_FR","og_type":"article","og_title":"Pour une forte majorit\u00e9 de gauche au Conseil Communal - Solidarit\u00e9S Neuch\u00e2tel","og_description":"Le Conseil g\u00e9n\u00e9ral a \u00e9t\u00e9 confirm\u00e9 dans sa majorit\u00e9 \u00e0 gauche et les 3 \u00e9lu\u00b7e\u00b7s de solidarit\u00e9S d\u00e9fendront leurs propositions d&rsquo;une politique sociale, f\u00e9ministe, \u00e9cologiste, antiraciste, bref anticapitaliste. La liste de l&rsquo;alliance de gauche &#8211; avec ses 4 candidat\u00b7e\u00b7s en t\u00eate du scrutin du Conseil communal au 1er tour-, a de bonnes chances de se &hellip; Continued","og_url":"https:\/\/solidarites.ch\/ne\/2024\/05\/07\/pour-une-forte-majorite-de-gauche-au-conseil-communal\/","og_site_name":"Solidarit\u00e9S Neuch\u00e2tel","article_published_time":"2024-05-07T12:40:52+00:00","article_modified_time":"2024-10-23T12:47:34+00:00","author":"manolo","twitter_card":"summary_large_image","twitter_misc":{"\u00c9crit par":"manolo","Dur\u00e9e de lecture estim\u00e9e":"1 minute"},"schema":{"@context":"https:\/\/schema.org","@graph":[{"@type":"Article","@id":"https:\/\/solidarites.ch\/ne\/2024\/05\/07\/pour-une-forte-majorite-de-gauche-au-conseil-communal\/#article","isPartOf":{"@id":"https:\/\/solidarites.ch\/ne\/2024\/05\/07\/pour-une-forte-majorite-de-gauche-au-conseil-communal\/"},"author":{"name":"manolo","@id":"https:\/\/solidarites.ch\/ne\/#\/schema\/person\/4f0aeef1f426731c3358f51ef1419ed5"},"headline":"Pour une forte majorit\u00e9 de gauche au Conseil Communal","datePublished":"2024-05-07T12:40:52+00:00","dateModified":"2024-10-23T12:47:34+00:00","mainEntityOfPage":{"@id":"https:\/\/solidarites.ch\/ne\/2024\/05\/07\/pour-une-forte-majorite-de-gauche-au-conseil-communal\/"},"wordCount":112,"inLanguage":"fr-FR"},{"@type":"WebPage","@id":"https:\/\/solidarites.ch\/ne\/2024\/05\/07\/pour-une-forte-majorite-de-gauche-au-conseil-communal\/","url":"https:\/\/solidarites.ch\/ne\/2024\/05\/07\/pour-une-forte-majorite-de-gauche-au-conseil-communal\/","name":"Pour une forte majorit\u00e9 de gauche au Conseil Communal - Solidarit\u00e9S Neuch\u00e2tel","isPartOf":{"@id":"https:\/\/solidarites.ch\/ne\/#website"},"datePublished":"2024-05-07T12:40:52+00:00","dateModified":"2024-10-23T12:47:34+00:00","author":{"@id":"https:\/\/solidarites.ch\/ne\/#\/schema\/person\/4f0aeef1f426731c3358f51ef1419ed5"},"breadcrumb":{"@id":"https:\/\/solidarites.ch\/ne\/2024\/05\/07\/pour-une-forte-majorite-de-gauche-au-conseil-communal\/#breadcrumb"},"inLanguage":"fr-FR","potentialAction":[{"@type":"ReadAction","target":["https:\/\/solidarites.ch\/ne\/2024\/05\/07\/pour-une-forte-majorite-de-gauche-au-conseil-communal\/"]}]},{"@type":"BreadcrumbList","@id":"https:\/\/solidarites.ch\/ne\/2024\/05\/07\/pour-une-forte-majorite-de-gauche-au-conseil-communal\/#breadcrumb","itemListElement":[{"@type":"ListItem","position":1,"name":"Accueil","item":"https:\/\/solidarites.ch\/ne\/"},{"@type":"ListItem","position":2,"name":"Pour une forte majorit\u00e9 de gauche au Conseil Communal"}]},{"@type":"WebSite","@id":"https:\/\/solidarites.ch\/ne\/#website","url":"https:\/\/solidarites.ch\/ne\/","name":"Solidarit\u00e9S Neuch\u00e2tel","description":"S&#039;organiser&lt;br&gt;pour&lt;br&gt;changer&lt;br&gt;le monde","potentialAction":[{"@type":"SearchAction","target":{"@type":"EntryPoint","urlTemplate":"https:\/\/solidarites.ch\/ne\/?s={search_term_string}"},"query-input":{"@type":"PropertyValueSpecification","valueRequired":true,"valueName":"search_term_string"}}],"inLanguage":"fr-FR"},{"@type":"Person","@id":"https:\/\/solidarites.ch\/ne\/#\/schema\/person\/4f0aeef1f426731c3358f51ef1419ed5","name":"manolo","image":{"@type":"ImageObject","inLanguage":"fr-FR","@id":"https:\/\/secure.gravatar.com\/avatar\/6a8d00949bc230936079dc4abbd81429df8bbc57c417aa57c5c5987a8d60e091?s=96&d=mm&r=g","url":"https:\/\/secure.gravatar.com\/avatar\/6a8d00949bc230936079dc4abbd81429df8bbc57c417aa57c5c5987a8d60e091?s=96&d=mm&r=g","contentUrl":"https:\/\/secure.gravatar.com\/avatar\/6a8d00949bc230936079dc4abbd81429df8bbc57c417aa57c5c5987a8d60e091?s=96&d=mm&r=g","caption":"manolo"},"url":"https:\/\/solidarites.ch\/ne\/author\/manolo\/"}]}},"distributor_meta":false,"distributor_terms":false,"distributor_media":false,"distributor_original_site_name":"Solidarit\u00e9S Neuch\u00e2tel","distributor_original_site_url":"https:\/\/solidarites.ch\/ne","push-errors":false,"_links":{"self":[{"href":"https:\/\/solidarites.ch\/ne\/wp-json\/wp\/v2\/posts\/1615","targetHints":{"allow":["GET"]}}],"collection":[{"href":"https:\/\/solidarites.ch\/ne\/wp-json\/wp\/v2\/posts"}],"about":[{"href":"https:\/\/solidarites.ch\/ne\/wp-json\/wp\/v2\/types\/post"}],"author":[{"embeddable":true,"href":"https:\/\/solidarites.ch\/ne\/wp-json\/wp\/v2\/users\/23"}],"replies":[{"embeddable":true,"href":"https:\/\/solidarites.ch\/ne\/wp-json\/wp\/v2\/comments?post=1615"}],"version-history":[{"count":2,"href":"https:\/\/solidarites.ch\/ne\/wp-json\/wp\/v2\/posts\/1615\/revisions"}],"predecessor-version":[{"id":1774,"href":"https:\/\/solidarites.ch\/ne\/wp-json\/wp\/v2\/posts\/1615\/revisions\/1774"}],"wp:attachment":[{"href":"https:\/\/solidarites.ch\/ne\/wp-json\/wp\/v2\/media?parent=1615"}],"wp:term":[{"taxonomy":"tx_journal_display","embeddable":true,"href":"https:\/\/solidarites.ch\/ne\/wp-json\/wp\/v2\/tx_journal_display?post=1615"}],"curies":[{"name":"wp","href":"https:\/\/api.w.org\/{rel}","templated":true}]}}