{"id":1675,"date":"2024-08-10T17:11:43","date_gmt":"2024-08-10T15:11:43","guid":{"rendered":"https:\/\/solidarites.ch\/ne\/?p=1675"},"modified":"2024-10-23T14:48:45","modified_gmt":"2024-10-23T12:48:45","slug":"votations-federales-22-septembre","status":"publish","type":"post","link":"https:\/\/solidarites.ch\/ne\/2024\/08\/10\/votations-federales-22-septembre\/","title":{"rendered":"Votations f\u00e9d\u00e9rales 22 septembre"},"content":{"rendered":"\n<figure class=\"wp-block-image size-large\"><img loading=\"lazy\" decoding=\"async\" width=\"1024\" height=\"686\" src=\"https:\/\/solidarites.ch\/ne\/wp-content\/uploads\/sites\/5\/2024\/08\/plakat-nl-sol-202408-1-1024x686.jpg\" alt=\"\" class=\"wp-image-1709\" srcset=\"https:\/\/solidarites.ch\/ne\/wp-content\/uploads\/sites\/5\/2024\/08\/plakat-nl-sol-202408-1-1024x686.jpg 1024w, https:\/\/solidarites.ch\/ne\/wp-content\/uploads\/sites\/5\/2024\/08\/plakat-nl-sol-202408-1-300x201.jpg 300w, https:\/\/solidarites.ch\/ne\/wp-content\/uploads\/sites\/5\/2024\/08\/plakat-nl-sol-202408-1-768x514.jpg 768w, https:\/\/solidarites.ch\/ne\/wp-content\/uploads\/sites\/5\/2024\/08\/plakat-nl-sol-202408-1-1536x1029.jpg 1536w, https:\/\/solidarites.ch\/ne\/wp-content\/uploads\/sites\/5\/2024\/08\/plakat-nl-sol-202408-1-2048x1372.jpg 2048w\" sizes=\"auto, (max-width: 1024px) 100vw, 1024px\" \/>\n<div class='wp-description'><\/div><\/figure>\n\n\n<p><strong>Votons NON \u00e0 la r\u00e9forme de la LPP le 22 septembre !<\/strong><\/p>\n\n\n\n<p>La r\u00e9forme de la loi sur les caisses de pension (LPP21) a \u00e9t\u00e9 adopt\u00e9e par le parlement \u00e0 une large majorit\u00e9. Le r\u00e9f\u00e9rendum a \u00e9t\u00e9 saisi par les syndicats et les forces de gauche, car c\u2019est encore une de ces propositions pernicieuses qui aboutit \u00e0 une augmentation des in\u00e9galit\u00e9s. Les deux mesures phares sont la baisse du taux de conversion de 6,8% \u00e0 6% pour la partie obligatoire de la pr\u00e9voyance professionnelle et l\u2019abaissement du seuil d\u2019acc\u00e8s au 2e pilier de 22 000.- \u00e0 19 800.-. Les partisans de la r\u00e9forme pr\u00e9sentent l\u2019abaissement du seuil d\u2019acc\u00e8s au 2e pilier comme une chance dont b\u00e9n\u00e9ficieraient majoritairement des travailleuses. En r\u00e9alit\u00e9, les bas salaires, qui suffisent \u00e0 peine pour vivre, vont encore baisser puisqu\u2019ils seront obligatoirement soumis \u00e0 une nouvelle cotisation. Les travailleuses et travailleurs les plus pr\u00e9caires vont voir leur salaire net baisser sans qu\u2019une meilleure rente leur soit garantie. Seule certitude : le capital accumul\u00e9 des caisses de pension (plus de 1000 milliards !) continuera d\u2019engraisser banques, assurances et cabinets divers.<\/p>\n\n\n\n<p><strong>Votons OUI \u00e0 la biodiversit\u00e9 le 22 septembre<\/strong><\/p>\n\n\n\n<p>L\u2019initiative sur la biodiversit\u00e9 a \u00e9t\u00e9 lanc\u00e9e en 2019 par Pro Natura et les milieux de la protection de la nature. Elle demande que la Conf\u00e9d\u00e9ration mette \u00e0 disposition les espaces n\u00e9cessaires \u00e0 garantir la sauvegarde et le renforcement de la biodiversit\u00e9. Aucun objectif chiffr\u00e9 n\u2019est mentionn\u00e9. Une demande d\u2019apparence si raisonnable a fait se lever l\u2019UDC et l\u2019USP (Union Suisse des Paysans) qui organisent des conf\u00e9rences de presse communes pour d\u00e9noncer une initiative \u00ab extr\u00eame \u00bb qui mettrait en danger la production d\u2019aliments, de bois et d\u2019\u00e9nergie en Suisse. En s\u2019alliant avec l\u2019UDC pour contester la protection de la biodiversit\u00e9, le monde paysan majoritaire donne un tr\u00e8s mauvais signal. Ils ne sont pas pr\u00eats \u00e0 abandonner les pratiques agricoles insoutenables pour l\u2019avenir de la plan\u00e8te. Voter OUI, c\u2019est aussi soutenir la part minoritaire du monde paysan conscient des d\u00e9fis environnementaux que nous devons affronter et qui adapte ses pratiques.<\/p>\n","protected":false},"excerpt":{"rendered":"<p>Votons NON \u00e0 la r\u00e9forme de la LPP le 22 septembre ! La r\u00e9forme de la loi sur les caisses de pension (LPP21) a \u00e9t\u00e9 adopt\u00e9e par le parlement \u00e0 une large majorit\u00e9. Le r\u00e9f\u00e9rendum a \u00e9t\u00e9 saisi par les syndicats et les forces de gauche, car c\u2019est encore une de ces propositions pernicieuses qui &hellip; <a href=\"https:\/\/solidarites.ch\/ne\/2024\/08\/10\/votations-federales-22-septembre\/\">Continued<\/a><\/p>\n","protected":false},"author":23,"featured_media":1709,"comment_status":"closed","ping_status":"closed","sticky":false,"template":"","format":"standard","meta":{"_acf_changed":false,"_monsterinsights_skip_tracking":false,"_monsterinsights_sitenote_active":false,"_monsterinsights_sitenote_note":"","_monsterinsights_sitenote_category":0,"footnotes":""},"tx_journal_display":[],"class_list":["post-1675","post","type-post","status-publish","format-standard","has-post-thumbnail","hentry","tx_journal_sections-neuchatel","tx_journal_sections-votations"],"acf":[],"yoast_head":"<!-- This site is optimized with the Yoast SEO plugin v27.5 - https:\/\/yoast.com\/product\/yoast-seo-wordpress\/ -->\n<title>Votations f\u00e9d\u00e9rales 22 septembre - Solidarit\u00e9S Neuch\u00e2tel<\/title>\n<meta name=\"robots\" content=\"index, follow, max-snippet:-1, max-image-preview:large, max-video-preview:-1\" \/>\n<link rel=\"canonical\" href=\"https:\/\/solidarites.ch\/ne\/2024\/08\/10\/votations-federales-22-septembre\/\" \/>\n<meta property=\"og:locale\" content=\"fr_FR\" \/>\n<meta property=\"og:type\" content=\"article\" \/>\n<meta property=\"og:title\" content=\"Votations f\u00e9d\u00e9rales 22 septembre - Solidarit\u00e9S Neuch\u00e2tel\" \/>\n<meta property=\"og:description\" content=\"Votons NON \u00e0 la r\u00e9forme de la LPP le 22 septembre ! La r\u00e9forme de la loi sur les caisses de pension (LPP21) a \u00e9t\u00e9 adopt\u00e9e par le parlement \u00e0 une large majorit\u00e9. Le r\u00e9f\u00e9rendum a \u00e9t\u00e9 saisi par les syndicats et les forces de gauche, car c\u2019est encore une de ces propositions pernicieuses qui &hellip; Continued\" \/>\n<meta property=\"og:url\" content=\"https:\/\/solidarites.ch\/ne\/2024\/08\/10\/votations-federales-22-septembre\/\" \/>\n<meta property=\"og:site_name\" content=\"Solidarit\u00e9S Neuch\u00e2tel\" \/>\n<meta property=\"article:published_time\" content=\"2024-08-10T15:11:43+00:00\" \/>\n<meta property=\"article:modified_time\" content=\"2024-10-23T12:48:45+00:00\" \/>\n<meta property=\"og:image\" content=\"https:\/\/solidarites.ch\/ne\/wp-content\/uploads\/sites\/5\/2024\/08\/plakat-nl-sol-202408-1-scaled.jpg\" \/>\n\t<meta property=\"og:image:width\" content=\"2560\" \/>\n\t<meta property=\"og:image:height\" content=\"1715\" \/>\n\t<meta property=\"og:image:type\" content=\"image\/jpeg\" \/>\n<meta name=\"author\" content=\"manolo\" \/>\n<meta name=\"twitter:card\" content=\"summary_large_image\" \/>\n<meta name=\"twitter:label1\" content=\"\u00c9crit par\" \/>\n\t<meta name=\"twitter:data1\" content=\"manolo\" \/>\n\t<meta name=\"twitter:label2\" content=\"Dur\u00e9e de lecture estim\u00e9e\" \/>\n\t<meta name=\"twitter:data2\" content=\"3 minutes\" \/>\n<script type=\"application\/ld+json\" class=\"yoast-schema-graph\">{\"@context\":\"https:\\\/\\\/schema.org\",\"@graph\":[{\"@type\":\"Article\",\"@id\":\"https:\\\/\\\/solidarites.ch\\\/ne\\\/2024\\\/08\\\/10\\\/votations-federales-22-septembre\\\/#article\",\"isPartOf\":{\"@id\":\"https:\\\/\\\/solidarites.ch\\\/ne\\\/2024\\\/08\\\/10\\\/votations-federales-22-septembre\\\/\"},\"author\":{\"name\":\"manolo\",\"@id\":\"https:\\\/\\\/solidarites.ch\\\/ne\\\/#\\\/schema\\\/person\\\/4f0aeef1f426731c3358f51ef1419ed5\"},\"headline\":\"Votations f\u00e9d\u00e9rales 22 septembre\",\"datePublished\":\"2024-08-10T15:11:43+00:00\",\"dateModified\":\"2024-10-23T12:48:45+00:00\",\"mainEntityOfPage\":{\"@id\":\"https:\\\/\\\/solidarites.ch\\\/ne\\\/2024\\\/08\\\/10\\\/votations-federales-22-septembre\\\/\"},\"wordCount\":368,\"image\":{\"@id\":\"https:\\\/\\\/solidarites.ch\\\/ne\\\/2024\\\/08\\\/10\\\/votations-federales-22-septembre\\\/#primaryimage\"},\"thumbnailUrl\":\"https:\\\/\\\/solidarites.ch\\\/ne\\\/wp-content\\\/uploads\\\/sites\\\/5\\\/2024\\\/08\\\/plakat-nl-sol-202408-1-scaled.jpg\",\"inLanguage\":\"fr-FR\"},{\"@type\":\"WebPage\",\"@id\":\"https:\\\/\\\/solidarites.ch\\\/ne\\\/2024\\\/08\\\/10\\\/votations-federales-22-septembre\\\/\",\"url\":\"https:\\\/\\\/solidarites.ch\\\/ne\\\/2024\\\/08\\\/10\\\/votations-federales-22-septembre\\\/\",\"name\":\"Votations f\u00e9d\u00e9rales 22 septembre - Solidarit\u00e9S Neuch\u00e2tel\",\"isPartOf\":{\"@id\":\"https:\\\/\\\/solidarites.ch\\\/ne\\\/#website\"},\"primaryImageOfPage\":{\"@id\":\"https:\\\/\\\/solidarites.ch\\\/ne\\\/2024\\\/08\\\/10\\\/votations-federales-22-septembre\\\/#primaryimage\"},\"image\":{\"@id\":\"https:\\\/\\\/solidarites.ch\\\/ne\\\/2024\\\/08\\\/10\\\/votations-federales-22-septembre\\\/#primaryimage\"},\"thumbnailUrl\":\"https:\\\/\\\/solidarites.ch\\\/ne\\\/wp-content\\\/uploads\\\/sites\\\/5\\\/2024\\\/08\\\/plakat-nl-sol-202408-1-scaled.jpg\",\"datePublished\":\"2024-08-10T15:11:43+00:00\",\"dateModified\":\"2024-10-23T12:48:45+00:00\",\"author\":{\"@id\":\"https:\\\/\\\/solidarites.ch\\\/ne\\\/#\\\/schema\\\/person\\\/4f0aeef1f426731c3358f51ef1419ed5\"},\"breadcrumb\":{\"@id\":\"https:\\\/\\\/solidarites.ch\\\/ne\\\/2024\\\/08\\\/10\\\/votations-federales-22-septembre\\\/#breadcrumb\"},\"inLanguage\":\"fr-FR\",\"potentialAction\":[{\"@type\":\"ReadAction\",\"target\":[\"https:\\\/\\\/solidarites.ch\\\/ne\\\/2024\\\/08\\\/10\\\/votations-federales-22-septembre\\\/\"]}]},{\"@type\":\"ImageObject\",\"inLanguage\":\"fr-FR\",\"@id\":\"https:\\\/\\\/solidarites.ch\\\/ne\\\/2024\\\/08\\\/10\\\/votations-federales-22-septembre\\\/#primaryimage\",\"url\":\"https:\\\/\\\/solidarites.ch\\\/ne\\\/wp-content\\\/uploads\\\/sites\\\/5\\\/2024\\\/08\\\/plakat-nl-sol-202408-1-scaled.jpg\",\"contentUrl\":\"https:\\\/\\\/solidarites.ch\\\/ne\\\/wp-content\\\/uploads\\\/sites\\\/5\\\/2024\\\/08\\\/plakat-nl-sol-202408-1-scaled.jpg\",\"width\":2560,\"height\":1715,\"caption\":\"R\u00e9sistion \u00e0 la destruction de nos \u00e9cosyst\u00e8mes OUI \u00e0 la biodiversit\u00e9 Stop au vol organis\u00e9 NON \u00e0 LPP21\"},{\"@type\":\"BreadcrumbList\",\"@id\":\"https:\\\/\\\/solidarites.ch\\\/ne\\\/2024\\\/08\\\/10\\\/votations-federales-22-septembre\\\/#breadcrumb\",\"itemListElement\":[{\"@type\":\"ListItem\",\"position\":1,\"name\":\"Accueil\",\"item\":\"https:\\\/\\\/solidarites.ch\\\/ne\\\/\"},{\"@type\":\"ListItem\",\"position\":2,\"name\":\"Votations f\u00e9d\u00e9rales 22 septembre\"}]},{\"@type\":\"WebSite\",\"@id\":\"https:\\\/\\\/solidarites.ch\\\/ne\\\/#website\",\"url\":\"https:\\\/\\\/solidarites.ch\\\/ne\\\/\",\"name\":\"Solidarit\u00e9S Neuch\u00e2tel\",\"description\":\"S&#039;organiser&lt;br&gt;pour&lt;br&gt;changer&lt;br&gt;le monde\",\"potentialAction\":[{\"@type\":\"SearchAction\",\"target\":{\"@type\":\"EntryPoint\",\"urlTemplate\":\"https:\\\/\\\/solidarites.ch\\\/ne\\\/?s={search_term_string}\"},\"query-input\":{\"@type\":\"PropertyValueSpecification\",\"valueRequired\":true,\"valueName\":\"search_term_string\"}}],\"inLanguage\":\"fr-FR\"},{\"@type\":\"Person\",\"@id\":\"https:\\\/\\\/solidarites.ch\\\/ne\\\/#\\\/schema\\\/person\\\/4f0aeef1f426731c3358f51ef1419ed5\",\"name\":\"manolo\",\"image\":{\"@type\":\"ImageObject\",\"inLanguage\":\"fr-FR\",\"@id\":\"https:\\\/\\\/secure.gravatar.com\\\/avatar\\\/6a8d00949bc230936079dc4abbd81429df8bbc57c417aa57c5c5987a8d60e091?s=96&d=mm&r=g\",\"url\":\"https:\\\/\\\/secure.gravatar.com\\\/avatar\\\/6a8d00949bc230936079dc4abbd81429df8bbc57c417aa57c5c5987a8d60e091?s=96&d=mm&r=g\",\"contentUrl\":\"https:\\\/\\\/secure.gravatar.com\\\/avatar\\\/6a8d00949bc230936079dc4abbd81429df8bbc57c417aa57c5c5987a8d60e091?s=96&d=mm&r=g\",\"caption\":\"manolo\"},\"url\":\"https:\\\/\\\/solidarites.ch\\\/ne\\\/author\\\/manolo\\\/\"}]}<\/script>\n<!-- \/ Yoast SEO plugin. -->","yoast_head_json":{"title":"Votations f\u00e9d\u00e9rales 22 septembre - Solidarit\u00e9S Neuch\u00e2tel","robots":{"index":"index","follow":"follow","max-snippet":"max-snippet:-1","max-image-preview":"max-image-preview:large","max-video-preview":"max-video-preview:-1"},"canonical":"https:\/\/solidarites.ch\/ne\/2024\/08\/10\/votations-federales-22-septembre\/","og_locale":"fr_FR","og_type":"article","og_title":"Votations f\u00e9d\u00e9rales 22 septembre - Solidarit\u00e9S Neuch\u00e2tel","og_description":"Votons NON \u00e0 la r\u00e9forme de la LPP le 22 septembre ! La r\u00e9forme de la loi sur les caisses de pension (LPP21) a \u00e9t\u00e9 adopt\u00e9e par le parlement \u00e0 une large majorit\u00e9. Le r\u00e9f\u00e9rendum a \u00e9t\u00e9 saisi par les syndicats et les forces de gauche, car c\u2019est encore une de ces propositions pernicieuses qui &hellip; Continued","og_url":"https:\/\/solidarites.ch\/ne\/2024\/08\/10\/votations-federales-22-septembre\/","og_site_name":"Solidarit\u00e9S Neuch\u00e2tel","article_published_time":"2024-08-10T15:11:43+00:00","article_modified_time":"2024-10-23T12:48:45+00:00","og_image":[{"width":2560,"height":1715,"url":"https:\/\/solidarites.ch\/ne\/wp-content\/uploads\/sites\/5\/2024\/08\/plakat-nl-sol-202408-1-scaled.jpg","type":"image\/jpeg"}],"author":"manolo","twitter_card":"summary_large_image","twitter_misc":{"\u00c9crit par":"manolo","Dur\u00e9e de lecture estim\u00e9e":"3 minutes"},"schema":{"@context":"https:\/\/schema.org","@graph":[{"@type":"Article","@id":"https:\/\/solidarites.ch\/ne\/2024\/08\/10\/votations-federales-22-septembre\/#article","isPartOf":{"@id":"https:\/\/solidarites.ch\/ne\/2024\/08\/10\/votations-federales-22-septembre\/"},"author":{"name":"manolo","@id":"https:\/\/solidarites.ch\/ne\/#\/schema\/person\/4f0aeef1f426731c3358f51ef1419ed5"},"headline":"Votations f\u00e9d\u00e9rales 22 septembre","datePublished":"2024-08-10T15:11:43+00:00","dateModified":"2024-10-23T12:48:45+00:00","mainEntityOfPage":{"@id":"https:\/\/solidarites.ch\/ne\/2024\/08\/10\/votations-federales-22-septembre\/"},"wordCount":368,"image":{"@id":"https:\/\/solidarites.ch\/ne\/2024\/08\/10\/votations-federales-22-septembre\/#primaryimage"},"thumbnailUrl":"https:\/\/solidarites.ch\/ne\/wp-content\/uploads\/sites\/5\/2024\/08\/plakat-nl-sol-202408-1-scaled.jpg","inLanguage":"fr-FR"},{"@type":"WebPage","@id":"https:\/\/solidarites.ch\/ne\/2024\/08\/10\/votations-federales-22-septembre\/","url":"https:\/\/solidarites.ch\/ne\/2024\/08\/10\/votations-federales-22-septembre\/","name":"Votations f\u00e9d\u00e9rales 22 septembre - Solidarit\u00e9S Neuch\u00e2tel","isPartOf":{"@id":"https:\/\/solidarites.ch\/ne\/#website"},"primaryImageOfPage":{"@id":"https:\/\/solidarites.ch\/ne\/2024\/08\/10\/votations-federales-22-septembre\/#primaryimage"},"image":{"@id":"https:\/\/solidarites.ch\/ne\/2024\/08\/10\/votations-federales-22-septembre\/#primaryimage"},"thumbnailUrl":"https:\/\/solidarites.ch\/ne\/wp-content\/uploads\/sites\/5\/2024\/08\/plakat-nl-sol-202408-1-scaled.jpg","datePublished":"2024-08-10T15:11:43+00:00","dateModified":"2024-10-23T12:48:45+00:00","author":{"@id":"https:\/\/solidarites.ch\/ne\/#\/schema\/person\/4f0aeef1f426731c3358f51ef1419ed5"},"breadcrumb":{"@id":"https:\/\/solidarites.ch\/ne\/2024\/08\/10\/votations-federales-22-septembre\/#breadcrumb"},"inLanguage":"fr-FR","potentialAction":[{"@type":"ReadAction","target":["https:\/\/solidarites.ch\/ne\/2024\/08\/10\/votations-federales-22-septembre\/"]}]},{"@type":"ImageObject","inLanguage":"fr-FR","@id":"https:\/\/solidarites.ch\/ne\/2024\/08\/10\/votations-federales-22-septembre\/#primaryimage","url":"https:\/\/solidarites.ch\/ne\/wp-content\/uploads\/sites\/5\/2024\/08\/plakat-nl-sol-202408-1-scaled.jpg","contentUrl":"https:\/\/solidarites.ch\/ne\/wp-content\/uploads\/sites\/5\/2024\/08\/plakat-nl-sol-202408-1-scaled.jpg","width":2560,"height":1715,"caption":"R\u00e9sistion \u00e0 la destruction de nos \u00e9cosyst\u00e8mes OUI \u00e0 la biodiversit\u00e9 Stop au vol organis\u00e9 NON \u00e0 LPP21"},{"@type":"BreadcrumbList","@id":"https:\/\/solidarites.ch\/ne\/2024\/08\/10\/votations-federales-22-septembre\/#breadcrumb","itemListElement":[{"@type":"ListItem","position":1,"name":"Accueil","item":"https:\/\/solidarites.ch\/ne\/"},{"@type":"ListItem","position":2,"name":"Votations f\u00e9d\u00e9rales 22 septembre"}]},{"@type":"WebSite","@id":"https:\/\/solidarites.ch\/ne\/#website","url":"https:\/\/solidarites.ch\/ne\/","name":"Solidarit\u00e9S Neuch\u00e2tel","description":"S&#039;organiser&lt;br&gt;pour&lt;br&gt;changer&lt;br&gt;le monde","potentialAction":[{"@type":"SearchAction","target":{"@type":"EntryPoint","urlTemplate":"https:\/\/solidarites.ch\/ne\/?s={search_term_string}"},"query-input":{"@type":"PropertyValueSpecification","valueRequired":true,"valueName":"search_term_string"}}],"inLanguage":"fr-FR"},{"@type":"Person","@id":"https:\/\/solidarites.ch\/ne\/#\/schema\/person\/4f0aeef1f426731c3358f51ef1419ed5","name":"manolo","image":{"@type":"ImageObject","inLanguage":"fr-FR","@id":"https:\/\/secure.gravatar.com\/avatar\/6a8d00949bc230936079dc4abbd81429df8bbc57c417aa57c5c5987a8d60e091?s=96&d=mm&r=g","url":"https:\/\/secure.gravatar.com\/avatar\/6a8d00949bc230936079dc4abbd81429df8bbc57c417aa57c5c5987a8d60e091?s=96&d=mm&r=g","contentUrl":"https:\/\/secure.gravatar.com\/avatar\/6a8d00949bc230936079dc4abbd81429df8bbc57c417aa57c5c5987a8d60e091?s=96&d=mm&r=g","caption":"manolo"},"url":"https:\/\/solidarites.ch\/ne\/author\/manolo\/"}]}},"distributor_meta":false,"distributor_terms":false,"distributor_media":false,"distributor_original_site_name":"Solidarit\u00e9S Neuch\u00e2tel","distributor_original_site_url":"https:\/\/solidarites.ch\/ne","push-errors":false,"_links":{"self":[{"href":"https:\/\/solidarites.ch\/ne\/wp-json\/wp\/v2\/posts\/1675","targetHints":{"allow":["GET"]}}],"collection":[{"href":"https:\/\/solidarites.ch\/ne\/wp-json\/wp\/v2\/posts"}],"about":[{"href":"https:\/\/solidarites.ch\/ne\/wp-json\/wp\/v2\/types\/post"}],"author":[{"embeddable":true,"href":"https:\/\/solidarites.ch\/ne\/wp-json\/wp\/v2\/users\/23"}],"replies":[{"embeddable":true,"href":"https:\/\/solidarites.ch\/ne\/wp-json\/wp\/v2\/comments?post=1675"}],"version-history":[{"count":17,"href":"https:\/\/solidarites.ch\/ne\/wp-json\/wp\/v2\/posts\/1675\/revisions"}],"predecessor-version":[{"id":1778,"href":"https:\/\/solidarites.ch\/ne\/wp-json\/wp\/v2\/posts\/1675\/revisions\/1778"}],"wp:featuredmedia":[{"embeddable":true,"href":"https:\/\/solidarites.ch\/ne\/wp-json\/wp\/v2\/media\/1709"}],"wp:attachment":[{"href":"https:\/\/solidarites.ch\/ne\/wp-json\/wp\/v2\/media?parent=1675"}],"wp:term":[{"taxonomy":"tx_journal_display","embeddable":true,"href":"https:\/\/solidarites.ch\/ne\/wp-json\/wp\/v2\/tx_journal_display?post=1675"}],"curies":[{"name":"wp","href":"https:\/\/api.w.org\/{rel}","templated":true}]}}