{"id":1878,"date":"2025-02-13T22:00:00","date_gmt":"2025-02-13T21:00:00","guid":{"rendered":"https:\/\/solidarites.ch\/ne\/?p=1878"},"modified":"2025-02-14T11:04:15","modified_gmt":"2025-02-14T10:04:15","slug":"la-culture-et-leducation-ne-sont-pas-un-luxe-de-haute-conjoncture","status":"publish","type":"post","link":"https:\/\/solidarites.ch\/ne\/2025\/02\/13\/la-culture-et-leducation-ne-sont-pas-un-luxe-de-haute-conjoncture\/","title":{"rendered":"La culture et l\u2019\u00e9ducation ne sont pas un luxe de haute conjoncture"},"content":{"rendered":"\n<p>\u00ab&nbsp;Ouvrez des \u00e9coles, vous fermerez des prisons&nbsp;!&nbsp;\u00bb (Victor Hugo)<\/p>\n\n\n\n<p>Pour naviguer en ces temps incertains, notre boussole indique encore et toujours&nbsp;: culture, \u00e9ducation et solidarit\u00e9. Il n\u2019y a pas d\u2019\u00e2ge pour apprendre et se cultiver, pour dessiner, peindre, sculpter, lire, jouer ou \u00e9couter de la musique, pratiquer un sport ou prendre plaisir \u00e0 voir un film ou un spectacle. Nous voulons faciliter l\u2019acc\u00e8s \u00e0 la culture et \u00e0 l\u2019\u00e9ducation pour tous les publics, y compris les personnes issues de la migration et\/ou en situation de handicap. Mais pour que tout le monde puisse en profiter, des efforts budg\u00e9taires constants et volontaristes sont n\u00e9cessaires. Le travail artistique et tout le travail \u00e9ducatif doivent \u00eatre valoris\u00e9s et mieux r\u00e9mun\u00e9r\u00e9s. Nous demandons un soutien renforc\u00e9 pour les \u00e9ducatrices et \u00e9ducateurs de la petite enfance et les autres professionnel\u00b7le\u00b7s du travail socioculturel, pour le corps enseignant mais aussi pour les artistes, afin de permettre une meilleure visibilit\u00e9 et une valorisation de leur travail.&nbsp; C\u2019est un point de vue que nous d\u00e9fendrons avec conviction et d\u00e9termination au Grand Conseil.<\/p>\n\n\n\n<p>Op\u00e9rant dans le monde du th\u00e9\u00e2tre, de la musique, du cirque, des arts de la rue ou dans un les multiples m\u00e9tiers qui permettent la repr\u00e9sentation culturelle, les artistes du canton de Neuch\u00e2tel sont regroup\u00e9\u00b7e\u00b7x\u00b7s en association. Leur but est un d\u00e9veloppement p\u00e9renne de la cr\u00e9ation artistique. Au-del\u00e0 des demandes des divers secteurs, leurs propositions g\u00e9n\u00e9rales se conjuguent autour de revendications communes&nbsp;: consacrer 1% du budget de l\u2019Etat \u00e0 la culture, revoir le syst\u00e8me des soutiens publics et se pr\u00e9occuper de la situation sociale des travailleuses et travailleurs de ce milieu, notamment au niveau du syst\u00e8me de retraites. Convaincu\u00b7e\u00b7x\u00b7s qu\u2019en prot\u00e9geant la culture, elle aidera toute la population \u00e0 vivre mieux en polluant moins, nous soutenons toutes ces demandes.<\/p>\n\n\n\n<p>Op\u00e9rant dans le monde du th\u00e9\u00e2tre, de la musique, du cirque, des arts de la rue ou dans un des multiples m\u00e9tiers qui permettent la repr\u00e9sentation culturelle, les artistes du Canton de Neuch\u00e2tel sont regroup\u00e9\u00b7e\u00b7x\u00b7s en association. Leur but est un d\u00e9veloppement p\u00e9renne de la cr\u00e9ation artistique. Au-del\u00e0 des demandes des divers secteurs, leurs propositions g\u00e9n\u00e9rales se conjuguent autour de revendications communes&nbsp;: consacrer 1% du budget de l\u2019\u00c9tat \u00e0 la culture, revoir le syst\u00e8me des soutiens publics et se pr\u00e9occuper de la situation sociale des travailleuses et travailleurs de ce milieu, notamment au niveau du syst\u00e8me de retraites. Convaincu\u00b7e\u00b7x\u00b7s qu\u2019en prot\u00e9geant la culture, elle aidera toute la population \u00e0 vivre mieux en polluant moins, nous nous soutenons toutes ces demandes.<\/p>\n\n\n\n<p>La concurrence n\u2019a pas sa place dans la formation. La comp\u00e9tition reproduit les in\u00e9galit\u00e9s sociales et p\u00e9jore les rapports sociaux en mettant l\u2019accent sur la r\u00e9ussite individuelle plut\u00f4t que sur la coop\u00e9ration. Trop de stress, en grande partie li\u00e9 aux tests, aux d\u00e9lais et aux \u00e9preuves, \u00e9puisent les enfants d\u00e8s l\u2019\u00e2ge de la scolarit\u00e9, mais aussi les apprenti\u00b7e\u00b7s et les \u00e9tudiant\u00b7e\u00b7s. L\u00e0 aussi il faut repenser les rythmes et le syst\u00e8me \u00e9ducatif. Apprendre doit \u00eatre un plaisir, c\u2019est la meilleure garantie de r\u00e9ussite d\u2019une approche \u00e0 vis\u00e9e collective. Nous pr\u00e9conisons une r\u00e9duction du nombre d\u2019\u00e9l\u00e8ves par classe et un renforcement significatif de l\u2019encadrement indispensable aux enfants handicap\u00e9\u00b7e\u00b7s.<\/p>\n\n\n\n<p>Tout cela a bien s\u00fbr un co\u00fbt, mais nous refusons qu\u2019il repose sur les familles de mani\u00e8re directe. C\u2019est par l\u2019imp\u00f4t qu\u2019il faut assurer le financement li\u00e9 \u00e0 la formation et \u00e0 la culture, et non pas par l\u2019augmentation de taxes et de charges port\u00e9es individuellement. Cet imp\u00f4t doit \u00eatre juste socialement&nbsp;: les hauts revenus, les hautes fortunes et les b\u00e9n\u00e9fices des entreprises doivent participer davantage.<\/p>\n\n\n\n<p>Les crises environnementales et sociales exigent de nous des mani\u00e8res in\u00e9dites de vivre ensemble. Culture et formation permettent de r\u00e9fl\u00e9chir et d\u2019ouvrir des voies novatrices. Nos r\u00e9flexions et nos actions doivent prendre en compte ces temps nouveaux.<\/p>\n\n\n\n<p><\/p>\n\n\n\n<hr class=\"wp-block-separator has-alpha-channel-opacity\" \/>\n\n\n\n<div class=\"wp-block-group is-layout-constrained wp-block-group-is-layout-constrained\">\n<div class=\"wp-block-group is-layout-constrained wp-block-group-is-layout-constrained\">\n<p><\/p>\n\n\n\n<p><strong>Les axes de campagne :<\/strong><\/p>\n\n\n\n<p style=\"text-decoration:underline\">\u2192<a href=\"https:\/\/solidarites.ch\/ne\/?p=1878\">La culture et l\u2019\u00e9ducation ne sont pas un luxe de haute conjoncture<\/a><\/p>\n\n\n\n<p style=\"text-decoration:underline\">\u2192<a href=\"https:\/\/solidarites.ch\/ne\/?p=1862\">Investir dans le logement, une responsabilit\u00e9 cantonale et communale<\/a><\/p>\n\n\n\n<p style=\"text-decoration:underline\">\u2192<a href=\"https:\/\/solidarites.ch\/ne\/?p=1884\">L\u2019internationalisme est dans l\u2019ADN de solidarit\u00e9S<\/a><\/p>\n\n\n\n<p style=\"text-decoration:underline\">\u2192<a href=\"https:\/\/solidarites.ch\/ne\/?p=1864\">Pour une politique d\u2019accueil g\u00e9n\u00e9reuse&nbsp;: uni\u00b7e\u00b7s nous sommes fort\u00b7e\u00b7s&nbsp;!<\/a><\/p>\n\n\n\n<p style=\"text-decoration:underline\">\u2192<a href=\"https:\/\/solidarites.ch\/ne\/?p=1888\">La justice fiscale, c\u2019est quoi ?<\/a><\/p>\n\n\n\n<p style=\"text-decoration:underline\">\u2192<a href=\"https:\/\/solidarites.ch\/ne\/?p=1866\">D\u00e9croissance, pour vivre mieux et polluer moins<\/a><\/p>\n\n\n\n<p style=\"text-decoration:underline\">\u2192<a href=\"https:\/\/solidarites.ch\/ne\/?p=1868\">Lutter contre le patriarcat en si\u00e9geant au Grand Conseil, est-ce r\u00e9aliste ?<\/a><\/p>\n\n\n\n<p style=\"text-decoration:underline\">\u2192<a href=\"https:\/\/solidarites.ch\/ne\/?p=1897\">Prendre soin de la sant\u00e9 de toute la population<\/a><\/p>\n<\/div>\n<\/div>\n","protected":false},"excerpt":{"rendered":"<p>\u00ab&nbsp;Ouvrez des \u00e9coles, vous fermerez des prisons&nbsp;!&nbsp;\u00bb (Victor Hugo) Pour naviguer en ces temps incertains, notre boussole indique encore et toujours&nbsp;: culture, \u00e9ducation et solidarit\u00e9. Il n\u2019y a pas d\u2019\u00e2ge pour apprendre et se cultiver, pour dessiner, peindre, sculpter, lire, jouer ou \u00e9couter de la musique, pratiquer un sport ou prendre plaisir \u00e0 voir un &hellip; <a href=\"https:\/\/solidarites.ch\/ne\/2025\/02\/13\/la-culture-et-leducation-ne-sont-pas-un-luxe-de-haute-conjoncture\/\">Continued<\/a><\/p>\n","protected":false},"author":23,"featured_media":0,"comment_status":"closed","ping_status":"closed","sticky":false,"template":"","format":"standard","meta":{"_acf_changed":false,"_monsterinsights_skip_tracking":false,"_monsterinsights_sitenote_active":false,"_monsterinsights_sitenote_note":"","_monsterinsights_sitenote_category":0,"footnotes":""},"tx_journal_display":[],"class_list":["post-1878","post","type-post","status-publish","format-standard","hentry","tx_journal_sections-campagnes","tx_journal_sections-elections","tx_journal_sections-neuchatel"],"acf":[],"yoast_head":"<!-- This site is optimized with the Yoast SEO plugin v27.5 - https:\/\/yoast.com\/product\/yoast-seo-wordpress\/ -->\n<title>La culture et l\u2019\u00e9ducation ne sont pas un luxe de haute conjoncture - Solidarit\u00e9S Neuch\u00e2tel<\/title>\n<meta name=\"robots\" content=\"index, follow, max-snippet:-1, max-image-preview:large, max-video-preview:-1\" \/>\n<link rel=\"canonical\" href=\"https:\/\/solidarites.ch\/ne\/2025\/02\/13\/la-culture-et-leducation-ne-sont-pas-un-luxe-de-haute-conjoncture\/\" \/>\n<meta property=\"og:locale\" content=\"fr_FR\" \/>\n<meta property=\"og:type\" content=\"article\" \/>\n<meta property=\"og:title\" content=\"La culture et l\u2019\u00e9ducation ne sont pas un luxe de haute conjoncture - Solidarit\u00e9S Neuch\u00e2tel\" \/>\n<meta property=\"og:description\" content=\"\u00ab&nbsp;Ouvrez des \u00e9coles, vous fermerez des prisons&nbsp;!&nbsp;\u00bb (Victor Hugo) Pour naviguer en ces temps incertains, notre boussole indique encore et toujours&nbsp;: culture, \u00e9ducation et solidarit\u00e9. Il n\u2019y a pas d\u2019\u00e2ge pour apprendre et se cultiver, pour dessiner, peindre, sculpter, lire, jouer ou \u00e9couter de la musique, pratiquer un sport ou prendre plaisir \u00e0 voir un &hellip; Continued\" \/>\n<meta property=\"og:url\" content=\"https:\/\/solidarites.ch\/ne\/2025\/02\/13\/la-culture-et-leducation-ne-sont-pas-un-luxe-de-haute-conjoncture\/\" \/>\n<meta property=\"og:site_name\" content=\"Solidarit\u00e9S Neuch\u00e2tel\" \/>\n<meta property=\"article:published_time\" content=\"2025-02-13T21:00:00+00:00\" \/>\n<meta property=\"article:modified_time\" content=\"2025-02-14T10:04:15+00:00\" \/>\n<meta name=\"author\" content=\"manolo\" \/>\n<meta name=\"twitter:card\" content=\"summary_large_image\" \/>\n<meta name=\"twitter:label1\" content=\"\u00c9crit par\" \/>\n\t<meta name=\"twitter:data1\" content=\"manolo\" \/>\n\t<meta name=\"twitter:label2\" content=\"Dur\u00e9e de lecture estim\u00e9e\" \/>\n\t<meta name=\"twitter:data2\" content=\"4 minutes\" \/>\n<script type=\"application\/ld+json\" class=\"yoast-schema-graph\">{\"@context\":\"https:\\\/\\\/schema.org\",\"@graph\":[{\"@type\":\"Article\",\"@id\":\"https:\\\/\\\/solidarites.ch\\\/ne\\\/2025\\\/02\\\/13\\\/la-culture-et-leducation-ne-sont-pas-un-luxe-de-haute-conjoncture\\\/#article\",\"isPartOf\":{\"@id\":\"https:\\\/\\\/solidarites.ch\\\/ne\\\/2025\\\/02\\\/13\\\/la-culture-et-leducation-ne-sont-pas-un-luxe-de-haute-conjoncture\\\/\"},\"author\":{\"name\":\"manolo\",\"@id\":\"https:\\\/\\\/solidarites.ch\\\/ne\\\/#\\\/schema\\\/person\\\/4f0aeef1f426731c3358f51ef1419ed5\"},\"headline\":\"La culture et l\u2019\u00e9ducation ne sont pas un luxe de haute conjoncture\",\"datePublished\":\"2025-02-13T21:00:00+00:00\",\"dateModified\":\"2025-02-14T10:04:15+00:00\",\"mainEntityOfPage\":{\"@id\":\"https:\\\/\\\/solidarites.ch\\\/ne\\\/2025\\\/02\\\/13\\\/la-culture-et-leducation-ne-sont-pas-un-luxe-de-haute-conjoncture\\\/\"},\"wordCount\":829,\"inLanguage\":\"fr-FR\"},{\"@type\":\"WebPage\",\"@id\":\"https:\\\/\\\/solidarites.ch\\\/ne\\\/2025\\\/02\\\/13\\\/la-culture-et-leducation-ne-sont-pas-un-luxe-de-haute-conjoncture\\\/\",\"url\":\"https:\\\/\\\/solidarites.ch\\\/ne\\\/2025\\\/02\\\/13\\\/la-culture-et-leducation-ne-sont-pas-un-luxe-de-haute-conjoncture\\\/\",\"name\":\"La culture et l\u2019\u00e9ducation ne sont pas un luxe de haute conjoncture - Solidarit\u00e9S Neuch\u00e2tel\",\"isPartOf\":{\"@id\":\"https:\\\/\\\/solidarites.ch\\\/ne\\\/#website\"},\"datePublished\":\"2025-02-13T21:00:00+00:00\",\"dateModified\":\"2025-02-14T10:04:15+00:00\",\"author\":{\"@id\":\"https:\\\/\\\/solidarites.ch\\\/ne\\\/#\\\/schema\\\/person\\\/4f0aeef1f426731c3358f51ef1419ed5\"},\"breadcrumb\":{\"@id\":\"https:\\\/\\\/solidarites.ch\\\/ne\\\/2025\\\/02\\\/13\\\/la-culture-et-leducation-ne-sont-pas-un-luxe-de-haute-conjoncture\\\/#breadcrumb\"},\"inLanguage\":\"fr-FR\",\"potentialAction\":[{\"@type\":\"ReadAction\",\"target\":[\"https:\\\/\\\/solidarites.ch\\\/ne\\\/2025\\\/02\\\/13\\\/la-culture-et-leducation-ne-sont-pas-un-luxe-de-haute-conjoncture\\\/\"]}]},{\"@type\":\"BreadcrumbList\",\"@id\":\"https:\\\/\\\/solidarites.ch\\\/ne\\\/2025\\\/02\\\/13\\\/la-culture-et-leducation-ne-sont-pas-un-luxe-de-haute-conjoncture\\\/#breadcrumb\",\"itemListElement\":[{\"@type\":\"ListItem\",\"position\":1,\"name\":\"Accueil\",\"item\":\"https:\\\/\\\/solidarites.ch\\\/ne\\\/\"},{\"@type\":\"ListItem\",\"position\":2,\"name\":\"La culture et l\u2019\u00e9ducation ne sont pas un luxe de haute conjoncture\"}]},{\"@type\":\"WebSite\",\"@id\":\"https:\\\/\\\/solidarites.ch\\\/ne\\\/#website\",\"url\":\"https:\\\/\\\/solidarites.ch\\\/ne\\\/\",\"name\":\"Solidarit\u00e9S Neuch\u00e2tel\",\"description\":\"S&#039;organiser&lt;br&gt;pour&lt;br&gt;changer&lt;br&gt;le monde\",\"potentialAction\":[{\"@type\":\"SearchAction\",\"target\":{\"@type\":\"EntryPoint\",\"urlTemplate\":\"https:\\\/\\\/solidarites.ch\\\/ne\\\/?s={search_term_string}\"},\"query-input\":{\"@type\":\"PropertyValueSpecification\",\"valueRequired\":true,\"valueName\":\"search_term_string\"}}],\"inLanguage\":\"fr-FR\"},{\"@type\":\"Person\",\"@id\":\"https:\\\/\\\/solidarites.ch\\\/ne\\\/#\\\/schema\\\/person\\\/4f0aeef1f426731c3358f51ef1419ed5\",\"name\":\"manolo\",\"image\":{\"@type\":\"ImageObject\",\"inLanguage\":\"fr-FR\",\"@id\":\"https:\\\/\\\/secure.gravatar.com\\\/avatar\\\/6a8d00949bc230936079dc4abbd81429df8bbc57c417aa57c5c5987a8d60e091?s=96&d=mm&r=g\",\"url\":\"https:\\\/\\\/secure.gravatar.com\\\/avatar\\\/6a8d00949bc230936079dc4abbd81429df8bbc57c417aa57c5c5987a8d60e091?s=96&d=mm&r=g\",\"contentUrl\":\"https:\\\/\\\/secure.gravatar.com\\\/avatar\\\/6a8d00949bc230936079dc4abbd81429df8bbc57c417aa57c5c5987a8d60e091?s=96&d=mm&r=g\",\"caption\":\"manolo\"},\"url\":\"https:\\\/\\\/solidarites.ch\\\/ne\\\/author\\\/manolo\\\/\"}]}<\/script>\n<!-- \/ Yoast SEO plugin. -->","yoast_head_json":{"title":"La culture et l\u2019\u00e9ducation ne sont pas un luxe de haute conjoncture - Solidarit\u00e9S Neuch\u00e2tel","robots":{"index":"index","follow":"follow","max-snippet":"max-snippet:-1","max-image-preview":"max-image-preview:large","max-video-preview":"max-video-preview:-1"},"canonical":"https:\/\/solidarites.ch\/ne\/2025\/02\/13\/la-culture-et-leducation-ne-sont-pas-un-luxe-de-haute-conjoncture\/","og_locale":"fr_FR","og_type":"article","og_title":"La culture et l\u2019\u00e9ducation ne sont pas un luxe de haute conjoncture - Solidarit\u00e9S Neuch\u00e2tel","og_description":"\u00ab&nbsp;Ouvrez des \u00e9coles, vous fermerez des prisons&nbsp;!&nbsp;\u00bb (Victor Hugo) Pour naviguer en ces temps incertains, notre boussole indique encore et toujours&nbsp;: culture, \u00e9ducation et solidarit\u00e9. Il n\u2019y a pas d\u2019\u00e2ge pour apprendre et se cultiver, pour dessiner, peindre, sculpter, lire, jouer ou \u00e9couter de la musique, pratiquer un sport ou prendre plaisir \u00e0 voir un &hellip; Continued","og_url":"https:\/\/solidarites.ch\/ne\/2025\/02\/13\/la-culture-et-leducation-ne-sont-pas-un-luxe-de-haute-conjoncture\/","og_site_name":"Solidarit\u00e9S Neuch\u00e2tel","article_published_time":"2025-02-13T21:00:00+00:00","article_modified_time":"2025-02-14T10:04:15+00:00","author":"manolo","twitter_card":"summary_large_image","twitter_misc":{"\u00c9crit par":"manolo","Dur\u00e9e de lecture estim\u00e9e":"4 minutes"},"schema":{"@context":"https:\/\/schema.org","@graph":[{"@type":"Article","@id":"https:\/\/solidarites.ch\/ne\/2025\/02\/13\/la-culture-et-leducation-ne-sont-pas-un-luxe-de-haute-conjoncture\/#article","isPartOf":{"@id":"https:\/\/solidarites.ch\/ne\/2025\/02\/13\/la-culture-et-leducation-ne-sont-pas-un-luxe-de-haute-conjoncture\/"},"author":{"name":"manolo","@id":"https:\/\/solidarites.ch\/ne\/#\/schema\/person\/4f0aeef1f426731c3358f51ef1419ed5"},"headline":"La culture et l\u2019\u00e9ducation ne sont pas un luxe de haute conjoncture","datePublished":"2025-02-13T21:00:00+00:00","dateModified":"2025-02-14T10:04:15+00:00","mainEntityOfPage":{"@id":"https:\/\/solidarites.ch\/ne\/2025\/02\/13\/la-culture-et-leducation-ne-sont-pas-un-luxe-de-haute-conjoncture\/"},"wordCount":829,"inLanguage":"fr-FR"},{"@type":"WebPage","@id":"https:\/\/solidarites.ch\/ne\/2025\/02\/13\/la-culture-et-leducation-ne-sont-pas-un-luxe-de-haute-conjoncture\/","url":"https:\/\/solidarites.ch\/ne\/2025\/02\/13\/la-culture-et-leducation-ne-sont-pas-un-luxe-de-haute-conjoncture\/","name":"La culture et l\u2019\u00e9ducation ne sont pas un luxe de haute conjoncture - Solidarit\u00e9S Neuch\u00e2tel","isPartOf":{"@id":"https:\/\/solidarites.ch\/ne\/#website"},"datePublished":"2025-02-13T21:00:00+00:00","dateModified":"2025-02-14T10:04:15+00:00","author":{"@id":"https:\/\/solidarites.ch\/ne\/#\/schema\/person\/4f0aeef1f426731c3358f51ef1419ed5"},"breadcrumb":{"@id":"https:\/\/solidarites.ch\/ne\/2025\/02\/13\/la-culture-et-leducation-ne-sont-pas-un-luxe-de-haute-conjoncture\/#breadcrumb"},"inLanguage":"fr-FR","potentialAction":[{"@type":"ReadAction","target":["https:\/\/solidarites.ch\/ne\/2025\/02\/13\/la-culture-et-leducation-ne-sont-pas-un-luxe-de-haute-conjoncture\/"]}]},{"@type":"BreadcrumbList","@id":"https:\/\/solidarites.ch\/ne\/2025\/02\/13\/la-culture-et-leducation-ne-sont-pas-un-luxe-de-haute-conjoncture\/#breadcrumb","itemListElement":[{"@type":"ListItem","position":1,"name":"Accueil","item":"https:\/\/solidarites.ch\/ne\/"},{"@type":"ListItem","position":2,"name":"La culture et l\u2019\u00e9ducation ne sont pas un luxe de haute conjoncture"}]},{"@type":"WebSite","@id":"https:\/\/solidarites.ch\/ne\/#website","url":"https:\/\/solidarites.ch\/ne\/","name":"Solidarit\u00e9S Neuch\u00e2tel","description":"S&#039;organiser&lt;br&gt;pour&lt;br&gt;changer&lt;br&gt;le monde","potentialAction":[{"@type":"SearchAction","target":{"@type":"EntryPoint","urlTemplate":"https:\/\/solidarites.ch\/ne\/?s={search_term_string}"},"query-input":{"@type":"PropertyValueSpecification","valueRequired":true,"valueName":"search_term_string"}}],"inLanguage":"fr-FR"},{"@type":"Person","@id":"https:\/\/solidarites.ch\/ne\/#\/schema\/person\/4f0aeef1f426731c3358f51ef1419ed5","name":"manolo","image":{"@type":"ImageObject","inLanguage":"fr-FR","@id":"https:\/\/secure.gravatar.com\/avatar\/6a8d00949bc230936079dc4abbd81429df8bbc57c417aa57c5c5987a8d60e091?s=96&d=mm&r=g","url":"https:\/\/secure.gravatar.com\/avatar\/6a8d00949bc230936079dc4abbd81429df8bbc57c417aa57c5c5987a8d60e091?s=96&d=mm&r=g","contentUrl":"https:\/\/secure.gravatar.com\/avatar\/6a8d00949bc230936079dc4abbd81429df8bbc57c417aa57c5c5987a8d60e091?s=96&d=mm&r=g","caption":"manolo"},"url":"https:\/\/solidarites.ch\/ne\/author\/manolo\/"}]}},"distributor_meta":false,"distributor_terms":false,"distributor_media":false,"distributor_original_site_name":"Solidarit\u00e9S Neuch\u00e2tel","distributor_original_site_url":"https:\/\/solidarites.ch\/ne","push-errors":false,"_links":{"self":[{"href":"https:\/\/solidarites.ch\/ne\/wp-json\/wp\/v2\/posts\/1878","targetHints":{"allow":["GET"]}}],"collection":[{"href":"https:\/\/solidarites.ch\/ne\/wp-json\/wp\/v2\/posts"}],"about":[{"href":"https:\/\/solidarites.ch\/ne\/wp-json\/wp\/v2\/types\/post"}],"author":[{"embeddable":true,"href":"https:\/\/solidarites.ch\/ne\/wp-json\/wp\/v2\/users\/23"}],"replies":[{"embeddable":true,"href":"https:\/\/solidarites.ch\/ne\/wp-json\/wp\/v2\/comments?post=1878"}],"version-history":[{"count":5,"href":"https:\/\/solidarites.ch\/ne\/wp-json\/wp\/v2\/posts\/1878\/revisions"}],"predecessor-version":[{"id":1947,"href":"https:\/\/solidarites.ch\/ne\/wp-json\/wp\/v2\/posts\/1878\/revisions\/1947"}],"wp:attachment":[{"href":"https:\/\/solidarites.ch\/ne\/wp-json\/wp\/v2\/media?parent=1878"}],"wp:term":[{"taxonomy":"tx_journal_display","embeddable":true,"href":"https:\/\/solidarites.ch\/ne\/wp-json\/wp\/v2\/tx_journal_display?post=1878"}],"curies":[{"name":"wp","href":"https:\/\/api.w.org\/{rel}","templated":true}]}}