{"id":1704,"date":"2020-01-10T15:11:51","date_gmt":"2020-01-10T14:11:51","guid":{"rendered":"https:\/\/www.solidarites.ch\/?post_type=cpt_sj_article&#038;p=14534"},"modified":"2020-01-10T15:11:51","modified_gmt":"2020-01-10T14:11:51","slug":"en-finir-avec-un-vestige-du-passe","status":"publish","type":"cpt_sj_article","link":"https:\/\/solidarites.ch\/vaud\/journal\/360-2\/en-finir-avec-un-vestige-du-passe\/","title":{"rendered":"En finir avec un vestige du pass\u00e9"},"content":{"rendered":"\n<h2 class=\"is-style-chapeau wp-block-heading\"><strong>Les \u00e9lu-e-s d\u2019Ensemble \u00e0 Gauche \u00e0 Lausanne ont d\u00e9pos\u00e9 un postulat pour demander la fermeture de l\u2019a\u00e9roport de la Bl\u00e9cherette, infrastructure nuisible, polluante et qui ne r\u00e9pond \u00e0 aucun besoin r\u00e9el de la population.<\/strong><br><\/h2>\n\n\n\n<figure class=\"wp-block-image alignwide size-full\"><img decoding=\"async\" src=\"https:\/\/solidarites.ch\/wp-content\/uploads\/2019\/12\/Sandro-Senn.jpg\" alt=\"L'a\u00e9roport de la Bl\u00e9cherette\" class=\"wp-image-14533\" title=\"L'A\u00e9roport de la Bl\u00e9cherette\"\/><figcaption>Sandro Senn<\/figcaption>\n<div class='wp-description'><\/div><\/figure>\n\n\n<p class=\"has-drop-cap\">Le 19 novembre 2019, le Conseil communal de Lausanne adoptait une r\u00e9ponse de la Municipalit\u00e9 \u00e0 la p\u00e9tition de l\u2019Association de D\u00e9fense des Riverains de la Bl\u00e9cherette (ADRB) et au postulat de notre ancien conseiller Hadrien Buclin et de l\u2019\u00e9cologiste Val\u00e9ry Beaud. Elle comprenait un protocole d\u2019accord pr\u00e9voyant une r\u00e9duction des nuisances sonores pour les riverain\u00b7e\u00b7s par une limitation des d\u00e9collages dirig\u00e9s vers la Ville.<\/p>\n\n\n\n<p>Mais les nuisances perdurent et les mesures prises ne sont pas \u00e0 la hauteur des attentes des habitantes et habitants de la Ville. Elles sont de surcro\u00eet en d\u00e9calage complet avec la d\u00e9claration d\u2019urgence \u00e9cologique proclam\u00e9e par les autorit\u00e9s communales, qui devrait impliquer un changement de cap rapide et en profondeur, en mati\u00e8re de mobilit\u00e9 notamment. Ce postulat pose alors une question de fond\u2009: un a\u00e9roport urbain est-il souhaitable, en particulier \u00e0 Lausanne\u2009?<\/p>\n\n\n\n<h2 class=\"wp-block-heading\"><strong>Reconversion \u00e9cologique et&nbsp;solidaire<\/strong><\/h2>\n\n\n\n<p>Tout en \u00e9tant \u00e0 la source d\u2019une part non n\u00e9gligeable des gaz \u00e0 effets de serre \u00e9mis sur le territoire de la commune, cet a\u00e9roport ne r\u00e9pond pas aux besoins de mobilit\u00e9 de la population, puisqu\u2019il sert en priorit\u00e9 aux vols de plaisance et aux voyages d\u2019affaire. De surcro\u00eet, le terrain communal est brad\u00e9, puisque la Ville per\u00e7oit une redevance d\u00e9risoire de 58\u2009000 francs par an de l\u2019a\u00e9roport, alors qu\u2019il pourrait \u00eatre affect\u00e9 \u00e0 des usages d\u2019utilit\u00e9 publique et \u00e9cologique.<\/p>\n\n\n\n<p>Cette surface pourrait r\u00e9pondre \u00e0 d\u2019autres objectifs \u00e9cologiques et sociaux\u2009: Situ\u00e9e au terminus du futur m\u00e9tro m3, elle devrait servir \u00e0 construire des logements \u00e0 loyer abordable et \u00e9cologiquement soutenables, \u00e0 renaturer une partie du territoire en faveur de la biodiversit\u00e9 et \u00e0 d\u00e9velopper une agriculture urbaine \u00e0 proximit\u00e9 du centre-ville.<\/p>\n\n\n\n<p>Soutenu par des \u00e9lus vert\u00b7e\u00b7s, ce postulat a \u00e9t\u00e9 d\u00e9pos\u00e9 le 10 d\u00e9cembre et sera discut\u00e9 en commission avant d\u2019\u00eatre d\u00e9battu au Conseil, probablement dans le courant de l\u2019ann\u00e9e 2020. Affaire \u00e0 suivre.&nbsp;<\/p>\n\n\n\n<p><strong>Pierre Conscience <\/strong><br><\/p>\n","protected":false},"featured_media":2102,"template":"","tx_journal_issues":[41],"tx_journal_display":[],"class_list":["post-1704","cpt_sj_article","type-cpt_sj_article","status-publish","has-post-thumbnail","hentry","tx_journal_authors-conscience-pierre","tx_journal_issues-360-2","tx_journal_sections-ecologie","tx_journal_sections-vaud"],"acf":[],"yoast_head":"<!-- This site is optimized with the Yoast SEO plugin v27.4 - https:\/\/yoast.com\/product\/yoast-seo-wordpress\/ -->\n<title>En finir avec un vestige du pass\u00e9 &#8211; solidarit\u00e9S Vaud<\/title>\n<meta name=\"robots\" content=\"index, follow, max-snippet:-1, max-image-preview:large, max-video-preview:-1\" \/>\n<link rel=\"canonical\" href=\"https:\/\/solidarites.ch\/vaud\/journal\/360-2\/en-finir-avec-un-vestige-du-passe\/\" \/>\n<meta property=\"og:locale\" content=\"fr_FR\" \/>\n<meta property=\"og:type\" content=\"article\" \/>\n<meta property=\"og:title\" content=\"En finir avec un vestige du pass\u00e9 &#8211; solidarit\u00e9S Vaud\" \/>\n<meta property=\"og:description\" content=\"Les \u00e9lu-e-s d\u2019Ensemble \u00e0 Gauche \u00e0 Lausanne ont d\u00e9pos\u00e9 un postulat pour demander la fermeture de l\u2019a\u00e9roport de la Bl\u00e9cherette, infrastructure nuisible, polluante et qui ne r\u00e9pond \u00e0 aucun besoin r\u00e9el de la population. Le 19 novembre 2019, le Conseil communal de Lausanne adoptait une r\u00e9ponse de la Municipalit\u00e9 \u00e0 la p\u00e9tition de l\u2019Association de &hellip; Continued\" \/>\n<meta property=\"og:url\" content=\"https:\/\/solidarites.ch\/vaud\/journal\/360-2\/en-finir-avec-un-vestige-du-passe\/\" \/>\n<meta property=\"og:site_name\" content=\"solidarit\u00e9S Vaud\" \/>\n<meta property=\"article:publisher\" content=\"https:\/\/www.facebook.com\/solidarites.vaud\/\" \/>\n<meta property=\"og:image\" content=\"https:\/\/solidarites.ch\/vaud\/wp-content\/uploads\/sites\/3\/2020\/01\/Sandro-Senn.jpg\" \/>\n\t<meta property=\"og:image:width\" content=\"1037\" \/>\n\t<meta property=\"og:image:height\" content=\"778\" \/>\n\t<meta property=\"og:image:type\" content=\"image\/jpeg\" \/>\n<meta name=\"twitter:card\" content=\"summary_large_image\" \/>\n<meta name=\"twitter:site\" content=\"@solidariteSvaud\" \/>\n<meta name=\"twitter:label1\" content=\"Dur\u00e9e de lecture estim\u00e9e\" \/>\n\t<meta name=\"twitter:data1\" content=\"2 minutes\" \/>\n<script type=\"application\/ld+json\" class=\"yoast-schema-graph\">{\"@context\":\"https:\\\/\\\/schema.org\",\"@graph\":[{\"@type\":\"WebPage\",\"@id\":\"https:\\\/\\\/solidarites.ch\\\/vaud\\\/journal\\\/360-2\\\/en-finir-avec-un-vestige-du-passe\\\/\",\"url\":\"https:\\\/\\\/solidarites.ch\\\/vaud\\\/journal\\\/360-2\\\/en-finir-avec-un-vestige-du-passe\\\/\",\"name\":\"En finir avec un vestige du pass\u00e9 &#8211; solidarit\u00e9S Vaud\",\"isPartOf\":{\"@id\":\"https:\\\/\\\/solidarites.ch\\\/vaud\\\/#website\"},\"primaryImageOfPage\":{\"@id\":\"https:\\\/\\\/solidarites.ch\\\/vaud\\\/journal\\\/360-2\\\/en-finir-avec-un-vestige-du-passe\\\/#primaryimage\"},\"image\":{\"@id\":\"https:\\\/\\\/solidarites.ch\\\/vaud\\\/journal\\\/360-2\\\/en-finir-avec-un-vestige-du-passe\\\/#primaryimage\"},\"thumbnailUrl\":\"https:\\\/\\\/solidarites.ch\\\/vaud\\\/wp-content\\\/uploads\\\/sites\\\/3\\\/2020\\\/01\\\/Sandro-Senn.jpg\",\"datePublished\":\"2020-01-10T14:11:51+00:00\",\"breadcrumb\":{\"@id\":\"https:\\\/\\\/solidarites.ch\\\/vaud\\\/journal\\\/360-2\\\/en-finir-avec-un-vestige-du-passe\\\/#breadcrumb\"},\"inLanguage\":\"fr-FR\",\"potentialAction\":[{\"@type\":\"ReadAction\",\"target\":[\"https:\\\/\\\/solidarites.ch\\\/vaud\\\/journal\\\/360-2\\\/en-finir-avec-un-vestige-du-passe\\\/\"]}]},{\"@type\":\"ImageObject\",\"inLanguage\":\"fr-FR\",\"@id\":\"https:\\\/\\\/solidarites.ch\\\/vaud\\\/journal\\\/360-2\\\/en-finir-avec-un-vestige-du-passe\\\/#primaryimage\",\"url\":\"https:\\\/\\\/solidarites.ch\\\/vaud\\\/wp-content\\\/uploads\\\/sites\\\/3\\\/2020\\\/01\\\/Sandro-Senn.jpg\",\"contentUrl\":\"https:\\\/\\\/solidarites.ch\\\/vaud\\\/wp-content\\\/uploads\\\/sites\\\/3\\\/2020\\\/01\\\/Sandro-Senn.jpg\",\"width\":1037,\"height\":778,\"caption\":\"L'a\u00e9roport de la Bl\u00e9cherette, Lausanne\"},{\"@type\":\"BreadcrumbList\",\"@id\":\"https:\\\/\\\/solidarites.ch\\\/vaud\\\/journal\\\/360-2\\\/en-finir-avec-un-vestige-du-passe\\\/#breadcrumb\",\"itemListElement\":[{\"@type\":\"ListItem\",\"position\":1,\"name\":\"Accueil\",\"item\":\"https:\\\/\\\/solidarites.ch\\\/vaud\\\/\"},{\"@type\":\"ListItem\",\"position\":2,\"name\":\"Articles Journal\",\"item\":\"https:\\\/\\\/solidarites.ch\\\/vaud\\\/articles\\\/\"},{\"@type\":\"ListItem\",\"position\":3,\"name\":\"En finir avec un vestige du pass\u00e9\"}]},{\"@type\":\"WebSite\",\"@id\":\"https:\\\/\\\/solidarites.ch\\\/vaud\\\/#website\",\"url\":\"https:\\\/\\\/solidarites.ch\\\/vaud\\\/\",\"name\":\"solidarit\u00e9S Vaud\",\"description\":\"Un mouvement &lt;br&gt;anticapitaliste, &lt;br&gt;f\u00e9ministe, &lt;br&gt;\u00e9cosocialiste et &lt;br&gt; antiraciste\",\"publisher\":{\"@id\":\"https:\\\/\\\/solidarites.ch\\\/vaud\\\/#organization\"},\"potentialAction\":[{\"@type\":\"SearchAction\",\"target\":{\"@type\":\"EntryPoint\",\"urlTemplate\":\"https:\\\/\\\/solidarites.ch\\\/vaud\\\/?s={search_term_string}\"},\"query-input\":{\"@type\":\"PropertyValueSpecification\",\"valueRequired\":true,\"valueName\":\"search_term_string\"}}],\"inLanguage\":\"fr-FR\"},{\"@type\":\"Organization\",\"@id\":\"https:\\\/\\\/solidarites.ch\\\/vaud\\\/#organization\",\"name\":\"solidarit\u00e9S Vaud\",\"url\":\"https:\\\/\\\/solidarites.ch\\\/vaud\\\/\",\"logo\":{\"@type\":\"ImageObject\",\"inLanguage\":\"fr-FR\",\"@id\":\"https:\\\/\\\/solidarites.ch\\\/vaud\\\/#\\\/schema\\\/logo\\\/image\\\/\",\"url\":\"https:\\\/\\\/solidarites.ch\\\/vaud\\\/wp-content\\\/uploads\\\/sites\\\/3\\\/2020\\\/01\\\/sol_VD_Pos_RVB.png\",\"contentUrl\":\"https:\\\/\\\/solidarites.ch\\\/vaud\\\/wp-content\\\/uploads\\\/sites\\\/3\\\/2020\\\/01\\\/sol_VD_Pos_RVB.png\",\"width\":1024,\"height\":409,\"caption\":\"solidarit\u00e9S Vaud\"},\"image\":{\"@id\":\"https:\\\/\\\/solidarites.ch\\\/vaud\\\/#\\\/schema\\\/logo\\\/image\\\/\"},\"sameAs\":[\"https:\\\/\\\/www.facebook.com\\\/solidarites.vaud\\\/\",\"https:\\\/\\\/x.com\\\/solidariteSvaud\",\"https:\\\/\\\/www.instagram.com\\\/solidarites_vaud\\\/\",\"https:\\\/\\\/www.youtube.com\\\/channel\\\/UCL1HKEFgISBtzQgDAlQKKIA\"]}]}<\/script>\n<!-- \/ Yoast SEO plugin. -->","yoast_head_json":{"title":"En finir avec un vestige du pass\u00e9 &#8211; solidarit\u00e9S Vaud","robots":{"index":"index","follow":"follow","max-snippet":"max-snippet:-1","max-image-preview":"max-image-preview:large","max-video-preview":"max-video-preview:-1"},"canonical":"https:\/\/solidarites.ch\/vaud\/journal\/360-2\/en-finir-avec-un-vestige-du-passe\/","og_locale":"fr_FR","og_type":"article","og_title":"En finir avec un vestige du pass\u00e9 &#8211; solidarit\u00e9S Vaud","og_description":"Les \u00e9lu-e-s d\u2019Ensemble \u00e0 Gauche \u00e0 Lausanne ont d\u00e9pos\u00e9 un postulat pour demander la fermeture de l\u2019a\u00e9roport de la Bl\u00e9cherette, infrastructure nuisible, polluante et qui ne r\u00e9pond \u00e0 aucun besoin r\u00e9el de la population. Le 19 novembre 2019, le Conseil communal de Lausanne adoptait une r\u00e9ponse de la Municipalit\u00e9 \u00e0 la p\u00e9tition de l\u2019Association de &hellip; Continued","og_url":"https:\/\/solidarites.ch\/vaud\/journal\/360-2\/en-finir-avec-un-vestige-du-passe\/","og_site_name":"solidarit\u00e9S Vaud","article_publisher":"https:\/\/www.facebook.com\/solidarites.vaud\/","og_image":[{"width":1037,"height":778,"url":"https:\/\/solidarites.ch\/vaud\/wp-content\/uploads\/sites\/3\/2020\/01\/Sandro-Senn.jpg","type":"image\/jpeg"}],"twitter_card":"summary_large_image","twitter_site":"@solidariteSvaud","twitter_misc":{"Dur\u00e9e de lecture estim\u00e9e":"2 minutes"},"schema":{"@context":"https:\/\/schema.org","@graph":[{"@type":"WebPage","@id":"https:\/\/solidarites.ch\/vaud\/journal\/360-2\/en-finir-avec-un-vestige-du-passe\/","url":"https:\/\/solidarites.ch\/vaud\/journal\/360-2\/en-finir-avec-un-vestige-du-passe\/","name":"En finir avec un vestige du pass\u00e9 &#8211; solidarit\u00e9S Vaud","isPartOf":{"@id":"https:\/\/solidarites.ch\/vaud\/#website"},"primaryImageOfPage":{"@id":"https:\/\/solidarites.ch\/vaud\/journal\/360-2\/en-finir-avec-un-vestige-du-passe\/#primaryimage"},"image":{"@id":"https:\/\/solidarites.ch\/vaud\/journal\/360-2\/en-finir-avec-un-vestige-du-passe\/#primaryimage"},"thumbnailUrl":"https:\/\/solidarites.ch\/vaud\/wp-content\/uploads\/sites\/3\/2020\/01\/Sandro-Senn.jpg","datePublished":"2020-01-10T14:11:51+00:00","breadcrumb":{"@id":"https:\/\/solidarites.ch\/vaud\/journal\/360-2\/en-finir-avec-un-vestige-du-passe\/#breadcrumb"},"inLanguage":"fr-FR","potentialAction":[{"@type":"ReadAction","target":["https:\/\/solidarites.ch\/vaud\/journal\/360-2\/en-finir-avec-un-vestige-du-passe\/"]}]},{"@type":"ImageObject","inLanguage":"fr-FR","@id":"https:\/\/solidarites.ch\/vaud\/journal\/360-2\/en-finir-avec-un-vestige-du-passe\/#primaryimage","url":"https:\/\/solidarites.ch\/vaud\/wp-content\/uploads\/sites\/3\/2020\/01\/Sandro-Senn.jpg","contentUrl":"https:\/\/solidarites.ch\/vaud\/wp-content\/uploads\/sites\/3\/2020\/01\/Sandro-Senn.jpg","width":1037,"height":778,"caption":"L'a\u00e9roport de la Bl\u00e9cherette, Lausanne"},{"@type":"BreadcrumbList","@id":"https:\/\/solidarites.ch\/vaud\/journal\/360-2\/en-finir-avec-un-vestige-du-passe\/#breadcrumb","itemListElement":[{"@type":"ListItem","position":1,"name":"Accueil","item":"https:\/\/solidarites.ch\/vaud\/"},{"@type":"ListItem","position":2,"name":"Articles Journal","item":"https:\/\/solidarites.ch\/vaud\/articles\/"},{"@type":"ListItem","position":3,"name":"En finir avec un vestige du pass\u00e9"}]},{"@type":"WebSite","@id":"https:\/\/solidarites.ch\/vaud\/#website","url":"https:\/\/solidarites.ch\/vaud\/","name":"solidarit\u00e9S Vaud","description":"Un mouvement &lt;br&gt;anticapitaliste, &lt;br&gt;f\u00e9ministe, &lt;br&gt;\u00e9cosocialiste et &lt;br&gt; antiraciste","publisher":{"@id":"https:\/\/solidarites.ch\/vaud\/#organization"},"potentialAction":[{"@type":"SearchAction","target":{"@type":"EntryPoint","urlTemplate":"https:\/\/solidarites.ch\/vaud\/?s={search_term_string}"},"query-input":{"@type":"PropertyValueSpecification","valueRequired":true,"valueName":"search_term_string"}}],"inLanguage":"fr-FR"},{"@type":"Organization","@id":"https:\/\/solidarites.ch\/vaud\/#organization","name":"solidarit\u00e9S Vaud","url":"https:\/\/solidarites.ch\/vaud\/","logo":{"@type":"ImageObject","inLanguage":"fr-FR","@id":"https:\/\/solidarites.ch\/vaud\/#\/schema\/logo\/image\/","url":"https:\/\/solidarites.ch\/vaud\/wp-content\/uploads\/sites\/3\/2020\/01\/sol_VD_Pos_RVB.png","contentUrl":"https:\/\/solidarites.ch\/vaud\/wp-content\/uploads\/sites\/3\/2020\/01\/sol_VD_Pos_RVB.png","width":1024,"height":409,"caption":"solidarit\u00e9S Vaud"},"image":{"@id":"https:\/\/solidarites.ch\/vaud\/#\/schema\/logo\/image\/"},"sameAs":["https:\/\/www.facebook.com\/solidarites.vaud\/","https:\/\/x.com\/solidariteSvaud","https:\/\/www.instagram.com\/solidarites_vaud\/","https:\/\/www.youtube.com\/channel\/UCL1HKEFgISBtzQgDAlQKKIA"]}]}},"distributor_meta":false,"distributor_terms":false,"distributor_media":false,"distributor_original_site_name":"solidarit\u00e9S Vaud","distributor_original_site_url":"https:\/\/solidarites.ch\/vaud","push-errors":false,"_links":{"self":[{"href":"https:\/\/solidarites.ch\/vaud\/wp-json\/wp\/v2\/cpt_sj_article\/1704","targetHints":{"allow":["GET"]}}],"collection":[{"href":"https:\/\/solidarites.ch\/vaud\/wp-json\/wp\/v2\/cpt_sj_article"}],"about":[{"href":"https:\/\/solidarites.ch\/vaud\/wp-json\/wp\/v2\/types\/cpt_sj_article"}],"wp:featuredmedia":[{"embeddable":true,"href":"https:\/\/solidarites.ch\/vaud\/wp-json\/wp\/v2\/media\/2102"}],"wp:attachment":[{"href":"https:\/\/solidarites.ch\/vaud\/wp-json\/wp\/v2\/media?parent=1704"}],"wp:term":[{"taxonomy":"tx_journal_issues","embeddable":true,"href":"https:\/\/solidarites.ch\/vaud\/wp-json\/wp\/v2\/tx_journal_issues?post=1704"},{"taxonomy":"tx_journal_display","embeddable":true,"href":"https:\/\/solidarites.ch\/vaud\/wp-json\/wp\/v2\/tx_journal_display?post=1704"}],"curies":[{"name":"wp","href":"https:\/\/api.w.org\/{rel}","templated":true}]}}