{"id":1706,"date":"2019-12-20T11:18:06","date_gmt":"2019-12-20T10:18:06","guid":{"rendered":"http:\/\/wonder.solidarites.ch\/journal\/%tx_journal_issues%\/le-gouvernement-vaudois-accorde-de-nouveaux-allegements-fiscaux-aux-grandes-entreprises\/"},"modified":"2019-12-20T11:18:06","modified_gmt":"2019-12-20T10:18:06","slug":"le-gouvernement-vaudois-accorde-de-nouveaux-allegements-fiscaux-aux-grandes-entreprises","status":"publish","type":"cpt_sj_article","link":"https:\/\/solidarites.ch\/vaud\/journal\/359-2\/le-gouvernement-vaudois-accorde-de-nouveaux-allegements-fiscaux-aux-grandes-entreprises\/","title":{"rendered":"Le gouvernement vaudois accorde de nouveaux all\u00e9gements fiscaux aux grandes entreprises"},"content":{"rendered":"\n<h2 class=\"is-style-chapeau wp-block-heading\"><strong>D\u00e9but 2019, le taux d&rsquo;imposition du b\u00e9n\u00e9fice des grandes entreprises a \u00e9t\u00e9 fortement abaiss\u00e9, de 21,3% \u00e0 13,8%. Insuffisant aux yeux des autorit\u00e9s vaudoises, qui introduiront de nouvelles d\u00e9ductions fiscales d\u00e8s 2020.<\/strong><\/h2>\n\n\n\n<figure class=\"wp-block-image alignwide\"><img decoding=\"async\" src=\"http:\/\/solidarites.ch\/wp-content\/uploads\/2019\/11\/vd.jpg\" alt=\"Vaud\"\/><\/figure>\n\n\n\n<p>L&rsquo;ann\u00e9e prochaine, les grandes entreprises du canton de Vaud pourront d\u00e9duire jusqu&rsquo;\u00e0 la moiti\u00e9 de la part communale et cantonale de leur b\u00e9n\u00e9fice imposable, au titre des brevets <em>(patent box)<\/em> et de la recherche &amp; d\u00e9veloppement. La d\u00e9duction li\u00e9e aux revenus des brevets est certes rendue obligatoire pour les cantons avec l&rsquo;entr\u00e9e en vigueur du paquet RFFA, mais ces derniers disposent d&rsquo;une marge de man\u0153uvre pour en d\u00e9terminer l&rsquo;ampleur. Le Conseil d&rsquo;\u00c9tat vaudois, avec un taux de d\u00e9duction \u00e0 60% sur les revenus issus des brevets, utilise cette marge de mani\u00e8re g\u00e9n\u00e9reuse envers les grandes entreprises. Il y ajoute la d\u00e9duction pour les d\u00e9penses de recherche &amp; d\u00e9veloppement, pourtant facultative.<\/p>\n\n\n\n<p>En parall\u00e8le, les autorit\u00e9s peuvent toujours exon\u00e9rer d&rsquo;imp\u00f4t, pour une dur\u00e9e de 10 ans, les entreprises nouvellement \u00e9tablies dans le canton, pratique dont a par exemple b\u00e9n\u00e9fici\u00e9 le g\u00e9ant minier br\u00e9silien Vale.<\/p>\n\n\n\n<p>Alors que l&rsquo;imp\u00f4t sur le b\u00e9n\u00e9fice avait rapport\u00e9 663 millions au Canton en 2016, il n&rsquo;est plus budg\u00e9t\u00e9 qu&rsquo;\u00e0 366 millions pour 2020. Soit une baisse d&rsquo;environ 300 millions, malgr\u00e9 la croissance dynamique de l&rsquo;\u00e9conomie vaudoise ces derni\u00e8res ann\u00e9es.<\/p>\n\n\n\n<p>C\u00f4t\u00e9 d\u00e9penses, ces all\u00e9gements fiscaux obligent \u00e0 <em>\u00ab\u2009une parfaite ma\u00eetrise des charges\u2009\u00bb<\/em>, selon les termes utilis\u00e9s par le Conseil d&rsquo;\u00c9tat dans son projet de budget 2020. La mobilisation, parmi d&rsquo;autres, de milliers d&rsquo;\u00e9ducatrices et d&rsquo;\u00e9ducateurs de l&rsquo;accueil pr\u00e9- et parascolaire et de personnes solidaires \u00e0 la fin de l&rsquo;ann\u00e9e 2018 t\u00e9moigne pourtant du m\u00e9contentement face \u00e0 la rigueur budg\u00e9taire, qui frappe d&rsquo;ores et d\u00e9j\u00e0 le service public. Comme, en cette fin d&rsquo;ann\u00e9e 2019, la mobilisation des employ\u00e9\u00b7e\u00b7s des EMS, des soins \u00e0 domicile et des h\u00f4pitaux r\u00e9gionaux.<\/p>\n\n\n\n<p><strong>Hadrien Buclin <\/strong><\/p>\n\n\n\n<div> <\/div>\n","protected":false},"featured_media":1897,"template":"","tx_journal_issues":[37],"tx_journal_display":[],"class_list":["post-1706","cpt_sj_article","type-cpt_sj_article","status-publish","has-post-thumbnail","hentry","tx_journal_authors-buclin-hadrien","tx_journal_issues-359-2","tx_journal_sections-vaud"],"acf":[],"yoast_head":"<!-- This site is optimized with the Yoast SEO plugin v27.4 - https:\/\/yoast.com\/product\/yoast-seo-wordpress\/ -->\n<title>Le gouvernement vaudois accorde de nouveaux all\u00e9gements fiscaux aux grandes entreprises &#8211; solidarit\u00e9S Vaud<\/title>\n<meta name=\"robots\" content=\"index, follow, max-snippet:-1, max-image-preview:large, max-video-preview:-1\" \/>\n<link rel=\"canonical\" href=\"https:\/\/solidarites.ch\/vaud\/journal\/359-2\/le-gouvernement-vaudois-accorde-de-nouveaux-allegements-fiscaux-aux-grandes-entreprises\/\" \/>\n<meta property=\"og:locale\" content=\"fr_FR\" \/>\n<meta property=\"og:type\" content=\"article\" \/>\n<meta property=\"og:title\" content=\"Le gouvernement vaudois accorde de nouveaux all\u00e9gements fiscaux aux grandes entreprises &#8211; solidarit\u00e9S Vaud\" \/>\n<meta property=\"og:description\" content=\"D\u00e9but 2019, le taux d&rsquo;imposition du b\u00e9n\u00e9fice des grandes entreprises a \u00e9t\u00e9 fortement abaiss\u00e9, de 21,3% \u00e0 13,8%. Insuffisant aux yeux des autorit\u00e9s vaudoises, qui introduiront de nouvelles d\u00e9ductions fiscales d\u00e8s 2020. L&rsquo;ann\u00e9e prochaine, les grandes entreprises du canton de Vaud pourront d\u00e9duire jusqu&rsquo;\u00e0 la moiti\u00e9 de la part communale et cantonale de leur b\u00e9n\u00e9fice &hellip; Continued\" \/>\n<meta property=\"og:url\" content=\"https:\/\/solidarites.ch\/vaud\/journal\/359-2\/le-gouvernement-vaudois-accorde-de-nouveaux-allegements-fiscaux-aux-grandes-entreprises\/\" \/>\n<meta property=\"og:site_name\" content=\"solidarit\u00e9S Vaud\" \/>\n<meta property=\"article:publisher\" content=\"https:\/\/www.facebook.com\/solidarites.vaud\/\" \/>\n<meta property=\"og:image\" content=\"https:\/\/solidarites.ch\/vaud\/wp-content\/uploads\/sites\/3\/2019\/12\/vd.jpg\" \/>\n\t<meta property=\"og:image:width\" content=\"976\" \/>\n\t<meta property=\"og:image:height\" content=\"774\" \/>\n\t<meta property=\"og:image:type\" content=\"image\/jpeg\" \/>\n<meta name=\"twitter:card\" content=\"summary_large_image\" \/>\n<meta name=\"twitter:site\" content=\"@solidariteSvaud\" \/>\n<meta name=\"twitter:label1\" content=\"Dur\u00e9e de lecture estim\u00e9e\" \/>\n\t<meta name=\"twitter:data1\" content=\"2 minutes\" \/>\n<script type=\"application\/ld+json\" class=\"yoast-schema-graph\">{\"@context\":\"https:\\\/\\\/schema.org\",\"@graph\":[{\"@type\":\"WebPage\",\"@id\":\"https:\\\/\\\/solidarites.ch\\\/vaud\\\/journal\\\/359-2\\\/le-gouvernement-vaudois-accorde-de-nouveaux-allegements-fiscaux-aux-grandes-entreprises\\\/\",\"url\":\"https:\\\/\\\/solidarites.ch\\\/vaud\\\/journal\\\/359-2\\\/le-gouvernement-vaudois-accorde-de-nouveaux-allegements-fiscaux-aux-grandes-entreprises\\\/\",\"name\":\"Le gouvernement vaudois accorde de nouveaux all\u00e9gements fiscaux aux grandes entreprises &#8211; solidarit\u00e9S Vaud\",\"isPartOf\":{\"@id\":\"https:\\\/\\\/solidarites.ch\\\/vaud\\\/#website\"},\"primaryImageOfPage\":{\"@id\":\"https:\\\/\\\/solidarites.ch\\\/vaud\\\/journal\\\/359-2\\\/le-gouvernement-vaudois-accorde-de-nouveaux-allegements-fiscaux-aux-grandes-entreprises\\\/#primaryimage\"},\"image\":{\"@id\":\"https:\\\/\\\/solidarites.ch\\\/vaud\\\/journal\\\/359-2\\\/le-gouvernement-vaudois-accorde-de-nouveaux-allegements-fiscaux-aux-grandes-entreprises\\\/#primaryimage\"},\"thumbnailUrl\":\"https:\\\/\\\/solidarites.ch\\\/vaud\\\/wp-content\\\/uploads\\\/sites\\\/3\\\/2019\\\/12\\\/vd.jpg\",\"datePublished\":\"2019-12-20T10:18:06+00:00\",\"breadcrumb\":{\"@id\":\"https:\\\/\\\/solidarites.ch\\\/vaud\\\/journal\\\/359-2\\\/le-gouvernement-vaudois-accorde-de-nouveaux-allegements-fiscaux-aux-grandes-entreprises\\\/#breadcrumb\"},\"inLanguage\":\"fr-FR\",\"potentialAction\":[{\"@type\":\"ReadAction\",\"target\":[\"https:\\\/\\\/solidarites.ch\\\/vaud\\\/journal\\\/359-2\\\/le-gouvernement-vaudois-accorde-de-nouveaux-allegements-fiscaux-aux-grandes-entreprises\\\/\"]}]},{\"@type\":\"ImageObject\",\"inLanguage\":\"fr-FR\",\"@id\":\"https:\\\/\\\/solidarites.ch\\\/vaud\\\/journal\\\/359-2\\\/le-gouvernement-vaudois-accorde-de-nouveaux-allegements-fiscaux-aux-grandes-entreprises\\\/#primaryimage\",\"url\":\"https:\\\/\\\/solidarites.ch\\\/vaud\\\/wp-content\\\/uploads\\\/sites\\\/3\\\/2019\\\/12\\\/vd.jpg\",\"contentUrl\":\"https:\\\/\\\/solidarites.ch\\\/vaud\\\/wp-content\\\/uploads\\\/sites\\\/3\\\/2019\\\/12\\\/vd.jpg\",\"width\":976,\"height\":774,\"caption\":\"Stand de campagne contre RFFA, Lausanne\"},{\"@type\":\"BreadcrumbList\",\"@id\":\"https:\\\/\\\/solidarites.ch\\\/vaud\\\/journal\\\/359-2\\\/le-gouvernement-vaudois-accorde-de-nouveaux-allegements-fiscaux-aux-grandes-entreprises\\\/#breadcrumb\",\"itemListElement\":[{\"@type\":\"ListItem\",\"position\":1,\"name\":\"Accueil\",\"item\":\"https:\\\/\\\/solidarites.ch\\\/vaud\\\/\"},{\"@type\":\"ListItem\",\"position\":2,\"name\":\"Articles Journal\",\"item\":\"https:\\\/\\\/solidarites.ch\\\/vaud\\\/articles\\\/\"},{\"@type\":\"ListItem\",\"position\":3,\"name\":\"Le gouvernement vaudois accorde de nouveaux all\u00e9gements fiscaux aux grandes entreprises\"}]},{\"@type\":\"WebSite\",\"@id\":\"https:\\\/\\\/solidarites.ch\\\/vaud\\\/#website\",\"url\":\"https:\\\/\\\/solidarites.ch\\\/vaud\\\/\",\"name\":\"solidarit\u00e9S Vaud\",\"description\":\"Un mouvement &lt;br&gt;anticapitaliste, &lt;br&gt;f\u00e9ministe, &lt;br&gt;\u00e9cosocialiste et &lt;br&gt; antiraciste\",\"publisher\":{\"@id\":\"https:\\\/\\\/solidarites.ch\\\/vaud\\\/#organization\"},\"potentialAction\":[{\"@type\":\"SearchAction\",\"target\":{\"@type\":\"EntryPoint\",\"urlTemplate\":\"https:\\\/\\\/solidarites.ch\\\/vaud\\\/?s={search_term_string}\"},\"query-input\":{\"@type\":\"PropertyValueSpecification\",\"valueRequired\":true,\"valueName\":\"search_term_string\"}}],\"inLanguage\":\"fr-FR\"},{\"@type\":\"Organization\",\"@id\":\"https:\\\/\\\/solidarites.ch\\\/vaud\\\/#organization\",\"name\":\"solidarit\u00e9S Vaud\",\"url\":\"https:\\\/\\\/solidarites.ch\\\/vaud\\\/\",\"logo\":{\"@type\":\"ImageObject\",\"inLanguage\":\"fr-FR\",\"@id\":\"https:\\\/\\\/solidarites.ch\\\/vaud\\\/#\\\/schema\\\/logo\\\/image\\\/\",\"url\":\"https:\\\/\\\/solidarites.ch\\\/vaud\\\/wp-content\\\/uploads\\\/sites\\\/3\\\/2020\\\/01\\\/sol_VD_Pos_RVB.png\",\"contentUrl\":\"https:\\\/\\\/solidarites.ch\\\/vaud\\\/wp-content\\\/uploads\\\/sites\\\/3\\\/2020\\\/01\\\/sol_VD_Pos_RVB.png\",\"width\":1024,\"height\":409,\"caption\":\"solidarit\u00e9S Vaud\"},\"image\":{\"@id\":\"https:\\\/\\\/solidarites.ch\\\/vaud\\\/#\\\/schema\\\/logo\\\/image\\\/\"},\"sameAs\":[\"https:\\\/\\\/www.facebook.com\\\/solidarites.vaud\\\/\",\"https:\\\/\\\/x.com\\\/solidariteSvaud\",\"https:\\\/\\\/www.instagram.com\\\/solidarites_vaud\\\/\",\"https:\\\/\\\/www.youtube.com\\\/channel\\\/UCL1HKEFgISBtzQgDAlQKKIA\"]}]}<\/script>\n<!-- \/ Yoast SEO plugin. -->","yoast_head_json":{"title":"Le gouvernement vaudois accorde de nouveaux all\u00e9gements fiscaux aux grandes entreprises &#8211; solidarit\u00e9S Vaud","robots":{"index":"index","follow":"follow","max-snippet":"max-snippet:-1","max-image-preview":"max-image-preview:large","max-video-preview":"max-video-preview:-1"},"canonical":"https:\/\/solidarites.ch\/vaud\/journal\/359-2\/le-gouvernement-vaudois-accorde-de-nouveaux-allegements-fiscaux-aux-grandes-entreprises\/","og_locale":"fr_FR","og_type":"article","og_title":"Le gouvernement vaudois accorde de nouveaux all\u00e9gements fiscaux aux grandes entreprises &#8211; solidarit\u00e9S Vaud","og_description":"D\u00e9but 2019, le taux d&rsquo;imposition du b\u00e9n\u00e9fice des grandes entreprises a \u00e9t\u00e9 fortement abaiss\u00e9, de 21,3% \u00e0 13,8%. Insuffisant aux yeux des autorit\u00e9s vaudoises, qui introduiront de nouvelles d\u00e9ductions fiscales d\u00e8s 2020. L&rsquo;ann\u00e9e prochaine, les grandes entreprises du canton de Vaud pourront d\u00e9duire jusqu&rsquo;\u00e0 la moiti\u00e9 de la part communale et cantonale de leur b\u00e9n\u00e9fice &hellip; Continued","og_url":"https:\/\/solidarites.ch\/vaud\/journal\/359-2\/le-gouvernement-vaudois-accorde-de-nouveaux-allegements-fiscaux-aux-grandes-entreprises\/","og_site_name":"solidarit\u00e9S Vaud","article_publisher":"https:\/\/www.facebook.com\/solidarites.vaud\/","og_image":[{"width":976,"height":774,"url":"https:\/\/solidarites.ch\/vaud\/wp-content\/uploads\/sites\/3\/2019\/12\/vd.jpg","type":"image\/jpeg"}],"twitter_card":"summary_large_image","twitter_site":"@solidariteSvaud","twitter_misc":{"Dur\u00e9e de lecture estim\u00e9e":"2 minutes"},"schema":{"@context":"https:\/\/schema.org","@graph":[{"@type":"WebPage","@id":"https:\/\/solidarites.ch\/vaud\/journal\/359-2\/le-gouvernement-vaudois-accorde-de-nouveaux-allegements-fiscaux-aux-grandes-entreprises\/","url":"https:\/\/solidarites.ch\/vaud\/journal\/359-2\/le-gouvernement-vaudois-accorde-de-nouveaux-allegements-fiscaux-aux-grandes-entreprises\/","name":"Le gouvernement vaudois accorde de nouveaux all\u00e9gements fiscaux aux grandes entreprises &#8211; solidarit\u00e9S Vaud","isPartOf":{"@id":"https:\/\/solidarites.ch\/vaud\/#website"},"primaryImageOfPage":{"@id":"https:\/\/solidarites.ch\/vaud\/journal\/359-2\/le-gouvernement-vaudois-accorde-de-nouveaux-allegements-fiscaux-aux-grandes-entreprises\/#primaryimage"},"image":{"@id":"https:\/\/solidarites.ch\/vaud\/journal\/359-2\/le-gouvernement-vaudois-accorde-de-nouveaux-allegements-fiscaux-aux-grandes-entreprises\/#primaryimage"},"thumbnailUrl":"https:\/\/solidarites.ch\/vaud\/wp-content\/uploads\/sites\/3\/2019\/12\/vd.jpg","datePublished":"2019-12-20T10:18:06+00:00","breadcrumb":{"@id":"https:\/\/solidarites.ch\/vaud\/journal\/359-2\/le-gouvernement-vaudois-accorde-de-nouveaux-allegements-fiscaux-aux-grandes-entreprises\/#breadcrumb"},"inLanguage":"fr-FR","potentialAction":[{"@type":"ReadAction","target":["https:\/\/solidarites.ch\/vaud\/journal\/359-2\/le-gouvernement-vaudois-accorde-de-nouveaux-allegements-fiscaux-aux-grandes-entreprises\/"]}]},{"@type":"ImageObject","inLanguage":"fr-FR","@id":"https:\/\/solidarites.ch\/vaud\/journal\/359-2\/le-gouvernement-vaudois-accorde-de-nouveaux-allegements-fiscaux-aux-grandes-entreprises\/#primaryimage","url":"https:\/\/solidarites.ch\/vaud\/wp-content\/uploads\/sites\/3\/2019\/12\/vd.jpg","contentUrl":"https:\/\/solidarites.ch\/vaud\/wp-content\/uploads\/sites\/3\/2019\/12\/vd.jpg","width":976,"height":774,"caption":"Stand de campagne contre RFFA, Lausanne"},{"@type":"BreadcrumbList","@id":"https:\/\/solidarites.ch\/vaud\/journal\/359-2\/le-gouvernement-vaudois-accorde-de-nouveaux-allegements-fiscaux-aux-grandes-entreprises\/#breadcrumb","itemListElement":[{"@type":"ListItem","position":1,"name":"Accueil","item":"https:\/\/solidarites.ch\/vaud\/"},{"@type":"ListItem","position":2,"name":"Articles Journal","item":"https:\/\/solidarites.ch\/vaud\/articles\/"},{"@type":"ListItem","position":3,"name":"Le gouvernement vaudois accorde de nouveaux all\u00e9gements fiscaux aux grandes entreprises"}]},{"@type":"WebSite","@id":"https:\/\/solidarites.ch\/vaud\/#website","url":"https:\/\/solidarites.ch\/vaud\/","name":"solidarit\u00e9S Vaud","description":"Un mouvement &lt;br&gt;anticapitaliste, &lt;br&gt;f\u00e9ministe, &lt;br&gt;\u00e9cosocialiste et &lt;br&gt; antiraciste","publisher":{"@id":"https:\/\/solidarites.ch\/vaud\/#organization"},"potentialAction":[{"@type":"SearchAction","target":{"@type":"EntryPoint","urlTemplate":"https:\/\/solidarites.ch\/vaud\/?s={search_term_string}"},"query-input":{"@type":"PropertyValueSpecification","valueRequired":true,"valueName":"search_term_string"}}],"inLanguage":"fr-FR"},{"@type":"Organization","@id":"https:\/\/solidarites.ch\/vaud\/#organization","name":"solidarit\u00e9S Vaud","url":"https:\/\/solidarites.ch\/vaud\/","logo":{"@type":"ImageObject","inLanguage":"fr-FR","@id":"https:\/\/solidarites.ch\/vaud\/#\/schema\/logo\/image\/","url":"https:\/\/solidarites.ch\/vaud\/wp-content\/uploads\/sites\/3\/2020\/01\/sol_VD_Pos_RVB.png","contentUrl":"https:\/\/solidarites.ch\/vaud\/wp-content\/uploads\/sites\/3\/2020\/01\/sol_VD_Pos_RVB.png","width":1024,"height":409,"caption":"solidarit\u00e9S Vaud"},"image":{"@id":"https:\/\/solidarites.ch\/vaud\/#\/schema\/logo\/image\/"},"sameAs":["https:\/\/www.facebook.com\/solidarites.vaud\/","https:\/\/x.com\/solidariteSvaud","https:\/\/www.instagram.com\/solidarites_vaud\/","https:\/\/www.youtube.com\/channel\/UCL1HKEFgISBtzQgDAlQKKIA"]}]}},"distributor_meta":false,"distributor_terms":false,"distributor_media":false,"distributor_original_site_name":"solidarit\u00e9S Vaud","distributor_original_site_url":"https:\/\/solidarites.ch\/vaud","push-errors":false,"_links":{"self":[{"href":"https:\/\/solidarites.ch\/vaud\/wp-json\/wp\/v2\/cpt_sj_article\/1706","targetHints":{"allow":["GET"]}}],"collection":[{"href":"https:\/\/solidarites.ch\/vaud\/wp-json\/wp\/v2\/cpt_sj_article"}],"about":[{"href":"https:\/\/solidarites.ch\/vaud\/wp-json\/wp\/v2\/types\/cpt_sj_article"}],"wp:featuredmedia":[{"embeddable":true,"href":"https:\/\/solidarites.ch\/vaud\/wp-json\/wp\/v2\/media\/1897"}],"wp:attachment":[{"href":"https:\/\/solidarites.ch\/vaud\/wp-json\/wp\/v2\/media?parent=1706"}],"wp:term":[{"taxonomy":"tx_journal_issues","embeddable":true,"href":"https:\/\/solidarites.ch\/vaud\/wp-json\/wp\/v2\/tx_journal_issues?post=1706"},{"taxonomy":"tx_journal_display","embeddable":true,"href":"https:\/\/solidarites.ch\/vaud\/wp-json\/wp\/v2\/tx_journal_display?post=1706"}],"curies":[{"name":"wp","href":"https:\/\/api.w.org\/{rel}","templated":true}]}}