{"id":1844,"date":"2019-12-20T11:18:21","date_gmt":"2019-12-20T10:18:21","guid":{"rendered":"http:\/\/wonder.solidarites.ch\/journal\/%tx_journal_issues%\/econe-veut-agrandir-son-antenne-vaudoise\/"},"modified":"2019-12-20T11:18:21","modified_gmt":"2019-12-20T10:18:21","slug":"econe-veut-agrandir-son-antenne-vaudoise","status":"publish","type":"cpt_sj_article","link":"https:\/\/solidarites.ch\/vaud\/journal\/357-2\/econe-veut-agrandir-son-antenne-vaudoise\/","title":{"rendered":"\u00c9c\u00f4ne veut agrandir son antenne vaudoise"},"content":{"rendered":"\n<h2 class=\"is-style-chapeau wp-block-heading\">Le mois de septembre a \u00e9t\u00e9 agit\u00e9 \u00e0 Essertes, village d&rsquo;environ 370 habitant\u00b7e\u00b7s. La raison: l&rsquo;\u00e9tablissement d&rsquo;une \u00e9cole confessionnelle pour 60 enfants dans une ancienne ferme au centre du village.<\/h2>\n\n\n\n<figure class=\"wp-block-image alignwide size-large\"><img decoding=\"async\" src=\"https:\/\/solidarites.ch\/wp-content\/uploads\/2019\/11\/ordinations_3_1.jpg\" alt=\"ordinations_3_1\" class=\"wp-image-14251\" \/>\n<div class='wp-description'><\/div><\/figure>\n\n\n<p class=\"has-drop-cap\">\u00c9c\u00f4ne pr\u00e9voit d&rsquo;y r\u00e9nover un b\u00e2timent afin de faire passer sa capacit\u00e9 d&rsquo;accueil \u00e0 300 personnes, soit \u00e0 peu pr\u00e8s la population du village. En plus de poser des questions d&rsquo;ordre logistique, l&rsquo;\u00e9cole d\u00e9range de par la nature m\u00eame de son projet.<\/p>\n\n\n\n<p>\u00c9c\u00f4ne, de son vrai nom la Fraternit\u00e9 Sacerdotale Saint-Pie XI, a \u00e9t\u00e9 fond\u00e9e en r\u00e9action au concile Vatican II, consid\u00e9r\u00e9 comme une des modestes concessions de l&rsquo;\u00c9glise catholique au monde moderne. \u00c0 \u00c9c\u00f4ne, on donne encore la messe en latin. Et, malgr\u00e9 les d\u00e9mentis path\u00e9tiques de la Municipalit\u00e9, la Fraternit\u00e9 nous informe dans un communiqu\u00e9 publi\u00e9 sur son site web que les messes seront aussi donn\u00e9es \u00e0 Essertes.<\/p>\n\n\n\n<p>Les \u00c9conards assurent que seul\u00b7e\u00b7s les catholiques seront sauv\u00e9\u00b7e\u00b7s lors de l&rsquo;Apocalypse, donc qu&rsquo;il n&rsquo;y pas de salut dans les <em>\u00ab\u2009fausses religions\u2009\u00bb<\/em>. Surtout, ils enseignent aux femmes qu&rsquo;elles <em>\u00ab\u2009doivent se montrer aptes \u00e0 tous les actes qui rendent le foyer aimable et attrayant\u2009\u00bb<\/em> et que leurs hommes doivent <em>\u00ab\u2009conqu\u00e9rir les qualit\u00e9s qui donneront \u00e0 la femme le sentiment qu&rsquo;elle peut s&rsquo;abandonner avec confiance\u2009\u00bb<\/em>.<\/p>\n\n\n\n<p>Les membres de ce groupuscule sectaire avaient aussi fait parler d&rsquo;eux\u00b7elles en mai 2017, quand ils\u00b7elles s&rsquo;\u00e9taient distingu\u00e9\u00b7e\u00b7s par leurs pri\u00e8res hebdomadaires dans la chapelle du CHUV, cens\u00e9es <em>\u00ab\u2009r\u00e9parer les crimes de l&rsquo;avortement\u2009\u00bb<\/em>. Pas besoin de fouiller loin pour s&rsquo;apercevoir que l&rsquo;on a affaire \u00e0 l&rsquo;un des bastions r\u00e9actionnaires les plus actifs du pays.<\/p>\n\n\n\n<p>Il est d&rsquo;ailleurs tr\u00e8s dr\u00f4le de voir la Fraternit\u00e9 se lamenter de leurs difficult\u00e9s actuelles \u00e0 emprunter de l&rsquo;argent pour les travaux. <em>\u00ab\u2009On ne peut \u00e9videmment pas introduire la divine Providence dans un tableau Excel\u2009\u00bb<\/em>, dit-elle sur son site. Le co\u00fbt de 3 millions et le plan de financement divin de l&rsquo;\u00e9cole doivent refroidir les investisseurs les plus t\u00e9m\u00e9raires.<\/p>\n\n\n\n<p>Malgr\u00e9 cela et l&rsquo;opposition organis\u00e9e par une association d\u00e9j\u00e0 forte de 100 membres, soit presque le tiers des habitant\u00b7e\u00b7s, les travaux ont commenc\u00e9. On ne peut que d\u00e9plorer la sortie d&rsquo;autant d&rsquo;enfants du syst\u00e8me d&rsquo;\u00e9ducation public au profit d&rsquo;enseignements aussi obscurantistes. <em>Le Temps<\/em> alertait d\u00e9j\u00e0 en 2011 sur le fait que les enfants d&rsquo;\u00c9c\u00f4ne ne parviennent que rarement \u00e0 raccrocher au programme \u00e9ducatif de l&rsquo;\u00c9tat. C&rsquo;est en ce sens que nous avons d\u00e9pos\u00e9 une question au Grand Conseil, invitant le gouvernement \u00e0 contr\u00f4ler la stricte application du cadre l\u00e9gal qui pr\u00e9voit que l&rsquo;\u00c9tat s&rsquo;assure que l&rsquo;instruction promulgu\u00e9e dans l&rsquo;enseignement priv\u00e9 soit au moins \u00e9quivalente \u00e0 celle dispens\u00e9e par les \u00e9coles publiques.<\/p>\n\n\n\n<p><strong>Marc Leemann <\/strong><\/p>\n","protected":false},"featured_media":1902,"template":"","tx_journal_issues":[55],"tx_journal_display":[],"class_list":["post-1844","cpt_sj_article","type-cpt_sj_article","status-publish","has-post-thumbnail","hentry","tx_journal_authors-leemann-marc","tx_journal_issues-357-2","tx_journal_sections-vaud"],"acf":[],"yoast_head":"<!-- This site is optimized with the Yoast SEO plugin v27.4 - https:\/\/yoast.com\/product\/yoast-seo-wordpress\/ -->\n<title>\u00c9c\u00f4ne veut agrandir son antenne vaudoise &#8211; solidarit\u00e9S Vaud<\/title>\n<meta name=\"robots\" content=\"index, follow, max-snippet:-1, max-image-preview:large, max-video-preview:-1\" \/>\n<link rel=\"canonical\" href=\"https:\/\/solidarites.ch\/vaud\/journal\/357-2\/econe-veut-agrandir-son-antenne-vaudoise\/\" \/>\n<meta property=\"og:locale\" content=\"fr_FR\" \/>\n<meta property=\"og:type\" content=\"article\" \/>\n<meta property=\"og:title\" content=\"\u00c9c\u00f4ne veut agrandir son antenne vaudoise &#8211; solidarit\u00e9S Vaud\" \/>\n<meta property=\"og:description\" content=\"Le mois de septembre a \u00e9t\u00e9 agit\u00e9 \u00e0 Essertes, village d&rsquo;environ 370 habitant\u00b7e\u00b7s. La raison: l&rsquo;\u00e9tablissement d&rsquo;une \u00e9cole confessionnelle pour 60 enfants dans une ancienne ferme au centre du village. \u00c9c\u00f4ne pr\u00e9voit d&rsquo;y r\u00e9nover un b\u00e2timent afin de faire passer sa capacit\u00e9 d&rsquo;accueil \u00e0 300 personnes, soit \u00e0 peu pr\u00e8s la population du village. En &hellip; Continued\" \/>\n<meta property=\"og:url\" content=\"https:\/\/solidarites.ch\/vaud\/journal\/357-2\/econe-veut-agrandir-son-antenne-vaudoise\/\" \/>\n<meta property=\"og:site_name\" content=\"solidarit\u00e9S Vaud\" \/>\n<meta property=\"article:publisher\" content=\"https:\/\/www.facebook.com\/solidarites.vaud\/\" \/>\n<meta property=\"og:image\" content=\"https:\/\/solidarites.ch\/vaud\/wp-content\/uploads\/sites\/3\/2019\/12\/ordinations_3_1.jpg\" \/>\n\t<meta property=\"og:image:width\" content=\"800\" \/>\n\t<meta property=\"og:image:height\" content=\"450\" \/>\n\t<meta property=\"og:image:type\" content=\"image\/jpeg\" \/>\n<meta name=\"twitter:card\" content=\"summary_large_image\" \/>\n<meta name=\"twitter:site\" content=\"@solidariteSvaud\" \/>\n<meta name=\"twitter:label1\" content=\"Dur\u00e9e de lecture estim\u00e9e\" \/>\n\t<meta name=\"twitter:data1\" content=\"2 minutes\" \/>\n<script type=\"application\/ld+json\" class=\"yoast-schema-graph\">{\"@context\":\"https:\\\/\\\/schema.org\",\"@graph\":[{\"@type\":\"WebPage\",\"@id\":\"https:\\\/\\\/solidarites.ch\\\/vaud\\\/journal\\\/357-2\\\/econe-veut-agrandir-son-antenne-vaudoise\\\/\",\"url\":\"https:\\\/\\\/solidarites.ch\\\/vaud\\\/journal\\\/357-2\\\/econe-veut-agrandir-son-antenne-vaudoise\\\/\",\"name\":\"\u00c9c\u00f4ne veut agrandir son antenne vaudoise &#8211; solidarit\u00e9S Vaud\",\"isPartOf\":{\"@id\":\"https:\\\/\\\/solidarites.ch\\\/vaud\\\/#website\"},\"primaryImageOfPage\":{\"@id\":\"https:\\\/\\\/solidarites.ch\\\/vaud\\\/journal\\\/357-2\\\/econe-veut-agrandir-son-antenne-vaudoise\\\/#primaryimage\"},\"image\":{\"@id\":\"https:\\\/\\\/solidarites.ch\\\/vaud\\\/journal\\\/357-2\\\/econe-veut-agrandir-son-antenne-vaudoise\\\/#primaryimage\"},\"thumbnailUrl\":\"https:\\\/\\\/solidarites.ch\\\/vaud\\\/wp-content\\\/uploads\\\/sites\\\/3\\\/2019\\\/12\\\/ordinations_3_1.jpg\",\"datePublished\":\"2019-12-20T10:18:21+00:00\",\"breadcrumb\":{\"@id\":\"https:\\\/\\\/solidarites.ch\\\/vaud\\\/journal\\\/357-2\\\/econe-veut-agrandir-son-antenne-vaudoise\\\/#breadcrumb\"},\"inLanguage\":\"fr-FR\",\"potentialAction\":[{\"@type\":\"ReadAction\",\"target\":[\"https:\\\/\\\/solidarites.ch\\\/vaud\\\/journal\\\/357-2\\\/econe-veut-agrandir-son-antenne-vaudoise\\\/\"]}]},{\"@type\":\"ImageObject\",\"inLanguage\":\"fr-FR\",\"@id\":\"https:\\\/\\\/solidarites.ch\\\/vaud\\\/journal\\\/357-2\\\/econe-veut-agrandir-son-antenne-vaudoise\\\/#primaryimage\",\"url\":\"https:\\\/\\\/solidarites.ch\\\/vaud\\\/wp-content\\\/uploads\\\/sites\\\/3\\\/2019\\\/12\\\/ordinations_3_1.jpg\",\"contentUrl\":\"https:\\\/\\\/solidarites.ch\\\/vaud\\\/wp-content\\\/uploads\\\/sites\\\/3\\\/2019\\\/12\\\/ordinations_3_1.jpg\",\"width\":800,\"height\":450,\"caption\":\"Ordinations \u00e0 \u00c9c\u00f4ne\"},{\"@type\":\"BreadcrumbList\",\"@id\":\"https:\\\/\\\/solidarites.ch\\\/vaud\\\/journal\\\/357-2\\\/econe-veut-agrandir-son-antenne-vaudoise\\\/#breadcrumb\",\"itemListElement\":[{\"@type\":\"ListItem\",\"position\":1,\"name\":\"Accueil\",\"item\":\"https:\\\/\\\/solidarites.ch\\\/vaud\\\/\"},{\"@type\":\"ListItem\",\"position\":2,\"name\":\"Articles Journal\",\"item\":\"https:\\\/\\\/solidarites.ch\\\/vaud\\\/articles\\\/\"},{\"@type\":\"ListItem\",\"position\":3,\"name\":\"\u00c9c\u00f4ne veut agrandir son antenne vaudoise\"}]},{\"@type\":\"WebSite\",\"@id\":\"https:\\\/\\\/solidarites.ch\\\/vaud\\\/#website\",\"url\":\"https:\\\/\\\/solidarites.ch\\\/vaud\\\/\",\"name\":\"solidarit\u00e9S Vaud\",\"description\":\"Un mouvement &lt;br&gt;anticapitaliste, &lt;br&gt;f\u00e9ministe, &lt;br&gt;\u00e9cosocialiste et &lt;br&gt; antiraciste\",\"publisher\":{\"@id\":\"https:\\\/\\\/solidarites.ch\\\/vaud\\\/#organization\"},\"potentialAction\":[{\"@type\":\"SearchAction\",\"target\":{\"@type\":\"EntryPoint\",\"urlTemplate\":\"https:\\\/\\\/solidarites.ch\\\/vaud\\\/?s={search_term_string}\"},\"query-input\":{\"@type\":\"PropertyValueSpecification\",\"valueRequired\":true,\"valueName\":\"search_term_string\"}}],\"inLanguage\":\"fr-FR\"},{\"@type\":\"Organization\",\"@id\":\"https:\\\/\\\/solidarites.ch\\\/vaud\\\/#organization\",\"name\":\"solidarit\u00e9S Vaud\",\"url\":\"https:\\\/\\\/solidarites.ch\\\/vaud\\\/\",\"logo\":{\"@type\":\"ImageObject\",\"inLanguage\":\"fr-FR\",\"@id\":\"https:\\\/\\\/solidarites.ch\\\/vaud\\\/#\\\/schema\\\/logo\\\/image\\\/\",\"url\":\"https:\\\/\\\/solidarites.ch\\\/vaud\\\/wp-content\\\/uploads\\\/sites\\\/3\\\/2020\\\/01\\\/sol_VD_Pos_RVB.png\",\"contentUrl\":\"https:\\\/\\\/solidarites.ch\\\/vaud\\\/wp-content\\\/uploads\\\/sites\\\/3\\\/2020\\\/01\\\/sol_VD_Pos_RVB.png\",\"width\":1024,\"height\":409,\"caption\":\"solidarit\u00e9S Vaud\"},\"image\":{\"@id\":\"https:\\\/\\\/solidarites.ch\\\/vaud\\\/#\\\/schema\\\/logo\\\/image\\\/\"},\"sameAs\":[\"https:\\\/\\\/www.facebook.com\\\/solidarites.vaud\\\/\",\"https:\\\/\\\/x.com\\\/solidariteSvaud\",\"https:\\\/\\\/www.instagram.com\\\/solidarites_vaud\\\/\",\"https:\\\/\\\/www.youtube.com\\\/channel\\\/UCL1HKEFgISBtzQgDAlQKKIA\"]}]}<\/script>\n<!-- \/ Yoast SEO plugin. -->","yoast_head_json":{"title":"\u00c9c\u00f4ne veut agrandir son antenne vaudoise &#8211; solidarit\u00e9S Vaud","robots":{"index":"index","follow":"follow","max-snippet":"max-snippet:-1","max-image-preview":"max-image-preview:large","max-video-preview":"max-video-preview:-1"},"canonical":"https:\/\/solidarites.ch\/vaud\/journal\/357-2\/econe-veut-agrandir-son-antenne-vaudoise\/","og_locale":"fr_FR","og_type":"article","og_title":"\u00c9c\u00f4ne veut agrandir son antenne vaudoise &#8211; solidarit\u00e9S Vaud","og_description":"Le mois de septembre a \u00e9t\u00e9 agit\u00e9 \u00e0 Essertes, village d&rsquo;environ 370 habitant\u00b7e\u00b7s. La raison: l&rsquo;\u00e9tablissement d&rsquo;une \u00e9cole confessionnelle pour 60 enfants dans une ancienne ferme au centre du village. \u00c9c\u00f4ne pr\u00e9voit d&rsquo;y r\u00e9nover un b\u00e2timent afin de faire passer sa capacit\u00e9 d&rsquo;accueil \u00e0 300 personnes, soit \u00e0 peu pr\u00e8s la population du village. En &hellip; Continued","og_url":"https:\/\/solidarites.ch\/vaud\/journal\/357-2\/econe-veut-agrandir-son-antenne-vaudoise\/","og_site_name":"solidarit\u00e9S Vaud","article_publisher":"https:\/\/www.facebook.com\/solidarites.vaud\/","og_image":[{"width":800,"height":450,"url":"https:\/\/solidarites.ch\/vaud\/wp-content\/uploads\/sites\/3\/2019\/12\/ordinations_3_1.jpg","type":"image\/jpeg"}],"twitter_card":"summary_large_image","twitter_site":"@solidariteSvaud","twitter_misc":{"Dur\u00e9e de lecture estim\u00e9e":"2 minutes"},"schema":{"@context":"https:\/\/schema.org","@graph":[{"@type":"WebPage","@id":"https:\/\/solidarites.ch\/vaud\/journal\/357-2\/econe-veut-agrandir-son-antenne-vaudoise\/","url":"https:\/\/solidarites.ch\/vaud\/journal\/357-2\/econe-veut-agrandir-son-antenne-vaudoise\/","name":"\u00c9c\u00f4ne veut agrandir son antenne vaudoise &#8211; solidarit\u00e9S Vaud","isPartOf":{"@id":"https:\/\/solidarites.ch\/vaud\/#website"},"primaryImageOfPage":{"@id":"https:\/\/solidarites.ch\/vaud\/journal\/357-2\/econe-veut-agrandir-son-antenne-vaudoise\/#primaryimage"},"image":{"@id":"https:\/\/solidarites.ch\/vaud\/journal\/357-2\/econe-veut-agrandir-son-antenne-vaudoise\/#primaryimage"},"thumbnailUrl":"https:\/\/solidarites.ch\/vaud\/wp-content\/uploads\/sites\/3\/2019\/12\/ordinations_3_1.jpg","datePublished":"2019-12-20T10:18:21+00:00","breadcrumb":{"@id":"https:\/\/solidarites.ch\/vaud\/journal\/357-2\/econe-veut-agrandir-son-antenne-vaudoise\/#breadcrumb"},"inLanguage":"fr-FR","potentialAction":[{"@type":"ReadAction","target":["https:\/\/solidarites.ch\/vaud\/journal\/357-2\/econe-veut-agrandir-son-antenne-vaudoise\/"]}]},{"@type":"ImageObject","inLanguage":"fr-FR","@id":"https:\/\/solidarites.ch\/vaud\/journal\/357-2\/econe-veut-agrandir-son-antenne-vaudoise\/#primaryimage","url":"https:\/\/solidarites.ch\/vaud\/wp-content\/uploads\/sites\/3\/2019\/12\/ordinations_3_1.jpg","contentUrl":"https:\/\/solidarites.ch\/vaud\/wp-content\/uploads\/sites\/3\/2019\/12\/ordinations_3_1.jpg","width":800,"height":450,"caption":"Ordinations \u00e0 \u00c9c\u00f4ne"},{"@type":"BreadcrumbList","@id":"https:\/\/solidarites.ch\/vaud\/journal\/357-2\/econe-veut-agrandir-son-antenne-vaudoise\/#breadcrumb","itemListElement":[{"@type":"ListItem","position":1,"name":"Accueil","item":"https:\/\/solidarites.ch\/vaud\/"},{"@type":"ListItem","position":2,"name":"Articles Journal","item":"https:\/\/solidarites.ch\/vaud\/articles\/"},{"@type":"ListItem","position":3,"name":"\u00c9c\u00f4ne veut agrandir son antenne vaudoise"}]},{"@type":"WebSite","@id":"https:\/\/solidarites.ch\/vaud\/#website","url":"https:\/\/solidarites.ch\/vaud\/","name":"solidarit\u00e9S Vaud","description":"Un mouvement &lt;br&gt;anticapitaliste, &lt;br&gt;f\u00e9ministe, &lt;br&gt;\u00e9cosocialiste et &lt;br&gt; antiraciste","publisher":{"@id":"https:\/\/solidarites.ch\/vaud\/#organization"},"potentialAction":[{"@type":"SearchAction","target":{"@type":"EntryPoint","urlTemplate":"https:\/\/solidarites.ch\/vaud\/?s={search_term_string}"},"query-input":{"@type":"PropertyValueSpecification","valueRequired":true,"valueName":"search_term_string"}}],"inLanguage":"fr-FR"},{"@type":"Organization","@id":"https:\/\/solidarites.ch\/vaud\/#organization","name":"solidarit\u00e9S Vaud","url":"https:\/\/solidarites.ch\/vaud\/","logo":{"@type":"ImageObject","inLanguage":"fr-FR","@id":"https:\/\/solidarites.ch\/vaud\/#\/schema\/logo\/image\/","url":"https:\/\/solidarites.ch\/vaud\/wp-content\/uploads\/sites\/3\/2020\/01\/sol_VD_Pos_RVB.png","contentUrl":"https:\/\/solidarites.ch\/vaud\/wp-content\/uploads\/sites\/3\/2020\/01\/sol_VD_Pos_RVB.png","width":1024,"height":409,"caption":"solidarit\u00e9S Vaud"},"image":{"@id":"https:\/\/solidarites.ch\/vaud\/#\/schema\/logo\/image\/"},"sameAs":["https:\/\/www.facebook.com\/solidarites.vaud\/","https:\/\/x.com\/solidariteSvaud","https:\/\/www.instagram.com\/solidarites_vaud\/","https:\/\/www.youtube.com\/channel\/UCL1HKEFgISBtzQgDAlQKKIA"]}]}},"distributor_meta":false,"distributor_terms":false,"distributor_media":false,"distributor_original_site_name":"solidarit\u00e9S Vaud","distributor_original_site_url":"https:\/\/solidarites.ch\/vaud","push-errors":false,"_links":{"self":[{"href":"https:\/\/solidarites.ch\/vaud\/wp-json\/wp\/v2\/cpt_sj_article\/1844","targetHints":{"allow":["GET"]}}],"collection":[{"href":"https:\/\/solidarites.ch\/vaud\/wp-json\/wp\/v2\/cpt_sj_article"}],"about":[{"href":"https:\/\/solidarites.ch\/vaud\/wp-json\/wp\/v2\/types\/cpt_sj_article"}],"wp:featuredmedia":[{"embeddable":true,"href":"https:\/\/solidarites.ch\/vaud\/wp-json\/wp\/v2\/media\/1902"}],"wp:attachment":[{"href":"https:\/\/solidarites.ch\/vaud\/wp-json\/wp\/v2\/media?parent=1844"}],"wp:term":[{"taxonomy":"tx_journal_issues","embeddable":true,"href":"https:\/\/solidarites.ch\/vaud\/wp-json\/wp\/v2\/tx_journal_issues?post=1844"},{"taxonomy":"tx_journal_display","embeddable":true,"href":"https:\/\/solidarites.ch\/vaud\/wp-json\/wp\/v2\/tx_journal_display?post=1844"}],"curies":[{"name":"wp","href":"https:\/\/api.w.org\/{rel}","templated":true}]}}