{"id":1848,"date":"2019-09-19T00:00:00","date_gmt":"2019-09-18T22:00:00","guid":{"rendered":"http:\/\/wonder.solidarites.ch\/journal\/%tx_journal_issues%\/referendum-sur-lextension-de-lhoraire-douverture-des-magasins-a-nyon\/"},"modified":"2019-12-18T16:09:54","modified_gmt":"2019-12-18T15:09:54","slug":"referendum-sur-lextension-de-lhoraire-douverture-des-magasins-a-nyon","status":"publish","type":"cpt_sj_article","link":"https:\/\/solidarites.ch\/vaud\/journal\/356-2\/referendum-sur-lextension-de-lhoraire-douverture-des-magasins-a-nyon\/","title":{"rendered":"R\u00e9f\u00e9rendum sur l&rsquo;extension de l&rsquo;horaire d&rsquo;ouverture des magasins \u00e0 Nyon"},"content":{"rendered":"\n<figure class=\"wp-block-image size-large\"><img decoding=\"async\" src=\"https:\/\/solidarites.ch\/wp-content\/uploads\/2019\/11\/ouvertures-magasins-nyon-848x1024.jpg\" alt=\"ouvertures-magasins-nyon\" class=\"wp-image-14204\" \/><figcaption>Distribution de tracts d&rsquo;Ensemble \u00e0 gauche Vaud \u00e0 Nyon<\/figcaption>\n<div class='wp-description'><\/div><\/figure>\n\n\n<p class=\"has-drop-cap\">Le 22 septembre, les citoyen\u00b7ne\u00b7s nyonnais\u00b7es seront appel\u00e9\u00b7e\u00b7s \u00e0 voter sur l&rsquo;extension des horaires d&rsquo;ouverture des magasins les samedis et veilles de jours f\u00e9ri\u00e9s, passant de 18\u2009h \u00e0 19\u2009h (comme les autres jours de la semaine) gr\u00e2ce au comit\u00e9 r\u00e9f\u00e9rendaire \u00ab\u2009Touche pas \u00e0 mon samedi\u2009\u00bb. solidarit\u00e9S Vaud, ainsi que ses partenaires d&rsquo;Ensemble \u00e0 Gauche, s&rsquo;opposent bien entendu fermement \u00e0 cette nouvelle attaque contre la qualit\u00e9 de vie du personnel de vente et \u00e0 cette fuite en avant productiviste au nom d&rsquo;une pr\u00e9tendue <em>\u00ab\u2009attractivit\u00e9 commerciale\u2009\u00bb<\/em>.<\/p>\n\n\n\n<p>Ce projet, port\u00e9 par la Municipalit\u00e9 et accept\u00e9 par le Conseil communal, reprend la litanie habituelle des arguments lorsqu&rsquo;il s&rsquo;agit de lib\u00e9raliser l&rsquo;horaire d&rsquo;ouverture des commerces: concurrence d&rsquo;internet, des commerces des gares, de la France Voisine et <em>\u00ab\u2009dynamisation du centre-ville\u2009\u00bb<\/em>. Ces arguments servent surtout \u00e0 \u00e9loigner le d\u00e9bat de la course aux profits que se livrent les grands groupes commerciaux install\u00e9s \u00e0 Nyon qui est au c\u0153ur de la question.<\/p>\n\n\n\n<h2 class=\"wp-block-heading\"><strong>Grand commerces enembuscade<\/strong><\/h2>\n\n\n\n<p>Voulu par les grands commerces de la Ville et d\u00e9fendu par l&rsquo;association des commer\u00e7ant\u00b7e\u00b7s locale, ce r\u00e8glement, s&rsquo;il passait la rampe des urnes, aurait surtout pour effet de ronger encore plus sur le temps libre du personnel de vente\u2009\u2013\u2009majoritairement f\u00e9minin\u2009\u2013\u2009des commerces nyonnais. Malgr\u00e9 la garantie d&rsquo;une non-augmentation du temps total de travail, cette mesure aurait malgr\u00e9 tout pour effet de rallonger le temps total pass\u00e9 sur le lieu de travail et raccourcirait le temps de repos des travailleuses et des travailleurs, au d\u00e9triment de leur vie personnelle, familiale et sociale. Tout ceci ne tient m\u00eame pas compte du fait que les cr\u00e8ches et autres services ne ferment g\u00e9n\u00e9ralement pas aussi tard.<\/p>\n\n\n\n<p>Par ailleurs, de tr\u00e8s nombreux commerces nyonnais ferment dans les faits d\u00e9j\u00e0 bien avant 18\u2009h les samedis et veilles de jours f\u00e9ri\u00e9s. Il s&rsquo;agit donc bien d&rsquo;une tactique agressive des grands groupes de distribution pour ajouter une part de b\u00e9n\u00e9fices \u00e0 leur d\u00e9j\u00e0 copieux g\u00e2teau.<\/p>\n\n\n\n<p>Plut\u00f4t que de se lancer dans cette fuite en avant, la Municipalit\u00e9 et le Conseil communal seraient inspir\u00e9s, en collaboration avec l&rsquo;association des commer\u00e7ant\u00b7e\u00b7s, de promouvoir le bien-vivre ensemble et surtout la sant\u00e9 physique et mentale des travailleuses et des travailleurs. En effet, si ce cas local est \u00e9difiant \u00e0 titre isol\u00e9, il s&rsquo;inscrit surtout dans la logique d&rsquo;une croissance exacerb\u00e9e alors que le taux de maladies professionnelles en Suisse est l&rsquo;un des plus \u00e9lev\u00e9s au monde et que la crise climatique globale n\u00e9cessite une diminution globale du temps de travail et de la productivit\u00e9.<\/p>\n\n\n\n<p><strong>solidarit\u00e9S Vaud<\/strong><\/p>\n","protected":false},"featured_media":0,"template":"","tx_journal_issues":[58],"tx_journal_display":[],"class_list":["post-1848","cpt_sj_article","type-cpt_sj_article","status-publish","hentry","tx_journal_authors-vaud-solidarites","tx_journal_issues-356-2","tx_journal_sections-monde-du-travail","tx_journal_sections-vaud"],"acf":[],"yoast_head":"<!-- This site is optimized with the Yoast SEO plugin v27.4 - https:\/\/yoast.com\/product\/yoast-seo-wordpress\/ -->\n<title>R\u00e9f\u00e9rendum sur l&#039;extension de l&#039;horaire d&#039;ouverture des magasins \u00e0 Nyon &#8211; solidarit\u00e9S Vaud<\/title>\n<meta name=\"robots\" content=\"index, follow, max-snippet:-1, max-image-preview:large, max-video-preview:-1\" \/>\n<link rel=\"canonical\" href=\"https:\/\/solidarites.ch\/vaud\/journal\/356-2\/referendum-sur-lextension-de-lhoraire-douverture-des-magasins-a-nyon\/\" \/>\n<meta property=\"og:locale\" content=\"fr_FR\" \/>\n<meta property=\"og:type\" content=\"article\" \/>\n<meta property=\"og:title\" content=\"R\u00e9f\u00e9rendum sur l&#039;extension de l&#039;horaire d&#039;ouverture des magasins \u00e0 Nyon &#8211; solidarit\u00e9S Vaud\" \/>\n<meta property=\"og:description\" content=\"Le 22 septembre, les citoyen\u00b7ne\u00b7s nyonnais\u00b7es seront appel\u00e9\u00b7e\u00b7s \u00e0 voter sur l&rsquo;extension des horaires d&rsquo;ouverture des magasins les samedis et veilles de jours f\u00e9ri\u00e9s, passant de 18\u2009h \u00e0 19\u2009h (comme les autres jours de la semaine) gr\u00e2ce au comit\u00e9 r\u00e9f\u00e9rendaire \u00ab\u2009Touche pas \u00e0 mon samedi\u2009\u00bb. solidarit\u00e9S Vaud, ainsi que ses partenaires d&rsquo;Ensemble \u00e0 Gauche, s&rsquo;opposent &hellip; Continued\" \/>\n<meta property=\"og:url\" content=\"https:\/\/solidarites.ch\/vaud\/journal\/356-2\/referendum-sur-lextension-de-lhoraire-douverture-des-magasins-a-nyon\/\" \/>\n<meta property=\"og:site_name\" content=\"solidarit\u00e9S Vaud\" \/>\n<meta property=\"article:publisher\" content=\"https:\/\/www.facebook.com\/solidarites.vaud\/\" \/>\n<meta property=\"article:modified_time\" content=\"2019-12-18T15:09:54+00:00\" \/>\n<meta property=\"og:image\" content=\"https:\/\/solidarites.ch\/wp-content\/uploads\/2019\/11\/ouvertures-magasins-nyon-848x1024.jpg\" \/>\n<meta name=\"twitter:card\" content=\"summary_large_image\" \/>\n<meta name=\"twitter:site\" content=\"@solidariteSvaud\" \/>\n<meta name=\"twitter:label1\" content=\"Dur\u00e9e de lecture estim\u00e9e\" \/>\n\t<meta name=\"twitter:data1\" content=\"2 minutes\" \/>\n<script type=\"application\/ld+json\" class=\"yoast-schema-graph\">{\"@context\":\"https:\\\/\\\/schema.org\",\"@graph\":[{\"@type\":\"WebPage\",\"@id\":\"https:\\\/\\\/solidarites.ch\\\/vaud\\\/journal\\\/356-2\\\/referendum-sur-lextension-de-lhoraire-douverture-des-magasins-a-nyon\\\/\",\"url\":\"https:\\\/\\\/solidarites.ch\\\/vaud\\\/journal\\\/356-2\\\/referendum-sur-lextension-de-lhoraire-douverture-des-magasins-a-nyon\\\/\",\"name\":\"R\u00e9f\u00e9rendum sur l'extension de l'horaire d'ouverture des magasins \u00e0 Nyon &#8211; solidarit\u00e9S Vaud\",\"isPartOf\":{\"@id\":\"https:\\\/\\\/solidarites.ch\\\/vaud\\\/#website\"},\"primaryImageOfPage\":{\"@id\":\"https:\\\/\\\/solidarites.ch\\\/vaud\\\/journal\\\/356-2\\\/referendum-sur-lextension-de-lhoraire-douverture-des-magasins-a-nyon\\\/#primaryimage\"},\"image\":{\"@id\":\"https:\\\/\\\/solidarites.ch\\\/vaud\\\/journal\\\/356-2\\\/referendum-sur-lextension-de-lhoraire-douverture-des-magasins-a-nyon\\\/#primaryimage\"},\"thumbnailUrl\":\"https:\\\/\\\/solidarites.ch\\\/wp-content\\\/uploads\\\/2019\\\/11\\\/ouvertures-magasins-nyon-848x1024.jpg\",\"datePublished\":\"2019-09-18T22:00:00+00:00\",\"dateModified\":\"2019-12-18T15:09:54+00:00\",\"breadcrumb\":{\"@id\":\"https:\\\/\\\/solidarites.ch\\\/vaud\\\/journal\\\/356-2\\\/referendum-sur-lextension-de-lhoraire-douverture-des-magasins-a-nyon\\\/#breadcrumb\"},\"inLanguage\":\"fr-FR\",\"potentialAction\":[{\"@type\":\"ReadAction\",\"target\":[\"https:\\\/\\\/solidarites.ch\\\/vaud\\\/journal\\\/356-2\\\/referendum-sur-lextension-de-lhoraire-douverture-des-magasins-a-nyon\\\/\"]}]},{\"@type\":\"ImageObject\",\"inLanguage\":\"fr-FR\",\"@id\":\"https:\\\/\\\/solidarites.ch\\\/vaud\\\/journal\\\/356-2\\\/referendum-sur-lextension-de-lhoraire-douverture-des-magasins-a-nyon\\\/#primaryimage\",\"url\":\"https:\\\/\\\/solidarites.ch\\\/wp-content\\\/uploads\\\/2019\\\/11\\\/ouvertures-magasins-nyon-848x1024.jpg\",\"contentUrl\":\"https:\\\/\\\/solidarites.ch\\\/wp-content\\\/uploads\\\/2019\\\/11\\\/ouvertures-magasins-nyon-848x1024.jpg\"},{\"@type\":\"BreadcrumbList\",\"@id\":\"https:\\\/\\\/solidarites.ch\\\/vaud\\\/journal\\\/356-2\\\/referendum-sur-lextension-de-lhoraire-douverture-des-magasins-a-nyon\\\/#breadcrumb\",\"itemListElement\":[{\"@type\":\"ListItem\",\"position\":1,\"name\":\"Accueil\",\"item\":\"https:\\\/\\\/solidarites.ch\\\/vaud\\\/\"},{\"@type\":\"ListItem\",\"position\":2,\"name\":\"Articles Journal\",\"item\":\"https:\\\/\\\/solidarites.ch\\\/vaud\\\/articles\\\/\"},{\"@type\":\"ListItem\",\"position\":3,\"name\":\"R\u00e9f\u00e9rendum sur l&rsquo;extension de l&rsquo;horaire d&rsquo;ouverture des magasins \u00e0 Nyon\"}]},{\"@type\":\"WebSite\",\"@id\":\"https:\\\/\\\/solidarites.ch\\\/vaud\\\/#website\",\"url\":\"https:\\\/\\\/solidarites.ch\\\/vaud\\\/\",\"name\":\"solidarit\u00e9S Vaud\",\"description\":\"Un mouvement &lt;br&gt;anticapitaliste, &lt;br&gt;f\u00e9ministe, &lt;br&gt;\u00e9cosocialiste et &lt;br&gt; antiraciste\",\"publisher\":{\"@id\":\"https:\\\/\\\/solidarites.ch\\\/vaud\\\/#organization\"},\"potentialAction\":[{\"@type\":\"SearchAction\",\"target\":{\"@type\":\"EntryPoint\",\"urlTemplate\":\"https:\\\/\\\/solidarites.ch\\\/vaud\\\/?s={search_term_string}\"},\"query-input\":{\"@type\":\"PropertyValueSpecification\",\"valueRequired\":true,\"valueName\":\"search_term_string\"}}],\"inLanguage\":\"fr-FR\"},{\"@type\":\"Organization\",\"@id\":\"https:\\\/\\\/solidarites.ch\\\/vaud\\\/#organization\",\"name\":\"solidarit\u00e9S Vaud\",\"url\":\"https:\\\/\\\/solidarites.ch\\\/vaud\\\/\",\"logo\":{\"@type\":\"ImageObject\",\"inLanguage\":\"fr-FR\",\"@id\":\"https:\\\/\\\/solidarites.ch\\\/vaud\\\/#\\\/schema\\\/logo\\\/image\\\/\",\"url\":\"https:\\\/\\\/solidarites.ch\\\/vaud\\\/wp-content\\\/uploads\\\/sites\\\/3\\\/2020\\\/01\\\/sol_VD_Pos_RVB.png\",\"contentUrl\":\"https:\\\/\\\/solidarites.ch\\\/vaud\\\/wp-content\\\/uploads\\\/sites\\\/3\\\/2020\\\/01\\\/sol_VD_Pos_RVB.png\",\"width\":1024,\"height\":409,\"caption\":\"solidarit\u00e9S Vaud\"},\"image\":{\"@id\":\"https:\\\/\\\/solidarites.ch\\\/vaud\\\/#\\\/schema\\\/logo\\\/image\\\/\"},\"sameAs\":[\"https:\\\/\\\/www.facebook.com\\\/solidarites.vaud\\\/\",\"https:\\\/\\\/x.com\\\/solidariteSvaud\",\"https:\\\/\\\/www.instagram.com\\\/solidarites_vaud\\\/\",\"https:\\\/\\\/www.youtube.com\\\/channel\\\/UCL1HKEFgISBtzQgDAlQKKIA\"]}]}<\/script>\n<!-- \/ Yoast SEO plugin. -->","yoast_head_json":{"title":"R\u00e9f\u00e9rendum sur l'extension de l'horaire d'ouverture des magasins \u00e0 Nyon &#8211; solidarit\u00e9S Vaud","robots":{"index":"index","follow":"follow","max-snippet":"max-snippet:-1","max-image-preview":"max-image-preview:large","max-video-preview":"max-video-preview:-1"},"canonical":"https:\/\/solidarites.ch\/vaud\/journal\/356-2\/referendum-sur-lextension-de-lhoraire-douverture-des-magasins-a-nyon\/","og_locale":"fr_FR","og_type":"article","og_title":"R\u00e9f\u00e9rendum sur l'extension de l'horaire d'ouverture des magasins \u00e0 Nyon &#8211; solidarit\u00e9S Vaud","og_description":"Le 22 septembre, les citoyen\u00b7ne\u00b7s nyonnais\u00b7es seront appel\u00e9\u00b7e\u00b7s \u00e0 voter sur l&rsquo;extension des horaires d&rsquo;ouverture des magasins les samedis et veilles de jours f\u00e9ri\u00e9s, passant de 18\u2009h \u00e0 19\u2009h (comme les autres jours de la semaine) gr\u00e2ce au comit\u00e9 r\u00e9f\u00e9rendaire \u00ab\u2009Touche pas \u00e0 mon samedi\u2009\u00bb. solidarit\u00e9S Vaud, ainsi que ses partenaires d&rsquo;Ensemble \u00e0 Gauche, s&rsquo;opposent &hellip; Continued","og_url":"https:\/\/solidarites.ch\/vaud\/journal\/356-2\/referendum-sur-lextension-de-lhoraire-douverture-des-magasins-a-nyon\/","og_site_name":"solidarit\u00e9S Vaud","article_publisher":"https:\/\/www.facebook.com\/solidarites.vaud\/","article_modified_time":"2019-12-18T15:09:54+00:00","og_image":[{"url":"https:\/\/solidarites.ch\/wp-content\/uploads\/2019\/11\/ouvertures-magasins-nyon-848x1024.jpg","type":"","width":"","height":""}],"twitter_card":"summary_large_image","twitter_site":"@solidariteSvaud","twitter_misc":{"Dur\u00e9e de lecture estim\u00e9e":"2 minutes"},"schema":{"@context":"https:\/\/schema.org","@graph":[{"@type":"WebPage","@id":"https:\/\/solidarites.ch\/vaud\/journal\/356-2\/referendum-sur-lextension-de-lhoraire-douverture-des-magasins-a-nyon\/","url":"https:\/\/solidarites.ch\/vaud\/journal\/356-2\/referendum-sur-lextension-de-lhoraire-douverture-des-magasins-a-nyon\/","name":"R\u00e9f\u00e9rendum sur l'extension de l'horaire d'ouverture des magasins \u00e0 Nyon &#8211; solidarit\u00e9S Vaud","isPartOf":{"@id":"https:\/\/solidarites.ch\/vaud\/#website"},"primaryImageOfPage":{"@id":"https:\/\/solidarites.ch\/vaud\/journal\/356-2\/referendum-sur-lextension-de-lhoraire-douverture-des-magasins-a-nyon\/#primaryimage"},"image":{"@id":"https:\/\/solidarites.ch\/vaud\/journal\/356-2\/referendum-sur-lextension-de-lhoraire-douverture-des-magasins-a-nyon\/#primaryimage"},"thumbnailUrl":"https:\/\/solidarites.ch\/wp-content\/uploads\/2019\/11\/ouvertures-magasins-nyon-848x1024.jpg","datePublished":"2019-09-18T22:00:00+00:00","dateModified":"2019-12-18T15:09:54+00:00","breadcrumb":{"@id":"https:\/\/solidarites.ch\/vaud\/journal\/356-2\/referendum-sur-lextension-de-lhoraire-douverture-des-magasins-a-nyon\/#breadcrumb"},"inLanguage":"fr-FR","potentialAction":[{"@type":"ReadAction","target":["https:\/\/solidarites.ch\/vaud\/journal\/356-2\/referendum-sur-lextension-de-lhoraire-douverture-des-magasins-a-nyon\/"]}]},{"@type":"ImageObject","inLanguage":"fr-FR","@id":"https:\/\/solidarites.ch\/vaud\/journal\/356-2\/referendum-sur-lextension-de-lhoraire-douverture-des-magasins-a-nyon\/#primaryimage","url":"https:\/\/solidarites.ch\/wp-content\/uploads\/2019\/11\/ouvertures-magasins-nyon-848x1024.jpg","contentUrl":"https:\/\/solidarites.ch\/wp-content\/uploads\/2019\/11\/ouvertures-magasins-nyon-848x1024.jpg"},{"@type":"BreadcrumbList","@id":"https:\/\/solidarites.ch\/vaud\/journal\/356-2\/referendum-sur-lextension-de-lhoraire-douverture-des-magasins-a-nyon\/#breadcrumb","itemListElement":[{"@type":"ListItem","position":1,"name":"Accueil","item":"https:\/\/solidarites.ch\/vaud\/"},{"@type":"ListItem","position":2,"name":"Articles Journal","item":"https:\/\/solidarites.ch\/vaud\/articles\/"},{"@type":"ListItem","position":3,"name":"R\u00e9f\u00e9rendum sur l&rsquo;extension de l&rsquo;horaire d&rsquo;ouverture des magasins \u00e0 Nyon"}]},{"@type":"WebSite","@id":"https:\/\/solidarites.ch\/vaud\/#website","url":"https:\/\/solidarites.ch\/vaud\/","name":"solidarit\u00e9S Vaud","description":"Un mouvement &lt;br&gt;anticapitaliste, &lt;br&gt;f\u00e9ministe, &lt;br&gt;\u00e9cosocialiste et &lt;br&gt; antiraciste","publisher":{"@id":"https:\/\/solidarites.ch\/vaud\/#organization"},"potentialAction":[{"@type":"SearchAction","target":{"@type":"EntryPoint","urlTemplate":"https:\/\/solidarites.ch\/vaud\/?s={search_term_string}"},"query-input":{"@type":"PropertyValueSpecification","valueRequired":true,"valueName":"search_term_string"}}],"inLanguage":"fr-FR"},{"@type":"Organization","@id":"https:\/\/solidarites.ch\/vaud\/#organization","name":"solidarit\u00e9S Vaud","url":"https:\/\/solidarites.ch\/vaud\/","logo":{"@type":"ImageObject","inLanguage":"fr-FR","@id":"https:\/\/solidarites.ch\/vaud\/#\/schema\/logo\/image\/","url":"https:\/\/solidarites.ch\/vaud\/wp-content\/uploads\/sites\/3\/2020\/01\/sol_VD_Pos_RVB.png","contentUrl":"https:\/\/solidarites.ch\/vaud\/wp-content\/uploads\/sites\/3\/2020\/01\/sol_VD_Pos_RVB.png","width":1024,"height":409,"caption":"solidarit\u00e9S Vaud"},"image":{"@id":"https:\/\/solidarites.ch\/vaud\/#\/schema\/logo\/image\/"},"sameAs":["https:\/\/www.facebook.com\/solidarites.vaud\/","https:\/\/x.com\/solidariteSvaud","https:\/\/www.instagram.com\/solidarites_vaud\/","https:\/\/www.youtube.com\/channel\/UCL1HKEFgISBtzQgDAlQKKIA"]}]}},"distributor_meta":false,"distributor_terms":false,"distributor_media":false,"distributor_original_site_name":"solidarit\u00e9S Vaud","distributor_original_site_url":"https:\/\/solidarites.ch\/vaud","push-errors":false,"_links":{"self":[{"href":"https:\/\/solidarites.ch\/vaud\/wp-json\/wp\/v2\/cpt_sj_article\/1848","targetHints":{"allow":["GET"]}}],"collection":[{"href":"https:\/\/solidarites.ch\/vaud\/wp-json\/wp\/v2\/cpt_sj_article"}],"about":[{"href":"https:\/\/solidarites.ch\/vaud\/wp-json\/wp\/v2\/types\/cpt_sj_article"}],"wp:attachment":[{"href":"https:\/\/solidarites.ch\/vaud\/wp-json\/wp\/v2\/media?parent=1848"}],"wp:term":[{"taxonomy":"tx_journal_issues","embeddable":true,"href":"https:\/\/solidarites.ch\/vaud\/wp-json\/wp\/v2\/tx_journal_issues?post=1848"},{"taxonomy":"tx_journal_display","embeddable":true,"href":"https:\/\/solidarites.ch\/vaud\/wp-json\/wp\/v2\/tx_journal_display?post=1848"}],"curies":[{"name":"wp","href":"https:\/\/api.w.org\/{rel}","templated":true}]}}