{"id":1948,"date":"2019-07-18T00:00:00","date_gmt":"2019-07-17T22:00:00","guid":{"rendered":"http:\/\/wonder.solidarites.ch\/journal\/%tx_journal_issues%\/cocktail-austeritaire-du-geant-jaune\/"},"modified":"2019-07-18T00:00:00","modified_gmt":"2019-07-17T22:00:00","slug":"cocktail-austeritaire-du-geant-jaune","status":"publish","type":"cpt_sj_article","link":"https:\/\/solidarites.ch\/vaud\/journal\/354-2\/cocktail-austeritaire-du-geant-jaune\/","title":{"rendered":"Cocktail aust\u00e9ritaire du g\u00e9ant jaune"},"content":{"rendered":"<div style=\"font-weight:bolder\">\n<p><img decoding=\"async\" alt=\"Manifestation dans l'office de poste de la Riponne. Photo: Francoise Orioli\" src=\"http:\/\/solidarites.ch\/wp-content\/uploads\/2019\/11\/manifestation-poste-riponne_francoise-orioli.jpg\" xss=removed><\/p>\n<p><small>Manifestation dans l&rsquo;office de poste de la Riponne. Photo: Fran\u00e7oise Orioli<\/small><\/div>\n<p>La Poste pr\u00e9voit de fermer 49 offices dans le pays de Vaud \u00e0 l&rsquo;horizon 2020, selon Syndicom et l&rsquo;ACIDUS (Association Citoyenne de D\u00e9fense des Usagers du Service public). Une cinquantaine d&rsquo;autres seraient menac\u00e9es apr\u00e8s cette date. La raison? M\u00eame le bureau de Bellevaux, toujours plein d&rsquo;apr\u00e8s l&rsquo;association de son quartier, <em>\u00abenregistre un volume d&rsquo;op\u00e9rations postales insuffisant\u00bb<\/em> selon la Poste.<\/p>\n<p>L&rsquo;ancienne r\u00e9gie se d\u00e9fend de d\u00e9grader le service en disant remplacer les guichets ferm\u00e9s par des bornes \u00e9lectroniques dans les \u00e9piceries. Or, seul un tiers des prestations est possible dans ces guichets de poste au rabais. Le personnel y est souvent mal, voire pas form\u00e9, ajoutant une difficult\u00e9 d&rsquo;acc\u00e8s au service pour l&rsquo;usager\u00b7\u00e8re et une pression au travail pour l&#8217;employ\u00e9\u00b7e. Ce sont quelque 1200 emplois qui sont menac\u00e9s par l&rsquo;offensive aust\u00e9ritaire de la Poste.<\/p>\n<p>Dans les zones rurales du canton, la fermeture du guichet du village peut augmenter de cinq kilom\u00e8tres, voire plus, la distance \u00e0 parcourir pour acc\u00e9der \u00e0 certains services. Sans voiture, une d\u00e9marche auparavant simple peut devenir un parcours du combattant. \u00c0 l&rsquo;heure o\u00f9 la crise climatique nous pousse \u00e0 devoir d\u00e9centraliser notre soci\u00e9t\u00e9 pour r\u00e9duire nos d\u00e9placements, cette mesure est aussi anti-\u00e9cologique qu&rsquo;antisociale.<\/p>\n<p>Le 6 juillet dernier, nous manifestions devant l&rsquo;office de la Riponne pour d\u00e9noncer le rouleau compresseur n\u00e9olib\u00e9ral envoy\u00e9 par la Poste contre ses usager\u00b7\u00e8re\u00b7s. L&rsquo;ACIDUS a d\u00e9j\u00e0 annonc\u00e9 une prochaine action le 7 septembre, cette fois-ci au guichet de S\u00e9velin. <strong>ML<\/strong><\/p>\n","protected":false},"featured_media":1949,"template":"","tx_journal_issues":[59],"tx_journal_display":[],"class_list":["post-1948","cpt_sj_article","type-cpt_sj_article","status-publish","has-post-thumbnail","hentry","tx_journal_authors-leemann-marc","tx_journal_issues-354-2","tx_journal_sections-vaud"],"acf":[],"yoast_head":"<!-- This site is optimized with the Yoast SEO plugin v27.4 - https:\/\/yoast.com\/product\/yoast-seo-wordpress\/ -->\n<title>Cocktail aust\u00e9ritaire du g\u00e9ant jaune &#8211; solidarit\u00e9S Vaud<\/title>\n<meta name=\"robots\" content=\"index, follow, max-snippet:-1, max-image-preview:large, max-video-preview:-1\" \/>\n<link rel=\"canonical\" href=\"https:\/\/solidarites.ch\/vaud\/journal\/354-2\/cocktail-austeritaire-du-geant-jaune\/\" \/>\n<meta property=\"og:locale\" content=\"fr_FR\" \/>\n<meta property=\"og:type\" content=\"article\" \/>\n<meta property=\"og:title\" content=\"Cocktail aust\u00e9ritaire du g\u00e9ant jaune &#8211; solidarit\u00e9S Vaud\" \/>\n<meta property=\"og:description\" content=\"Manifestation dans l&rsquo;office de poste de la Riponne. Photo: Fran\u00e7oise Orioli La Poste pr\u00e9voit de fermer 49 offices dans le pays de Vaud \u00e0 l&rsquo;horizon 2020, selon Syndicom et l&rsquo;ACIDUS (Association Citoyenne de D\u00e9fense des Usagers du Service public). Une cinquantaine d&rsquo;autres seraient menac\u00e9es apr\u00e8s cette date. La raison? M\u00eame le bureau de Bellevaux, toujours &hellip; Continued\" \/>\n<meta property=\"og:url\" content=\"https:\/\/solidarites.ch\/vaud\/journal\/354-2\/cocktail-austeritaire-du-geant-jaune\/\" \/>\n<meta property=\"og:site_name\" content=\"solidarit\u00e9S Vaud\" \/>\n<meta property=\"article:publisher\" content=\"https:\/\/www.facebook.com\/solidarites.vaud\/\" \/>\n<meta property=\"og:image\" content=\"https:\/\/solidarites.ch\/vaud\/wp-content\/uploads\/sites\/3\/2019\/07\/manifestation-poste-riponne_francoise-orioli.jpg\" \/>\n\t<meta property=\"og:image:width\" content=\"960\" \/>\n\t<meta property=\"og:image:height\" content=\"720\" \/>\n\t<meta property=\"og:image:type\" content=\"image\/jpeg\" \/>\n<meta name=\"twitter:card\" content=\"summary_large_image\" \/>\n<meta name=\"twitter:site\" content=\"@solidariteSvaud\" \/>\n<meta name=\"twitter:label1\" content=\"Dur\u00e9e de lecture estim\u00e9e\" \/>\n\t<meta name=\"twitter:data1\" content=\"1 minute\" \/>\n<script type=\"application\/ld+json\" class=\"yoast-schema-graph\">{\"@context\":\"https:\\\/\\\/schema.org\",\"@graph\":[{\"@type\":\"WebPage\",\"@id\":\"https:\\\/\\\/solidarites.ch\\\/vaud\\\/journal\\\/354-2\\\/cocktail-austeritaire-du-geant-jaune\\\/\",\"url\":\"https:\\\/\\\/solidarites.ch\\\/vaud\\\/journal\\\/354-2\\\/cocktail-austeritaire-du-geant-jaune\\\/\",\"name\":\"Cocktail aust\u00e9ritaire du g\u00e9ant jaune &#8211; solidarit\u00e9S Vaud\",\"isPartOf\":{\"@id\":\"https:\\\/\\\/solidarites.ch\\\/vaud\\\/#website\"},\"primaryImageOfPage\":{\"@id\":\"https:\\\/\\\/solidarites.ch\\\/vaud\\\/journal\\\/354-2\\\/cocktail-austeritaire-du-geant-jaune\\\/#primaryimage\"},\"image\":{\"@id\":\"https:\\\/\\\/solidarites.ch\\\/vaud\\\/journal\\\/354-2\\\/cocktail-austeritaire-du-geant-jaune\\\/#primaryimage\"},\"thumbnailUrl\":\"https:\\\/\\\/solidarites.ch\\\/vaud\\\/wp-content\\\/uploads\\\/sites\\\/3\\\/2019\\\/07\\\/manifestation-poste-riponne_francoise-orioli.jpg\",\"datePublished\":\"2019-07-17T22:00:00+00:00\",\"breadcrumb\":{\"@id\":\"https:\\\/\\\/solidarites.ch\\\/vaud\\\/journal\\\/354-2\\\/cocktail-austeritaire-du-geant-jaune\\\/#breadcrumb\"},\"inLanguage\":\"fr-FR\",\"potentialAction\":[{\"@type\":\"ReadAction\",\"target\":[\"https:\\\/\\\/solidarites.ch\\\/vaud\\\/journal\\\/354-2\\\/cocktail-austeritaire-du-geant-jaune\\\/\"]}]},{\"@type\":\"ImageObject\",\"inLanguage\":\"fr-FR\",\"@id\":\"https:\\\/\\\/solidarites.ch\\\/vaud\\\/journal\\\/354-2\\\/cocktail-austeritaire-du-geant-jaune\\\/#primaryimage\",\"url\":\"https:\\\/\\\/solidarites.ch\\\/vaud\\\/wp-content\\\/uploads\\\/sites\\\/3\\\/2019\\\/07\\\/manifestation-poste-riponne_francoise-orioli.jpg\",\"contentUrl\":\"https:\\\/\\\/solidarites.ch\\\/vaud\\\/wp-content\\\/uploads\\\/sites\\\/3\\\/2019\\\/07\\\/manifestation-poste-riponne_francoise-orioli.jpg\",\"width\":960,\"height\":720},{\"@type\":\"BreadcrumbList\",\"@id\":\"https:\\\/\\\/solidarites.ch\\\/vaud\\\/journal\\\/354-2\\\/cocktail-austeritaire-du-geant-jaune\\\/#breadcrumb\",\"itemListElement\":[{\"@type\":\"ListItem\",\"position\":1,\"name\":\"Accueil\",\"item\":\"https:\\\/\\\/solidarites.ch\\\/vaud\\\/\"},{\"@type\":\"ListItem\",\"position\":2,\"name\":\"Articles Journal\",\"item\":\"https:\\\/\\\/solidarites.ch\\\/vaud\\\/articles\\\/\"},{\"@type\":\"ListItem\",\"position\":3,\"name\":\"Cocktail aust\u00e9ritaire du g\u00e9ant jaune\"}]},{\"@type\":\"WebSite\",\"@id\":\"https:\\\/\\\/solidarites.ch\\\/vaud\\\/#website\",\"url\":\"https:\\\/\\\/solidarites.ch\\\/vaud\\\/\",\"name\":\"solidarit\u00e9S Vaud\",\"description\":\"Un mouvement &lt;br&gt;anticapitaliste, &lt;br&gt;f\u00e9ministe, &lt;br&gt;\u00e9cosocialiste et &lt;br&gt; antiraciste\",\"publisher\":{\"@id\":\"https:\\\/\\\/solidarites.ch\\\/vaud\\\/#organization\"},\"potentialAction\":[{\"@type\":\"SearchAction\",\"target\":{\"@type\":\"EntryPoint\",\"urlTemplate\":\"https:\\\/\\\/solidarites.ch\\\/vaud\\\/?s={search_term_string}\"},\"query-input\":{\"@type\":\"PropertyValueSpecification\",\"valueRequired\":true,\"valueName\":\"search_term_string\"}}],\"inLanguage\":\"fr-FR\"},{\"@type\":\"Organization\",\"@id\":\"https:\\\/\\\/solidarites.ch\\\/vaud\\\/#organization\",\"name\":\"solidarit\u00e9S Vaud\",\"url\":\"https:\\\/\\\/solidarites.ch\\\/vaud\\\/\",\"logo\":{\"@type\":\"ImageObject\",\"inLanguage\":\"fr-FR\",\"@id\":\"https:\\\/\\\/solidarites.ch\\\/vaud\\\/#\\\/schema\\\/logo\\\/image\\\/\",\"url\":\"https:\\\/\\\/solidarites.ch\\\/vaud\\\/wp-content\\\/uploads\\\/sites\\\/3\\\/2020\\\/01\\\/sol_VD_Pos_RVB.png\",\"contentUrl\":\"https:\\\/\\\/solidarites.ch\\\/vaud\\\/wp-content\\\/uploads\\\/sites\\\/3\\\/2020\\\/01\\\/sol_VD_Pos_RVB.png\",\"width\":1024,\"height\":409,\"caption\":\"solidarit\u00e9S Vaud\"},\"image\":{\"@id\":\"https:\\\/\\\/solidarites.ch\\\/vaud\\\/#\\\/schema\\\/logo\\\/image\\\/\"},\"sameAs\":[\"https:\\\/\\\/www.facebook.com\\\/solidarites.vaud\\\/\",\"https:\\\/\\\/x.com\\\/solidariteSvaud\",\"https:\\\/\\\/www.instagram.com\\\/solidarites_vaud\\\/\",\"https:\\\/\\\/www.youtube.com\\\/channel\\\/UCL1HKEFgISBtzQgDAlQKKIA\"]}]}<\/script>\n<!-- \/ Yoast SEO plugin. -->","yoast_head_json":{"title":"Cocktail aust\u00e9ritaire du g\u00e9ant jaune &#8211; solidarit\u00e9S Vaud","robots":{"index":"index","follow":"follow","max-snippet":"max-snippet:-1","max-image-preview":"max-image-preview:large","max-video-preview":"max-video-preview:-1"},"canonical":"https:\/\/solidarites.ch\/vaud\/journal\/354-2\/cocktail-austeritaire-du-geant-jaune\/","og_locale":"fr_FR","og_type":"article","og_title":"Cocktail aust\u00e9ritaire du g\u00e9ant jaune &#8211; solidarit\u00e9S Vaud","og_description":"Manifestation dans l&rsquo;office de poste de la Riponne. Photo: Fran\u00e7oise Orioli La Poste pr\u00e9voit de fermer 49 offices dans le pays de Vaud \u00e0 l&rsquo;horizon 2020, selon Syndicom et l&rsquo;ACIDUS (Association Citoyenne de D\u00e9fense des Usagers du Service public). Une cinquantaine d&rsquo;autres seraient menac\u00e9es apr\u00e8s cette date. La raison? M\u00eame le bureau de Bellevaux, toujours &hellip; Continued","og_url":"https:\/\/solidarites.ch\/vaud\/journal\/354-2\/cocktail-austeritaire-du-geant-jaune\/","og_site_name":"solidarit\u00e9S Vaud","article_publisher":"https:\/\/www.facebook.com\/solidarites.vaud\/","og_image":[{"width":960,"height":720,"url":"https:\/\/solidarites.ch\/vaud\/wp-content\/uploads\/sites\/3\/2019\/07\/manifestation-poste-riponne_francoise-orioli.jpg","type":"image\/jpeg"}],"twitter_card":"summary_large_image","twitter_site":"@solidariteSvaud","twitter_misc":{"Dur\u00e9e de lecture estim\u00e9e":"1 minute"},"schema":{"@context":"https:\/\/schema.org","@graph":[{"@type":"WebPage","@id":"https:\/\/solidarites.ch\/vaud\/journal\/354-2\/cocktail-austeritaire-du-geant-jaune\/","url":"https:\/\/solidarites.ch\/vaud\/journal\/354-2\/cocktail-austeritaire-du-geant-jaune\/","name":"Cocktail aust\u00e9ritaire du g\u00e9ant jaune &#8211; solidarit\u00e9S Vaud","isPartOf":{"@id":"https:\/\/solidarites.ch\/vaud\/#website"},"primaryImageOfPage":{"@id":"https:\/\/solidarites.ch\/vaud\/journal\/354-2\/cocktail-austeritaire-du-geant-jaune\/#primaryimage"},"image":{"@id":"https:\/\/solidarites.ch\/vaud\/journal\/354-2\/cocktail-austeritaire-du-geant-jaune\/#primaryimage"},"thumbnailUrl":"https:\/\/solidarites.ch\/vaud\/wp-content\/uploads\/sites\/3\/2019\/07\/manifestation-poste-riponne_francoise-orioli.jpg","datePublished":"2019-07-17T22:00:00+00:00","breadcrumb":{"@id":"https:\/\/solidarites.ch\/vaud\/journal\/354-2\/cocktail-austeritaire-du-geant-jaune\/#breadcrumb"},"inLanguage":"fr-FR","potentialAction":[{"@type":"ReadAction","target":["https:\/\/solidarites.ch\/vaud\/journal\/354-2\/cocktail-austeritaire-du-geant-jaune\/"]}]},{"@type":"ImageObject","inLanguage":"fr-FR","@id":"https:\/\/solidarites.ch\/vaud\/journal\/354-2\/cocktail-austeritaire-du-geant-jaune\/#primaryimage","url":"https:\/\/solidarites.ch\/vaud\/wp-content\/uploads\/sites\/3\/2019\/07\/manifestation-poste-riponne_francoise-orioli.jpg","contentUrl":"https:\/\/solidarites.ch\/vaud\/wp-content\/uploads\/sites\/3\/2019\/07\/manifestation-poste-riponne_francoise-orioli.jpg","width":960,"height":720},{"@type":"BreadcrumbList","@id":"https:\/\/solidarites.ch\/vaud\/journal\/354-2\/cocktail-austeritaire-du-geant-jaune\/#breadcrumb","itemListElement":[{"@type":"ListItem","position":1,"name":"Accueil","item":"https:\/\/solidarites.ch\/vaud\/"},{"@type":"ListItem","position":2,"name":"Articles Journal","item":"https:\/\/solidarites.ch\/vaud\/articles\/"},{"@type":"ListItem","position":3,"name":"Cocktail aust\u00e9ritaire du g\u00e9ant jaune"}]},{"@type":"WebSite","@id":"https:\/\/solidarites.ch\/vaud\/#website","url":"https:\/\/solidarites.ch\/vaud\/","name":"solidarit\u00e9S Vaud","description":"Un mouvement &lt;br&gt;anticapitaliste, &lt;br&gt;f\u00e9ministe, &lt;br&gt;\u00e9cosocialiste et &lt;br&gt; antiraciste","publisher":{"@id":"https:\/\/solidarites.ch\/vaud\/#organization"},"potentialAction":[{"@type":"SearchAction","target":{"@type":"EntryPoint","urlTemplate":"https:\/\/solidarites.ch\/vaud\/?s={search_term_string}"},"query-input":{"@type":"PropertyValueSpecification","valueRequired":true,"valueName":"search_term_string"}}],"inLanguage":"fr-FR"},{"@type":"Organization","@id":"https:\/\/solidarites.ch\/vaud\/#organization","name":"solidarit\u00e9S Vaud","url":"https:\/\/solidarites.ch\/vaud\/","logo":{"@type":"ImageObject","inLanguage":"fr-FR","@id":"https:\/\/solidarites.ch\/vaud\/#\/schema\/logo\/image\/","url":"https:\/\/solidarites.ch\/vaud\/wp-content\/uploads\/sites\/3\/2020\/01\/sol_VD_Pos_RVB.png","contentUrl":"https:\/\/solidarites.ch\/vaud\/wp-content\/uploads\/sites\/3\/2020\/01\/sol_VD_Pos_RVB.png","width":1024,"height":409,"caption":"solidarit\u00e9S Vaud"},"image":{"@id":"https:\/\/solidarites.ch\/vaud\/#\/schema\/logo\/image\/"},"sameAs":["https:\/\/www.facebook.com\/solidarites.vaud\/","https:\/\/x.com\/solidariteSvaud","https:\/\/www.instagram.com\/solidarites_vaud\/","https:\/\/www.youtube.com\/channel\/UCL1HKEFgISBtzQgDAlQKKIA"]}]}},"distributor_meta":false,"distributor_terms":false,"distributor_media":false,"distributor_original_site_name":"solidarit\u00e9S Vaud","distributor_original_site_url":"https:\/\/solidarites.ch\/vaud","push-errors":false,"_links":{"self":[{"href":"https:\/\/solidarites.ch\/vaud\/wp-json\/wp\/v2\/cpt_sj_article\/1948","targetHints":{"allow":["GET"]}}],"collection":[{"href":"https:\/\/solidarites.ch\/vaud\/wp-json\/wp\/v2\/cpt_sj_article"}],"about":[{"href":"https:\/\/solidarites.ch\/vaud\/wp-json\/wp\/v2\/types\/cpt_sj_article"}],"wp:featuredmedia":[{"embeddable":true,"href":"https:\/\/solidarites.ch\/vaud\/wp-json\/wp\/v2\/media\/1949"}],"wp:attachment":[{"href":"https:\/\/solidarites.ch\/vaud\/wp-json\/wp\/v2\/media?parent=1948"}],"wp:term":[{"taxonomy":"tx_journal_issues","embeddable":true,"href":"https:\/\/solidarites.ch\/vaud\/wp-json\/wp\/v2\/tx_journal_issues?post=1948"},{"taxonomy":"tx_journal_display","embeddable":true,"href":"https:\/\/solidarites.ch\/vaud\/wp-json\/wp\/v2\/tx_journal_display?post=1948"}],"curies":[{"name":"wp","href":"https:\/\/api.w.org\/{rel}","templated":true}]}}