{"id":1968,"date":"2018-06-07T00:00:00","date_gmt":"2018-06-06T22:00:00","guid":{"rendered":"http:\/\/wonder.solidarites.ch\/journal\/%tx_journal_issues%\/cct-de-linstallation-electrique-face-a-lintransigeance-du-patronat-renforcer-la-mobilisation\/"},"modified":"2018-06-07T00:00:00","modified_gmt":"2018-06-06T22:00:00","slug":"cct-de-linstallation-electrique-face-a-lintransigeance-du-patronat-renforcer-la-mobilisation","status":"publish","type":"cpt_sj_article","link":"https:\/\/solidarites.ch\/vaud\/journal\/329-2\/cct-de-linstallation-electrique-face-a-lintransigeance-du-patronat-renforcer-la-mobilisation\/","title":{"rendered":"CCT de l&rsquo;installation \u00e9lectrique : Face \u00e0 l&rsquo;intransigeance du patronat, renforcer la mobilisation"},"content":{"rendered":"<div style=\"font-weight:bolder\">\n<p>La campagne de renouvellement de la CCT nationale de l&rsquo;installation \u00e9lectrique bat son plein. Le Comit\u00e9 d&rsquo;action des \u00e9lectriciens d&rsquo;Unia Vaud (CAEV) appelle les salari\u00e9\u00b7e\u00b7s de la branche \u00e0 manifester massivement le mardi 12 juin prochain, pour d\u00e9fendre et promouvoir leurs conditions de travail.<\/p>\n<\/div>\n<p><img decoding=\"async\" alt=\"\" src=\"http:\/\/solidarites.ch\/wp-content\/uploads\/2019\/11\/manif_electros_zurich.jpg\"><br \/>\nManifestation des \u00ab\u00e9lectros\u00bb, Zurich, 19 mai 2018<\/p>\n<p><u><strong>L&rsquo;objectif du rassemblement <\/strong><\/u> du 12 juin est de donner un \u00e9cho local \u00e0 la campagne nationale et de montrer au patronat vaudois (et national) que les \u00e9lectriciens en ont assez d&rsquo;\u00eatre les parias du b\u00e2timent. Les \u00e9lectros ne valent pas moins que les peintres, les menuisiers ou les ma\u00e7ons. Ils veulent des augmentations de salaire, une CCT renforc\u00e9e, protectrice face \u00e0 la concurrence brutale et \u00e0 la guerre des prix que se livrent les entreprises.<\/p>\n<\/p>\n<h4> <\/h4>\n<h4>400 manifestants \u00e0 Zurich: les \u00e9lectros sortent de l&rsquo;ombre<\/h4>\n<p>Le 19 mai, 400 \u00e9lectriciens, dont 30 vaudois, ont manifest\u00e9 \u00e0 Zurich dans le cadre d&rsquo;une action nationale coordonn\u00e9e par les centrales d&rsquo;UNIA et de SYNA, pour protester contre la volont\u00e9 patronale de d\u00e9t\u00e9riorer la CCT. Les manifestants ont montr\u00e9 que les travailleurs\u00b7euses de l&rsquo;\u00e9lectricit\u00e9 sont mobilis\u00e9s et ne subiront pas les attaques patronales sans r\u00e9agir.<\/p>\n<p>Les n\u00e9gociations ont commenc\u00e9 en d\u00e9but d&rsquo;ann\u00e9e, la CCT arrivant \u00e0 \u00e9ch\u00e9ance au 31 d\u00e9cembre 2018. L&rsquo;USIE (voir encart) a pos\u00e9 des revendications extr\u00eames: augmentation de la dur\u00e9e du temps de travail hebdomadaire de 40 \u00e0 44 h, suppression du paiement des temps de d\u00e9placement professionnel dans un rayon de 30 km autour du si\u00e8ge de l&rsquo;entreprise, suppression du suppl\u00e9ment de 25 % concernant le solde annuel des heures suppl\u00e9mentaires accumul\u00e9es en cours d&rsquo;ann\u00e9e, baisse du salaire des jeunes dipl\u00f4m\u00e9s en apprentissage, limitation des droits syndicaux, etc.<\/p>\n<p>Depuis le mois de mars, les syndicats r\u00e9pondent \u00e0 cette attaque par une campagne de terrain afin d&rsquo;informer les salari\u00e9\u00b7e\u00b7s et de sonder leurs r\u00e9actions. Une p\u00e9tition syndicale diffus\u00e9e sur Internet et sur les chantiers, pour exiger une revalorisation importante du m\u00e9tier d&rsquo;\u00e9lectricien et de la formation professionnelle dans la branche, a r\u00e9colt\u00e9 4474 signatures en quelques semaines. Une d\u00e9l\u00e9gation syndicale les a remises aux repr\u00e9sentants patronaux \u00e0 l&rsquo;issue de la manifestation du 19 mai \u00e0 Zurich.<\/p>\n<\/p>\n<h4> <\/h4>\n<h4>L&rsquo;USIE reculera-t-elle&hellip;<\/h4>\n<p>A cette occasion, la direction de l&rsquo;USIE a d\u00e9clar\u00e9 renoncer \u00e0 la semaine de 44 heures. Un recul patronal en mati\u00e8re d&rsquo;augmentation du temps de travail serait assur\u00e9ment une premi\u00e8re victoire d&rsquo;\u00e9tape. Il faut toutefois rester prudent et attendre la prochaine s\u00e9ance de n\u00e9gociation pour obtenir une confirmation officielle de l&rsquo;information et conna\u00eetre les \u00e9ventuelles contreparties exig\u00e9es par le patronat.<\/p>\n<p>L&rsquo;USIE pr\u00e9cise en outre dans son communiqu\u00e9 <em>\u00abqu&rsquo;il est imp\u00e9ratif que les partenaires sociaux respectent les r\u00e8gles convenues et courantes lors de n\u00e9gociations contractuelles\u00bb<\/em>. Autrement dit, que les n\u00e9gociations se d\u00e9roulent dans le respect de la paix absolue du travail, sans campagne syndicale sur les lieux de travail, ni actions, ni mobilisations des travailleurs\u00b7euses. La prochaine action syndicale servira-t-elle de pr\u00e9texte \u00e0 l&rsquo;USIE pour imposer une rupture ou un gel des n\u00e9gociations?<\/p>\n<\/p>\n<h4>&hellip;ou voudra-t-elle imposer sa logique ultralib\u00e9rale?<\/h4>\n<p>Comme partout, les patrons sont \u00e0 l&rsquo;offensive. Ils s&rsquo;attaquent au salaire direct et indirect, r\u00e9clament des augmentations du temps de travail et plus de flexibilit\u00e9 horaire. Le march\u00e9 suisse de la construction ne conna\u00eet pas la crise. Le march\u00e9 de l&rsquo;\u00e9lectricit\u00e9 subit des mutations mais demeure florissant. Il y a beaucoup de travail aujourd&rsquo;hui et les perspectives d&rsquo;avenir, li\u00e9es notamment \u00e0 la transition \u00e9cologique de l&rsquo;\u00e9conomie, sont \u00e9normes. Plus que jamais, pour rester attractifs et performants, les m\u00e9tiers de l&rsquo;\u00e9lectricit\u00e9 doivent \u00eatres revaloris\u00e9s et les fili\u00e8res de formation d\u00e9velopp\u00e9es et soutenues.<\/p>\n<p>Tout le contraire de ce que propose l&rsquo;USIE qui, face au renforcement de la concurrence interne et internationale entre les entreprises, invite ses membres \u00e0 maintenir leurs taux de profit en appliquant une politique de r\u00e9duction massive des co\u00fbts de la main d&rsquo;&oelig;uvre. Par une baisse de salaires, une augmentation du temps de travail, de la productivit\u00e9 horaire et de la pression sur les d\u00e9lais. L&rsquo;USIE promeut donc aupr\u00e8s de ses membres des mod\u00e8les d&rsquo;affaire fond\u00e9s sur la production en flux tendus avec externalisation des t\u00e2ches, sous-traitance en cascade et utilisation massive de salari\u00e9.e.s pr\u00e9caris\u00e9s (temporaires, d\u00e9tach\u00e9s, ind\u00e9pendants).<\/p>\n<\/p>\n<h4>La r\u00e9sistance doit se renforcer.<\/h4>\n<p>L&rsquo;action organis\u00e9e \u00e0 Zurich \u00e9tait un premier moment important de la campagne. Les \u00e9lectros sont sortis de l&rsquo;ombre au niveau national et se sont fait entendre. Plus personne, ni dans le champ patronal, ni dans le champ politique, ne peut ignorer leurs revendications. D\u00e9sormais, la mobilisation des travailleurs\u00b7euses doit prendre de l&rsquo;ampleur \u00e0 travers la multiplication d&rsquo;actions partout o\u00f9 c&rsquo;est possible.<\/p>\n<p>La manifestation des \u00e9lectros \u00e0 Lausanne le 12 juin prochain s&rsquo;inscrit dans cette logique. Souhaitons que cette mobilisation r\u00e9ussisse et en appelle d&rsquo;autres d\u00e8s l&rsquo;automne, dans le canton de Vaud et ailleurs!<\/p>\n<p><strong>Cl\u00e9ment Sureau<\/strong><\/p>\n<hr>\n<h3>L&rsquo;USIE<\/h3>\n<p>Association patronale fa\u00eeti\u00e8re, repr\u00e9sentant environ 2000 entreprises de l&rsquo;installation \u00e9lectrique et des communications qui emploient environ 40 000 travailleurs. L&rsquo;Association vaudoise des installateurs-\u00e9lectriciens (ACVIE) est la section cantonale de l&rsquo;organisation.<\/p>\n<hr>\n<p><strong>Manifestation<\/strong><br \/>\n<strong>Ma 12 juin<br \/>\n17 h 30 Place de la Riponne<br \/>\nLausanne<\/strong><\/p>\n","protected":false},"featured_media":1969,"template":"","tx_journal_issues":[82],"tx_journal_display":[],"class_list":["post-1968","cpt_sj_article","type-cpt_sj_article","status-publish","has-post-thumbnail","hentry","tx_journal_authors-sureau-clement","tx_journal_issues-329-2","tx_journal_sections-en-mouvement","tx_journal_sections-monde-du-travail"],"acf":[],"yoast_head":"<!-- This site is optimized with the Yoast SEO plugin v27.4 - https:\/\/yoast.com\/product\/yoast-seo-wordpress\/ -->\n<title>CCT de l&#039;installation \u00e9lectrique : Face \u00e0 l&#039;intransigeance du patronat, renforcer la mobilisation &#8211; solidarit\u00e9S Vaud<\/title>\n<meta name=\"robots\" content=\"index, follow, max-snippet:-1, max-image-preview:large, max-video-preview:-1\" \/>\n<link rel=\"canonical\" href=\"https:\/\/solidarites.ch\/vaud\/journal\/329-2\/cct-de-linstallation-electrique-face-a-lintransigeance-du-patronat-renforcer-la-mobilisation\/\" \/>\n<meta property=\"og:locale\" content=\"fr_FR\" \/>\n<meta property=\"og:type\" content=\"article\" \/>\n<meta property=\"og:title\" content=\"CCT de l&#039;installation \u00e9lectrique : Face \u00e0 l&#039;intransigeance du patronat, renforcer la mobilisation &#8211; solidarit\u00e9S Vaud\" \/>\n<meta property=\"og:description\" content=\"La campagne de renouvellement de la CCT nationale de l&rsquo;installation \u00e9lectrique bat son plein. Le Comit\u00e9 d&rsquo;action des \u00e9lectriciens d&rsquo;Unia Vaud (CAEV) appelle les salari\u00e9\u00b7e\u00b7s de la branche \u00e0 manifester massivement le mardi 12 juin prochain, pour d\u00e9fendre et promouvoir leurs conditions de travail. Manifestation des \u00ab\u00e9lectros\u00bb, Zurich, 19 mai 2018 L&rsquo;objectif du rassemblement du &hellip; Continued\" \/>\n<meta property=\"og:url\" content=\"https:\/\/solidarites.ch\/vaud\/journal\/329-2\/cct-de-linstallation-electrique-face-a-lintransigeance-du-patronat-renforcer-la-mobilisation\/\" \/>\n<meta property=\"og:site_name\" content=\"solidarit\u00e9S Vaud\" \/>\n<meta property=\"article:publisher\" content=\"https:\/\/www.facebook.com\/solidarites.vaud\/\" \/>\n<meta property=\"og:image\" content=\"https:\/\/solidarites.ch\/vaud\/wp-content\/uploads\/sites\/3\/2018\/06\/manif_electros_zurich.jpg\" \/>\n\t<meta property=\"og:image:width\" content=\"800\" \/>\n\t<meta property=\"og:image:height\" content=\"534\" \/>\n\t<meta property=\"og:image:type\" content=\"image\/jpeg\" \/>\n<meta name=\"twitter:card\" content=\"summary_large_image\" \/>\n<meta name=\"twitter:site\" content=\"@solidariteSvaud\" \/>\n<meta name=\"twitter:label1\" content=\"Dur\u00e9e de lecture estim\u00e9e\" \/>\n\t<meta name=\"twitter:data1\" content=\"4 minutes\" \/>\n<script type=\"application\/ld+json\" class=\"yoast-schema-graph\">{\"@context\":\"https:\\\/\\\/schema.org\",\"@graph\":[{\"@type\":\"WebPage\",\"@id\":\"https:\\\/\\\/solidarites.ch\\\/vaud\\\/journal\\\/329-2\\\/cct-de-linstallation-electrique-face-a-lintransigeance-du-patronat-renforcer-la-mobilisation\\\/\",\"url\":\"https:\\\/\\\/solidarites.ch\\\/vaud\\\/journal\\\/329-2\\\/cct-de-linstallation-electrique-face-a-lintransigeance-du-patronat-renforcer-la-mobilisation\\\/\",\"name\":\"CCT de l'installation \u00e9lectrique : Face \u00e0 l'intransigeance du patronat, renforcer la mobilisation &#8211; solidarit\u00e9S Vaud\",\"isPartOf\":{\"@id\":\"https:\\\/\\\/solidarites.ch\\\/vaud\\\/#website\"},\"primaryImageOfPage\":{\"@id\":\"https:\\\/\\\/solidarites.ch\\\/vaud\\\/journal\\\/329-2\\\/cct-de-linstallation-electrique-face-a-lintransigeance-du-patronat-renforcer-la-mobilisation\\\/#primaryimage\"},\"image\":{\"@id\":\"https:\\\/\\\/solidarites.ch\\\/vaud\\\/journal\\\/329-2\\\/cct-de-linstallation-electrique-face-a-lintransigeance-du-patronat-renforcer-la-mobilisation\\\/#primaryimage\"},\"thumbnailUrl\":\"https:\\\/\\\/solidarites.ch\\\/vaud\\\/wp-content\\\/uploads\\\/sites\\\/3\\\/2018\\\/06\\\/manif_electros_zurich.jpg\",\"datePublished\":\"2018-06-06T22:00:00+00:00\",\"breadcrumb\":{\"@id\":\"https:\\\/\\\/solidarites.ch\\\/vaud\\\/journal\\\/329-2\\\/cct-de-linstallation-electrique-face-a-lintransigeance-du-patronat-renforcer-la-mobilisation\\\/#breadcrumb\"},\"inLanguage\":\"fr-FR\",\"potentialAction\":[{\"@type\":\"ReadAction\",\"target\":[\"https:\\\/\\\/solidarites.ch\\\/vaud\\\/journal\\\/329-2\\\/cct-de-linstallation-electrique-face-a-lintransigeance-du-patronat-renforcer-la-mobilisation\\\/\"]}]},{\"@type\":\"ImageObject\",\"inLanguage\":\"fr-FR\",\"@id\":\"https:\\\/\\\/solidarites.ch\\\/vaud\\\/journal\\\/329-2\\\/cct-de-linstallation-electrique-face-a-lintransigeance-du-patronat-renforcer-la-mobilisation\\\/#primaryimage\",\"url\":\"https:\\\/\\\/solidarites.ch\\\/vaud\\\/wp-content\\\/uploads\\\/sites\\\/3\\\/2018\\\/06\\\/manif_electros_zurich.jpg\",\"contentUrl\":\"https:\\\/\\\/solidarites.ch\\\/vaud\\\/wp-content\\\/uploads\\\/sites\\\/3\\\/2018\\\/06\\\/manif_electros_zurich.jpg\",\"width\":800,\"height\":534},{\"@type\":\"BreadcrumbList\",\"@id\":\"https:\\\/\\\/solidarites.ch\\\/vaud\\\/journal\\\/329-2\\\/cct-de-linstallation-electrique-face-a-lintransigeance-du-patronat-renforcer-la-mobilisation\\\/#breadcrumb\",\"itemListElement\":[{\"@type\":\"ListItem\",\"position\":1,\"name\":\"Accueil\",\"item\":\"https:\\\/\\\/solidarites.ch\\\/vaud\\\/\"},{\"@type\":\"ListItem\",\"position\":2,\"name\":\"Articles Journal\",\"item\":\"https:\\\/\\\/solidarites.ch\\\/vaud\\\/articles\\\/\"},{\"@type\":\"ListItem\",\"position\":3,\"name\":\"CCT de l&rsquo;installation \u00e9lectrique : Face \u00e0 l&rsquo;intransigeance du patronat, renforcer la mobilisation\"}]},{\"@type\":\"WebSite\",\"@id\":\"https:\\\/\\\/solidarites.ch\\\/vaud\\\/#website\",\"url\":\"https:\\\/\\\/solidarites.ch\\\/vaud\\\/\",\"name\":\"solidarit\u00e9S Vaud\",\"description\":\"Un mouvement &lt;br&gt;anticapitaliste, &lt;br&gt;f\u00e9ministe, &lt;br&gt;\u00e9cosocialiste et &lt;br&gt; antiraciste\",\"publisher\":{\"@id\":\"https:\\\/\\\/solidarites.ch\\\/vaud\\\/#organization\"},\"potentialAction\":[{\"@type\":\"SearchAction\",\"target\":{\"@type\":\"EntryPoint\",\"urlTemplate\":\"https:\\\/\\\/solidarites.ch\\\/vaud\\\/?s={search_term_string}\"},\"query-input\":{\"@type\":\"PropertyValueSpecification\",\"valueRequired\":true,\"valueName\":\"search_term_string\"}}],\"inLanguage\":\"fr-FR\"},{\"@type\":\"Organization\",\"@id\":\"https:\\\/\\\/solidarites.ch\\\/vaud\\\/#organization\",\"name\":\"solidarit\u00e9S Vaud\",\"url\":\"https:\\\/\\\/solidarites.ch\\\/vaud\\\/\",\"logo\":{\"@type\":\"ImageObject\",\"inLanguage\":\"fr-FR\",\"@id\":\"https:\\\/\\\/solidarites.ch\\\/vaud\\\/#\\\/schema\\\/logo\\\/image\\\/\",\"url\":\"https:\\\/\\\/solidarites.ch\\\/vaud\\\/wp-content\\\/uploads\\\/sites\\\/3\\\/2020\\\/01\\\/sol_VD_Pos_RVB.png\",\"contentUrl\":\"https:\\\/\\\/solidarites.ch\\\/vaud\\\/wp-content\\\/uploads\\\/sites\\\/3\\\/2020\\\/01\\\/sol_VD_Pos_RVB.png\",\"width\":1024,\"height\":409,\"caption\":\"solidarit\u00e9S Vaud\"},\"image\":{\"@id\":\"https:\\\/\\\/solidarites.ch\\\/vaud\\\/#\\\/schema\\\/logo\\\/image\\\/\"},\"sameAs\":[\"https:\\\/\\\/www.facebook.com\\\/solidarites.vaud\\\/\",\"https:\\\/\\\/x.com\\\/solidariteSvaud\",\"https:\\\/\\\/www.instagram.com\\\/solidarites_vaud\\\/\",\"https:\\\/\\\/www.youtube.com\\\/channel\\\/UCL1HKEFgISBtzQgDAlQKKIA\"]}]}<\/script>\n<!-- \/ Yoast SEO plugin. -->","yoast_head_json":{"title":"CCT de l'installation \u00e9lectrique : Face \u00e0 l'intransigeance du patronat, renforcer la mobilisation &#8211; solidarit\u00e9S Vaud","robots":{"index":"index","follow":"follow","max-snippet":"max-snippet:-1","max-image-preview":"max-image-preview:large","max-video-preview":"max-video-preview:-1"},"canonical":"https:\/\/solidarites.ch\/vaud\/journal\/329-2\/cct-de-linstallation-electrique-face-a-lintransigeance-du-patronat-renforcer-la-mobilisation\/","og_locale":"fr_FR","og_type":"article","og_title":"CCT de l'installation \u00e9lectrique : Face \u00e0 l'intransigeance du patronat, renforcer la mobilisation &#8211; solidarit\u00e9S Vaud","og_description":"La campagne de renouvellement de la CCT nationale de l&rsquo;installation \u00e9lectrique bat son plein. Le Comit\u00e9 d&rsquo;action des \u00e9lectriciens d&rsquo;Unia Vaud (CAEV) appelle les salari\u00e9\u00b7e\u00b7s de la branche \u00e0 manifester massivement le mardi 12 juin prochain, pour d\u00e9fendre et promouvoir leurs conditions de travail. Manifestation des \u00ab\u00e9lectros\u00bb, Zurich, 19 mai 2018 L&rsquo;objectif du rassemblement du &hellip; Continued","og_url":"https:\/\/solidarites.ch\/vaud\/journal\/329-2\/cct-de-linstallation-electrique-face-a-lintransigeance-du-patronat-renforcer-la-mobilisation\/","og_site_name":"solidarit\u00e9S Vaud","article_publisher":"https:\/\/www.facebook.com\/solidarites.vaud\/","og_image":[{"width":800,"height":534,"url":"https:\/\/solidarites.ch\/vaud\/wp-content\/uploads\/sites\/3\/2018\/06\/manif_electros_zurich.jpg","type":"image\/jpeg"}],"twitter_card":"summary_large_image","twitter_site":"@solidariteSvaud","twitter_misc":{"Dur\u00e9e de lecture estim\u00e9e":"4 minutes"},"schema":{"@context":"https:\/\/schema.org","@graph":[{"@type":"WebPage","@id":"https:\/\/solidarites.ch\/vaud\/journal\/329-2\/cct-de-linstallation-electrique-face-a-lintransigeance-du-patronat-renforcer-la-mobilisation\/","url":"https:\/\/solidarites.ch\/vaud\/journal\/329-2\/cct-de-linstallation-electrique-face-a-lintransigeance-du-patronat-renforcer-la-mobilisation\/","name":"CCT de l'installation \u00e9lectrique : Face \u00e0 l'intransigeance du patronat, renforcer la mobilisation &#8211; solidarit\u00e9S Vaud","isPartOf":{"@id":"https:\/\/solidarites.ch\/vaud\/#website"},"primaryImageOfPage":{"@id":"https:\/\/solidarites.ch\/vaud\/journal\/329-2\/cct-de-linstallation-electrique-face-a-lintransigeance-du-patronat-renforcer-la-mobilisation\/#primaryimage"},"image":{"@id":"https:\/\/solidarites.ch\/vaud\/journal\/329-2\/cct-de-linstallation-electrique-face-a-lintransigeance-du-patronat-renforcer-la-mobilisation\/#primaryimage"},"thumbnailUrl":"https:\/\/solidarites.ch\/vaud\/wp-content\/uploads\/sites\/3\/2018\/06\/manif_electros_zurich.jpg","datePublished":"2018-06-06T22:00:00+00:00","breadcrumb":{"@id":"https:\/\/solidarites.ch\/vaud\/journal\/329-2\/cct-de-linstallation-electrique-face-a-lintransigeance-du-patronat-renforcer-la-mobilisation\/#breadcrumb"},"inLanguage":"fr-FR","potentialAction":[{"@type":"ReadAction","target":["https:\/\/solidarites.ch\/vaud\/journal\/329-2\/cct-de-linstallation-electrique-face-a-lintransigeance-du-patronat-renforcer-la-mobilisation\/"]}]},{"@type":"ImageObject","inLanguage":"fr-FR","@id":"https:\/\/solidarites.ch\/vaud\/journal\/329-2\/cct-de-linstallation-electrique-face-a-lintransigeance-du-patronat-renforcer-la-mobilisation\/#primaryimage","url":"https:\/\/solidarites.ch\/vaud\/wp-content\/uploads\/sites\/3\/2018\/06\/manif_electros_zurich.jpg","contentUrl":"https:\/\/solidarites.ch\/vaud\/wp-content\/uploads\/sites\/3\/2018\/06\/manif_electros_zurich.jpg","width":800,"height":534},{"@type":"BreadcrumbList","@id":"https:\/\/solidarites.ch\/vaud\/journal\/329-2\/cct-de-linstallation-electrique-face-a-lintransigeance-du-patronat-renforcer-la-mobilisation\/#breadcrumb","itemListElement":[{"@type":"ListItem","position":1,"name":"Accueil","item":"https:\/\/solidarites.ch\/vaud\/"},{"@type":"ListItem","position":2,"name":"Articles Journal","item":"https:\/\/solidarites.ch\/vaud\/articles\/"},{"@type":"ListItem","position":3,"name":"CCT de l&rsquo;installation \u00e9lectrique : Face \u00e0 l&rsquo;intransigeance du patronat, renforcer la mobilisation"}]},{"@type":"WebSite","@id":"https:\/\/solidarites.ch\/vaud\/#website","url":"https:\/\/solidarites.ch\/vaud\/","name":"solidarit\u00e9S Vaud","description":"Un mouvement &lt;br&gt;anticapitaliste, &lt;br&gt;f\u00e9ministe, &lt;br&gt;\u00e9cosocialiste et &lt;br&gt; antiraciste","publisher":{"@id":"https:\/\/solidarites.ch\/vaud\/#organization"},"potentialAction":[{"@type":"SearchAction","target":{"@type":"EntryPoint","urlTemplate":"https:\/\/solidarites.ch\/vaud\/?s={search_term_string}"},"query-input":{"@type":"PropertyValueSpecification","valueRequired":true,"valueName":"search_term_string"}}],"inLanguage":"fr-FR"},{"@type":"Organization","@id":"https:\/\/solidarites.ch\/vaud\/#organization","name":"solidarit\u00e9S Vaud","url":"https:\/\/solidarites.ch\/vaud\/","logo":{"@type":"ImageObject","inLanguage":"fr-FR","@id":"https:\/\/solidarites.ch\/vaud\/#\/schema\/logo\/image\/","url":"https:\/\/solidarites.ch\/vaud\/wp-content\/uploads\/sites\/3\/2020\/01\/sol_VD_Pos_RVB.png","contentUrl":"https:\/\/solidarites.ch\/vaud\/wp-content\/uploads\/sites\/3\/2020\/01\/sol_VD_Pos_RVB.png","width":1024,"height":409,"caption":"solidarit\u00e9S Vaud"},"image":{"@id":"https:\/\/solidarites.ch\/vaud\/#\/schema\/logo\/image\/"},"sameAs":["https:\/\/www.facebook.com\/solidarites.vaud\/","https:\/\/x.com\/solidariteSvaud","https:\/\/www.instagram.com\/solidarites_vaud\/","https:\/\/www.youtube.com\/channel\/UCL1HKEFgISBtzQgDAlQKKIA"]}]}},"distributor_meta":false,"distributor_terms":false,"distributor_media":false,"distributor_original_site_name":"solidarit\u00e9S Vaud","distributor_original_site_url":"https:\/\/solidarites.ch\/vaud","push-errors":false,"_links":{"self":[{"href":"https:\/\/solidarites.ch\/vaud\/wp-json\/wp\/v2\/cpt_sj_article\/1968","targetHints":{"allow":["GET"]}}],"collection":[{"href":"https:\/\/solidarites.ch\/vaud\/wp-json\/wp\/v2\/cpt_sj_article"}],"about":[{"href":"https:\/\/solidarites.ch\/vaud\/wp-json\/wp\/v2\/types\/cpt_sj_article"}],"wp:featuredmedia":[{"embeddable":true,"href":"https:\/\/solidarites.ch\/vaud\/wp-json\/wp\/v2\/media\/1969"}],"wp:attachment":[{"href":"https:\/\/solidarites.ch\/vaud\/wp-json\/wp\/v2\/media?parent=1968"}],"wp:term":[{"taxonomy":"tx_journal_issues","embeddable":true,"href":"https:\/\/solidarites.ch\/vaud\/wp-json\/wp\/v2\/tx_journal_issues?post=1968"},{"taxonomy":"tx_journal_display","embeddable":true,"href":"https:\/\/solidarites.ch\/vaud\/wp-json\/wp\/v2\/tx_journal_display?post=1968"}],"curies":[{"name":"wp","href":"https:\/\/api.w.org\/{rel}","templated":true}]}}