{"id":2103,"date":"2020-01-09T16:55:56","date_gmt":"2020-01-09T15:55:56","guid":{"rendered":"https:\/\/solidarites.ch\/?post_type=cpt_sj_article&#038;p=14787"},"modified":"2023-03-30T18:17:11","modified_gmt":"2023-03-30T16:17:11","slug":"les-fausses-personnes-sur-le-banc-des-accuse-e-s","status":"publish","type":"cpt_sj_article","link":"https:\/\/solidarites.ch\/vaud\/journal\/361-2\/les-fausses-personnes-sur-le-banc-des-accuse-e-s\/","title":{"rendered":"Les fausses personnes  sur le banc des accus\u00e9\u00b7e\u00b7s"},"content":{"rendered":"\n<h2 class=\"is-style-chapeau wp-block-heading\"><strong>Une cinquantaine de personnes se sont rassembl\u00e9es devant le tribunal d\u2019arrondissement de Renens ce mardi 7 janvier 2019 pour marquer leur soutien envers les douze activistes poursuivis par Credit Suisse suite \u00e0 leur action de d\u00e9sob\u00e9issance civile.<\/strong><br><\/h2>\n\n\n\n<figure class=\"wp-block-image alignwide size-full\"><img decoding=\"async\" src=\"https:\/\/solidarites.ch\/wp-content\/uploads\/2020\/01\/Lausanne-Action-Climat-Credit-Suisse.jpg\" alt=\"L\u2019action \u00abSi Roger savait\u00bb de Lausanne Action Climat au Credit Suisse\" class=\"wp-image-14789\"\/>\n<div class='wp-description'><\/div><\/figure>\n\n\n<p class=\"has-drop-cap\">Pour rappel, le 22 novembre 2018, les membres de Lausanne Action Climat s\u2019\u00e9taient d\u00e9guis\u00e9\u00b7e\u00b7s en sportifs\u00b7ves afin de demander \u00ab\u2009combien de joueurs de tennis \u00e9taient n\u00e9cessaires pour masquer les investissements climaticides de la banque\u2009\u00bb, en interpellant Roger Federer, leur ambassadeur. Cette action coordonn\u00e9e avec des militant\u00b7e\u00b7s genevois\u00b7es et b\u00e2lois\u00b7se, s\u2019\u00e9tait sold\u00e9e par une intervention polici\u00e8re au bout d\u2019une heure d\u2019occupation pacifique des locaux.&nbsp;<\/p>\n\n\n\n<p>Face \u00e0 la justice qui les a condamn\u00e9\u00b7e\u00b7s en mai \u00e0 21\u2009600 francs d\u2019amende, soit 30 jours-amende avec sursis pendant deux ans et des amendes de 600 francs chacun, pour violation de domicile et violation du code de police par refus d\u2019obtemp\u00e9rer et manifestation ill\u00e9gale, ils et elles ont plaid\u00e9 l\u2019\u00e9tat de n\u00e9cessit\u00e9.&nbsp;<\/p>\n\n\n\n<p>Treize sp\u00e9cialistes, issu\u00b7e\u00b7s des mondes acad\u00e9mique, scientifique et \u00e9conomique ont accept\u00e9 de soutenir leur cause. Parmi eux, des noms c\u00e9l\u00e8bres comme Jean-Pascal van Ypersele, ancien vice-pr\u00e9sident du GIEC ou J\u00e9r\u00e9my D\u00e9sir, cadre de chez HSBC qui avait d\u00e9missionn\u00e9 en \u00e9t\u00e9 2019, d\u00e9non\u00e7ant l\u2019inaction criminelle des milieux financiers. Son t\u00e9moignage a \u00e9t\u00e9 accept\u00e9 \u00e0 la derni\u00e8re minute par un pr\u00e9sident du tribunal de police, apparemment plut\u00f4t acquis \u00e0 la cause.&nbsp;<\/p>\n\n\n\n<p>Cela sera-t-il suffisant pour obtenir l\u2019acquittement et faire reconna\u00eetre la valeur l\u00e9gale et n\u00e9cessaire de leurs actes\u2009? Verdict le lundi 13 janvier.&nbsp;<\/p>\n\n\n\n<p><strong>Ga\u00eblle Kovaliv <\/strong><br><\/p>\n","protected":false},"featured_media":2104,"template":"","tx_journal_issues":[84],"tx_journal_display":[],"class_list":["post-2103","cpt_sj_article","type-cpt_sj_article","status-publish","has-post-thumbnail","hentry","tx_journal_authors-kovaliv-gaelle","tx_journal_issues-361-2","tx_journal_sections-ecologie","tx_journal_sections-vaud"],"acf":[],"yoast_head":"<!-- This site is optimized with the Yoast SEO plugin v27.4 - https:\/\/yoast.com\/product\/yoast-seo-wordpress\/ -->\n<title>Les fausses personnes sur le banc des accus\u00e9\u00b7e\u00b7s &#8211; solidarit\u00e9S Vaud<\/title>\n<meta name=\"description\" content=\"Une cinquantaine de personnes se sont rassembl\u00e9es devant le tribunal d\u2019arrondissement de Renens ce mardi 7 janvier 2019 pour marquer leur soutien envers les activistes poursuivis par Credit Suisse.\" \/>\n<meta name=\"robots\" content=\"index, follow, max-snippet:-1, max-image-preview:large, max-video-preview:-1\" \/>\n<link rel=\"canonical\" href=\"https:\/\/solidarites.ch\/vaud\/journal\/361-2\/les-fausses-personnes-sur-le-banc-des-accuse-e-s\/\" \/>\n<meta property=\"og:locale\" content=\"fr_FR\" \/>\n<meta property=\"og:type\" content=\"article\" \/>\n<meta property=\"og:title\" content=\"Les fausses personnes sur le banc des accus\u00e9\u00b7e\u00b7s &#8211; solidarit\u00e9S Vaud\" \/>\n<meta property=\"og:description\" content=\"Une cinquantaine de personnes se sont rassembl\u00e9es devant le tribunal d\u2019arrondissement de Renens ce mardi 7 janvier 2019 pour marquer leur soutien envers les activistes poursuivis par Credit Suisse.\" \/>\n<meta property=\"og:url\" content=\"https:\/\/solidarites.ch\/vaud\/journal\/361-2\/les-fausses-personnes-sur-le-banc-des-accuse-e-s\/\" \/>\n<meta property=\"og:site_name\" content=\"solidarit\u00e9S Vaud\" \/>\n<meta property=\"article:publisher\" content=\"https:\/\/www.facebook.com\/solidarites.vaud\/\" \/>\n<meta property=\"article:modified_time\" content=\"2023-03-30T16:17:11+00:00\" \/>\n<meta property=\"og:image\" content=\"https:\/\/solidarites.ch\/vaud\/wp-content\/uploads\/sites\/3\/2020\/01\/Lausanne-Action-Climat-Credit-Suisse.jpg\" \/>\n\t<meta property=\"og:image:width\" content=\"1069\" \/>\n\t<meta property=\"og:image:height\" content=\"713\" \/>\n\t<meta property=\"og:image:type\" content=\"image\/jpeg\" \/>\n<meta name=\"twitter:card\" content=\"summary_large_image\" \/>\n<meta name=\"twitter:site\" content=\"@solidariteSvaud\" \/>\n<meta name=\"twitter:label1\" content=\"Dur\u00e9e de lecture estim\u00e9e\" \/>\n\t<meta name=\"twitter:data1\" content=\"1 minute\" \/>\n<script type=\"application\/ld+json\" class=\"yoast-schema-graph\">{\"@context\":\"https:\\\/\\\/schema.org\",\"@graph\":[{\"@type\":\"WebPage\",\"@id\":\"https:\\\/\\\/solidarites.ch\\\/vaud\\\/journal\\\/361-2\\\/les-fausses-personnes-sur-le-banc-des-accuse-e-s\\\/\",\"url\":\"https:\\\/\\\/solidarites.ch\\\/vaud\\\/journal\\\/361-2\\\/les-fausses-personnes-sur-le-banc-des-accuse-e-s\\\/\",\"name\":\"Les fausses personnes sur le banc des accus\u00e9\u00b7e\u00b7s &#8211; solidarit\u00e9S Vaud\",\"isPartOf\":{\"@id\":\"https:\\\/\\\/solidarites.ch\\\/vaud\\\/#website\"},\"primaryImageOfPage\":{\"@id\":\"https:\\\/\\\/solidarites.ch\\\/vaud\\\/journal\\\/361-2\\\/les-fausses-personnes-sur-le-banc-des-accuse-e-s\\\/#primaryimage\"},\"image\":{\"@id\":\"https:\\\/\\\/solidarites.ch\\\/vaud\\\/journal\\\/361-2\\\/les-fausses-personnes-sur-le-banc-des-accuse-e-s\\\/#primaryimage\"},\"thumbnailUrl\":\"https:\\\/\\\/solidarites.ch\\\/vaud\\\/wp-content\\\/uploads\\\/sites\\\/3\\\/2020\\\/01\\\/Lausanne-Action-Climat-Credit-Suisse.jpg\",\"datePublished\":\"2020-01-09T15:55:56+00:00\",\"dateModified\":\"2023-03-30T16:17:11+00:00\",\"description\":\"Une cinquantaine de personnes se sont rassembl\u00e9es devant le tribunal d\u2019arrondissement de Renens ce mardi 7 janvier 2019 pour marquer leur soutien envers les activistes poursuivis par Credit Suisse.\",\"breadcrumb\":{\"@id\":\"https:\\\/\\\/solidarites.ch\\\/vaud\\\/journal\\\/361-2\\\/les-fausses-personnes-sur-le-banc-des-accuse-e-s\\\/#breadcrumb\"},\"inLanguage\":\"fr-FR\",\"potentialAction\":[{\"@type\":\"ReadAction\",\"target\":[\"https:\\\/\\\/solidarites.ch\\\/vaud\\\/journal\\\/361-2\\\/les-fausses-personnes-sur-le-banc-des-accuse-e-s\\\/\"]}]},{\"@type\":\"ImageObject\",\"inLanguage\":\"fr-FR\",\"@id\":\"https:\\\/\\\/solidarites.ch\\\/vaud\\\/journal\\\/361-2\\\/les-fausses-personnes-sur-le-banc-des-accuse-e-s\\\/#primaryimage\",\"url\":\"https:\\\/\\\/solidarites.ch\\\/vaud\\\/wp-content\\\/uploads\\\/sites\\\/3\\\/2020\\\/01\\\/Lausanne-Action-Climat-Credit-Suisse.jpg\",\"contentUrl\":\"https:\\\/\\\/solidarites.ch\\\/vaud\\\/wp-content\\\/uploads\\\/sites\\\/3\\\/2020\\\/01\\\/Lausanne-Action-Climat-Credit-Suisse.jpg\",\"width\":1069,\"height\":713,\"caption\":\"Lausanne Action Climat-Credit-Suisse\"},{\"@type\":\"BreadcrumbList\",\"@id\":\"https:\\\/\\\/solidarites.ch\\\/vaud\\\/journal\\\/361-2\\\/les-fausses-personnes-sur-le-banc-des-accuse-e-s\\\/#breadcrumb\",\"itemListElement\":[{\"@type\":\"ListItem\",\"position\":1,\"name\":\"Accueil\",\"item\":\"https:\\\/\\\/solidarites.ch\\\/vaud\\\/\"},{\"@type\":\"ListItem\",\"position\":2,\"name\":\"Articles Journal\",\"item\":\"https:\\\/\\\/solidarites.ch\\\/vaud\\\/articles\\\/\"},{\"@type\":\"ListItem\",\"position\":3,\"name\":\"Les fausses personnes sur le banc des accus\u00e9\u00b7e\u00b7s\"}]},{\"@type\":\"WebSite\",\"@id\":\"https:\\\/\\\/solidarites.ch\\\/vaud\\\/#website\",\"url\":\"https:\\\/\\\/solidarites.ch\\\/vaud\\\/\",\"name\":\"solidarit\u00e9S Vaud\",\"description\":\"Un mouvement &lt;br&gt;anticapitaliste, &lt;br&gt;f\u00e9ministe, &lt;br&gt;\u00e9cosocialiste et &lt;br&gt; antiraciste\",\"publisher\":{\"@id\":\"https:\\\/\\\/solidarites.ch\\\/vaud\\\/#organization\"},\"potentialAction\":[{\"@type\":\"SearchAction\",\"target\":{\"@type\":\"EntryPoint\",\"urlTemplate\":\"https:\\\/\\\/solidarites.ch\\\/vaud\\\/?s={search_term_string}\"},\"query-input\":{\"@type\":\"PropertyValueSpecification\",\"valueRequired\":true,\"valueName\":\"search_term_string\"}}],\"inLanguage\":\"fr-FR\"},{\"@type\":\"Organization\",\"@id\":\"https:\\\/\\\/solidarites.ch\\\/vaud\\\/#organization\",\"name\":\"solidarit\u00e9S Vaud\",\"url\":\"https:\\\/\\\/solidarites.ch\\\/vaud\\\/\",\"logo\":{\"@type\":\"ImageObject\",\"inLanguage\":\"fr-FR\",\"@id\":\"https:\\\/\\\/solidarites.ch\\\/vaud\\\/#\\\/schema\\\/logo\\\/image\\\/\",\"url\":\"https:\\\/\\\/solidarites.ch\\\/vaud\\\/wp-content\\\/uploads\\\/sites\\\/3\\\/2020\\\/01\\\/sol_VD_Pos_RVB.png\",\"contentUrl\":\"https:\\\/\\\/solidarites.ch\\\/vaud\\\/wp-content\\\/uploads\\\/sites\\\/3\\\/2020\\\/01\\\/sol_VD_Pos_RVB.png\",\"width\":1024,\"height\":409,\"caption\":\"solidarit\u00e9S Vaud\"},\"image\":{\"@id\":\"https:\\\/\\\/solidarites.ch\\\/vaud\\\/#\\\/schema\\\/logo\\\/image\\\/\"},\"sameAs\":[\"https:\\\/\\\/www.facebook.com\\\/solidarites.vaud\\\/\",\"https:\\\/\\\/x.com\\\/solidariteSvaud\",\"https:\\\/\\\/www.instagram.com\\\/solidarites_vaud\\\/\",\"https:\\\/\\\/www.youtube.com\\\/channel\\\/UCL1HKEFgISBtzQgDAlQKKIA\"]}]}<\/script>\n<!-- \/ Yoast SEO plugin. -->","yoast_head_json":{"title":"Les fausses personnes sur le banc des accus\u00e9\u00b7e\u00b7s &#8211; solidarit\u00e9S Vaud","description":"Une cinquantaine de personnes se sont rassembl\u00e9es devant le tribunal d\u2019arrondissement de Renens ce mardi 7 janvier 2019 pour marquer leur soutien envers les activistes poursuivis par Credit Suisse.","robots":{"index":"index","follow":"follow","max-snippet":"max-snippet:-1","max-image-preview":"max-image-preview:large","max-video-preview":"max-video-preview:-1"},"canonical":"https:\/\/solidarites.ch\/vaud\/journal\/361-2\/les-fausses-personnes-sur-le-banc-des-accuse-e-s\/","og_locale":"fr_FR","og_type":"article","og_title":"Les fausses personnes sur le banc des accus\u00e9\u00b7e\u00b7s &#8211; solidarit\u00e9S Vaud","og_description":"Une cinquantaine de personnes se sont rassembl\u00e9es devant le tribunal d\u2019arrondissement de Renens ce mardi 7 janvier 2019 pour marquer leur soutien envers les activistes poursuivis par Credit Suisse.","og_url":"https:\/\/solidarites.ch\/vaud\/journal\/361-2\/les-fausses-personnes-sur-le-banc-des-accuse-e-s\/","og_site_name":"solidarit\u00e9S Vaud","article_publisher":"https:\/\/www.facebook.com\/solidarites.vaud\/","article_modified_time":"2023-03-30T16:17:11+00:00","og_image":[{"width":1069,"height":713,"url":"https:\/\/solidarites.ch\/vaud\/wp-content\/uploads\/sites\/3\/2020\/01\/Lausanne-Action-Climat-Credit-Suisse.jpg","type":"image\/jpeg"}],"twitter_card":"summary_large_image","twitter_site":"@solidariteSvaud","twitter_misc":{"Dur\u00e9e de lecture estim\u00e9e":"1 minute"},"schema":{"@context":"https:\/\/schema.org","@graph":[{"@type":"WebPage","@id":"https:\/\/solidarites.ch\/vaud\/journal\/361-2\/les-fausses-personnes-sur-le-banc-des-accuse-e-s\/","url":"https:\/\/solidarites.ch\/vaud\/journal\/361-2\/les-fausses-personnes-sur-le-banc-des-accuse-e-s\/","name":"Les fausses personnes sur le banc des accus\u00e9\u00b7e\u00b7s &#8211; solidarit\u00e9S Vaud","isPartOf":{"@id":"https:\/\/solidarites.ch\/vaud\/#website"},"primaryImageOfPage":{"@id":"https:\/\/solidarites.ch\/vaud\/journal\/361-2\/les-fausses-personnes-sur-le-banc-des-accuse-e-s\/#primaryimage"},"image":{"@id":"https:\/\/solidarites.ch\/vaud\/journal\/361-2\/les-fausses-personnes-sur-le-banc-des-accuse-e-s\/#primaryimage"},"thumbnailUrl":"https:\/\/solidarites.ch\/vaud\/wp-content\/uploads\/sites\/3\/2020\/01\/Lausanne-Action-Climat-Credit-Suisse.jpg","datePublished":"2020-01-09T15:55:56+00:00","dateModified":"2023-03-30T16:17:11+00:00","description":"Une cinquantaine de personnes se sont rassembl\u00e9es devant le tribunal d\u2019arrondissement de Renens ce mardi 7 janvier 2019 pour marquer leur soutien envers les activistes poursuivis par Credit Suisse.","breadcrumb":{"@id":"https:\/\/solidarites.ch\/vaud\/journal\/361-2\/les-fausses-personnes-sur-le-banc-des-accuse-e-s\/#breadcrumb"},"inLanguage":"fr-FR","potentialAction":[{"@type":"ReadAction","target":["https:\/\/solidarites.ch\/vaud\/journal\/361-2\/les-fausses-personnes-sur-le-banc-des-accuse-e-s\/"]}]},{"@type":"ImageObject","inLanguage":"fr-FR","@id":"https:\/\/solidarites.ch\/vaud\/journal\/361-2\/les-fausses-personnes-sur-le-banc-des-accuse-e-s\/#primaryimage","url":"https:\/\/solidarites.ch\/vaud\/wp-content\/uploads\/sites\/3\/2020\/01\/Lausanne-Action-Climat-Credit-Suisse.jpg","contentUrl":"https:\/\/solidarites.ch\/vaud\/wp-content\/uploads\/sites\/3\/2020\/01\/Lausanne-Action-Climat-Credit-Suisse.jpg","width":1069,"height":713,"caption":"Lausanne Action Climat-Credit-Suisse"},{"@type":"BreadcrumbList","@id":"https:\/\/solidarites.ch\/vaud\/journal\/361-2\/les-fausses-personnes-sur-le-banc-des-accuse-e-s\/#breadcrumb","itemListElement":[{"@type":"ListItem","position":1,"name":"Accueil","item":"https:\/\/solidarites.ch\/vaud\/"},{"@type":"ListItem","position":2,"name":"Articles Journal","item":"https:\/\/solidarites.ch\/vaud\/articles\/"},{"@type":"ListItem","position":3,"name":"Les fausses personnes sur le banc des accus\u00e9\u00b7e\u00b7s"}]},{"@type":"WebSite","@id":"https:\/\/solidarites.ch\/vaud\/#website","url":"https:\/\/solidarites.ch\/vaud\/","name":"solidarit\u00e9S Vaud","description":"Un mouvement &lt;br&gt;anticapitaliste, &lt;br&gt;f\u00e9ministe, &lt;br&gt;\u00e9cosocialiste et &lt;br&gt; antiraciste","publisher":{"@id":"https:\/\/solidarites.ch\/vaud\/#organization"},"potentialAction":[{"@type":"SearchAction","target":{"@type":"EntryPoint","urlTemplate":"https:\/\/solidarites.ch\/vaud\/?s={search_term_string}"},"query-input":{"@type":"PropertyValueSpecification","valueRequired":true,"valueName":"search_term_string"}}],"inLanguage":"fr-FR"},{"@type":"Organization","@id":"https:\/\/solidarites.ch\/vaud\/#organization","name":"solidarit\u00e9S Vaud","url":"https:\/\/solidarites.ch\/vaud\/","logo":{"@type":"ImageObject","inLanguage":"fr-FR","@id":"https:\/\/solidarites.ch\/vaud\/#\/schema\/logo\/image\/","url":"https:\/\/solidarites.ch\/vaud\/wp-content\/uploads\/sites\/3\/2020\/01\/sol_VD_Pos_RVB.png","contentUrl":"https:\/\/solidarites.ch\/vaud\/wp-content\/uploads\/sites\/3\/2020\/01\/sol_VD_Pos_RVB.png","width":1024,"height":409,"caption":"solidarit\u00e9S Vaud"},"image":{"@id":"https:\/\/solidarites.ch\/vaud\/#\/schema\/logo\/image\/"},"sameAs":["https:\/\/www.facebook.com\/solidarites.vaud\/","https:\/\/x.com\/solidariteSvaud","https:\/\/www.instagram.com\/solidarites_vaud\/","https:\/\/www.youtube.com\/channel\/UCL1HKEFgISBtzQgDAlQKKIA"]}]}},"distributor_meta":false,"distributor_terms":false,"distributor_media":false,"distributor_original_site_name":"solidarit\u00e9S Vaud","distributor_original_site_url":"https:\/\/solidarites.ch\/vaud","push-errors":false,"_links":{"self":[{"href":"https:\/\/solidarites.ch\/vaud\/wp-json\/wp\/v2\/cpt_sj_article\/2103","targetHints":{"allow":["GET"]}}],"collection":[{"href":"https:\/\/solidarites.ch\/vaud\/wp-json\/wp\/v2\/cpt_sj_article"}],"about":[{"href":"https:\/\/solidarites.ch\/vaud\/wp-json\/wp\/v2\/types\/cpt_sj_article"}],"wp:featuredmedia":[{"embeddable":true,"href":"https:\/\/solidarites.ch\/vaud\/wp-json\/wp\/v2\/media\/2104"}],"wp:attachment":[{"href":"https:\/\/solidarites.ch\/vaud\/wp-json\/wp\/v2\/media?parent=2103"}],"wp:term":[{"taxonomy":"tx_journal_issues","embeddable":true,"href":"https:\/\/solidarites.ch\/vaud\/wp-json\/wp\/v2\/tx_journal_issues?post=2103"},{"taxonomy":"tx_journal_display","embeddable":true,"href":"https:\/\/solidarites.ch\/vaud\/wp-json\/wp\/v2\/tx_journal_display?post=2103"}],"curies":[{"name":"wp","href":"https:\/\/api.w.org\/{rel}","templated":true}]}}