{"id":2105,"date":"2020-01-09T15:47:57","date_gmt":"2020-01-09T14:47:57","guid":{"rendered":"https:\/\/solidarites.ch\/?post_type=cpt_sj_article&#038;p=14762"},"modified":"2023-03-30T18:17:07","modified_gmt":"2023-03-30T16:17:07","slug":"un-label-friendly-qui-ne-passe-pas","status":"publish","type":"cpt_sj_article","link":"https:\/\/solidarites.ch\/vaud\/journal\/361-2\/un-label-friendly-qui-ne-passe-pas\/","title":{"rendered":"Un label friendly qui ne passe pas"},"content":{"rendered":"\n<figure class=\"wp-block-image alignwide size-large\"><img decoding=\"async\" src=\"https:\/\/solidarites.ch\/wp-content\/uploads\/2020\/01\/Hilcona.jpg\" alt=\"Salari\u00e9\u00b7e\u00b7s d\u2019Hilcona Gourmet SA \u00e0 Orbe\" class=\"wp-image-14764\"\/>\n<div class='wp-description'><\/div><\/figure>\n\n\n<p class=\"has-drop-cap\">Il y a un peu plus d\u2019un an, solidarit\u00e9S se joignait aux salari\u00e9\u00b7e\u00b7s d\u2019Hilcona Gourmet SA \u00e0 Orbe (filiale du groupe Coop) qui protestaient contre leurs conditions de travail scandaleuses (<a href=\"https:\/\/solidarites.ch\/journal\/338-2\/hilcona-salarie%c2%b7e%c2%b7s-sacrifie%c2%b7e%c2%b7s\/\"><em>solidarit\u00e9S<\/em> n\u00ba 338<\/a>).<\/p>\n\n\n\n<p>En octobre dernier, la fondation Promotion Sant\u00e9 Suisse, organisme financ\u00e9 par nos primes d\u2019assurance maladie, a d\u00e9cid\u00e9 d\u2019attribuer le label <em>\u00ab\u2009Friendly Work Space\u2009\u00bb<\/em> (Espace de travail convivial) \u00e0 cette m\u00eame entreprise\u2009! Pour d\u00e9noncer cette d\u00e9cision inacceptable, les travailleuses et les travailleurs ont remis \u00e0 leur tour le prix <em>\u00ab\u2009Harmful Work Space\u2009\u00bb<\/em> (espace de travail nocif) \u00e0 leur employeur, au nom de <em>\u00ab\u2009Destruction Sant\u00e9 Suisse\u2009\u00bb<\/em>. Une action devant les bureaux de Promotion Sant\u00e9 Suisse a \u00e9galement eu lieu.<\/p>\n\n\n\n<p>solidarit\u00e9S Vaud \u00e9tait pr\u00e9sent devant les bureaux de la fondation pour soutenir les travailleurs et les travailleuses dans leurs revendications\u2009: reconnaissance des d\u00e9l\u00e9gu\u00e9\u00b7e\u00b7s syndicaux\u00b7ales, tenue imm\u00e9diate de v\u00e9ritables n\u00e9gociations avec la d\u00e9l\u00e9gation syndicale pour am\u00e9liorer les conditions de travail et de vie des travailleuses et travailleurs, retrait imm\u00e9diat du label Friendly Work Space \u00e0 Hilcona par Promotion Sant\u00e9 Suisse.<\/p>\n\n\n\n<p>Promotion Sant\u00e9 Suisse a r\u00e9pondu \u00e0 l\u2019<em>Ev\u00e9nement syndical<\/em> que le processus de certification pr\u00e9voit que l\u2019entreprise labellis\u00e9e <em>\u00ab\u2009s\u2019engage \u00e0 respecter les normes l\u00e9gales\u2009\u00bb<\/em> et que <em>\u00ab\u2009les faits d\u00e9nonc\u00e9s par le syndicat Unia [\u2026] ont retenu toute notre attention. Comme le pr\u00e9voit la proc\u00e9dure, nous avons transmis le courrier \u00e0 l\u2019entreprise Hilcona afin qu\u2019ils nous fournissent rapidement des explications. Dans l\u2019attente de leur r\u00e9ponse, nous ne sommes pas en mesure de nous prononcer sur ce cas pr\u00e9cis.\u2009\u00bb<\/em><\/p>\n\n\n\n<p><strong>Aur\u00e9lie Gay <\/strong><br><\/p>\n","protected":false},"featured_media":2106,"template":"","tx_journal_issues":[84],"tx_journal_display":[],"class_list":["post-2105","cpt_sj_article","type-cpt_sj_article","status-publish","has-post-thumbnail","hentry","tx_journal_authors-gay-aurelie","tx_journal_issues-361-2","tx_journal_sections-monde-du-travail","tx_journal_sections-vaud"],"acf":[],"yoast_head":"<!-- This site is optimized with the Yoast SEO plugin v27.4 - https:\/\/yoast.com\/product\/yoast-seo-wordpress\/ -->\n<title>Un label friendly qui ne passe pas &#8211; solidarit\u00e9S Vaud<\/title>\n<meta name=\"robots\" content=\"index, follow, max-snippet:-1, max-image-preview:large, max-video-preview:-1\" \/>\n<link rel=\"canonical\" href=\"https:\/\/solidarites.ch\/vaud\/journal\/361-2\/un-label-friendly-qui-ne-passe-pas\/\" \/>\n<meta property=\"og:locale\" content=\"fr_FR\" \/>\n<meta property=\"og:type\" content=\"article\" \/>\n<meta property=\"og:title\" content=\"Un label friendly qui ne passe pas &#8211; solidarit\u00e9S Vaud\" \/>\n<meta property=\"og:description\" content=\"Il y a un peu plus d\u2019un an, solidarit\u00e9S se joignait aux salari\u00e9\u00b7e\u00b7s d\u2019Hilcona Gourmet SA \u00e0 Orbe (filiale du groupe Coop) qui protestaient contre leurs conditions de travail scandaleuses (solidarit\u00e9S n\u00ba 338). En octobre dernier, la fondation Promotion Sant\u00e9 Suisse, organisme financ\u00e9 par nos primes d\u2019assurance maladie, a d\u00e9cid\u00e9 d\u2019attribuer le label \u00ab\u2009Friendly Work &hellip; Continued\" \/>\n<meta property=\"og:url\" content=\"https:\/\/solidarites.ch\/vaud\/journal\/361-2\/un-label-friendly-qui-ne-passe-pas\/\" \/>\n<meta property=\"og:site_name\" content=\"solidarit\u00e9S Vaud\" \/>\n<meta property=\"article:publisher\" content=\"https:\/\/www.facebook.com\/solidarites.vaud\/\" \/>\n<meta property=\"article:modified_time\" content=\"2023-03-30T16:17:07+00:00\" \/>\n<meta property=\"og:image\" content=\"https:\/\/solidarites.ch\/vaud\/wp-content\/uploads\/sites\/3\/2020\/01\/Hilcona.jpg\" \/>\n\t<meta property=\"og:image:width\" content=\"1024\" \/>\n\t<meta property=\"og:image:height\" content=\"683\" \/>\n\t<meta property=\"og:image:type\" content=\"image\/jpeg\" \/>\n<meta name=\"twitter:card\" content=\"summary_large_image\" \/>\n<meta name=\"twitter:site\" content=\"@solidariteSvaud\" \/>\n<meta name=\"twitter:label1\" content=\"Dur\u00e9e de lecture estim\u00e9e\" \/>\n\t<meta name=\"twitter:data1\" content=\"1 minute\" \/>\n<script type=\"application\/ld+json\" class=\"yoast-schema-graph\">{\"@context\":\"https:\\\/\\\/schema.org\",\"@graph\":[{\"@type\":\"WebPage\",\"@id\":\"https:\\\/\\\/solidarites.ch\\\/vaud\\\/journal\\\/361-2\\\/un-label-friendly-qui-ne-passe-pas\\\/\",\"url\":\"https:\\\/\\\/solidarites.ch\\\/vaud\\\/journal\\\/361-2\\\/un-label-friendly-qui-ne-passe-pas\\\/\",\"name\":\"Un label friendly qui ne passe pas &#8211; solidarit\u00e9S Vaud\",\"isPartOf\":{\"@id\":\"https:\\\/\\\/solidarites.ch\\\/vaud\\\/#website\"},\"primaryImageOfPage\":{\"@id\":\"https:\\\/\\\/solidarites.ch\\\/vaud\\\/journal\\\/361-2\\\/un-label-friendly-qui-ne-passe-pas\\\/#primaryimage\"},\"image\":{\"@id\":\"https:\\\/\\\/solidarites.ch\\\/vaud\\\/journal\\\/361-2\\\/un-label-friendly-qui-ne-passe-pas\\\/#primaryimage\"},\"thumbnailUrl\":\"https:\\\/\\\/solidarites.ch\\\/vaud\\\/wp-content\\\/uploads\\\/sites\\\/3\\\/2020\\\/01\\\/Hilcona.jpg\",\"datePublished\":\"2020-01-09T14:47:57+00:00\",\"dateModified\":\"2023-03-30T16:17:07+00:00\",\"breadcrumb\":{\"@id\":\"https:\\\/\\\/solidarites.ch\\\/vaud\\\/journal\\\/361-2\\\/un-label-friendly-qui-ne-passe-pas\\\/#breadcrumb\"},\"inLanguage\":\"fr-FR\",\"potentialAction\":[{\"@type\":\"ReadAction\",\"target\":[\"https:\\\/\\\/solidarites.ch\\\/vaud\\\/journal\\\/361-2\\\/un-label-friendly-qui-ne-passe-pas\\\/\"]}]},{\"@type\":\"ImageObject\",\"inLanguage\":\"fr-FR\",\"@id\":\"https:\\\/\\\/solidarites.ch\\\/vaud\\\/journal\\\/361-2\\\/un-label-friendly-qui-ne-passe-pas\\\/#primaryimage\",\"url\":\"https:\\\/\\\/solidarites.ch\\\/vaud\\\/wp-content\\\/uploads\\\/sites\\\/3\\\/2020\\\/01\\\/Hilcona.jpg\",\"contentUrl\":\"https:\\\/\\\/solidarites.ch\\\/vaud\\\/wp-content\\\/uploads\\\/sites\\\/3\\\/2020\\\/01\\\/Hilcona.jpg\",\"width\":1024,\"height\":683,\"caption\":\"Salari\u00e9\u00b7e\u00b7s d\u2019Hilcona Gourmet SA \u00e0 Orbe\"},{\"@type\":\"BreadcrumbList\",\"@id\":\"https:\\\/\\\/solidarites.ch\\\/vaud\\\/journal\\\/361-2\\\/un-label-friendly-qui-ne-passe-pas\\\/#breadcrumb\",\"itemListElement\":[{\"@type\":\"ListItem\",\"position\":1,\"name\":\"Accueil\",\"item\":\"https:\\\/\\\/solidarites.ch\\\/vaud\\\/\"},{\"@type\":\"ListItem\",\"position\":2,\"name\":\"Articles Journal\",\"item\":\"https:\\\/\\\/solidarites.ch\\\/vaud\\\/articles\\\/\"},{\"@type\":\"ListItem\",\"position\":3,\"name\":\"Un label friendly qui ne passe pas\"}]},{\"@type\":\"WebSite\",\"@id\":\"https:\\\/\\\/solidarites.ch\\\/vaud\\\/#website\",\"url\":\"https:\\\/\\\/solidarites.ch\\\/vaud\\\/\",\"name\":\"solidarit\u00e9S Vaud\",\"description\":\"Un mouvement &lt;br&gt;anticapitaliste, &lt;br&gt;f\u00e9ministe, &lt;br&gt;\u00e9cosocialiste et &lt;br&gt; antiraciste\",\"publisher\":{\"@id\":\"https:\\\/\\\/solidarites.ch\\\/vaud\\\/#organization\"},\"potentialAction\":[{\"@type\":\"SearchAction\",\"target\":{\"@type\":\"EntryPoint\",\"urlTemplate\":\"https:\\\/\\\/solidarites.ch\\\/vaud\\\/?s={search_term_string}\"},\"query-input\":{\"@type\":\"PropertyValueSpecification\",\"valueRequired\":true,\"valueName\":\"search_term_string\"}}],\"inLanguage\":\"fr-FR\"},{\"@type\":\"Organization\",\"@id\":\"https:\\\/\\\/solidarites.ch\\\/vaud\\\/#organization\",\"name\":\"solidarit\u00e9S Vaud\",\"url\":\"https:\\\/\\\/solidarites.ch\\\/vaud\\\/\",\"logo\":{\"@type\":\"ImageObject\",\"inLanguage\":\"fr-FR\",\"@id\":\"https:\\\/\\\/solidarites.ch\\\/vaud\\\/#\\\/schema\\\/logo\\\/image\\\/\",\"url\":\"https:\\\/\\\/solidarites.ch\\\/vaud\\\/wp-content\\\/uploads\\\/sites\\\/3\\\/2020\\\/01\\\/sol_VD_Pos_RVB.png\",\"contentUrl\":\"https:\\\/\\\/solidarites.ch\\\/vaud\\\/wp-content\\\/uploads\\\/sites\\\/3\\\/2020\\\/01\\\/sol_VD_Pos_RVB.png\",\"width\":1024,\"height\":409,\"caption\":\"solidarit\u00e9S Vaud\"},\"image\":{\"@id\":\"https:\\\/\\\/solidarites.ch\\\/vaud\\\/#\\\/schema\\\/logo\\\/image\\\/\"},\"sameAs\":[\"https:\\\/\\\/www.facebook.com\\\/solidarites.vaud\\\/\",\"https:\\\/\\\/x.com\\\/solidariteSvaud\",\"https:\\\/\\\/www.instagram.com\\\/solidarites_vaud\\\/\",\"https:\\\/\\\/www.youtube.com\\\/channel\\\/UCL1HKEFgISBtzQgDAlQKKIA\"]}]}<\/script>\n<!-- \/ Yoast SEO plugin. -->","yoast_head_json":{"title":"Un label friendly qui ne passe pas &#8211; solidarit\u00e9S Vaud","robots":{"index":"index","follow":"follow","max-snippet":"max-snippet:-1","max-image-preview":"max-image-preview:large","max-video-preview":"max-video-preview:-1"},"canonical":"https:\/\/solidarites.ch\/vaud\/journal\/361-2\/un-label-friendly-qui-ne-passe-pas\/","og_locale":"fr_FR","og_type":"article","og_title":"Un label friendly qui ne passe pas &#8211; solidarit\u00e9S Vaud","og_description":"Il y a un peu plus d\u2019un an, solidarit\u00e9S se joignait aux salari\u00e9\u00b7e\u00b7s d\u2019Hilcona Gourmet SA \u00e0 Orbe (filiale du groupe Coop) qui protestaient contre leurs conditions de travail scandaleuses (solidarit\u00e9S n\u00ba 338). En octobre dernier, la fondation Promotion Sant\u00e9 Suisse, organisme financ\u00e9 par nos primes d\u2019assurance maladie, a d\u00e9cid\u00e9 d\u2019attribuer le label \u00ab\u2009Friendly Work &hellip; Continued","og_url":"https:\/\/solidarites.ch\/vaud\/journal\/361-2\/un-label-friendly-qui-ne-passe-pas\/","og_site_name":"solidarit\u00e9S Vaud","article_publisher":"https:\/\/www.facebook.com\/solidarites.vaud\/","article_modified_time":"2023-03-30T16:17:07+00:00","og_image":[{"width":1024,"height":683,"url":"https:\/\/solidarites.ch\/vaud\/wp-content\/uploads\/sites\/3\/2020\/01\/Hilcona.jpg","type":"image\/jpeg"}],"twitter_card":"summary_large_image","twitter_site":"@solidariteSvaud","twitter_misc":{"Dur\u00e9e de lecture estim\u00e9e":"1 minute"},"schema":{"@context":"https:\/\/schema.org","@graph":[{"@type":"WebPage","@id":"https:\/\/solidarites.ch\/vaud\/journal\/361-2\/un-label-friendly-qui-ne-passe-pas\/","url":"https:\/\/solidarites.ch\/vaud\/journal\/361-2\/un-label-friendly-qui-ne-passe-pas\/","name":"Un label friendly qui ne passe pas &#8211; solidarit\u00e9S Vaud","isPartOf":{"@id":"https:\/\/solidarites.ch\/vaud\/#website"},"primaryImageOfPage":{"@id":"https:\/\/solidarites.ch\/vaud\/journal\/361-2\/un-label-friendly-qui-ne-passe-pas\/#primaryimage"},"image":{"@id":"https:\/\/solidarites.ch\/vaud\/journal\/361-2\/un-label-friendly-qui-ne-passe-pas\/#primaryimage"},"thumbnailUrl":"https:\/\/solidarites.ch\/vaud\/wp-content\/uploads\/sites\/3\/2020\/01\/Hilcona.jpg","datePublished":"2020-01-09T14:47:57+00:00","dateModified":"2023-03-30T16:17:07+00:00","breadcrumb":{"@id":"https:\/\/solidarites.ch\/vaud\/journal\/361-2\/un-label-friendly-qui-ne-passe-pas\/#breadcrumb"},"inLanguage":"fr-FR","potentialAction":[{"@type":"ReadAction","target":["https:\/\/solidarites.ch\/vaud\/journal\/361-2\/un-label-friendly-qui-ne-passe-pas\/"]}]},{"@type":"ImageObject","inLanguage":"fr-FR","@id":"https:\/\/solidarites.ch\/vaud\/journal\/361-2\/un-label-friendly-qui-ne-passe-pas\/#primaryimage","url":"https:\/\/solidarites.ch\/vaud\/wp-content\/uploads\/sites\/3\/2020\/01\/Hilcona.jpg","contentUrl":"https:\/\/solidarites.ch\/vaud\/wp-content\/uploads\/sites\/3\/2020\/01\/Hilcona.jpg","width":1024,"height":683,"caption":"Salari\u00e9\u00b7e\u00b7s d\u2019Hilcona Gourmet SA \u00e0 Orbe"},{"@type":"BreadcrumbList","@id":"https:\/\/solidarites.ch\/vaud\/journal\/361-2\/un-label-friendly-qui-ne-passe-pas\/#breadcrumb","itemListElement":[{"@type":"ListItem","position":1,"name":"Accueil","item":"https:\/\/solidarites.ch\/vaud\/"},{"@type":"ListItem","position":2,"name":"Articles Journal","item":"https:\/\/solidarites.ch\/vaud\/articles\/"},{"@type":"ListItem","position":3,"name":"Un label friendly qui ne passe pas"}]},{"@type":"WebSite","@id":"https:\/\/solidarites.ch\/vaud\/#website","url":"https:\/\/solidarites.ch\/vaud\/","name":"solidarit\u00e9S Vaud","description":"Un mouvement &lt;br&gt;anticapitaliste, &lt;br&gt;f\u00e9ministe, &lt;br&gt;\u00e9cosocialiste et &lt;br&gt; antiraciste","publisher":{"@id":"https:\/\/solidarites.ch\/vaud\/#organization"},"potentialAction":[{"@type":"SearchAction","target":{"@type":"EntryPoint","urlTemplate":"https:\/\/solidarites.ch\/vaud\/?s={search_term_string}"},"query-input":{"@type":"PropertyValueSpecification","valueRequired":true,"valueName":"search_term_string"}}],"inLanguage":"fr-FR"},{"@type":"Organization","@id":"https:\/\/solidarites.ch\/vaud\/#organization","name":"solidarit\u00e9S Vaud","url":"https:\/\/solidarites.ch\/vaud\/","logo":{"@type":"ImageObject","inLanguage":"fr-FR","@id":"https:\/\/solidarites.ch\/vaud\/#\/schema\/logo\/image\/","url":"https:\/\/solidarites.ch\/vaud\/wp-content\/uploads\/sites\/3\/2020\/01\/sol_VD_Pos_RVB.png","contentUrl":"https:\/\/solidarites.ch\/vaud\/wp-content\/uploads\/sites\/3\/2020\/01\/sol_VD_Pos_RVB.png","width":1024,"height":409,"caption":"solidarit\u00e9S Vaud"},"image":{"@id":"https:\/\/solidarites.ch\/vaud\/#\/schema\/logo\/image\/"},"sameAs":["https:\/\/www.facebook.com\/solidarites.vaud\/","https:\/\/x.com\/solidariteSvaud","https:\/\/www.instagram.com\/solidarites_vaud\/","https:\/\/www.youtube.com\/channel\/UCL1HKEFgISBtzQgDAlQKKIA"]}]}},"distributor_meta":false,"distributor_terms":false,"distributor_media":false,"distributor_original_site_name":"solidarit\u00e9S Vaud","distributor_original_site_url":"https:\/\/solidarites.ch\/vaud","push-errors":false,"_links":{"self":[{"href":"https:\/\/solidarites.ch\/vaud\/wp-json\/wp\/v2\/cpt_sj_article\/2105","targetHints":{"allow":["GET"]}}],"collection":[{"href":"https:\/\/solidarites.ch\/vaud\/wp-json\/wp\/v2\/cpt_sj_article"}],"about":[{"href":"https:\/\/solidarites.ch\/vaud\/wp-json\/wp\/v2\/types\/cpt_sj_article"}],"wp:featuredmedia":[{"embeddable":true,"href":"https:\/\/solidarites.ch\/vaud\/wp-json\/wp\/v2\/media\/2106"}],"wp:attachment":[{"href":"https:\/\/solidarites.ch\/vaud\/wp-json\/wp\/v2\/media?parent=2105"}],"wp:term":[{"taxonomy":"tx_journal_issues","embeddable":true,"href":"https:\/\/solidarites.ch\/vaud\/wp-json\/wp\/v2\/tx_journal_issues?post=2105"},{"taxonomy":"tx_journal_display","embeddable":true,"href":"https:\/\/solidarites.ch\/vaud\/wp-json\/wp\/v2\/tx_journal_display?post=2105"}],"curies":[{"name":"wp","href":"https:\/\/api.w.org\/{rel}","templated":true}]}}