{"id":2137,"date":"2020-06-07T22:32:34","date_gmt":"2020-06-07T20:32:34","guid":{"rendered":"https:\/\/solidarites.ch\/?post_type=cpt_sj_article&#038;p=14956"},"modified":"2020-06-07T22:32:34","modified_gmt":"2020-06-07T20:32:34","slug":"vers-la-greve-generale%e2%80%89-du-climat","status":"publish","type":"cpt_sj_article","link":"https:\/\/solidarites.ch\/vaud\/journal\/362-2\/vers-la-greve-generale%e2%80%89-du-climat\/","title":{"rendered":"Vers la gr\u00e8ve g\u00e9n\u00e9rale du climat"},"content":{"rendered":"\n<h2 class=\"is-style-chapeau wp-block-heading\">Vendredi 17 janvier 2020, pour son premier anniversaire, le mouvement Gr\u00e8ve du climat appelait \u00e0 une journ\u00e9e nationale de mobilisation \u00e0 Lausanne. D\u00e9jouant tous les pronostics, plus de 10\u2009000 personnes ont battu le pav\u00e9 de la capitale vaudoise, renouant avec les scores les plus spectaculaires de 2019. Ce succ\u00e8s sans appel donne le coup d\u2019envoi des mobilisations en vue de la Gr\u00e8ve g\u00e9n\u00e9rale \u00ab\u2009pour l\u2019Avenir\u2009\u00bb, pr\u00e9vue le 15 mai prochain.<\/h2>\n\n\n\n<figure class=\"wp-block-image size-full\"><img decoding=\"async\" src=\"https:\/\/solidarites.ch\/wp-content\/uploads\/2020\/01\/Greve-du-climat.jpg\" alt=\"\" class=\"wp-image-14957\"\/><figcaption>Gr\u00e8ve du climat, Lausanne, 17 janvier 2020<\/figcaption>\n<div class='wp-description'><\/div><\/figure>\n\n\n<p class=\"has-drop-cap\">Excessivement m\u00e9diatis\u00e9e, la pr\u00e9sence de Greta Thunberg dans le cort\u00e8ge a probablement contribu\u00e9 \u00e0 cette forte affluence. L\u2019insistance et l\u2019agressivit\u00e9 de certain\u00b7e\u00b7s journalistes et autres fans ont d\u2019ailleurs donn\u00e9 du fil \u00e0 retordre au service d\u2019ordre mis en place par la Gr\u00e8ve du climat. Mais l\u2019\u2009\u00ab\u2009effet Greta\u2009\u00bb ne peut expliquer \u00e0 lui seul le succ\u00e8s de cette premi\u00e8re gr\u00e8ve de l\u2019ann\u00e9e. Il convient plut\u00f4t de consid\u00e9rer l\u2019\u00e9tonnante r\u00e9silience d\u2019un mouvement social qui continue de mobiliser tr\u00e8s largement parmi les jeunes et est en train de s\u2019\u00e9tendre \u00e0 d\u2019autres cat\u00e9gories de la population.<\/p>\n\n\n\n<p>La m\u00eame semaine, l\u2019acquittement des militant\u00b7e\u00b7s du LAC (voir notre \u00e9dito), inculp\u00e9\u00b7e\u00b7s pour une action non-violente men\u00e9e en 2018 dans les locaux de Credit Suisse, a suscit\u00e9 un vif enthousiasme et a aussi contribu\u00e9 \u00e0 la r\u00e9ussite de cette mobilisation.<\/p>\n\n\n\n<h2 class=\"wp-block-heading\"><strong>Pour une r\u00e9volution d\u00e9mocratique, \u00e9cologiste et f\u00e9ministe<\/strong><\/h2>\n\n\n\n<p>En parall\u00e8le des gr\u00e8ves scolaires et des mobilisations de rue, la Gr\u00e8ve du climat est, dans le canton de Vaud, en campagne pour l\u2019\u00e9lection compl\u00e9mentaire au Conseil d\u2019\u00c9tat. Par la forme in\u00e9dite et collective de sa campagne, le mouvement d\u00e9nonce la politique des partis institutionnels et le syst\u00e8me m\u00e9diatique, qu\u2019il juge inefficaces et au service du statu quo. Il s\u2019engage notamment, en cas d\u2019\u00e9lection, \u00e0 rompre avec la hi\u00e9rarchie de l\u2019ex\u00e9cutif gouvernemental et \u00e0 organiser des assembl\u00e9es populaires pour d\u00e9cider des mesures \u00e0 prendre. Si la proposition para\u00eet encore floue, elle a le m\u00e9rite de s\u2019inscrire dans une perspective de \u00ab\u2009r\u00e9volution d\u00e9mocratique, \u00e9cologiste, f\u00e9ministe et sociale\u2009\u00bb.<\/p>\n\n\n\n<p>Les militant\u00b7e\u00b7s en campagne ont cependant bien compris que la voie \u00e9lectorale ne permettrait pas de changements d\u2019ampleur. Avec le slogan \u00ab\u2009Le Conseil d\u2019\u00c9tat ne nous sauvera pas\u2009: 15 mai, gr\u00e8ve g\u00e9n\u00e9rale\u2009\u00bb, le collectif montre au contraire qu\u2019il tire profit de cette \u00e9lection \u00e0 des fins propagandistes et de mobilisation. Malgr\u00e9 les difficult\u00e9s d\u2019un tel exercice, il parvient ainsi \u00e0 imposer les th\u00e9matiques d\u2019urgence \u00e9cologique et de justice climatique dans le d\u00e9bat public. Son programme est bas\u00e9 sur le Plan climat vaudois (consultable sur vaud.climatestrike.ch), \u00e9labor\u00e9 de concert avec des expert\u00b7e\u00b7s de divers domaines, et permet de faire conna\u00eetre une s\u00e9rie de mesures concr\u00e8tes, souvent en rupture avec le mode de production capitaliste\u2009: fin des investissements dans les \u00e9nergies fossiles, revenu de transition \u00e9cologique, gratuit\u00e9 des transports publics, etc.<\/p>\n\n\n\n<h2 class=\"wp-block-heading\"><strong>De la gr\u00e8ve des cours \u00e0 la gr\u00e8ve de la production<\/strong><\/h2>\n\n\n\n<p>\u00c0 la manifestation, les gr\u00e9vistes du climat ont r\u00e9it\u00e9r\u00e9 leur appel \u00e0 la \u00ab\u2009gr\u00e8ve g\u00e9n\u00e9rale\u2009\u00bb le 15 mai 2020. Les militant\u00b7e\u00b7s sont ainsi conscient\u00b7e\u00b7s, non seulement de l\u2019importance de rester mobilis\u00e9\u00b7e\u00b7s, mais \u00e9galement de renforcer les dynamiques d\u2019auto-organisation \u00e0 la base (\u00e9coles, gymnases, hautes \u00e9coles\u2026), avec comme objectif de les \u00e9tendre au monde du travail. En effet, l\u2019implication des salari\u00e9\u00b7e\u00b7s et des syndicats dans la lutte \u00e9cologiste est indispensable pour op\u00e9rer un changement r\u00e9el de syst\u00e8me. \u00c9viter le cataclysme climatique, sortir du productivisme, interdire les \u00e9nergies fossiles, sauvegarder la biodiversit\u00e9\u2009: de telles bifurcations ne pourront avoir lieu qu\u2019\u00e0 condition que celles et ceux qui produisent les richesses se joignent au mouvement et s\u2019organisent pour arr\u00eater la machine. Il est donc important de montrer \u2013 et les jeunes de la Gr\u00e8ve du climat y travaillent \u2013 que dans une perspective de r\u00e9volution \u00e9cologiste, juste et solidaire, changer de syst\u00e8me n\u2019implique ni de retourner \u00e0 la bougie, ni de perdre son emploi, mais permettrait au contraire une am\u00e9lioration des conditions de vie et de travail pour tou\u00b7te\u00b7s les salari\u00e9\u00b7e\u00b7s.<\/p>\n\n\n\n<p>\u00ab\u2009Vous n\u2019avez encore rien vu\u2009\u00bb, a lanc\u00e9 Greta, \u00e0 l\u2019adresse des politicien\u00b7ne\u00b7s et des dirigeant\u00b7e\u00b7s de multinationales r\u00e9unis \u00e0 Davos \u00e0 l\u2019occasion du bal des puissant\u00b7e\u00b7s que repr\u00e9sente le World Economic Forum (WEF). Dans un discours ax\u00e9 sur la d\u00e9nonciation des in\u00e9galit\u00e9s, entre Nord et Sud et entre classes sociales, l\u2019\u00e9cologiste et f\u00e9ministe du Kenya Njoki Njoroge Njeh\u00fb a, pour sa part, ass\u00e9n\u00e9 qu\u2019il \u00e9tait temps, ni plus ni moins, d\u2019\u00ab\u2009abolir les milliardaires\u2009\u00bb pour assurer \u00e0 la majorit\u00e9 sociale un futur serein. C\u2019est ainsi, en liant l\u2019urgence climatique \u00e0 des revendications sociales, que des secteurs du monde du travail pourraient prochainement rejoindre la Gr\u00e8ve pour le climat. R\u00e9ponse le 15 mai prochain.<br><\/p>\n\n\n\n<p><strong>Quim Puig<\/strong><\/p>\n","protected":false},"featured_media":2284,"template":"","tx_journal_issues":[90],"tx_journal_display":[],"class_list":["post-2137","cpt_sj_article","type-cpt_sj_article","status-publish","has-post-thumbnail","hentry","tx_journal_authors-puig-quim","tx_journal_issues-362-2","tx_journal_sections-ecologie"],"acf":[],"yoast_head":"<!-- This site is optimized with the Yoast SEO plugin v27.4 - https:\/\/yoast.com\/product\/yoast-seo-wordpress\/ -->\n<title>Vers la gr\u00e8ve g\u00e9n\u00e9rale du climat &#8211; solidarit\u00e9S Vaud<\/title>\n<meta name=\"description\" content=\"Vendredi 17 janvier 2020, pour son premier anniversaire, le mouvement Gr\u00e8ve du climat appelait \u00e0 une journ\u00e9e nationale de mobilisation \u00e0 Lausanne.\" \/>\n<meta name=\"robots\" content=\"index, follow, max-snippet:-1, max-image-preview:large, max-video-preview:-1\" \/>\n<link rel=\"canonical\" href=\"https:\/\/solidarites.ch\/vaud\/journal\/362-2\/vers-la-greve-generale\u2009-du-climat\/\" \/>\n<meta property=\"og:locale\" content=\"fr_FR\" \/>\n<meta property=\"og:type\" content=\"article\" \/>\n<meta property=\"og:title\" content=\"Vers la gr\u00e8ve g\u00e9n\u00e9rale du climat &#8211; solidarit\u00e9S Vaud\" \/>\n<meta property=\"og:description\" content=\"Vendredi 17 janvier 2020, pour son premier anniversaire, le mouvement Gr\u00e8ve du climat appelait \u00e0 une journ\u00e9e nationale de mobilisation \u00e0 Lausanne.\" \/>\n<meta property=\"og:url\" content=\"https:\/\/solidarites.ch\/vaud\/journal\/362-2\/vers-la-greve-generale\u2009-du-climat\/\" \/>\n<meta property=\"og:site_name\" content=\"solidarit\u00e9S Vaud\" \/>\n<meta property=\"article:publisher\" content=\"https:\/\/www.facebook.com\/solidarites.vaud\/\" \/>\n<meta property=\"og:image\" content=\"https:\/\/solidarites.ch\/vaud\/wp-content\/uploads\/sites\/3\/2020\/06\/Greve-du-climat.jpg\" \/>\n\t<meta property=\"og:image:width\" content=\"1080\" \/>\n\t<meta property=\"og:image:height\" content=\"1102\" \/>\n\t<meta property=\"og:image:type\" content=\"image\/jpeg\" \/>\n<meta name=\"twitter:card\" content=\"summary_large_image\" \/>\n<meta name=\"twitter:site\" content=\"@solidariteSvaud\" \/>\n<meta name=\"twitter:label1\" content=\"Dur\u00e9e de lecture estim\u00e9e\" \/>\n\t<meta name=\"twitter:data1\" content=\"4 minutes\" \/>\n<script type=\"application\/ld+json\" class=\"yoast-schema-graph\">{\"@context\":\"https:\\\/\\\/schema.org\",\"@graph\":[{\"@type\":\"WebPage\",\"@id\":\"https:\\\/\\\/solidarites.ch\\\/vaud\\\/journal\\\/362-2\\\/vers-la-greve-generale%e2%80%89-du-climat\\\/\",\"url\":\"https:\\\/\\\/solidarites.ch\\\/vaud\\\/journal\\\/362-2\\\/vers-la-greve-generale%e2%80%89-du-climat\\\/\",\"name\":\"Vers la gr\u00e8ve g\u00e9n\u00e9rale du climat &#8211; solidarit\u00e9S Vaud\",\"isPartOf\":{\"@id\":\"https:\\\/\\\/solidarites.ch\\\/vaud\\\/#website\"},\"primaryImageOfPage\":{\"@id\":\"https:\\\/\\\/solidarites.ch\\\/vaud\\\/journal\\\/362-2\\\/vers-la-greve-generale%e2%80%89-du-climat\\\/#primaryimage\"},\"image\":{\"@id\":\"https:\\\/\\\/solidarites.ch\\\/vaud\\\/journal\\\/362-2\\\/vers-la-greve-generale%e2%80%89-du-climat\\\/#primaryimage\"},\"thumbnailUrl\":\"https:\\\/\\\/solidarites.ch\\\/vaud\\\/wp-content\\\/uploads\\\/sites\\\/3\\\/2020\\\/06\\\/Greve-du-climat.jpg\",\"datePublished\":\"2020-06-07T20:32:34+00:00\",\"description\":\"Vendredi 17 janvier 2020, pour son premier anniversaire, le mouvement Gr\u00e8ve du climat appelait \u00e0 une journ\u00e9e nationale de mobilisation \u00e0 Lausanne.\",\"breadcrumb\":{\"@id\":\"https:\\\/\\\/solidarites.ch\\\/vaud\\\/journal\\\/362-2\\\/vers-la-greve-generale%e2%80%89-du-climat\\\/#breadcrumb\"},\"inLanguage\":\"fr-FR\",\"potentialAction\":[{\"@type\":\"ReadAction\",\"target\":[\"https:\\\/\\\/solidarites.ch\\\/vaud\\\/journal\\\/362-2\\\/vers-la-greve-generale%e2%80%89-du-climat\\\/\"]}]},{\"@type\":\"ImageObject\",\"inLanguage\":\"fr-FR\",\"@id\":\"https:\\\/\\\/solidarites.ch\\\/vaud\\\/journal\\\/362-2\\\/vers-la-greve-generale%e2%80%89-du-climat\\\/#primaryimage\",\"url\":\"https:\\\/\\\/solidarites.ch\\\/vaud\\\/wp-content\\\/uploads\\\/sites\\\/3\\\/2020\\\/06\\\/Greve-du-climat.jpg\",\"contentUrl\":\"https:\\\/\\\/solidarites.ch\\\/vaud\\\/wp-content\\\/uploads\\\/sites\\\/3\\\/2020\\\/06\\\/Greve-du-climat.jpg\",\"width\":1080,\"height\":1102,\"caption\":\"Gr\u00e8ve du climat Lausannoise\"},{\"@type\":\"BreadcrumbList\",\"@id\":\"https:\\\/\\\/solidarites.ch\\\/vaud\\\/journal\\\/362-2\\\/vers-la-greve-generale%e2%80%89-du-climat\\\/#breadcrumb\",\"itemListElement\":[{\"@type\":\"ListItem\",\"position\":1,\"name\":\"Accueil\",\"item\":\"https:\\\/\\\/solidarites.ch\\\/vaud\\\/\"},{\"@type\":\"ListItem\",\"position\":2,\"name\":\"Articles Journal\",\"item\":\"https:\\\/\\\/solidarites.ch\\\/vaud\\\/articles\\\/\"},{\"@type\":\"ListItem\",\"position\":3,\"name\":\"Vers la gr\u00e8ve g\u00e9n\u00e9rale du climat\"}]},{\"@type\":\"WebSite\",\"@id\":\"https:\\\/\\\/solidarites.ch\\\/vaud\\\/#website\",\"url\":\"https:\\\/\\\/solidarites.ch\\\/vaud\\\/\",\"name\":\"solidarit\u00e9S Vaud\",\"description\":\"Un mouvement &lt;br&gt;anticapitaliste, &lt;br&gt;f\u00e9ministe, &lt;br&gt;\u00e9cosocialiste et &lt;br&gt; antiraciste\",\"publisher\":{\"@id\":\"https:\\\/\\\/solidarites.ch\\\/vaud\\\/#organization\"},\"potentialAction\":[{\"@type\":\"SearchAction\",\"target\":{\"@type\":\"EntryPoint\",\"urlTemplate\":\"https:\\\/\\\/solidarites.ch\\\/vaud\\\/?s={search_term_string}\"},\"query-input\":{\"@type\":\"PropertyValueSpecification\",\"valueRequired\":true,\"valueName\":\"search_term_string\"}}],\"inLanguage\":\"fr-FR\"},{\"@type\":\"Organization\",\"@id\":\"https:\\\/\\\/solidarites.ch\\\/vaud\\\/#organization\",\"name\":\"solidarit\u00e9S Vaud\",\"url\":\"https:\\\/\\\/solidarites.ch\\\/vaud\\\/\",\"logo\":{\"@type\":\"ImageObject\",\"inLanguage\":\"fr-FR\",\"@id\":\"https:\\\/\\\/solidarites.ch\\\/vaud\\\/#\\\/schema\\\/logo\\\/image\\\/\",\"url\":\"https:\\\/\\\/solidarites.ch\\\/vaud\\\/wp-content\\\/uploads\\\/sites\\\/3\\\/2020\\\/01\\\/sol_VD_Pos_RVB.png\",\"contentUrl\":\"https:\\\/\\\/solidarites.ch\\\/vaud\\\/wp-content\\\/uploads\\\/sites\\\/3\\\/2020\\\/01\\\/sol_VD_Pos_RVB.png\",\"width\":1024,\"height\":409,\"caption\":\"solidarit\u00e9S Vaud\"},\"image\":{\"@id\":\"https:\\\/\\\/solidarites.ch\\\/vaud\\\/#\\\/schema\\\/logo\\\/image\\\/\"},\"sameAs\":[\"https:\\\/\\\/www.facebook.com\\\/solidarites.vaud\\\/\",\"https:\\\/\\\/x.com\\\/solidariteSvaud\",\"https:\\\/\\\/www.instagram.com\\\/solidarites_vaud\\\/\",\"https:\\\/\\\/www.youtube.com\\\/channel\\\/UCL1HKEFgISBtzQgDAlQKKIA\"]}]}<\/script>\n<!-- \/ Yoast SEO plugin. -->","yoast_head_json":{"title":"Vers la gr\u00e8ve g\u00e9n\u00e9rale du climat &#8211; solidarit\u00e9S Vaud","description":"Vendredi 17 janvier 2020, pour son premier anniversaire, le mouvement Gr\u00e8ve du climat appelait \u00e0 une journ\u00e9e nationale de mobilisation \u00e0 Lausanne.","robots":{"index":"index","follow":"follow","max-snippet":"max-snippet:-1","max-image-preview":"max-image-preview:large","max-video-preview":"max-video-preview:-1"},"canonical":"https:\/\/solidarites.ch\/vaud\/journal\/362-2\/vers-la-greve-generale\u2009-du-climat\/","og_locale":"fr_FR","og_type":"article","og_title":"Vers la gr\u00e8ve g\u00e9n\u00e9rale du climat &#8211; solidarit\u00e9S Vaud","og_description":"Vendredi 17 janvier 2020, pour son premier anniversaire, le mouvement Gr\u00e8ve du climat appelait \u00e0 une journ\u00e9e nationale de mobilisation \u00e0 Lausanne.","og_url":"https:\/\/solidarites.ch\/vaud\/journal\/362-2\/vers-la-greve-generale\u2009-du-climat\/","og_site_name":"solidarit\u00e9S Vaud","article_publisher":"https:\/\/www.facebook.com\/solidarites.vaud\/","og_image":[{"width":1080,"height":1102,"url":"https:\/\/solidarites.ch\/vaud\/wp-content\/uploads\/sites\/3\/2020\/06\/Greve-du-climat.jpg","type":"image\/jpeg"}],"twitter_card":"summary_large_image","twitter_site":"@solidariteSvaud","twitter_misc":{"Dur\u00e9e de lecture estim\u00e9e":"4 minutes"},"schema":{"@context":"https:\/\/schema.org","@graph":[{"@type":"WebPage","@id":"https:\/\/solidarites.ch\/vaud\/journal\/362-2\/vers-la-greve-generale%e2%80%89-du-climat\/","url":"https:\/\/solidarites.ch\/vaud\/journal\/362-2\/vers-la-greve-generale%e2%80%89-du-climat\/","name":"Vers la gr\u00e8ve g\u00e9n\u00e9rale du climat &#8211; solidarit\u00e9S Vaud","isPartOf":{"@id":"https:\/\/solidarites.ch\/vaud\/#website"},"primaryImageOfPage":{"@id":"https:\/\/solidarites.ch\/vaud\/journal\/362-2\/vers-la-greve-generale%e2%80%89-du-climat\/#primaryimage"},"image":{"@id":"https:\/\/solidarites.ch\/vaud\/journal\/362-2\/vers-la-greve-generale%e2%80%89-du-climat\/#primaryimage"},"thumbnailUrl":"https:\/\/solidarites.ch\/vaud\/wp-content\/uploads\/sites\/3\/2020\/06\/Greve-du-climat.jpg","datePublished":"2020-06-07T20:32:34+00:00","description":"Vendredi 17 janvier 2020, pour son premier anniversaire, le mouvement Gr\u00e8ve du climat appelait \u00e0 une journ\u00e9e nationale de mobilisation \u00e0 Lausanne.","breadcrumb":{"@id":"https:\/\/solidarites.ch\/vaud\/journal\/362-2\/vers-la-greve-generale%e2%80%89-du-climat\/#breadcrumb"},"inLanguage":"fr-FR","potentialAction":[{"@type":"ReadAction","target":["https:\/\/solidarites.ch\/vaud\/journal\/362-2\/vers-la-greve-generale%e2%80%89-du-climat\/"]}]},{"@type":"ImageObject","inLanguage":"fr-FR","@id":"https:\/\/solidarites.ch\/vaud\/journal\/362-2\/vers-la-greve-generale%e2%80%89-du-climat\/#primaryimage","url":"https:\/\/solidarites.ch\/vaud\/wp-content\/uploads\/sites\/3\/2020\/06\/Greve-du-climat.jpg","contentUrl":"https:\/\/solidarites.ch\/vaud\/wp-content\/uploads\/sites\/3\/2020\/06\/Greve-du-climat.jpg","width":1080,"height":1102,"caption":"Gr\u00e8ve du climat Lausannoise"},{"@type":"BreadcrumbList","@id":"https:\/\/solidarites.ch\/vaud\/journal\/362-2\/vers-la-greve-generale%e2%80%89-du-climat\/#breadcrumb","itemListElement":[{"@type":"ListItem","position":1,"name":"Accueil","item":"https:\/\/solidarites.ch\/vaud\/"},{"@type":"ListItem","position":2,"name":"Articles Journal","item":"https:\/\/solidarites.ch\/vaud\/articles\/"},{"@type":"ListItem","position":3,"name":"Vers la gr\u00e8ve g\u00e9n\u00e9rale du climat"}]},{"@type":"WebSite","@id":"https:\/\/solidarites.ch\/vaud\/#website","url":"https:\/\/solidarites.ch\/vaud\/","name":"solidarit\u00e9S Vaud","description":"Un mouvement &lt;br&gt;anticapitaliste, &lt;br&gt;f\u00e9ministe, &lt;br&gt;\u00e9cosocialiste et &lt;br&gt; antiraciste","publisher":{"@id":"https:\/\/solidarites.ch\/vaud\/#organization"},"potentialAction":[{"@type":"SearchAction","target":{"@type":"EntryPoint","urlTemplate":"https:\/\/solidarites.ch\/vaud\/?s={search_term_string}"},"query-input":{"@type":"PropertyValueSpecification","valueRequired":true,"valueName":"search_term_string"}}],"inLanguage":"fr-FR"},{"@type":"Organization","@id":"https:\/\/solidarites.ch\/vaud\/#organization","name":"solidarit\u00e9S Vaud","url":"https:\/\/solidarites.ch\/vaud\/","logo":{"@type":"ImageObject","inLanguage":"fr-FR","@id":"https:\/\/solidarites.ch\/vaud\/#\/schema\/logo\/image\/","url":"https:\/\/solidarites.ch\/vaud\/wp-content\/uploads\/sites\/3\/2020\/01\/sol_VD_Pos_RVB.png","contentUrl":"https:\/\/solidarites.ch\/vaud\/wp-content\/uploads\/sites\/3\/2020\/01\/sol_VD_Pos_RVB.png","width":1024,"height":409,"caption":"solidarit\u00e9S Vaud"},"image":{"@id":"https:\/\/solidarites.ch\/vaud\/#\/schema\/logo\/image\/"},"sameAs":["https:\/\/www.facebook.com\/solidarites.vaud\/","https:\/\/x.com\/solidariteSvaud","https:\/\/www.instagram.com\/solidarites_vaud\/","https:\/\/www.youtube.com\/channel\/UCL1HKEFgISBtzQgDAlQKKIA"]}]}},"distributor_meta":false,"distributor_terms":false,"distributor_media":false,"distributor_original_site_name":"solidarit\u00e9S Vaud","distributor_original_site_url":"https:\/\/solidarites.ch\/vaud","push-errors":false,"_links":{"self":[{"href":"https:\/\/solidarites.ch\/vaud\/wp-json\/wp\/v2\/cpt_sj_article\/2137","targetHints":{"allow":["GET"]}}],"collection":[{"href":"https:\/\/solidarites.ch\/vaud\/wp-json\/wp\/v2\/cpt_sj_article"}],"about":[{"href":"https:\/\/solidarites.ch\/vaud\/wp-json\/wp\/v2\/types\/cpt_sj_article"}],"wp:featuredmedia":[{"embeddable":true,"href":"https:\/\/solidarites.ch\/vaud\/wp-json\/wp\/v2\/media\/2284"}],"wp:attachment":[{"href":"https:\/\/solidarites.ch\/vaud\/wp-json\/wp\/v2\/media?parent=2137"}],"wp:term":[{"taxonomy":"tx_journal_issues","embeddable":true,"href":"https:\/\/solidarites.ch\/vaud\/wp-json\/wp\/v2\/tx_journal_issues?post=2137"},{"taxonomy":"tx_journal_display","embeddable":true,"href":"https:\/\/solidarites.ch\/vaud\/wp-json\/wp\/v2\/tx_journal_display?post=2137"}],"curies":[{"name":"wp","href":"https:\/\/api.w.org\/{rel}","templated":true}]}}