{"id":2260,"date":"2020-06-07T22:31:07","date_gmt":"2020-06-07T20:31:07","guid":{"rendered":"https:\/\/solidarites.ch\/?post_type=cpt_sj_article&#038;p=15494"},"modified":"2020-06-07T22:31:07","modified_gmt":"2020-06-07T20:31:07","slug":"un-patronat-conscient-de-ses-interets","status":"publish","type":"cpt_sj_article","link":"https:\/\/solidarites.ch\/vaud\/journal\/368-2\/un-patronat-conscient-de-ses-interets\/","title":{"rendered":"Un patronat conscient  de ses int\u00e9r\u00eats"},"content":{"rendered":"\n<h2 class=\"is-style-chapeau wp-block-heading\"><strong>La crise sanitaire r\u00e9v\u00e8le les rapports de force habituellement dissimul\u00e9s par le fonctionnement \u00ab&nbsp;normal&nbsp;\u00bb de l\u2019\u00e9conomie. C\u2019est l\u2019occasion de nous interroger sur le r\u00f4le des associations patronales, qui veillent \u00e0 ce que la soci\u00e9t\u00e9 fonctionne au service du capital.<\/strong><\/h2>\n\n\n\n<figure class=\"wp-block-image size-full\"><img decoding=\"async\" src=\"https:\/\/solidarites.ch\/wp-content\/uploads\/2020\/05\/Journee-de-l-economie-2019-Economiesuisse.jpg\" alt=\"Journ\u00e9e de l'\u00e9conomie 2019, Economiesuisse\" class=\"wp-image-15462\" \/><figcaption>\u00abJourn\u00e9e de l&rsquo;\u00e9conomie\u00bb, B\u00e2le, 2019<\/figcaption>\n<div class='wp-description'><\/div><\/figure>\n\n\n<p class=\"has-drop-cap\">Cette ann\u00e9e, la fa\u00eeti\u00e8re patronale Economiesuisse avait pr\u00e9vu de c\u00e9l\u00e9brer en grande pompe son 150<sup>e<\/sup> anniversaire\u200a; un ouvrage historique, des expositions et des soir\u00e9es \u00e9taient au programme. Le coronavirus a eu raison de ces mondanit\u00e9s, emp\u00eachant de c\u00e9l\u00e9brer la continuit\u00e9 d\u2019une organisation fond\u00e9e en 1870 pour d\u00e9fendre les int\u00e9r\u00eats des industriel\u00b7le\u00b7s et des commer\u00e7ant\u00b7e\u00b7s. La pand\u00e9mie n\u2019a cependant pas stopp\u00e9 le lobbying de l\u2019association. Faute de cocktails et de c\u00e9l\u00e9brations publiques, l\u2019association s\u2019est concentr\u00e9e sur son c\u0153ur de m\u00e9tier\u2009: influencer la politique en coulisses. Comme le notait l\u2019un de ses secr\u00e9taires en 1963\u2009: <em>\u00ab\u2009Notre influence \u00e0 Berne est plus forte lorsque nous restons dans l\u2019ombre et que l\u2019on ne parle pas trop de nous.\u2009\u00bb<\/em><\/p>\n\n\n\n<h2 class=\"wp-block-heading\"><strong>Pas d\u2019\u00e9conomie sans soci\u00e9t\u00e9<\/strong><\/h2>\n\n\n\n<p>Si Economiesuisse veut se faire entendre, c\u2019est parce que l\u2019action de l\u2019\u00c9tat conditionne toute activit\u00e9 \u00e9conomique. Il en va ainsi des services publics, dont l\u2019actualit\u00e9 a brutalement rappel\u00e9 l\u2019importance. Qu\u2019on pense aux h\u00f4pitaux qui nous maintiennent en vie ou aux \u00e9coles qui forment les futur\u00b7e\u00b7s salari\u00e9\u00b7e\u00b7s et permettent aux parents d\u2019aller travailler. Idem d\u2019autres activit\u00e9s que l\u2019on prend aujourd\u2019hui comme allant de soi, comme la police et les tribunaux qui garantissent la propri\u00e9t\u00e9 priv\u00e9e et les r\u00e8gles qui encadrent le travail salari\u00e9.&nbsp;<\/p>\n\n\n\n<p>Qu\u2019un virus perturbe le fonctionnement habituel de nos soci\u00e9t\u00e9s et des commer\u00e7ant\u00b7e\u00b7s refusent de payer leur loyer, des patrons red\u00e9couvrent les avantages de l\u2019\u00c9tat social en faisant appel au ch\u00f4mage partiel et les fanatiques du march\u00e9 en appellent soudain aux aides publiques.&nbsp;<\/p>\n\n\n\n<h2 class=\"wp-block-heading\"><strong>Instrumentaliser l\u2019\u00c9tat au&nbsp;service des profits priv\u00e9s<\/strong><\/h2>\n\n\n\n<p>Orienter l\u2019action de l\u2019\u00c9tat au service de leurs int\u00e9r\u00eats demeure le but essentiel d\u2019Economiesuisse et consorts, en suivant le vieil adage qui veut qu\u2019en r\u00e9gime capitaliste, on socialise les pertes et on privatise les profits. Sans les aides de l\u2019\u00c9tat, l\u2019industrie horlog\u00e8re suisse aurait \u00e9t\u00e9 ray\u00e9e de la carte pendant l\u2019entre-deux-guerres et l\u2019UBS aurait disparu en 2008. Sans l\u2019arm\u00e9e pour r\u00e9primer les gr\u00e8ves au d\u00e9but du 20<sup>e<\/sup> si\u00e8cle et prot\u00e9ger les patrons, les l\u00e9gislations sur le travail auraient \u00e9t\u00e9 plus favorables aux salari\u00e9\u00b7e\u00b7s. Alors que les milieux patronaux n\u2019ont de cesse d\u2019en appeler au retour \u00e0 une activit\u00e9 \u00e9conomique \u00ab\u2009normale\u2009\u00bb, il importe de d\u00e9noncer les contingences et les injustices qui sous-tendent cette normalit\u00e9.<\/p>\n\n\n\n<p>Il n\u2019y a aucune fatalit\u00e9 \u00e0 ce que la d\u00e9mocratie s\u2019arr\u00eate aux portes des usines ou \u00e0 ce que la sant\u00e9 et le logement soient consid\u00e9r\u00e9s comme des business. L\u2019incapacit\u00e9 des syndicats \u00e0 stopper le travail sur les chantiers pendant ces derniers mois a montr\u00e9 que les r\u00e8gles du jeu \u00e9conomique font l\u2019objet de bras de fer sociaux, o\u00f9 c\u2019est la force des un\u00b7e\u00b7s et des autres qui d\u00e9termine la solution qui s\u2019impose. Economiesuisse et consorts le savent et veillent \u00e0 leurs int\u00e9r\u00eats. Les salari\u00e9\u00b7e\u00b7s feraient bien de s\u2019en rappeler.&nbsp;<\/p>\n\n\n\n<p><strong>Pierre Eichenberger<\/strong><\/p>\n","protected":false},"featured_media":2282,"template":"","tx_journal_issues":[111],"tx_journal_display":[],"class_list":["post-2260","cpt_sj_article","type-cpt_sj_article","status-publish","has-post-thumbnail","hentry","tx_journal_authors-eichenberger-pierre","tx_journal_issues-368-2","tx_journal_sections-monde-du-travail","tx_journal_sections-national"],"acf":[],"yoast_head":"<!-- This site is optimized with the Yoast SEO plugin v27.4 - https:\/\/yoast.com\/product\/yoast-seo-wordpress\/ -->\n<title>Un patronat conscient de ses int\u00e9r\u00eats &#8211; solidarit\u00e9S Vaud<\/title>\n<meta name=\"description\" content=\"La crise sanitaire r\u00e9v\u00e8le les rapports de force habituellement dissimul\u00e9s par le fonctionnement \u00ab normal \u00bb de l\u2019\u00e9conomie. C\u2019est l\u2019occasion de nous interroger sur le r\u00f4le des associations patronales, qui veillent \u00e0 ce que la soci\u00e9t\u00e9 fonctionne au service du capital.\" \/>\n<meta name=\"robots\" content=\"index, follow, max-snippet:-1, max-image-preview:large, max-video-preview:-1\" \/>\n<link rel=\"canonical\" href=\"https:\/\/solidarites.ch\/vaud\/journal\/368-2\/un-patronat-conscient-de-ses-interets\/\" \/>\n<meta property=\"og:locale\" content=\"fr_FR\" \/>\n<meta property=\"og:type\" content=\"article\" \/>\n<meta property=\"og:title\" content=\"Un patronat conscient de ses int\u00e9r\u00eats &#8211; solidarit\u00e9S Vaud\" \/>\n<meta property=\"og:description\" content=\"La crise sanitaire r\u00e9v\u00e8le les rapports de force habituellement dissimul\u00e9s par le fonctionnement \u00ab normal \u00bb de l\u2019\u00e9conomie. C\u2019est l\u2019occasion de nous interroger sur le r\u00f4le des associations patronales, qui veillent \u00e0 ce que la soci\u00e9t\u00e9 fonctionne au service du capital.\" \/>\n<meta property=\"og:url\" content=\"https:\/\/solidarites.ch\/vaud\/journal\/368-2\/un-patronat-conscient-de-ses-interets\/\" \/>\n<meta property=\"og:site_name\" content=\"solidarit\u00e9S Vaud\" \/>\n<meta property=\"article:publisher\" content=\"https:\/\/www.facebook.com\/solidarites.vaud\/\" \/>\n<meta property=\"og:image\" content=\"https:\/\/solidarites.ch\/vaud\/wp-content\/uploads\/sites\/3\/2020\/06\/Journee-de-l-economie-2019-Economiesuisse.jpg\" \/>\n\t<meta property=\"og:image:width\" content=\"1386\" \/>\n\t<meta property=\"og:image:height\" content=\"921\" \/>\n\t<meta property=\"og:image:type\" content=\"image\/jpeg\" \/>\n<meta name=\"twitter:card\" content=\"summary_large_image\" \/>\n<meta name=\"twitter:site\" content=\"@solidariteSvaud\" \/>\n<meta name=\"twitter:label1\" content=\"Dur\u00e9e de lecture estim\u00e9e\" \/>\n\t<meta name=\"twitter:data1\" content=\"3 minutes\" \/>\n<script type=\"application\/ld+json\" class=\"yoast-schema-graph\">{\"@context\":\"https:\\\/\\\/schema.org\",\"@graph\":[{\"@type\":\"WebPage\",\"@id\":\"https:\\\/\\\/solidarites.ch\\\/vaud\\\/journal\\\/368-2\\\/un-patronat-conscient-de-ses-interets\\\/\",\"url\":\"https:\\\/\\\/solidarites.ch\\\/vaud\\\/journal\\\/368-2\\\/un-patronat-conscient-de-ses-interets\\\/\",\"name\":\"Un patronat conscient de ses int\u00e9r\u00eats &#8211; solidarit\u00e9S Vaud\",\"isPartOf\":{\"@id\":\"https:\\\/\\\/solidarites.ch\\\/vaud\\\/#website\"},\"primaryImageOfPage\":{\"@id\":\"https:\\\/\\\/solidarites.ch\\\/vaud\\\/journal\\\/368-2\\\/un-patronat-conscient-de-ses-interets\\\/#primaryimage\"},\"image\":{\"@id\":\"https:\\\/\\\/solidarites.ch\\\/vaud\\\/journal\\\/368-2\\\/un-patronat-conscient-de-ses-interets\\\/#primaryimage\"},\"thumbnailUrl\":\"https:\\\/\\\/solidarites.ch\\\/vaud\\\/wp-content\\\/uploads\\\/sites\\\/3\\\/2020\\\/06\\\/Journee-de-l-economie-2019-Economiesuisse.jpg\",\"datePublished\":\"2020-06-07T20:31:07+00:00\",\"description\":\"La crise sanitaire r\u00e9v\u00e8le les rapports de force habituellement dissimul\u00e9s par le fonctionnement \u00ab normal \u00bb de l\u2019\u00e9conomie. C\u2019est l\u2019occasion de nous interroger sur le r\u00f4le des associations patronales, qui veillent \u00e0 ce que la soci\u00e9t\u00e9 fonctionne au service du capital.\",\"breadcrumb\":{\"@id\":\"https:\\\/\\\/solidarites.ch\\\/vaud\\\/journal\\\/368-2\\\/un-patronat-conscient-de-ses-interets\\\/#breadcrumb\"},\"inLanguage\":\"fr-FR\",\"potentialAction\":[{\"@type\":\"ReadAction\",\"target\":[\"https:\\\/\\\/solidarites.ch\\\/vaud\\\/journal\\\/368-2\\\/un-patronat-conscient-de-ses-interets\\\/\"]}]},{\"@type\":\"ImageObject\",\"inLanguage\":\"fr-FR\",\"@id\":\"https:\\\/\\\/solidarites.ch\\\/vaud\\\/journal\\\/368-2\\\/un-patronat-conscient-de-ses-interets\\\/#primaryimage\",\"url\":\"https:\\\/\\\/solidarites.ch\\\/vaud\\\/wp-content\\\/uploads\\\/sites\\\/3\\\/2020\\\/06\\\/Journee-de-l-economie-2019-Economiesuisse.jpg\",\"contentUrl\":\"https:\\\/\\\/solidarites.ch\\\/vaud\\\/wp-content\\\/uploads\\\/sites\\\/3\\\/2020\\\/06\\\/Journee-de-l-economie-2019-Economiesuisse.jpg\",\"width\":1386,\"height\":921,\"caption\":\"\u00abJourn\u00e9e de l'\u00e9conomie\u00bb, B\u00e2le, 2019\"},{\"@type\":\"BreadcrumbList\",\"@id\":\"https:\\\/\\\/solidarites.ch\\\/vaud\\\/journal\\\/368-2\\\/un-patronat-conscient-de-ses-interets\\\/#breadcrumb\",\"itemListElement\":[{\"@type\":\"ListItem\",\"position\":1,\"name\":\"Accueil\",\"item\":\"https:\\\/\\\/solidarites.ch\\\/vaud\\\/\"},{\"@type\":\"ListItem\",\"position\":2,\"name\":\"Articles Journal\",\"item\":\"https:\\\/\\\/solidarites.ch\\\/vaud\\\/articles\\\/\"},{\"@type\":\"ListItem\",\"position\":3,\"name\":\"Un patronat conscient de ses int\u00e9r\u00eats\"}]},{\"@type\":\"WebSite\",\"@id\":\"https:\\\/\\\/solidarites.ch\\\/vaud\\\/#website\",\"url\":\"https:\\\/\\\/solidarites.ch\\\/vaud\\\/\",\"name\":\"solidarit\u00e9S Vaud\",\"description\":\"Un mouvement &lt;br&gt;anticapitaliste, &lt;br&gt;f\u00e9ministe, &lt;br&gt;\u00e9cosocialiste et &lt;br&gt; antiraciste\",\"publisher\":{\"@id\":\"https:\\\/\\\/solidarites.ch\\\/vaud\\\/#organization\"},\"potentialAction\":[{\"@type\":\"SearchAction\",\"target\":{\"@type\":\"EntryPoint\",\"urlTemplate\":\"https:\\\/\\\/solidarites.ch\\\/vaud\\\/?s={search_term_string}\"},\"query-input\":{\"@type\":\"PropertyValueSpecification\",\"valueRequired\":true,\"valueName\":\"search_term_string\"}}],\"inLanguage\":\"fr-FR\"},{\"@type\":\"Organization\",\"@id\":\"https:\\\/\\\/solidarites.ch\\\/vaud\\\/#organization\",\"name\":\"solidarit\u00e9S Vaud\",\"url\":\"https:\\\/\\\/solidarites.ch\\\/vaud\\\/\",\"logo\":{\"@type\":\"ImageObject\",\"inLanguage\":\"fr-FR\",\"@id\":\"https:\\\/\\\/solidarites.ch\\\/vaud\\\/#\\\/schema\\\/logo\\\/image\\\/\",\"url\":\"https:\\\/\\\/solidarites.ch\\\/vaud\\\/wp-content\\\/uploads\\\/sites\\\/3\\\/2020\\\/01\\\/sol_VD_Pos_RVB.png\",\"contentUrl\":\"https:\\\/\\\/solidarites.ch\\\/vaud\\\/wp-content\\\/uploads\\\/sites\\\/3\\\/2020\\\/01\\\/sol_VD_Pos_RVB.png\",\"width\":1024,\"height\":409,\"caption\":\"solidarit\u00e9S Vaud\"},\"image\":{\"@id\":\"https:\\\/\\\/solidarites.ch\\\/vaud\\\/#\\\/schema\\\/logo\\\/image\\\/\"},\"sameAs\":[\"https:\\\/\\\/www.facebook.com\\\/solidarites.vaud\\\/\",\"https:\\\/\\\/x.com\\\/solidariteSvaud\",\"https:\\\/\\\/www.instagram.com\\\/solidarites_vaud\\\/\",\"https:\\\/\\\/www.youtube.com\\\/channel\\\/UCL1HKEFgISBtzQgDAlQKKIA\"]}]}<\/script>\n<!-- \/ Yoast SEO plugin. -->","yoast_head_json":{"title":"Un patronat conscient de ses int\u00e9r\u00eats &#8211; solidarit\u00e9S Vaud","description":"La crise sanitaire r\u00e9v\u00e8le les rapports de force habituellement dissimul\u00e9s par le fonctionnement \u00ab normal \u00bb de l\u2019\u00e9conomie. C\u2019est l\u2019occasion de nous interroger sur le r\u00f4le des associations patronales, qui veillent \u00e0 ce que la soci\u00e9t\u00e9 fonctionne au service du capital.","robots":{"index":"index","follow":"follow","max-snippet":"max-snippet:-1","max-image-preview":"max-image-preview:large","max-video-preview":"max-video-preview:-1"},"canonical":"https:\/\/solidarites.ch\/vaud\/journal\/368-2\/un-patronat-conscient-de-ses-interets\/","og_locale":"fr_FR","og_type":"article","og_title":"Un patronat conscient de ses int\u00e9r\u00eats &#8211; solidarit\u00e9S Vaud","og_description":"La crise sanitaire r\u00e9v\u00e8le les rapports de force habituellement dissimul\u00e9s par le fonctionnement \u00ab normal \u00bb de l\u2019\u00e9conomie. C\u2019est l\u2019occasion de nous interroger sur le r\u00f4le des associations patronales, qui veillent \u00e0 ce que la soci\u00e9t\u00e9 fonctionne au service du capital.","og_url":"https:\/\/solidarites.ch\/vaud\/journal\/368-2\/un-patronat-conscient-de-ses-interets\/","og_site_name":"solidarit\u00e9S Vaud","article_publisher":"https:\/\/www.facebook.com\/solidarites.vaud\/","og_image":[{"width":1386,"height":921,"url":"https:\/\/solidarites.ch\/vaud\/wp-content\/uploads\/sites\/3\/2020\/06\/Journee-de-l-economie-2019-Economiesuisse.jpg","type":"image\/jpeg"}],"twitter_card":"summary_large_image","twitter_site":"@solidariteSvaud","twitter_misc":{"Dur\u00e9e de lecture estim\u00e9e":"3 minutes"},"schema":{"@context":"https:\/\/schema.org","@graph":[{"@type":"WebPage","@id":"https:\/\/solidarites.ch\/vaud\/journal\/368-2\/un-patronat-conscient-de-ses-interets\/","url":"https:\/\/solidarites.ch\/vaud\/journal\/368-2\/un-patronat-conscient-de-ses-interets\/","name":"Un patronat conscient de ses int\u00e9r\u00eats &#8211; solidarit\u00e9S Vaud","isPartOf":{"@id":"https:\/\/solidarites.ch\/vaud\/#website"},"primaryImageOfPage":{"@id":"https:\/\/solidarites.ch\/vaud\/journal\/368-2\/un-patronat-conscient-de-ses-interets\/#primaryimage"},"image":{"@id":"https:\/\/solidarites.ch\/vaud\/journal\/368-2\/un-patronat-conscient-de-ses-interets\/#primaryimage"},"thumbnailUrl":"https:\/\/solidarites.ch\/vaud\/wp-content\/uploads\/sites\/3\/2020\/06\/Journee-de-l-economie-2019-Economiesuisse.jpg","datePublished":"2020-06-07T20:31:07+00:00","description":"La crise sanitaire r\u00e9v\u00e8le les rapports de force habituellement dissimul\u00e9s par le fonctionnement \u00ab normal \u00bb de l\u2019\u00e9conomie. C\u2019est l\u2019occasion de nous interroger sur le r\u00f4le des associations patronales, qui veillent \u00e0 ce que la soci\u00e9t\u00e9 fonctionne au service du capital.","breadcrumb":{"@id":"https:\/\/solidarites.ch\/vaud\/journal\/368-2\/un-patronat-conscient-de-ses-interets\/#breadcrumb"},"inLanguage":"fr-FR","potentialAction":[{"@type":"ReadAction","target":["https:\/\/solidarites.ch\/vaud\/journal\/368-2\/un-patronat-conscient-de-ses-interets\/"]}]},{"@type":"ImageObject","inLanguage":"fr-FR","@id":"https:\/\/solidarites.ch\/vaud\/journal\/368-2\/un-patronat-conscient-de-ses-interets\/#primaryimage","url":"https:\/\/solidarites.ch\/vaud\/wp-content\/uploads\/sites\/3\/2020\/06\/Journee-de-l-economie-2019-Economiesuisse.jpg","contentUrl":"https:\/\/solidarites.ch\/vaud\/wp-content\/uploads\/sites\/3\/2020\/06\/Journee-de-l-economie-2019-Economiesuisse.jpg","width":1386,"height":921,"caption":"\u00abJourn\u00e9e de l'\u00e9conomie\u00bb, B\u00e2le, 2019"},{"@type":"BreadcrumbList","@id":"https:\/\/solidarites.ch\/vaud\/journal\/368-2\/un-patronat-conscient-de-ses-interets\/#breadcrumb","itemListElement":[{"@type":"ListItem","position":1,"name":"Accueil","item":"https:\/\/solidarites.ch\/vaud\/"},{"@type":"ListItem","position":2,"name":"Articles Journal","item":"https:\/\/solidarites.ch\/vaud\/articles\/"},{"@type":"ListItem","position":3,"name":"Un patronat conscient de ses int\u00e9r\u00eats"}]},{"@type":"WebSite","@id":"https:\/\/solidarites.ch\/vaud\/#website","url":"https:\/\/solidarites.ch\/vaud\/","name":"solidarit\u00e9S Vaud","description":"Un mouvement &lt;br&gt;anticapitaliste, &lt;br&gt;f\u00e9ministe, &lt;br&gt;\u00e9cosocialiste et &lt;br&gt; antiraciste","publisher":{"@id":"https:\/\/solidarites.ch\/vaud\/#organization"},"potentialAction":[{"@type":"SearchAction","target":{"@type":"EntryPoint","urlTemplate":"https:\/\/solidarites.ch\/vaud\/?s={search_term_string}"},"query-input":{"@type":"PropertyValueSpecification","valueRequired":true,"valueName":"search_term_string"}}],"inLanguage":"fr-FR"},{"@type":"Organization","@id":"https:\/\/solidarites.ch\/vaud\/#organization","name":"solidarit\u00e9S Vaud","url":"https:\/\/solidarites.ch\/vaud\/","logo":{"@type":"ImageObject","inLanguage":"fr-FR","@id":"https:\/\/solidarites.ch\/vaud\/#\/schema\/logo\/image\/","url":"https:\/\/solidarites.ch\/vaud\/wp-content\/uploads\/sites\/3\/2020\/01\/sol_VD_Pos_RVB.png","contentUrl":"https:\/\/solidarites.ch\/vaud\/wp-content\/uploads\/sites\/3\/2020\/01\/sol_VD_Pos_RVB.png","width":1024,"height":409,"caption":"solidarit\u00e9S Vaud"},"image":{"@id":"https:\/\/solidarites.ch\/vaud\/#\/schema\/logo\/image\/"},"sameAs":["https:\/\/www.facebook.com\/solidarites.vaud\/","https:\/\/x.com\/solidariteSvaud","https:\/\/www.instagram.com\/solidarites_vaud\/","https:\/\/www.youtube.com\/channel\/UCL1HKEFgISBtzQgDAlQKKIA"]}]}},"distributor_meta":false,"distributor_terms":false,"distributor_media":false,"distributor_original_site_name":"solidarit\u00e9S Vaud","distributor_original_site_url":"https:\/\/solidarites.ch\/vaud","push-errors":false,"_links":{"self":[{"href":"https:\/\/solidarites.ch\/vaud\/wp-json\/wp\/v2\/cpt_sj_article\/2260","targetHints":{"allow":["GET"]}}],"collection":[{"href":"https:\/\/solidarites.ch\/vaud\/wp-json\/wp\/v2\/cpt_sj_article"}],"about":[{"href":"https:\/\/solidarites.ch\/vaud\/wp-json\/wp\/v2\/types\/cpt_sj_article"}],"wp:featuredmedia":[{"embeddable":true,"href":"https:\/\/solidarites.ch\/vaud\/wp-json\/wp\/v2\/media\/2282"}],"wp:attachment":[{"href":"https:\/\/solidarites.ch\/vaud\/wp-json\/wp\/v2\/media?parent=2260"}],"wp:term":[{"taxonomy":"tx_journal_issues","embeddable":true,"href":"https:\/\/solidarites.ch\/vaud\/wp-json\/wp\/v2\/tx_journal_issues?post=2260"},{"taxonomy":"tx_journal_display","embeddable":true,"href":"https:\/\/solidarites.ch\/vaud\/wp-json\/wp\/v2\/tx_journal_display?post=2260"}],"curies":[{"name":"wp","href":"https:\/\/api.w.org\/{rel}","templated":true}]}}