{"id":2752,"date":"2024-11-29T12:19:56","date_gmt":"2024-11-29T11:19:56","guid":{"rendered":"https:\/\/solidarites.ch\/?post_type=cpt_sj_article&#038;p=20894"},"modified":"2024-11-29T17:14:27","modified_gmt":"2024-11-29T16:14:27","slug":"le-social-parapublic-vaudois-en-lutte","status":"publish","type":"cpt_sj_article","link":"https:\/\/solidarites.ch\/vaud\/journal\/442-2\/le-social-parapublic-vaudois-en-lutte\/","title":{"rendered":"Le social parapublic vaudois en lutte"},"content":{"rendered":"\n<p><strong>Mardi 26 novembre, les travailleur\u00b7ses des institutions sociales parapubliques du canton de Vaud ont remis en musique une r\u00e9solution aux conseiller\u00b7es d\u2019\u00c9tat Borloz, Venizelos et Ruiz. Celle-ci demande \u00e0 ce que le Conseil d\u2019\u00c9tat acc\u00e9l\u00e8re la revalorisation salariale et am\u00e9liore les conditions de travail: r\u00e9duction du temps de travail, formation, financement de mesures de sant\u00e9 au travail, revalorisation du travail de nuit, am\u00e9lioration des classes salariales du personnel de l\u2019intendance et de cuisine, entre autres.<\/strong><\/p>\n\n\n\n<figure class=\"wp-block-image size-full\"><img decoding=\"async\" src=\"https:\/\/solidarites.ch\/wp-content\/uploads\/2024\/11\/rassemblement-secteur-parapublic-vaud-26-11-2024.webp\" alt=\"Manifestation du personnel du secteur social, Lausanne, 26 novembre 2024\" class=\"wp-image-20878\"\/><figcaption class=\"wp-element-caption\">Manifestation du personnel du secteur social, Lausanne, 26 novembre 2024<\/figcaption>\n<div class='wp-description'><\/div><\/figure>\n\n\n<p class=\"has-drop-cap\">Les mobilisations du secteur se sont succ\u00e9d\u00e9es depuis <a href=\"https:\/\/solidarites.ch\/journal\/416-2\/en-greve-et-mobilise%c2%b7e%c2%b7s-pour-la-pleine-indexation\/\">celles li\u00e9es \u00e0 l&rsquo;indexation en 2022<\/a>. Le syndicat des services publics est en forte croissance, il est pr\u00e9sent dans toutes les institutions. De nombreuses \u00e9quipes font face \u00e0 des situations de crise grave et ont organis\u00e9 des assembl\u00e9es g\u00e9n\u00e9rales. <\/p>\n\n\n\n<p>Malheureusement, le quotidien reste des salaires de mis\u00e8re \u2013 en moyenne 10% inf\u00e9rieur entre social parapublic vaudois et les autres cantons romands \u2013 et conditions de travail \u00e9reintantes. Les \u00e9quipes sont sous pression, avec un turn-over, des arr\u00eats maladie en cascade et un taux de vacance de 10%. <\/p>\n\n\n\n<p>Comment assurer les missions? C&rsquo;est bien pour que les personnes accompagn\u00e9es, en situation de handicap ou non, mineur\u00b7e\u00b7s ou non, soient prot\u00e9g\u00e9es que se mobilisent \u00e9ducateurs\u00b7rices, \u00e9quipe de veille, MSP, th\u00e9rapeutes, assistant\u00b7es sociales, etc.<\/p>\n\n\n\n<h2 class=\"wp-block-heading\">La mobilisation paie!<\/h2>\n\n\n\n<p>Il y a un an, <a href=\"https:\/\/vaud.ssp-vpod.ch\/news\/2023\/assises-du-secteur-social-parapublic-la-mobilisation-paye-et-doit-continuer\/\">les syndicats ont organis\u00e9 des assises<\/a> du secteur social parapublic, tandis que la presse et les m\u00e9dias se sont pench\u00e9s sur les conditions de travail <a href=\"https:\/\/solidarites.ch\/journal\/430-2\/le-travail-invisible-des-femmes-en-affiches\/\">des professions du care<\/a>, o\u00f9 le temps partiel est quasiment obligatoire. De nombreux articles ont montr\u00e9 le quotidien de travailleurs\u00b7euses pauvres affrontant pourtant chaque jour des situations complexes, tentant de ne pas laisser tomber leur public, malgr\u00e9 le manque de moyens. <\/p>\n\n\n\n<p>En 2023, gr\u00e2ce aux mobilisations, le conseil d\u2019\u00c9tat a d\u00e9bloqu\u00e9 15 millions sur les 40 n\u00e9cessaires afin de r\u00e9duire l\u2019\u00e9cart de salaire.\u00a0<\/p>\n\n\n\n<p>Actuellement, <a href=\"https:\/\/solidarites.ch\/journal\/441-2\/vaud-allegements-fiscaux-pour-les-plus-riches-la-fabrique-de-l-austerite\/\">le Conseil d&rsquo;\u00c9tat<\/a> exprime son m\u00e9pris et refuse de n\u00e9gocier. Il a pour projet d\u2019\u00e9chelonner sur cinq ans \u2013 au-del\u00e0 de sa propre l\u00e9gislature! \u2013 la mise \u00e0 niveau. De plus, il pr\u00e9voit de laisser le champ libre au Grand Conseil, \u00e0 majorit\u00e9 de droite, de voter ou non les budgets. Par ailleurs, l\u2019ex\u00e9cutif vaudois n&rsquo;a toujours pas r\u00e9pondu <a href=\"https:\/\/vaud.ssp-vpod.ch\/downloads\/sections\/documents-social\/2019-2023\/cahier-des-assises-du-secteur-social-2023.pdf\">aux dix-neuf revendications<\/a> concernant les conditions de travail issues des assises. Il est pr\u00eat \u00e0 risquer la vie des personnes b\u00e9n\u00e9ficiaires. Les professionnel\u00b7les ont montr\u00e9 qu&rsquo;iels n&rsquo;accepteront pas que les politiques crachent sur leur secteur essentiel: <em>\u00abde l&rsquo;argent il y en a dans les caisses de l\u2019\u00c9tat\u00bb<\/em>, entendait-on. La sant\u00e9 du personnel est en p\u00e9ril, c&rsquo;est tout le secteur qui est en feu!<\/p>\n\n\n\n<p class=\"has-small-font-size\"><strong>Manon Zecca<\/strong><\/p>\n","protected":false},"featured_media":2762,"template":"","tx_journal_issues":[199],"tx_journal_display":[35],"class_list":["post-2752","cpt_sj_article","type-cpt_sj_article","status-publish","has-post-thumbnail","hentry","tx_journal_authors-zecca-manon","tx_journal_issues-442-2","tx_journal_sections-monde-du-travail","tx_journal_sections-vaud"],"acf":[],"yoast_head":"<!-- This site is optimized with the Yoast SEO plugin v27.4 - https:\/\/yoast.com\/product\/yoast-seo-wordpress\/ -->\n<title>Le social parapublic vaudois en lutte &#8211; solidarit\u00e9S Vaud<\/title>\n<meta name=\"description\" content=\"Les travailleur\u00b7ses des institutions du parapublic du canton de Vaud exigent la revalorisation salariale et l\u2019am\u00e9lioration des conditions de travail\" \/>\n<meta name=\"robots\" content=\"index, follow, max-snippet:-1, max-image-preview:large, max-video-preview:-1\" \/>\n<link rel=\"canonical\" href=\"https:\/\/solidarites.ch\/vaud\/journal\/442-2\/le-social-parapublic-vaudois-en-lutte\/\" \/>\n<meta property=\"og:locale\" content=\"fr_FR\" \/>\n<meta property=\"og:type\" content=\"article\" \/>\n<meta property=\"og:title\" content=\"Le social parapublic vaudois en lutte &#8211; solidarit\u00e9S Vaud\" \/>\n<meta property=\"og:description\" content=\"Les travailleur\u00b7ses des institutions du parapublic du canton de Vaud exigent la revalorisation salariale et l\u2019am\u00e9lioration des conditions de travail\" \/>\n<meta property=\"og:url\" content=\"https:\/\/solidarites.ch\/vaud\/journal\/442-2\/le-social-parapublic-vaudois-en-lutte\/\" \/>\n<meta property=\"og:site_name\" content=\"solidarit\u00e9S Vaud\" \/>\n<meta property=\"article:publisher\" content=\"https:\/\/www.facebook.com\/solidarites.vaud\/\" \/>\n<meta property=\"article:modified_time\" content=\"2024-11-29T16:14:27+00:00\" \/>\n<meta property=\"og:image\" content=\"https:\/\/solidarites.ch\/vaud\/wp-content\/uploads\/sites\/3\/2020\/01\/sol_VD_Pos_RVB.png\" \/>\n\t<meta property=\"og:image:width\" content=\"1024\" \/>\n\t<meta property=\"og:image:height\" content=\"409\" \/>\n\t<meta property=\"og:image:type\" content=\"image\/png\" \/>\n<meta name=\"twitter:card\" content=\"summary_large_image\" \/>\n<meta name=\"twitter:site\" content=\"@solidariteSvaud\" \/>\n<meta name=\"twitter:label1\" content=\"Dur\u00e9e de lecture estim\u00e9e\" \/>\n\t<meta name=\"twitter:data1\" content=\"3 minutes\" \/>\n<script type=\"application\/ld+json\" class=\"yoast-schema-graph\">{\"@context\":\"https:\\\/\\\/schema.org\",\"@graph\":[{\"@type\":\"WebPage\",\"@id\":\"https:\\\/\\\/solidarites.ch\\\/vaud\\\/journal\\\/442-2\\\/le-social-parapublic-vaudois-en-lutte\\\/\",\"url\":\"https:\\\/\\\/solidarites.ch\\\/vaud\\\/journal\\\/442-2\\\/le-social-parapublic-vaudois-en-lutte\\\/\",\"name\":\"Le social parapublic vaudois en lutte &#8211; solidarit\u00e9S Vaud\",\"isPartOf\":{\"@id\":\"https:\\\/\\\/solidarites.ch\\\/vaud\\\/#website\"},\"primaryImageOfPage\":{\"@id\":\"https:\\\/\\\/solidarites.ch\\\/vaud\\\/journal\\\/442-2\\\/le-social-parapublic-vaudois-en-lutte\\\/#primaryimage\"},\"image\":{\"@id\":\"https:\\\/\\\/solidarites.ch\\\/vaud\\\/journal\\\/442-2\\\/le-social-parapublic-vaudois-en-lutte\\\/#primaryimage\"},\"thumbnailUrl\":\"https:\\\/\\\/solidarites.ch\\\/vaud\\\/wp-content\\\/uploads\\\/sites\\\/3\\\/2024\\\/11\\\/rassemblement-secteur-parapublic-vaud-26-11-2024.webp\",\"datePublished\":\"2024-11-29T11:19:56+00:00\",\"dateModified\":\"2024-11-29T16:14:27+00:00\",\"description\":\"Les travailleur\u00b7ses des institutions du parapublic du canton de Vaud exigent la revalorisation salariale et l\u2019am\u00e9lioration des conditions de travail\",\"breadcrumb\":{\"@id\":\"https:\\\/\\\/solidarites.ch\\\/vaud\\\/journal\\\/442-2\\\/le-social-parapublic-vaudois-en-lutte\\\/#breadcrumb\"},\"inLanguage\":\"fr-FR\",\"potentialAction\":[{\"@type\":\"ReadAction\",\"target\":[\"https:\\\/\\\/solidarites.ch\\\/vaud\\\/journal\\\/442-2\\\/le-social-parapublic-vaudois-en-lutte\\\/\"]}]},{\"@type\":\"ImageObject\",\"inLanguage\":\"fr-FR\",\"@id\":\"https:\\\/\\\/solidarites.ch\\\/vaud\\\/journal\\\/442-2\\\/le-social-parapublic-vaudois-en-lutte\\\/#primaryimage\",\"url\":\"https:\\\/\\\/solidarites.ch\\\/vaud\\\/wp-content\\\/uploads\\\/sites\\\/3\\\/2024\\\/11\\\/rassemblement-secteur-parapublic-vaud-26-11-2024.webp\",\"contentUrl\":\"https:\\\/\\\/solidarites.ch\\\/vaud\\\/wp-content\\\/uploads\\\/sites\\\/3\\\/2024\\\/11\\\/rassemblement-secteur-parapublic-vaud-26-11-2024.webp\",\"width\":1440,\"height\":1080},{\"@type\":\"BreadcrumbList\",\"@id\":\"https:\\\/\\\/solidarites.ch\\\/vaud\\\/journal\\\/442-2\\\/le-social-parapublic-vaudois-en-lutte\\\/#breadcrumb\",\"itemListElement\":[{\"@type\":\"ListItem\",\"position\":1,\"name\":\"Accueil\",\"item\":\"https:\\\/\\\/solidarites.ch\\\/vaud\\\/\"},{\"@type\":\"ListItem\",\"position\":2,\"name\":\"Articles Journal\",\"item\":\"https:\\\/\\\/solidarites.ch\\\/vaud\\\/articles\\\/\"},{\"@type\":\"ListItem\",\"position\":3,\"name\":\"Le social parapublic vaudois en lutte\"}]},{\"@type\":\"WebSite\",\"@id\":\"https:\\\/\\\/solidarites.ch\\\/vaud\\\/#website\",\"url\":\"https:\\\/\\\/solidarites.ch\\\/vaud\\\/\",\"name\":\"solidarit\u00e9S Vaud\",\"description\":\"Un mouvement &lt;br&gt;anticapitaliste, &lt;br&gt;f\u00e9ministe, &lt;br&gt;\u00e9cosocialiste et &lt;br&gt; antiraciste\",\"publisher\":{\"@id\":\"https:\\\/\\\/solidarites.ch\\\/vaud\\\/#organization\"},\"potentialAction\":[{\"@type\":\"SearchAction\",\"target\":{\"@type\":\"EntryPoint\",\"urlTemplate\":\"https:\\\/\\\/solidarites.ch\\\/vaud\\\/?s={search_term_string}\"},\"query-input\":{\"@type\":\"PropertyValueSpecification\",\"valueRequired\":true,\"valueName\":\"search_term_string\"}}],\"inLanguage\":\"fr-FR\"},{\"@type\":\"Organization\",\"@id\":\"https:\\\/\\\/solidarites.ch\\\/vaud\\\/#organization\",\"name\":\"solidarit\u00e9S Vaud\",\"url\":\"https:\\\/\\\/solidarites.ch\\\/vaud\\\/\",\"logo\":{\"@type\":\"ImageObject\",\"inLanguage\":\"fr-FR\",\"@id\":\"https:\\\/\\\/solidarites.ch\\\/vaud\\\/#\\\/schema\\\/logo\\\/image\\\/\",\"url\":\"https:\\\/\\\/solidarites.ch\\\/vaud\\\/wp-content\\\/uploads\\\/sites\\\/3\\\/2020\\\/01\\\/sol_VD_Pos_RVB.png\",\"contentUrl\":\"https:\\\/\\\/solidarites.ch\\\/vaud\\\/wp-content\\\/uploads\\\/sites\\\/3\\\/2020\\\/01\\\/sol_VD_Pos_RVB.png\",\"width\":1024,\"height\":409,\"caption\":\"solidarit\u00e9S Vaud\"},\"image\":{\"@id\":\"https:\\\/\\\/solidarites.ch\\\/vaud\\\/#\\\/schema\\\/logo\\\/image\\\/\"},\"sameAs\":[\"https:\\\/\\\/www.facebook.com\\\/solidarites.vaud\\\/\",\"https:\\\/\\\/x.com\\\/solidariteSvaud\",\"https:\\\/\\\/www.instagram.com\\\/solidarites_vaud\\\/\",\"https:\\\/\\\/www.youtube.com\\\/channel\\\/UCL1HKEFgISBtzQgDAlQKKIA\"]}]}<\/script>\n<!-- \/ Yoast SEO plugin. -->","yoast_head_json":{"title":"Le social parapublic vaudois en lutte &#8211; solidarit\u00e9S Vaud","description":"Les travailleur\u00b7ses des institutions du parapublic du canton de Vaud exigent la revalorisation salariale et l\u2019am\u00e9lioration des conditions de travail","robots":{"index":"index","follow":"follow","max-snippet":"max-snippet:-1","max-image-preview":"max-image-preview:large","max-video-preview":"max-video-preview:-1"},"canonical":"https:\/\/solidarites.ch\/vaud\/journal\/442-2\/le-social-parapublic-vaudois-en-lutte\/","og_locale":"fr_FR","og_type":"article","og_title":"Le social parapublic vaudois en lutte &#8211; solidarit\u00e9S Vaud","og_description":"Les travailleur\u00b7ses des institutions du parapublic du canton de Vaud exigent la revalorisation salariale et l\u2019am\u00e9lioration des conditions de travail","og_url":"https:\/\/solidarites.ch\/vaud\/journal\/442-2\/le-social-parapublic-vaudois-en-lutte\/","og_site_name":"solidarit\u00e9S Vaud","article_publisher":"https:\/\/www.facebook.com\/solidarites.vaud\/","article_modified_time":"2024-11-29T16:14:27+00:00","og_image":[{"width":1024,"height":409,"url":"https:\/\/solidarites.ch\/vaud\/wp-content\/uploads\/sites\/3\/2020\/01\/sol_VD_Pos_RVB.png","type":"image\/png"}],"twitter_card":"summary_large_image","twitter_site":"@solidariteSvaud","twitter_misc":{"Dur\u00e9e de lecture estim\u00e9e":"3 minutes"},"schema":{"@context":"https:\/\/schema.org","@graph":[{"@type":"WebPage","@id":"https:\/\/solidarites.ch\/vaud\/journal\/442-2\/le-social-parapublic-vaudois-en-lutte\/","url":"https:\/\/solidarites.ch\/vaud\/journal\/442-2\/le-social-parapublic-vaudois-en-lutte\/","name":"Le social parapublic vaudois en lutte &#8211; solidarit\u00e9S Vaud","isPartOf":{"@id":"https:\/\/solidarites.ch\/vaud\/#website"},"primaryImageOfPage":{"@id":"https:\/\/solidarites.ch\/vaud\/journal\/442-2\/le-social-parapublic-vaudois-en-lutte\/#primaryimage"},"image":{"@id":"https:\/\/solidarites.ch\/vaud\/journal\/442-2\/le-social-parapublic-vaudois-en-lutte\/#primaryimage"},"thumbnailUrl":"https:\/\/solidarites.ch\/vaud\/wp-content\/uploads\/sites\/3\/2024\/11\/rassemblement-secteur-parapublic-vaud-26-11-2024.webp","datePublished":"2024-11-29T11:19:56+00:00","dateModified":"2024-11-29T16:14:27+00:00","description":"Les travailleur\u00b7ses des institutions du parapublic du canton de Vaud exigent la revalorisation salariale et l\u2019am\u00e9lioration des conditions de travail","breadcrumb":{"@id":"https:\/\/solidarites.ch\/vaud\/journal\/442-2\/le-social-parapublic-vaudois-en-lutte\/#breadcrumb"},"inLanguage":"fr-FR","potentialAction":[{"@type":"ReadAction","target":["https:\/\/solidarites.ch\/vaud\/journal\/442-2\/le-social-parapublic-vaudois-en-lutte\/"]}]},{"@type":"ImageObject","inLanguage":"fr-FR","@id":"https:\/\/solidarites.ch\/vaud\/journal\/442-2\/le-social-parapublic-vaudois-en-lutte\/#primaryimage","url":"https:\/\/solidarites.ch\/vaud\/wp-content\/uploads\/sites\/3\/2024\/11\/rassemblement-secteur-parapublic-vaud-26-11-2024.webp","contentUrl":"https:\/\/solidarites.ch\/vaud\/wp-content\/uploads\/sites\/3\/2024\/11\/rassemblement-secteur-parapublic-vaud-26-11-2024.webp","width":1440,"height":1080},{"@type":"BreadcrumbList","@id":"https:\/\/solidarites.ch\/vaud\/journal\/442-2\/le-social-parapublic-vaudois-en-lutte\/#breadcrumb","itemListElement":[{"@type":"ListItem","position":1,"name":"Accueil","item":"https:\/\/solidarites.ch\/vaud\/"},{"@type":"ListItem","position":2,"name":"Articles Journal","item":"https:\/\/solidarites.ch\/vaud\/articles\/"},{"@type":"ListItem","position":3,"name":"Le social parapublic vaudois en lutte"}]},{"@type":"WebSite","@id":"https:\/\/solidarites.ch\/vaud\/#website","url":"https:\/\/solidarites.ch\/vaud\/","name":"solidarit\u00e9S Vaud","description":"Un mouvement &lt;br&gt;anticapitaliste, &lt;br&gt;f\u00e9ministe, &lt;br&gt;\u00e9cosocialiste et &lt;br&gt; antiraciste","publisher":{"@id":"https:\/\/solidarites.ch\/vaud\/#organization"},"potentialAction":[{"@type":"SearchAction","target":{"@type":"EntryPoint","urlTemplate":"https:\/\/solidarites.ch\/vaud\/?s={search_term_string}"},"query-input":{"@type":"PropertyValueSpecification","valueRequired":true,"valueName":"search_term_string"}}],"inLanguage":"fr-FR"},{"@type":"Organization","@id":"https:\/\/solidarites.ch\/vaud\/#organization","name":"solidarit\u00e9S Vaud","url":"https:\/\/solidarites.ch\/vaud\/","logo":{"@type":"ImageObject","inLanguage":"fr-FR","@id":"https:\/\/solidarites.ch\/vaud\/#\/schema\/logo\/image\/","url":"https:\/\/solidarites.ch\/vaud\/wp-content\/uploads\/sites\/3\/2020\/01\/sol_VD_Pos_RVB.png","contentUrl":"https:\/\/solidarites.ch\/vaud\/wp-content\/uploads\/sites\/3\/2020\/01\/sol_VD_Pos_RVB.png","width":1024,"height":409,"caption":"solidarit\u00e9S Vaud"},"image":{"@id":"https:\/\/solidarites.ch\/vaud\/#\/schema\/logo\/image\/"},"sameAs":["https:\/\/www.facebook.com\/solidarites.vaud\/","https:\/\/x.com\/solidariteSvaud","https:\/\/www.instagram.com\/solidarites_vaud\/","https:\/\/www.youtube.com\/channel\/UCL1HKEFgISBtzQgDAlQKKIA"]}]}},"distributor_meta":false,"distributor_terms":false,"distributor_media":false,"distributor_original_site_name":"solidarit\u00e9S Vaud","distributor_original_site_url":"https:\/\/solidarites.ch\/vaud","push-errors":false,"_links":{"self":[{"href":"https:\/\/solidarites.ch\/vaud\/wp-json\/wp\/v2\/cpt_sj_article\/2752","targetHints":{"allow":["GET"]}}],"collection":[{"href":"https:\/\/solidarites.ch\/vaud\/wp-json\/wp\/v2\/cpt_sj_article"}],"about":[{"href":"https:\/\/solidarites.ch\/vaud\/wp-json\/wp\/v2\/types\/cpt_sj_article"}],"wp:featuredmedia":[{"embeddable":true,"href":"https:\/\/solidarites.ch\/vaud\/wp-json\/wp\/v2\/media\/2762"}],"wp:attachment":[{"href":"https:\/\/solidarites.ch\/vaud\/wp-json\/wp\/v2\/media?parent=2752"}],"wp:term":[{"taxonomy":"tx_journal_issues","embeddable":true,"href":"https:\/\/solidarites.ch\/vaud\/wp-json\/wp\/v2\/tx_journal_issues?post=2752"},{"taxonomy":"tx_journal_display","embeddable":true,"href":"https:\/\/solidarites.ch\/vaud\/wp-json\/wp\/v2\/tx_journal_display?post=2752"}],"curies":[{"name":"wp","href":"https:\/\/api.w.org\/{rel}","templated":true}]}}