{"id":2875,"date":"2025-09-26T11:59:06","date_gmt":"2025-09-26T09:59:06","guid":{"rendered":"https:\/\/solidarites.ch\/?post_type=cpt_sj_article&#038;p=21609"},"modified":"2025-09-29T18:43:38","modified_gmt":"2025-09-29T16:43:38","slug":"non-a-la-casse-des-services-publics","status":"publish","type":"cpt_sj_article","link":"https:\/\/solidarites.ch\/vaud\/journal\/454-2\/non-a-la-casse-des-services-publics\/","title":{"rendered":"Non \u00e0 la casse des\u00a0services publics"},"content":{"rendered":"\n<p><strong>Le Conseil d\u2019\u00c9tat vaudois a annonc\u00e9 des mesures d\u2019\u00e9conomies brutales, les plus importantes de ces vingt derni\u00e8res ann\u00e9es. Premi\u00e8re victime de cette politique d\u2019aust\u00e9rit\u00e9, le secteur de la sant\u00e9 parapublique, de mani\u00e8re irresponsable, est saign\u00e9 \u00e0 blanc. De graves d\u00e9t\u00e9riorations des conditions de travail et de la qualit\u00e9 des prestations sont \u00e0 craindre. Mais la mobilisation s\u2019organise.<\/strong><br><\/p>\n\n\n\n<figure class=\"wp-block-image size-full\"><img decoding=\"async\" src=\"https:\/\/solidarites.ch\/wp-content\/uploads\/2025\/09\/manifestation-le-santier-austerite-sante-30-08-2025.webp\" alt=\"Une manifestante tient une pancarte contre la diminution d'argent pour le p\u00f4le sant\u00e9 de la Vall\u00e9e de Joux\" class=\"wp-image-21596\" \/><figcaption class=\"wp-element-caption\">2500 personnes ont d\u00e9fil\u00e9 au Sentier le 30 ao\u00fbt 2025 pour d\u00e9fendre le P\u00f4le Sant\u00e9 de la Vall\u00e9e de Joux, tr\u00e8s impact\u00e9 par les mesures d&rsquo;\u00e9conomie du Conseil d\u2019\u00c9tat.<\/figcaption>\n<div class='wp-description'><\/div><\/figure>\n\n\n<p class=\"has-drop-cap\">Le\u00a0Conseil d\u2019\u00c9tat vaudois a annonc\u00e9 des mesures d\u2019<em>\u00abassainissement\u00bb<\/em> lors de la pr\u00e9sentation des comptes 2024. En invoquant le respect du <em>\u00abpetit \u00e9quilibre\u00bb<\/em> budg\u00e9taire, 79 millions doivent \u00eatre \u00e9conomis\u00e9s sur le budget 2025, et un d\u00e9ficit de 369 millions est pr\u00e9vu pour 2026.\u00a0<\/p>\n\n\n\n<p>Pourtant, loin d\u2019\u00eatre \u00e0 la peine, le Canton dispose d\u2019une fortune de plus de 2 milliards et de dettes quasi nulles. Sur les 18 derni\u00e8res ann\u00e9es, les finances cantonales ont d\u00e9gag\u00e9 des exc\u00e9dents annuels moyens de 600 millions, soit pr\u00e8s de 11 milliards accumul\u00e9s. Le d\u00e9ficit actuel n\u2019est donc pas conjoncturel mais est la cons\u00e9quence directe d\u2019une politique fiscale au profit des plus riches. Les baisses d\u2019imp\u00f4t successives des 12 derni\u00e8res ann\u00e9es ont r\u00e9duit les recettes de 740 millions.<\/p>\n\n\n\n<p>\u00c0 ces cadeaux s\u2019ajoutent les centaines de millions offerts aux contribuables les plus riches par la <a href=\"https:\/\/solidarites.ch\/journal\/448-2\/affaire-dittli-les-super-riches-au-centre-dune-crise-gouvernementale\/\">mauvaise application d\u00e9lib\u00e9r\u00e9e du bouclier fiscal<\/a> (estim\u00e9s entre 500 millions et plus d\u2019un milliard).\u00a0<\/p>\n\n\n\n<p>De plus, en d\u00e9cembre 2024, le Grand Conseil a vot\u00e9 une nouvelle baisse de 7% de l\u2019imposition des personnes physiques. Et en arri\u00e8re-\u00adplan <a href=\"https:\/\/solidarites.ch\/journal\/441-2\/vaud-allegements-fiscaux-pour-les-plus-riches-la-fabrique-de-l-austerite\/\">tr\u00f4ne le spectre de l\u2019initiative patronale dite des \u00ab12%\u00bb<\/a>, qui accentuerait encore ce d\u00e9mant\u00e8lement et provoquerait une nouvelle salve de coupes si elle devait \u00eatre accept\u00e9e en 2026.<\/p>\n\n\n\n<h2 class=\"wp-block-heading\">Le secteur de la sant\u00e9 sacrifi\u00e9<\/h2>\n\n\n\n<p>L\u2019\u00c9tat a choisi, de mani\u00e8re irresponsable en termes de sant\u00e9 publique, de faire pour premi\u00e8re victime de l\u2019aust\u00e9rit\u00e9 le secteur de la sant\u00e9 parapublique (h\u00f4pitaux r\u00e9gionaux, EMS et soins \u00e0 domicile).&nbsp;<\/p>\n\n\n\n<p>En juin, l\u2019\u00c9tat a gel\u00e9 les tr\u00e8s modestes mesures de revalorisation des salaires et de conditions de travail obtenues pour le personnel.&nbsp;<\/p>\n\n\n\n<p>En juillet, le gouvernement annon\u00e7ait 20 millions d\u2019\u00e9conomies d\u00e8s 2026 pour les h\u00f4pitaux r\u00e9gionaux, mettant en p\u00e9ril le P\u00f4le sant\u00e9 de la Vall\u00e9e de Joux et du Pays d\u2019En-Haut ou l\u2019\u00e9tablissement de soins palliatifs de Riveneuve.&nbsp;<\/p>\n\n\n\n<p>Ailleurs, des mesures drastiques seront prises: licenciements et restructuration annonc\u00e9es avant m\u00eame la pr\u00e9sentation du budget par le Conseil d\u2019\u00c9tat.&nbsp;<\/p>\n\n\n\n<p>La mise en p\u00e9ril des h\u00f4pitaux r\u00e9gionaux est un pas de plus vers la privatisation du secteur de la sant\u00e9 et vers une m\u00e9decine \u00e0 deux vitesses dont l\u2019acc\u00e8s devient de plus en plus in\u00e9galitaire en fonction des r\u00e9gions de notre canton.&nbsp;<\/p>\n\n\n\n<h2 class=\"wp-block-heading\">Travailleuses pr\u00e9caires premi\u00e8res impact\u00e9es<\/h2>\n\n\n\n<p>L\u2019annonce des coupes en priorit\u00e9 dans le secteur de la sant\u00e9 parapublique est d\u2019autant plus choquante qu\u2019il s\u2019agit <a href=\"https:\/\/solidarites.ch\/journal\/398-2\/apres-la-crise-sanitaire-la-societe-du-soin\/\">d\u2019un secteur tr\u00e8s f\u00e9minis\u00e9<\/a> (90% du personnel), d\u00e9j\u00e0 marqu\u00e9 par des conditions de travail tr\u00e8s pr\u00e9caires et des salaires trop bas, et travers\u00e9 par une p\u00e9nurie de personnel sans pr\u00e9c\u00e9dent. Selon l\u2019OBSAN, Le canton de Vaud manquera d\u2019ici 2030 de 2500 infirmier\u00b7es et de 500 soignant\u00b7es de degr\u00e9 secondaire.\u00a0<\/p>\n\n\n\n<p>Il est urgent de trouver des moyens de fid\u00e9liser le personnel en poste et <a href=\"https:\/\/solidarites.ch\/journal\/442-2\/le-social-parapublic-vaudois-en-lutte\/\">d\u2019am\u00e9liorer les conditions salariales et de travail<\/a>. Or, avec les mesures d\u2019\u00e9conomie l\u2019\u00c9tat fait exactement le contraire. Il d\u00e9montre aussi une nouvelle fois que sa politique est discriminatoire, lui qui n\u2019a jamais ouvert de n\u00e9gociations sur les revendications f\u00e9ministes d\u00e9pos\u00e9es depuis 2019 par les syndicats.<\/p>\n\n\n\n<h2 class=\"wp-block-heading\">Premi\u00e8re mobilisation le&nbsp;2&nbsp;octobre<\/h2>\n\n\n\n<p>Face aux coupes, la r\u00e9sistance s\u2019organise. La mobilisation du personnel de la sant\u00e9 parapublique en juin et une r\u00e9solution du Grand Conseil, ironiquement port\u00e9e par <a href=\"https:\/\/www.rts.ch\/play\/tv\/forum\/video\/le-canton-de-vaud-doit-il-couper-dans-ses-prestations-debat-entre-hadrien-buclin-et-celine-baux?urn=urn:rts:video:7ce603d2-1940-391e-b067-c8682924316b\">la d\u00e9put\u00e9e UDC C\u00e9line Baux<\/a> \u2013 qui est \u00e9galement dans le comit\u00e9 de l\u2019initiative 12% \u2013 ont contraint l\u2019ex\u00e9cutif \u00e0 d\u00e9geler partiellement les revalorisations salariales, qui restent tr\u00e8s insuffisantes.\u00a0<\/p>\n\n\n\n<p>Les populations locales se sont aussi fortement mobilis\u00e9es pour d\u00e9fendre les P\u00f4les de Sant\u00e9 de la Vall\u00e9e de Joux et du Pays d\u2019En-Haut, contester les mesures dont ils sont victimes et alerter sur le risque de d\u00e9serts m\u00e9dicaux dans les zones recul\u00e9es du canton.&nbsp;<\/p>\n\n\n\n<p>C\u2019est par la pr\u00e9sentation du budget 2026 que l\u2019on apprend que les coupes dans les h\u00f4pitaux r\u00e9gionaux passent finalement de 20 \u00e0 5 millions. Dans les EMS, EPSM et ESE, les subventions pour les prestations d\u2019entretien et de frais g\u00e9n\u00e9raux sont amput\u00e9es de 14 millions, laissant craindre privatisations et baisse de qualit\u00e9 de l\u2019hygi\u00e8ne dans ces structures. Des \u00e9conomies de 24 millions devront \u00eatre r\u00e9alis\u00e9es au CHUV et de 5 millions dans le maintien \u00e0 domicile.&nbsp;<\/p>\n\n\n\n<p>Les syndicats d\u00e9noncent fermement le flou du Conseil d\u2019\u00c9tat et son refus de communication au sujet de ces mesures.<\/p>\n\n\n\n<p>Face \u00e0 ce d\u00e9mant\u00e8lement, seule la mobilisation collective peut faire reculer le Conseil d\u2019\u00c9tat. Les syndicats SSP, Sud et FSF appellent \u00e0 une premi\u00e8re grande manifestation le jeudi 2 octobre.<\/p>\n\n\n\n<p class=\"has-small-font-size\"><strong>Catherine Friedli<\/strong> secr\u00e9taire syndicale SSP<\/p>\n\n\n\n<p><strong>Manifestation contre les coupes<br>jeudi 2 octobre 2025<br>18h Montbenon, Lausanne<\/strong><\/p>\n","protected":false},"featured_media":2876,"template":"","tx_journal_issues":[224],"tx_journal_display":[35],"class_list":["post-2875","cpt_sj_article","type-cpt_sj_article","status-publish","has-post-thumbnail","hentry","tx_journal_authors-catherine-friedli","tx_journal_issues-454-2","tx_journal_sections-monde-du-travail","tx_journal_sections-sante","tx_journal_sections-vaud"],"acf":[],"yoast_head":"<!-- This site is optimized with the Yoast SEO plugin v27.4 - https:\/\/yoast.com\/product\/yoast-seo-wordpress\/ -->\n<title>Non \u00e0 la casse des\u00a0services publics &#8211; solidarit\u00e9S Vaud<\/title>\n<meta name=\"description\" content=\"Le Conseil d\u2019\u00c9tat vaudois a annonc\u00e9 des mesures d\u2019\u00e9conomies brutales. Mais la mobilisation s\u2019organise!\" \/>\n<meta name=\"robots\" content=\"index, follow, max-snippet:-1, max-image-preview:large, max-video-preview:-1\" \/>\n<link rel=\"canonical\" href=\"https:\/\/solidarites.ch\/vaud\/journal\/454-2\/non-a-la-casse-des-services-publics\/\" \/>\n<meta property=\"og:locale\" content=\"fr_FR\" \/>\n<meta property=\"og:type\" content=\"article\" \/>\n<meta property=\"og:title\" content=\"Non \u00e0 la casse des\u00a0services publics &#8211; solidarit\u00e9S Vaud\" \/>\n<meta property=\"og:description\" content=\"Le Conseil d\u2019\u00c9tat vaudois a annonc\u00e9 des mesures d\u2019\u00e9conomies brutales. Mais la mobilisation s\u2019organise!\" \/>\n<meta property=\"og:url\" content=\"https:\/\/solidarites.ch\/vaud\/journal\/454-2\/non-a-la-casse-des-services-publics\/\" \/>\n<meta property=\"og:site_name\" content=\"solidarit\u00e9S Vaud\" \/>\n<meta property=\"article:publisher\" content=\"https:\/\/www.facebook.com\/solidarites.vaud\/\" \/>\n<meta property=\"article:modified_time\" content=\"2025-09-29T16:43:38+00:00\" \/>\n<meta property=\"og:image\" content=\"https:\/\/solidarites.ch\/vaud\/wp-content\/uploads\/sites\/3\/2020\/01\/sol_VD_Pos_RVB.png\" \/>\n\t<meta property=\"og:image:width\" content=\"1024\" \/>\n\t<meta property=\"og:image:height\" content=\"409\" \/>\n\t<meta property=\"og:image:type\" content=\"image\/png\" \/>\n<meta name=\"twitter:card\" content=\"summary_large_image\" \/>\n<meta name=\"twitter:site\" content=\"@solidariteSvaud\" \/>\n<meta name=\"twitter:label1\" content=\"Dur\u00e9e de lecture estim\u00e9e\" \/>\n\t<meta name=\"twitter:data1\" content=\"5 minutes\" \/>\n<script type=\"application\/ld+json\" class=\"yoast-schema-graph\">{\"@context\":\"https:\\\/\\\/schema.org\",\"@graph\":[{\"@type\":\"WebPage\",\"@id\":\"https:\\\/\\\/solidarites.ch\\\/vaud\\\/journal\\\/454-2\\\/non-a-la-casse-des-services-publics\\\/\",\"url\":\"https:\\\/\\\/solidarites.ch\\\/vaud\\\/journal\\\/454-2\\\/non-a-la-casse-des-services-publics\\\/\",\"name\":\"Non \u00e0 la casse des\u00a0services publics &#8211; solidarit\u00e9S Vaud\",\"isPartOf\":{\"@id\":\"https:\\\/\\\/solidarites.ch\\\/vaud\\\/#website\"},\"primaryImageOfPage\":{\"@id\":\"https:\\\/\\\/solidarites.ch\\\/vaud\\\/journal\\\/454-2\\\/non-a-la-casse-des-services-publics\\\/#primaryimage\"},\"image\":{\"@id\":\"https:\\\/\\\/solidarites.ch\\\/vaud\\\/journal\\\/454-2\\\/non-a-la-casse-des-services-publics\\\/#primaryimage\"},\"thumbnailUrl\":\"https:\\\/\\\/solidarites.ch\\\/vaud\\\/wp-content\\\/uploads\\\/sites\\\/3\\\/2025\\\/09\\\/manifestation-le-santier-austerite-sante-30-08-2025.webp\",\"datePublished\":\"2025-09-26T09:59:06+00:00\",\"dateModified\":\"2025-09-29T16:43:38+00:00\",\"description\":\"Le Conseil d\u2019\u00c9tat vaudois a annonc\u00e9 des mesures d\u2019\u00e9conomies brutales. Mais la mobilisation s\u2019organise!\",\"breadcrumb\":{\"@id\":\"https:\\\/\\\/solidarites.ch\\\/vaud\\\/journal\\\/454-2\\\/non-a-la-casse-des-services-publics\\\/#breadcrumb\"},\"inLanguage\":\"fr-FR\",\"potentialAction\":[{\"@type\":\"ReadAction\",\"target\":[\"https:\\\/\\\/solidarites.ch\\\/vaud\\\/journal\\\/454-2\\\/non-a-la-casse-des-services-publics\\\/\"]}]},{\"@type\":\"ImageObject\",\"inLanguage\":\"fr-FR\",\"@id\":\"https:\\\/\\\/solidarites.ch\\\/vaud\\\/journal\\\/454-2\\\/non-a-la-casse-des-services-publics\\\/#primaryimage\",\"url\":\"https:\\\/\\\/solidarites.ch\\\/vaud\\\/wp-content\\\/uploads\\\/sites\\\/3\\\/2025\\\/09\\\/manifestation-le-santier-austerite-sante-30-08-2025.webp\",\"contentUrl\":\"https:\\\/\\\/solidarites.ch\\\/vaud\\\/wp-content\\\/uploads\\\/sites\\\/3\\\/2025\\\/09\\\/manifestation-le-santier-austerite-sante-30-08-2025.webp\",\"width\":1303,\"height\":977},{\"@type\":\"BreadcrumbList\",\"@id\":\"https:\\\/\\\/solidarites.ch\\\/vaud\\\/journal\\\/454-2\\\/non-a-la-casse-des-services-publics\\\/#breadcrumb\",\"itemListElement\":[{\"@type\":\"ListItem\",\"position\":1,\"name\":\"Accueil\",\"item\":\"https:\\\/\\\/solidarites.ch\\\/vaud\\\/\"},{\"@type\":\"ListItem\",\"position\":2,\"name\":\"Articles Journal\",\"item\":\"https:\\\/\\\/solidarites.ch\\\/vaud\\\/articles\\\/\"},{\"@type\":\"ListItem\",\"position\":3,\"name\":\"Non \u00e0 la casse des\u00a0services publics\"}]},{\"@type\":\"WebSite\",\"@id\":\"https:\\\/\\\/solidarites.ch\\\/vaud\\\/#website\",\"url\":\"https:\\\/\\\/solidarites.ch\\\/vaud\\\/\",\"name\":\"solidarit\u00e9S Vaud\",\"description\":\"Un mouvement &lt;br&gt;anticapitaliste, &lt;br&gt;f\u00e9ministe, &lt;br&gt;\u00e9cosocialiste et &lt;br&gt; antiraciste\",\"publisher\":{\"@id\":\"https:\\\/\\\/solidarites.ch\\\/vaud\\\/#organization\"},\"potentialAction\":[{\"@type\":\"SearchAction\",\"target\":{\"@type\":\"EntryPoint\",\"urlTemplate\":\"https:\\\/\\\/solidarites.ch\\\/vaud\\\/?s={search_term_string}\"},\"query-input\":{\"@type\":\"PropertyValueSpecification\",\"valueRequired\":true,\"valueName\":\"search_term_string\"}}],\"inLanguage\":\"fr-FR\"},{\"@type\":\"Organization\",\"@id\":\"https:\\\/\\\/solidarites.ch\\\/vaud\\\/#organization\",\"name\":\"solidarit\u00e9S Vaud\",\"url\":\"https:\\\/\\\/solidarites.ch\\\/vaud\\\/\",\"logo\":{\"@type\":\"ImageObject\",\"inLanguage\":\"fr-FR\",\"@id\":\"https:\\\/\\\/solidarites.ch\\\/vaud\\\/#\\\/schema\\\/logo\\\/image\\\/\",\"url\":\"https:\\\/\\\/solidarites.ch\\\/vaud\\\/wp-content\\\/uploads\\\/sites\\\/3\\\/2020\\\/01\\\/sol_VD_Pos_RVB.png\",\"contentUrl\":\"https:\\\/\\\/solidarites.ch\\\/vaud\\\/wp-content\\\/uploads\\\/sites\\\/3\\\/2020\\\/01\\\/sol_VD_Pos_RVB.png\",\"width\":1024,\"height\":409,\"caption\":\"solidarit\u00e9S Vaud\"},\"image\":{\"@id\":\"https:\\\/\\\/solidarites.ch\\\/vaud\\\/#\\\/schema\\\/logo\\\/image\\\/\"},\"sameAs\":[\"https:\\\/\\\/www.facebook.com\\\/solidarites.vaud\\\/\",\"https:\\\/\\\/x.com\\\/solidariteSvaud\",\"https:\\\/\\\/www.instagram.com\\\/solidarites_vaud\\\/\",\"https:\\\/\\\/www.youtube.com\\\/channel\\\/UCL1HKEFgISBtzQgDAlQKKIA\"]}]}<\/script>\n<!-- \/ Yoast SEO plugin. -->","yoast_head_json":{"title":"Non \u00e0 la casse des\u00a0services publics &#8211; solidarit\u00e9S Vaud","description":"Le Conseil d\u2019\u00c9tat vaudois a annonc\u00e9 des mesures d\u2019\u00e9conomies brutales. Mais la mobilisation s\u2019organise!","robots":{"index":"index","follow":"follow","max-snippet":"max-snippet:-1","max-image-preview":"max-image-preview:large","max-video-preview":"max-video-preview:-1"},"canonical":"https:\/\/solidarites.ch\/vaud\/journal\/454-2\/non-a-la-casse-des-services-publics\/","og_locale":"fr_FR","og_type":"article","og_title":"Non \u00e0 la casse des\u00a0services publics &#8211; solidarit\u00e9S Vaud","og_description":"Le Conseil d\u2019\u00c9tat vaudois a annonc\u00e9 des mesures d\u2019\u00e9conomies brutales. Mais la mobilisation s\u2019organise!","og_url":"https:\/\/solidarites.ch\/vaud\/journal\/454-2\/non-a-la-casse-des-services-publics\/","og_site_name":"solidarit\u00e9S Vaud","article_publisher":"https:\/\/www.facebook.com\/solidarites.vaud\/","article_modified_time":"2025-09-29T16:43:38+00:00","og_image":[{"width":1024,"height":409,"url":"https:\/\/solidarites.ch\/vaud\/wp-content\/uploads\/sites\/3\/2020\/01\/sol_VD_Pos_RVB.png","type":"image\/png"}],"twitter_card":"summary_large_image","twitter_site":"@solidariteSvaud","twitter_misc":{"Dur\u00e9e de lecture estim\u00e9e":"5 minutes"},"schema":{"@context":"https:\/\/schema.org","@graph":[{"@type":"WebPage","@id":"https:\/\/solidarites.ch\/vaud\/journal\/454-2\/non-a-la-casse-des-services-publics\/","url":"https:\/\/solidarites.ch\/vaud\/journal\/454-2\/non-a-la-casse-des-services-publics\/","name":"Non \u00e0 la casse des\u00a0services publics &#8211; solidarit\u00e9S Vaud","isPartOf":{"@id":"https:\/\/solidarites.ch\/vaud\/#website"},"primaryImageOfPage":{"@id":"https:\/\/solidarites.ch\/vaud\/journal\/454-2\/non-a-la-casse-des-services-publics\/#primaryimage"},"image":{"@id":"https:\/\/solidarites.ch\/vaud\/journal\/454-2\/non-a-la-casse-des-services-publics\/#primaryimage"},"thumbnailUrl":"https:\/\/solidarites.ch\/vaud\/wp-content\/uploads\/sites\/3\/2025\/09\/manifestation-le-santier-austerite-sante-30-08-2025.webp","datePublished":"2025-09-26T09:59:06+00:00","dateModified":"2025-09-29T16:43:38+00:00","description":"Le Conseil d\u2019\u00c9tat vaudois a annonc\u00e9 des mesures d\u2019\u00e9conomies brutales. Mais la mobilisation s\u2019organise!","breadcrumb":{"@id":"https:\/\/solidarites.ch\/vaud\/journal\/454-2\/non-a-la-casse-des-services-publics\/#breadcrumb"},"inLanguage":"fr-FR","potentialAction":[{"@type":"ReadAction","target":["https:\/\/solidarites.ch\/vaud\/journal\/454-2\/non-a-la-casse-des-services-publics\/"]}]},{"@type":"ImageObject","inLanguage":"fr-FR","@id":"https:\/\/solidarites.ch\/vaud\/journal\/454-2\/non-a-la-casse-des-services-publics\/#primaryimage","url":"https:\/\/solidarites.ch\/vaud\/wp-content\/uploads\/sites\/3\/2025\/09\/manifestation-le-santier-austerite-sante-30-08-2025.webp","contentUrl":"https:\/\/solidarites.ch\/vaud\/wp-content\/uploads\/sites\/3\/2025\/09\/manifestation-le-santier-austerite-sante-30-08-2025.webp","width":1303,"height":977},{"@type":"BreadcrumbList","@id":"https:\/\/solidarites.ch\/vaud\/journal\/454-2\/non-a-la-casse-des-services-publics\/#breadcrumb","itemListElement":[{"@type":"ListItem","position":1,"name":"Accueil","item":"https:\/\/solidarites.ch\/vaud\/"},{"@type":"ListItem","position":2,"name":"Articles Journal","item":"https:\/\/solidarites.ch\/vaud\/articles\/"},{"@type":"ListItem","position":3,"name":"Non \u00e0 la casse des\u00a0services publics"}]},{"@type":"WebSite","@id":"https:\/\/solidarites.ch\/vaud\/#website","url":"https:\/\/solidarites.ch\/vaud\/","name":"solidarit\u00e9S Vaud","description":"Un mouvement &lt;br&gt;anticapitaliste, &lt;br&gt;f\u00e9ministe, &lt;br&gt;\u00e9cosocialiste et &lt;br&gt; antiraciste","publisher":{"@id":"https:\/\/solidarites.ch\/vaud\/#organization"},"potentialAction":[{"@type":"SearchAction","target":{"@type":"EntryPoint","urlTemplate":"https:\/\/solidarites.ch\/vaud\/?s={search_term_string}"},"query-input":{"@type":"PropertyValueSpecification","valueRequired":true,"valueName":"search_term_string"}}],"inLanguage":"fr-FR"},{"@type":"Organization","@id":"https:\/\/solidarites.ch\/vaud\/#organization","name":"solidarit\u00e9S Vaud","url":"https:\/\/solidarites.ch\/vaud\/","logo":{"@type":"ImageObject","inLanguage":"fr-FR","@id":"https:\/\/solidarites.ch\/vaud\/#\/schema\/logo\/image\/","url":"https:\/\/solidarites.ch\/vaud\/wp-content\/uploads\/sites\/3\/2020\/01\/sol_VD_Pos_RVB.png","contentUrl":"https:\/\/solidarites.ch\/vaud\/wp-content\/uploads\/sites\/3\/2020\/01\/sol_VD_Pos_RVB.png","width":1024,"height":409,"caption":"solidarit\u00e9S Vaud"},"image":{"@id":"https:\/\/solidarites.ch\/vaud\/#\/schema\/logo\/image\/"},"sameAs":["https:\/\/www.facebook.com\/solidarites.vaud\/","https:\/\/x.com\/solidariteSvaud","https:\/\/www.instagram.com\/solidarites_vaud\/","https:\/\/www.youtube.com\/channel\/UCL1HKEFgISBtzQgDAlQKKIA"]}]}},"distributor_meta":false,"distributor_terms":false,"distributor_media":false,"distributor_original_site_name":"solidarit\u00e9S Vaud","distributor_original_site_url":"https:\/\/solidarites.ch\/vaud","push-errors":false,"_links":{"self":[{"href":"https:\/\/solidarites.ch\/vaud\/wp-json\/wp\/v2\/cpt_sj_article\/2875","targetHints":{"allow":["GET"]}}],"collection":[{"href":"https:\/\/solidarites.ch\/vaud\/wp-json\/wp\/v2\/cpt_sj_article"}],"about":[{"href":"https:\/\/solidarites.ch\/vaud\/wp-json\/wp\/v2\/types\/cpt_sj_article"}],"wp:featuredmedia":[{"embeddable":true,"href":"https:\/\/solidarites.ch\/vaud\/wp-json\/wp\/v2\/media\/2876"}],"wp:attachment":[{"href":"https:\/\/solidarites.ch\/vaud\/wp-json\/wp\/v2\/media?parent=2875"}],"wp:term":[{"taxonomy":"tx_journal_issues","embeddable":true,"href":"https:\/\/solidarites.ch\/vaud\/wp-json\/wp\/v2\/tx_journal_issues?post=2875"},{"taxonomy":"tx_journal_display","embeddable":true,"href":"https:\/\/solidarites.ch\/vaud\/wp-json\/wp\/v2\/tx_journal_display?post=2875"}],"curies":[{"name":"wp","href":"https:\/\/api.w.org\/{rel}","templated":true}]}}