{"id":3026,"date":"2026-08-28T16:33:24","date_gmt":"2026-08-28T14:33:24","guid":{"rendered":"https:\/\/solidarites.ch\/?post_type=cpt_sj_article&#038;p=22652"},"modified":"2026-08-31T16:49:54","modified_gmt":"2026-08-31T14:49:54","slug":"une-votation-fiscale-decisive","status":"publish","type":"cpt_sj_article","link":"https:\/\/solidarites.ch\/vaud\/journal\/468-2\/une-votation-fiscale-decisive\/","title":{"rendered":"Une votation fiscale d\u00e9cisive"},"content":{"rendered":"\n<p class=\"has-large-font-size wp-block-paragraph\"><strong>Le 27 septembre, les habitant\u00b7es qui b\u00e9n\u00e9ficient des droits politiques se prononceront sur une initiative populaire lanc\u00e9e par les grandes organisations patronales et la Chambre vaudoise immobili\u00e8re. Celle-ci r\u00e9clame une forte baisse de l\u2019imp\u00f4t cantonal, en particulier de 12% sur la fortune. Une telle perspective est mena\u00e7ante pour l\u2019avenir des services publics et des prestations \u00e0 la population.<\/strong><br><\/p>\n\n\n\n<figure class=\"wp-block-image size-full\"><img decoding=\"async\" src=\"https:\/\/solidarites.ch\/wp-content\/uploads\/2026\/08\/manifestation-anti-austerite-vaud-2-12-2025_francois-graf.webp\" alt=\"Des manifestants contre les politiques d\u2019aust\u00e9rit\u00e9 dans le canton de Vaud\" class=\"wp-image-22610\" \/><figcaption class=\"wp-element-caption\">Rassemblement devant le Grand Conseil pour r\u00e9clamer le retrait des mesures aust\u00e9ritaires, Lausanne, 2 d\u00e9cembre 2025.<\/figcaption>\n<div class='wp-description'><\/div><\/figure>\n\n\n<p class=\"has-drop-cap wp-block-paragraph\">En\u00a02025, les autorit\u00e9s vaudoises \u00e0 majorit\u00e9 de droite ont pris pr\u00e9texte d\u2019un d\u00e9ficit lors du dernier exercice comptable pour annoncer un <a href=\"https:\/\/solidarites.ch\/journal\/458-2\/la-politique-des-caisses-vides-tourne-a-plein\/\">plan d\u2019\u00e9conomies<\/a> dans des domaines essentiels, comme les h\u00f4pitaux publics, les \u00e9tablissements m\u00e9dico-sociaux ou encore l\u2019accueil de jour des enfants, ainsi qu\u2019une baisse de salaire pour les employ\u00e9\u00b7es. Ces mesures d\u2019aust\u00e9rit\u00e9 ont suscit\u00e9, en r\u00e9action, un <a href=\"https:\/\/solidarites.ch\/journal\/455-2\/le-service-public-crie-stop-aux-coupes\/\">mouvement social de grande ampleur<\/a>. De nombreuses gr\u00e8ves et manifestations ont permis d\u2019emp\u00eacher la baisse de salaire voulue par la droite.<\/p>\n\n\n\n<p class=\"wp-block-paragraph\">Si l\u2019initiative du patronat, au titre racoleur \u00abBaisse d\u2019imp\u00f4ts pour tous &#8211; Redonner du pouvoir d\u2019achat \u00e0 la classe moyenne\u00bb, passe la rampe en votation populaire, les autorit\u00e9s reviendront \u00e0 la charge avec des mesures d\u2019aust\u00e9rit\u00e9 encore plus s\u00e9v\u00e8res. En effet, alors que les finances de l\u2019\u00c9tat sont d\u00e9j\u00e0 d\u00e9ficitaires en raison des baisses d\u2019imp\u00f4t d\u00e9cid\u00e9es par le pass\u00e9, l\u2019initiative entra\u00eenerait chaque ann\u00e9e des pertes de recettes suppl\u00e9mentaires de plus de 270 millions de francs.&nbsp;<\/p>\n\n\n\n<p class=\"wp-block-paragraph\">Initialement, le texte demandait une diminution de 12% de l\u2019imp\u00f4t cantonal sur le revenu et sur la fortune. Mais depuis son d\u00e9p\u00f4t, la majorit\u00e9 de droite du Grand Conseil, pour aller dans le sens des revendications patronales, a d\u00e9j\u00e0 d\u00e9cid\u00e9 une baisse de 7% sur le revenu. Une acceptation de l\u2019initiative par le corps \u00e9lectoral provoquerait donc un all\u00e9gement suppl\u00e9mentaire de 5% sur le revenu et de 12% sur la fortune.<\/p>\n\n\n\n<h2 class=\"wp-block-heading\">Frein \u00e0 l\u2019endettement\u2026 cr\u00e9\u00e9<\/h2>\n\n\n\n<p class=\"wp-block-paragraph\">Compte tenu de r\u00e8gles tr\u00e8s rigides, d\u2019inspiration n\u00e9olib\u00e9rale, inscrites dans la Constitution vaudoise pour limiter les d\u00e9ficits budg\u00e9taires, les coupes seraient imm\u00e9diates. Les subsides, qui permettent aujourd\u2019hui d\u2019att\u00e9nuer l\u2019augmentation annuelle des primes-maladie pour presque 40% de la population, sont notamment dans le viseur de la majorit\u00e9 bourgeoise.&nbsp;<\/p>\n\n\n\n<p class=\"wp-block-paragraph\">Les services publics se retrouveraient sous forte pression, alors m\u00eame que de nombreuses revendications des employ\u00e9\u00b7es restent lettre morte. C\u2019est notamment le cas d\u2019une p\u00e9tition d\u00e9pos\u00e9e au Grand Conseil par <a href=\"https:\/\/solidarites.ch\/journal\/451-2\/victoire-detape-pour-les-enseignant%c2%b7es-vaudois%c2%b7es-des-classes-1-2p\/\">les enseignant\u00b7es de premi\u00e8re et deuxi\u00e8me primaire<\/a>, demandant des renforts p\u00e9dagogiques dans les classes et un meilleur soutien aux enfants \u00e0 besoins particuliers, et qui a \u00e9t\u00e9 rejet\u00e9e avec m\u00e9pris par la majorit\u00e9.<\/p>\n\n\n\n<p class=\"wp-block-paragraph\">Bien que l\u2019initiative concerne uniquement l\u2019imp\u00f4t cantonal, les communes ne seraient certainement pas \u00e9pargn\u00e9es en cas de succ\u00e8s du patronat dans les urnes. Dans le cadre d\u2019un plan d\u2019\u00e9conomies, les autorit\u00e9s chercheraient en effet \u00e0 reporter des charges sur l\u2019\u00e9chelon institutionnel inf\u00e9rieur, comme cela s\u2019est produit \u00e0 plusieurs reprises par le pass\u00e9, par exemple \u00e0 travers des coupes dans la participation de l\u2019\u00c9tat \u00e0 l\u2019accueil de jour ou aux transports publics r\u00e9gionaux. L\u2019Union des communes vaudoises <a href=\"https:\/\/www.ucv.ch\/accueil\/details-actus-accueil\/initiative-12-le-comite-de-lucv-recommande-le-rejet\">recommandent d\u2019ailleurs de rejeter cette initiative<\/a>.<\/p>\n\n\n\n<h2 class=\"wp-block-heading\">Creusement des in\u00e9galit\u00e9s<\/h2>\n\n\n\n<p class=\"wp-block-paragraph\">Outre la menace qu\u2019elle fait peser sur le service public et les prestations, cette initiative creuserait les in\u00e9galit\u00e9s de richesse en accordant d\u2019importants all\u00e9gements fiscaux aux plus fortun\u00e9\u00b7es.&nbsp;<\/p>\n\n\n\n<p class=\"wp-block-paragraph\">D\u2019apr\u00e8s des statistiques demand\u00e9es par Ensemble \u00e0 Gauche au Grand Conseil, 85% des pertes de recettes li\u00e9es \u00e0 la baisse d\u2019imp\u00f4t sur la fortune profiterait aux 10% des contribuables ayant les plus gros patrimoines, soit celles et ceux qui d\u00e9clarent au minimum 630000 francs de fortune nette.&nbsp;<\/p>\n\n\n\n<p class=\"wp-block-paragraph\">Rappelons que les multimillionnaires ont d\u00e9j\u00e0 profit\u00e9 ces derni\u00e8res ann\u00e9es d\u2019une <a href=\"https:\/\/solidarites.ch\/journal\/448-2\/affaire-dittli-les-super-riches-au-centre-dune-crise-gouvernementale\/\">application complaisante du bouclier fiscal<\/a>\u00a0\u2013 un dispositif visant \u00e0 limiter la progressivit\u00e9 de l\u2019imp\u00f4t\u00a0\u2013 ce qui leur a permis d\u2019empocher de mani\u00e8re indue des dizaines de millions de francs.\u00a0<\/p>\n\n\n\n<p class=\"wp-block-paragraph\">Rappelons \u00e9galement que les in\u00e9galit\u00e9s de richesse se sont d\u00e9j\u00e0 creus\u00e9es de mani\u00e8re dramatique en Suisse ces derni\u00e8res d\u00e9cennies: les contribuables appartenant aux 1% les plus riches, qui d\u00e9tenaient 32% de la richesse totale en 1980, en concentrent d\u00e9sormais 43%.<\/p>\n\n\n\n<p class=\"wp-block-paragraph\">Les cons\u00e9quences de cette initiative populaire seraient tellement n\u00e9gatives que m\u00eame le Conseil d\u2019\u00c9tat \u00e0 majorit\u00e9 de droite appelle \u00e0 la refuser. L\u2019enjeu d\u00e9passe d\u2019ailleurs les fronti\u00e8res vaudoises: une victoire des organisations patronales sur des revendications fiscales aussi maximalistes, dans le troisi\u00e8me plus grand canton suisse, ne manquerait pas d\u2019attiser les convoitises de la droite n\u00e9olib\u00e9rale dans d\u2019autres r\u00e9gions du pays.\u00a0<\/p>\n\n\n\n<p class=\"wp-block-paragraph\">Ensemble \u00e0 Gauche et solidarit\u00e9S s\u2019engagent donc avec d\u00e9termination dans la campagne pour faire rejeter cette initiative populaire le 27 septembre.<\/p>\n\n\n\n<p class=\"has-small-font-size wp-block-paragraph\"><strong>Hadrien Buclin<\/strong><\/p>\n","protected":false},"featured_media":3027,"template":"","tx_journal_issues":[247],"tx_journal_display":[35],"class_list":["post-3026","cpt_sj_article","type-cpt_sj_article","status-publish","has-post-thumbnail","hentry","tx_journal_authors-buclin-hadrien","tx_journal_issues-468-2","tx_journal_sections-austerite","tx_journal_sections-fiscalite","tx_journal_sections-vaud"],"acf":[],"yoast_head":"<!-- This site is optimized with the Yoast SEO plugin v28.3 - https:\/\/yoast.com\/product\/yoast-seo-wordpress\/ -->\n<title>Initiative 12%: Une votation fiscale d\u00e9cisive<\/title>\n<meta name=\"description\" content=\"Le 27 septembre, les vaudois\u00b7es voteront sur une initiative lanc\u00e9e par les organisations patronales qui r\u00e9clame une forte baisse de l\u2019imp\u00f4t\" \/>\n<meta name=\"robots\" content=\"index, follow, max-snippet:-1, max-image-preview:large, max-video-preview:-1\" \/>\n<link rel=\"canonical\" href=\"https:\/\/solidarites.ch\/vaud\/journal\/468-2\/une-votation-fiscale-decisive\/\" \/>\n<meta property=\"og:locale\" content=\"fr_FR\" \/>\n<meta property=\"og:type\" content=\"article\" \/>\n<meta property=\"og:title\" content=\"Initiative 12%: Une votation fiscale d\u00e9cisive\" \/>\n<meta property=\"og:description\" content=\"Le 27 septembre, les vaudois\u00b7es voteront sur une initiative lanc\u00e9e par les organisations patronales qui r\u00e9clame une forte baisse de l\u2019imp\u00f4t\" \/>\n<meta property=\"og:url\" content=\"https:\/\/solidarites.ch\/vaud\/journal\/468-2\/une-votation-fiscale-decisive\/\" \/>\n<meta property=\"og:site_name\" content=\"solidarit\u00e9S Vaud\" \/>\n<meta property=\"article:publisher\" content=\"https:\/\/www.facebook.com\/solidarites.vaud\/\" \/>\n<meta property=\"article:modified_time\" content=\"2026-08-31T14:49:54+00:00\" \/>\n<meta property=\"og:image\" content=\"https:\/\/solidarites.ch\/vaud\/wp-content\/uploads\/sites\/3\/2020\/01\/sol_VD_Pos_RVB.png\" \/>\n\t<meta property=\"og:image:width\" content=\"1024\" \/>\n\t<meta property=\"og:image:height\" content=\"409\" \/>\n\t<meta property=\"og:image:type\" content=\"image\/png\" \/>\n<meta name=\"twitter:card\" content=\"summary_large_image\" \/>\n<meta name=\"twitter:site\" content=\"@solidariteSvaud\" \/>\n<meta name=\"twitter:label1\" content=\"Dur\u00e9e de lecture estim\u00e9e\" \/>\n\t<meta name=\"twitter:data1\" content=\"5 minutes\" \/>\n<script type=\"application\/ld+json\" class=\"yoast-schema-graph\">{\"@context\":\"https:\\\/\\\/schema.org\",\"@graph\":[{\"@type\":\"WebPage\",\"@id\":\"https:\\\/\\\/solidarites.ch\\\/vaud\\\/journal\\\/468-2\\\/une-votation-fiscale-decisive\\\/\",\"url\":\"https:\\\/\\\/solidarites.ch\\\/vaud\\\/journal\\\/468-2\\\/une-votation-fiscale-decisive\\\/\",\"name\":\"Initiative 12%: Une votation fiscale d\u00e9cisive\",\"isPartOf\":{\"@id\":\"https:\\\/\\\/solidarites.ch\\\/vaud\\\/#website\"},\"primaryImageOfPage\":{\"@id\":\"https:\\\/\\\/solidarites.ch\\\/vaud\\\/journal\\\/468-2\\\/une-votation-fiscale-decisive\\\/#primaryimage\"},\"image\":{\"@id\":\"https:\\\/\\\/solidarites.ch\\\/vaud\\\/journal\\\/468-2\\\/une-votation-fiscale-decisive\\\/#primaryimage\"},\"thumbnailUrl\":\"https:\\\/\\\/solidarites.ch\\\/vaud\\\/wp-content\\\/uploads\\\/sites\\\/3\\\/2026\\\/08\\\/manifestation-anti-austerite-vaud-2-12-2025_francois-graf.jpeg\",\"datePublished\":\"2026-08-28T14:33:24+00:00\",\"dateModified\":\"2026-08-31T14:49:54+00:00\",\"description\":\"Le 27 septembre, les vaudois\u00b7es voteront sur une initiative lanc\u00e9e par les organisations patronales qui r\u00e9clame une forte baisse de l\u2019imp\u00f4t\",\"breadcrumb\":{\"@id\":\"https:\\\/\\\/solidarites.ch\\\/vaud\\\/journal\\\/468-2\\\/une-votation-fiscale-decisive\\\/#breadcrumb\"},\"inLanguage\":\"fr-FR\",\"potentialAction\":[{\"@type\":\"ReadAction\",\"target\":[\"https:\\\/\\\/solidarites.ch\\\/vaud\\\/journal\\\/468-2\\\/une-votation-fiscale-decisive\\\/\"]}]},{\"@type\":\"ImageObject\",\"inLanguage\":\"fr-FR\",\"@id\":\"https:\\\/\\\/solidarites.ch\\\/vaud\\\/journal\\\/468-2\\\/une-votation-fiscale-decisive\\\/#primaryimage\",\"url\":\"https:\\\/\\\/solidarites.ch\\\/vaud\\\/wp-content\\\/uploads\\\/sites\\\/3\\\/2026\\\/08\\\/manifestation-anti-austerite-vaud-2-12-2025_francois-graf.jpeg\",\"contentUrl\":\"https:\\\/\\\/solidarites.ch\\\/vaud\\\/wp-content\\\/uploads\\\/sites\\\/3\\\/2026\\\/08\\\/manifestation-anti-austerite-vaud-2-12-2025_francois-graf.jpeg\",\"width\":1479,\"height\":1109},{\"@type\":\"BreadcrumbList\",\"@id\":\"https:\\\/\\\/solidarites.ch\\\/vaud\\\/journal\\\/468-2\\\/une-votation-fiscale-decisive\\\/#breadcrumb\",\"itemListElement\":[{\"@type\":\"ListItem\",\"position\":1,\"name\":\"Accueil\",\"item\":\"https:\\\/\\\/solidarites.ch\\\/vaud\\\/\"},{\"@type\":\"ListItem\",\"position\":2,\"name\":\"Articles Journal\",\"item\":\"https:\\\/\\\/solidarites.ch\\\/vaud\\\/articles\\\/\"},{\"@type\":\"ListItem\",\"position\":3,\"name\":\"Une votation fiscale d\u00e9cisive\"}]},{\"@type\":\"WebSite\",\"@id\":\"https:\\\/\\\/solidarites.ch\\\/vaud\\\/#website\",\"url\":\"https:\\\/\\\/solidarites.ch\\\/vaud\\\/\",\"name\":\"solidarit\u00e9S Vaud\",\"description\":\"Un mouvement &lt;br&gt;anticapitaliste, &lt;br&gt;f\u00e9ministe, &lt;br&gt;\u00e9cosocialiste et &lt;br&gt; antiraciste\",\"publisher\":{\"@id\":\"https:\\\/\\\/solidarites.ch\\\/vaud\\\/#organization\"},\"potentialAction\":[{\"@type\":\"SearchAction\",\"target\":{\"@type\":\"EntryPoint\",\"urlTemplate\":\"https:\\\/\\\/solidarites.ch\\\/vaud\\\/?s={search_term_string}\"},\"query-input\":{\"@type\":\"PropertyValueSpecification\",\"valueRequired\":true,\"valueName\":\"search_term_string\"}}],\"inLanguage\":\"fr-FR\"},{\"@type\":\"Organization\",\"@id\":\"https:\\\/\\\/solidarites.ch\\\/vaud\\\/#organization\",\"name\":\"solidarit\u00e9S Vaud\",\"url\":\"https:\\\/\\\/solidarites.ch\\\/vaud\\\/\",\"logo\":{\"@type\":\"ImageObject\",\"inLanguage\":\"fr-FR\",\"@id\":\"https:\\\/\\\/solidarites.ch\\\/vaud\\\/#\\\/schema\\\/logo\\\/image\\\/\",\"url\":\"https:\\\/\\\/solidarites.ch\\\/vaud\\\/wp-content\\\/uploads\\\/sites\\\/3\\\/2020\\\/01\\\/sol_VD_Pos_RVB.png\",\"contentUrl\":\"https:\\\/\\\/solidarites.ch\\\/vaud\\\/wp-content\\\/uploads\\\/sites\\\/3\\\/2020\\\/01\\\/sol_VD_Pos_RVB.png\",\"width\":1024,\"height\":409,\"caption\":\"solidarit\u00e9S Vaud\"},\"image\":{\"@id\":\"https:\\\/\\\/solidarites.ch\\\/vaud\\\/#\\\/schema\\\/logo\\\/image\\\/\"},\"sameAs\":[\"https:\\\/\\\/www.facebook.com\\\/solidarites.vaud\\\/\",\"https:\\\/\\\/x.com\\\/solidariteSvaud\",\"https:\\\/\\\/www.instagram.com\\\/solidarites_vaud\\\/\",\"https:\\\/\\\/www.youtube.com\\\/channel\\\/UCL1HKEFgISBtzQgDAlQKKIA\"]}]}<\/script>\n<!-- \/ Yoast SEO plugin. -->","yoast_head_json":{"title":"Initiative 12%: Une votation fiscale d\u00e9cisive","description":"Le 27 septembre, les vaudois\u00b7es voteront sur une initiative lanc\u00e9e par les organisations patronales qui r\u00e9clame une forte baisse de l\u2019imp\u00f4t","robots":{"index":"index","follow":"follow","max-snippet":"max-snippet:-1","max-image-preview":"max-image-preview:large","max-video-preview":"max-video-preview:-1"},"canonical":"https:\/\/solidarites.ch\/vaud\/journal\/468-2\/une-votation-fiscale-decisive\/","og_locale":"fr_FR","og_type":"article","og_title":"Initiative 12%: Une votation fiscale d\u00e9cisive","og_description":"Le 27 septembre, les vaudois\u00b7es voteront sur une initiative lanc\u00e9e par les organisations patronales qui r\u00e9clame une forte baisse de l\u2019imp\u00f4t","og_url":"https:\/\/solidarites.ch\/vaud\/journal\/468-2\/une-votation-fiscale-decisive\/","og_site_name":"solidarit\u00e9S Vaud","article_publisher":"https:\/\/www.facebook.com\/solidarites.vaud\/","article_modified_time":"2026-08-31T14:49:54+00:00","og_image":[{"width":1024,"height":409,"url":"https:\/\/solidarites.ch\/vaud\/wp-content\/uploads\/sites\/3\/2020\/01\/sol_VD_Pos_RVB.png","type":"image\/png"}],"twitter_card":"summary_large_image","twitter_site":"@solidariteSvaud","twitter_misc":{"Dur\u00e9e de lecture estim\u00e9e":"5 minutes"},"schema":{"@context":"https:\/\/schema.org","@graph":[{"@type":"WebPage","@id":"https:\/\/solidarites.ch\/vaud\/journal\/468-2\/une-votation-fiscale-decisive\/","url":"https:\/\/solidarites.ch\/vaud\/journal\/468-2\/une-votation-fiscale-decisive\/","name":"Initiative 12%: Une votation fiscale d\u00e9cisive","isPartOf":{"@id":"https:\/\/solidarites.ch\/vaud\/#website"},"primaryImageOfPage":{"@id":"https:\/\/solidarites.ch\/vaud\/journal\/468-2\/une-votation-fiscale-decisive\/#primaryimage"},"image":{"@id":"https:\/\/solidarites.ch\/vaud\/journal\/468-2\/une-votation-fiscale-decisive\/#primaryimage"},"thumbnailUrl":"https:\/\/solidarites.ch\/vaud\/wp-content\/uploads\/sites\/3\/2026\/08\/manifestation-anti-austerite-vaud-2-12-2025_francois-graf.jpeg","datePublished":"2026-08-28T14:33:24+00:00","dateModified":"2026-08-31T14:49:54+00:00","description":"Le 27 septembre, les vaudois\u00b7es voteront sur une initiative lanc\u00e9e par les organisations patronales qui r\u00e9clame une forte baisse de l\u2019imp\u00f4t","breadcrumb":{"@id":"https:\/\/solidarites.ch\/vaud\/journal\/468-2\/une-votation-fiscale-decisive\/#breadcrumb"},"inLanguage":"fr-FR","potentialAction":[{"@type":"ReadAction","target":["https:\/\/solidarites.ch\/vaud\/journal\/468-2\/une-votation-fiscale-decisive\/"]}]},{"@type":"ImageObject","inLanguage":"fr-FR","@id":"https:\/\/solidarites.ch\/vaud\/journal\/468-2\/une-votation-fiscale-decisive\/#primaryimage","url":"https:\/\/solidarites.ch\/vaud\/wp-content\/uploads\/sites\/3\/2026\/08\/manifestation-anti-austerite-vaud-2-12-2025_francois-graf.jpeg","contentUrl":"https:\/\/solidarites.ch\/vaud\/wp-content\/uploads\/sites\/3\/2026\/08\/manifestation-anti-austerite-vaud-2-12-2025_francois-graf.jpeg","width":1479,"height":1109},{"@type":"BreadcrumbList","@id":"https:\/\/solidarites.ch\/vaud\/journal\/468-2\/une-votation-fiscale-decisive\/#breadcrumb","itemListElement":[{"@type":"ListItem","position":1,"name":"Accueil","item":"https:\/\/solidarites.ch\/vaud\/"},{"@type":"ListItem","position":2,"name":"Articles Journal","item":"https:\/\/solidarites.ch\/vaud\/articles\/"},{"@type":"ListItem","position":3,"name":"Une votation fiscale d\u00e9cisive"}]},{"@type":"WebSite","@id":"https:\/\/solidarites.ch\/vaud\/#website","url":"https:\/\/solidarites.ch\/vaud\/","name":"solidarit\u00e9S Vaud","description":"Un mouvement &lt;br&gt;anticapitaliste, &lt;br&gt;f\u00e9ministe, &lt;br&gt;\u00e9cosocialiste et &lt;br&gt; antiraciste","publisher":{"@id":"https:\/\/solidarites.ch\/vaud\/#organization"},"potentialAction":[{"@type":"SearchAction","target":{"@type":"EntryPoint","urlTemplate":"https:\/\/solidarites.ch\/vaud\/?s={search_term_string}"},"query-input":{"@type":"PropertyValueSpecification","valueRequired":true,"valueName":"search_term_string"}}],"inLanguage":"fr-FR"},{"@type":"Organization","@id":"https:\/\/solidarites.ch\/vaud\/#organization","name":"solidarit\u00e9S Vaud","url":"https:\/\/solidarites.ch\/vaud\/","logo":{"@type":"ImageObject","inLanguage":"fr-FR","@id":"https:\/\/solidarites.ch\/vaud\/#\/schema\/logo\/image\/","url":"https:\/\/solidarites.ch\/vaud\/wp-content\/uploads\/sites\/3\/2020\/01\/sol_VD_Pos_RVB.png","contentUrl":"https:\/\/solidarites.ch\/vaud\/wp-content\/uploads\/sites\/3\/2020\/01\/sol_VD_Pos_RVB.png","width":1024,"height":409,"caption":"solidarit\u00e9S Vaud"},"image":{"@id":"https:\/\/solidarites.ch\/vaud\/#\/schema\/logo\/image\/"},"sameAs":["https:\/\/www.facebook.com\/solidarites.vaud\/","https:\/\/x.com\/solidariteSvaud","https:\/\/www.instagram.com\/solidarites_vaud\/","https:\/\/www.youtube.com\/channel\/UCL1HKEFgISBtzQgDAlQKKIA"]}]}},"distributor_meta":false,"distributor_terms":false,"distributor_media":false,"distributor_original_site_name":"solidarit\u00e9S Vaud","distributor_original_site_url":"https:\/\/solidarites.ch\/vaud","push-errors":false,"_links":{"self":[{"href":"https:\/\/solidarites.ch\/vaud\/wp-json\/wp\/v2\/cpt_sj_article\/3026","targetHints":{"allow":["GET"]}}],"collection":[{"href":"https:\/\/solidarites.ch\/vaud\/wp-json\/wp\/v2\/cpt_sj_article"}],"about":[{"href":"https:\/\/solidarites.ch\/vaud\/wp-json\/wp\/v2\/types\/cpt_sj_article"}],"wp:featuredmedia":[{"embeddable":true,"href":"https:\/\/solidarites.ch\/vaud\/wp-json\/wp\/v2\/media\/3027"}],"wp:attachment":[{"href":"https:\/\/solidarites.ch\/vaud\/wp-json\/wp\/v2\/media?parent=3026"}],"wp:term":[{"taxonomy":"tx_journal_issues","embeddable":true,"href":"https:\/\/solidarites.ch\/vaud\/wp-json\/wp\/v2\/tx_journal_issues?post=3026"},{"taxonomy":"tx_journal_display","embeddable":true,"href":"https:\/\/solidarites.ch\/vaud\/wp-json\/wp\/v2\/tx_journal_display?post=3026"}],"curies":[{"name":"wp","href":"https:\/\/api.w.org\/{rel}","templated":true}]}}