{"id":2804,"date":"2025-03-25T23:02:30","date_gmt":"2025-03-25T22:02:30","guid":{"rendered":"https:\/\/solidarites.ch\/vaud\/?p=2804"},"modified":"2025-12-09T12:04:23","modified_gmt":"2025-12-09T11:04:23","slug":"nouvelle-initiative-pour-le-remboursement-des-soins-dentaires","status":"publish","type":"post","link":"https:\/\/solidarites.ch\/vaud\/2025\/03\/25\/nouvelle-initiative-pour-le-remboursement-des-soins-dentaires\/","title":{"rendered":"Nouvelle initiative pour le remboursement des soins dentaires"},"content":{"rendered":"\n<figure class=\"wp-block-gallery has-nested-images columns-default is-cropped wp-block-gallery-1 is-layout-flex wp-block-gallery-is-layout-flex\">\n<figure class=\"wp-block-image aligncenter size-large\"><img loading=\"lazy\" decoding=\"async\" width=\"490\" height=\"509\" data-id=\"1209\" src=\"https:\/\/solidarites.ch\/vaud\/wp-content\/uploads\/sites\/3\/2019\/12\/remise_soins_dentaires.jpg\" alt=\"\" class=\"wp-image-1209\" srcset=\"https:\/\/solidarites.ch\/vaud\/wp-content\/uploads\/sites\/3\/2019\/12\/remise_soins_dentaires.jpg 490w, https:\/\/solidarites.ch\/vaud\/wp-content\/uploads\/sites\/3\/2019\/12\/remise_soins_dentaires-289x300.jpg 289w\" sizes=\"auto, (max-width: 490px) 100vw, 490px\" \/><figcaption class=\"wp-element-caption\">Remise des signatures de la premi\u00e8re initiative de 2014<\/figcaption>\n<div class='wp-description'><\/div><\/figure><\/figure>\n\n\n\n<p><\/p>\n\n\n\n<p><strong>Le 25 mars 2025, Ensemble \u00e0 Gauche (E\u00e0G) a propos\u00e9 \u00e0 toutes les organisations politiques, syndicales et associatives vaudoises, susceptibles d\u2019\u00eatre int\u00e9ress\u00e9es, d\u2019initier une discussion collective en vue du lancement unitaire d\u2019une nouvelle initiative cantonale pour le remboursement des soins dentaires. Aujourd\u2019hui, le manque de prise en charge de ces soins par le syst\u00e8me de sant\u00e9 constitue un v\u00e9ritable fardeau pour une tr\u00e8s grande partie de la population. Selon une r\u00e9cente \u00e9tude, plus de 26% des personnes habitant la Suisse renonceraient aux soins dentaires pour des raisons financi\u00e8res. Ce projet permettrait d\u2019offrir \u00e0 toutes et tous des prestations abordables et de qualit\u00e9 sans discrimination et seul un front commun des forces politiques de gauche, syndicales et associatives permettrait d\u2019arracher cette victoire sociale.<\/strong><\/p>\n\n\n\n<p>Voici les raisons qui am\u00e8nent aujourd\u2019hui Ensemble \u00e0 Gauche \u00e0 proposer cet objectif, ainsi qu\u2019un premier projet de texte d\u2019initiative l\u00e9gislative. Ce texte doit faire l\u2019objet de discussion avant son lancement avec toutes celles et ceux int\u00e9ress\u00e9.e.s \u00e0 le soutenir.<\/p>\n\n\n\n<p><strong>Pourquoi une telle initiative&nbsp;?<\/strong><\/p>\n\n\n\n<p>En 2020 en Suisse, l\u2019Office f\u00e9d\u00e9ral de la statistique (OFS) a \u00e9valu\u00e9 le co\u00fbt des soins dentaires \u00e0 pr\u00e8s de 4.2 milliards de francs, ce qui repr\u00e9sente environ 5% des co\u00fbts totaux de la sant\u00e9. Cela correspond \u00e0 une moyenne de pr\u00e8s de 500 francs par habitant-e et par an. Les m\u00e9nages priv\u00e9s paient de leur poche pr\u00e8s de 90% de la facture dentaire en Suisse, contre environ 55% en moyenne dans les autres pays de l&rsquo;OCDE. Le fait que la pr\u00e9vention et les soins dentaires ne soient pas compris dans l&rsquo;assurance-maladie de base (LAMal) a des effets non seulement sur le revenu disponible des m\u00e9nages, mais \u00e9galement sur le renoncement aux soins ! Les soins dentaires prodigu\u00e9s en Suisse sont d\u2019excellente qualit\u00e9, mais l\u2019acc\u00e8s aux soins y est fondamentalement in\u00e9galitaire ! Selon une r\u00e9cente \u00e9tude, plus de 26% des personnes habitant la Suisse renonceraient aux soins dentaires pour des raisons financi\u00e8re. Une tendance qui va certainement augmenter encore ces prochaines ann\u00e9es, avec les hausses successives et importantes des primes d\u2019assurance-maladie, l\u2019augmentation g\u00e9n\u00e9rale du co\u00fbt de la vie ainsi que la baisse des salaires r\u00e9els.&nbsp; Selon une \u00e9tude de l\u2019International Health Policy Survey, en Suisse en 2020, le renoncement \u00e0 un soin ou \u00e0 un examen dentaire pour des raisons de co\u00fbts avait augment\u00e9 par rapport \u00e0 2016 de pr\u00e8s d\u2019un tiers&nbsp;!<\/p>\n\n\n\n<p>Cette situation n\u2019est pas acceptable quand on connait l\u2019effet que peut avoir notre sant\u00e9 bucco-dentaire sur notre \u00e9tat de sant\u00e9 g\u00e9n\u00e9ral. En effet, si les affections bucco-dentaires ne sont pas trait\u00e9es \u00e0 temps, des complications s\u00e9rieuses peuvent appara\u00eetre, localement (inflammations, infections) ou sous des formes beaucoup plus graves (maladies cardio-vasculaires, infections respiratoires, diab\u00e8te, etc.). Chez l\u2019enfant notamment, des troubles du sommeil ou de la concentration dues aux pathologies et douleurs dentaires peuvent perturber la croissance et les apprentissages scolaires. Quant aux personnes \u00e2g\u00e9es et d\u00e9pendantes, les cons\u00e9quences dommageables d\u2019un \u00e9tat bucco-dentaire d\u00e9grad\u00e9 sur leur sant\u00e9 g\u00e9n\u00e9rale d\u00e9j\u00e0 fragile sont aujourd\u2019hui clairement \u00e9tablies. On peut donc affirmer que favoriser l\u2019acc\u00e8s le plus large possible aux d\u00e9pistages et aux soins bucco-dentaires de base permet un fort retour sur investissement \u00e0 travers des \u00e9conomies dans les co\u00fbts de la sant\u00e9&nbsp;!<\/p>\n\n\n\n<p>Pour ces raisons, Ensemble \u00e0 Gauche propose de reprendre, sous une autre forme, la proposition faite au printemps 2014 et vot\u00e9e en 2018, pour favoriser l\u2019acc\u00e8s \u00e0 la pr\u00e9vention et aux soins bucco-dentaires, pour toute la population vaudoise. Comme nous le constatons pour l\u2019introduction d\u2019un salaire minimum cantonal, il faut souvent, en Suisse, taper sur un m\u00eame clou pour tenter d\u2019obtenir une \u00ab&nbsp;avanc\u00e9e sociale&nbsp;\u00bb, m\u00eame modeste&nbsp;! Ce fut notamment le cas pour l\u2019introduction d\u2019une assurance-maternit\u00e9, sans parler du droit de vote des femmes&nbsp;! Une initiative pour une assurance sociale soins dentaires, financ\u00e9e sur le mod\u00e8le de l\u2019AVS, va \u00e0 l\u2019encontre du syst\u00e8me de financement LAMal bas\u00e9 sur des primes d\u2019assurance par t\u00eate. Une assurance soins dentaires cantonale serait financ\u00e9e solidairement, pour une tr\u00e8s grande part, par un pourcentage sur les salaires et, pour une part minime, par le budget du canton. Sans parler du fait qu\u2019aujourd\u2019hui, nombre de dentistes (pas tous et toutes&nbsp;!) pratiquent des tarifs exorbitants, sans contr\u00f4le r\u00e9el par les autorit\u00e9s de sant\u00e9 du canton. \u00c9videmment, un syst\u00e8me d\u2019assurance sociale en mati\u00e8re de soins dentaires retirera partiellement ces soins du march\u00e9 et de sa logique des profits priv\u00e9s.&nbsp; &nbsp;&nbsp;&nbsp;<\/p>\n\n\n\n<p><strong>Quelle proposition aujourd\u2019hui&nbsp;?<\/strong><\/p>\n\n\n\n<p>En 2014 l\u2019initiative populaire cantonale \u00ab&nbsp;pour le remboursement des soins dentaires&nbsp;\u00bb, d\u2019ordre constitutionnel, avait \u00e9t\u00e9 lanc\u00e9e unitairement.&nbsp; Elle avait obtenu en 2018 un score en votation populaire plus qu\u2019honorable dans le canton de Vaud (plus de 40% de oui). Il est temps de revenir \u00e0 la charge pour trouver une r\u00e9ponse \u00e0 cette faille grave dans le syst\u00e8me de sant\u00e9.<\/p>\n\n\n\n<p>Le Conseil d\u2019\u00c9tat avait annonc\u00e9 en mars 2022 un dispositif visant \u00e0 favoriser l\u2019acc\u00e8s aux soins dentaires pour les personnes pr\u00e9caris\u00e9es ainsi que pour les enfants et les personnes entrant dans un \u00e9tablissement m\u00e9dico-social. La mise en place de ce dispositif est positive, mais il faut bien constater que son p\u00e9rim\u00e8tre demeure tr\u00e8s restreint au regard des enjeux.<\/p>\n\n\n\n<p>Que demandait l\u2019initiative vot\u00e9e en 2018 ? L\u2019initiative proposait d\u2019introduire un nouvel article dans la Constitution vaudoise, le 65b, intitul\u00e9 \u00ab\u2009soins dentaires\u2009\u00bb, dont la teneur est la suivante\u2009: &#8211; L\u2019\u00c9tat met en place une assurance obligatoire pour les soins dentaires de base ainsi qu\u2019un dispositif de pr\u00e9vention en mati\u00e8re de sant\u00e9 bucco-dentaire. &#8211; Il met en place un r\u00e9seau de policliniques dentaires r\u00e9gionales. &#8211; Le financement de l\u2019assurance des soins dentaires de base est assur\u00e9, pour les personnes cotisant \u00e0 l\u2019assurance vieillesse et survivants (AVS), par un pr\u00e9l\u00e8vement analogue \u00e0 celui de l\u2019AVS et, pour les autres, par la politique sanitaire cantonale.<\/p>\n\n\n\n<p>Aujourd\u2019hui il nous semblerait plus opportun de lancer une initiative l\u00e9gislative sur cette question. Une telle initiative serait en effet directement applicable, si elle est \u00e9videmment accept\u00e9e en votation&nbsp;! Nul besoin d\u2019un nouveau processus l\u00e9gislatif devant le Grand Conseil. Ce qui n\u2019\u00e9tait pas le cas d\u2019une initiative constitutionnelle. Nous proposerions une modification de la Loi vaudoise sur la sant\u00e9 publique qui pourrait \u00eatre la suivante, tout en pr\u00e9cisant qu\u2019il s\u2019agit d\u2019une premi\u00e8re \u00e9bauche&nbsp;:<\/p>\n\n\n\n<p>Article 6 LSP&nbsp;: Service de la sant\u00e9 publique<\/p>\n\n\n\n<p>&nbsp;(<em>ancien<\/em>),&nbsp; de a \u00e0 h<\/p>\n\n\n\n<p><em>\u2026i (nouveau)promeut et organise la prise en charge de la sant\u00e9 bucco-dentaire de la population, par des mesures de pr\u00e9vention et de prophylaxie.<\/em><\/p>\n\n\n\n<p><em>\u2026j(nouveau) met en place une assurance pour le remboursement des soins dentaires et d\u2019orthodontie de base prenant en charge les soins \u00e9num\u00e9r\u00e9s \u00e0 l\u2019article 6b et dont le financement est garanti sur la base des principes pos\u00e9s \u00e0 l\u2019article 6c.<\/em><\/p>\n\n\n\n<p><em>Article 6 b (nouveau) Assurance cantonale pour les soins dentaires<\/em><\/p>\n\n\n\n<p><em>Le Service organise une assurance pour les soins dentaires et d\u2019orthodontie de base, soit notamment&nbsp;:<\/em><\/p>\n\n\n\n<ul class=\"wp-block-list\">\n<li><em>Traitements de pr\u00e9vention dentaire&nbsp;: en particulier, bilan annuel, d\u00e9tartrage, traitement des gencives&nbsp;;<\/em><\/li>\n\n\n\n<li><em>Soins courants&nbsp;: en particulier, consultations, extractions de dents, traitement de caries, radiographie, d\u00e9vitalisation&nbsp;;<\/em><\/li>\n\n\n\n<li><em>Orthodontie&nbsp;: en particulier, les traitements pour l\u2019ajustement de la dentition&nbsp;;<\/em><\/li>\n\n\n\n<li><em>Actes proth\u00e9tiques&nbsp;en particulier, la pose de proth\u00e8ses dentaires.<\/em><\/li>\n<\/ul>\n\n\n\n<p><em>Article 6c (nouveau) Financement de l\u2019assurance pour le remboursement des soins dentaires<\/em><\/p>\n\n\n\n<p><em>L\u2019assurance cantonale pour les soins dentaires est financ\u00e9e par des cotisations \u00e0 la charge des salari\u00e9s travaillant au service d\u2019un employeur qui sont tenus de payer des cotisations au sens de l\u2019article 5 LAVS.<\/em><\/p>\n\n\n\n<p><em>Le taux unique des cotisations est fix\u00e9 \u00e0 1% des salaires et revenus d\u00e9terminant AVS, cotisations vers\u00e9es \u00e0 part \u00e9gale entre employeur et employ\u00e9.<\/em><\/p>\n\n\n\n<p><em>Pour les frais qui ne seraient pas couverts par l\u2019alin\u00e9a pr\u00e9c\u00e9dent, le canton les prend en charge.<\/em><\/p>\n\n\n\n<p><em>Article 6d (nouveau) Pour le surplus, le canton \u00e9dicte un r\u00e8glement pour toutes les questions li\u00e9es \u00e0 l\u2019organisation et le financement de l\u2019assurance pour le remboursement des soins dentaires.<\/em><\/p>\n\n\n\n<p>Sur le plan du financement de cette assurance, la loi vaudoise sur les PCs famille et les prestations cantonales de la rente-pont (LPCFam), modifi\u00e9e en 2019, pr\u00e9voyant un financement par une retenue sur les salaires, ouvre ainsi la voie \u00e0 une possible retenue fix\u00e9e sur les salaires par le canton pour une prestation cantonale telle que le remboursement des soins dentaires.&nbsp;<\/p>\n\n\n\n<p>Sur la question du financement, en extrapolant \u00e0 l\u2019entier de la population, les frais bucco-dentaires effectu\u00e9s dans le cadre des aides sociales, on obtiendrait un co\u00fbt d\u2019environ 250 millions de francs. En estimant par contre les frais \u00e0 500 francs, sur la base des statistiques suisses, on obtient environ 400 millions de francs. Si l\u2019on retire les b\u00e9n\u00e9ficiaires de l\u2019aide sociale au nombre d\u2019habitant\u00b7e\u00b7s du canton, les co\u00fbts pourraient \u00eatre en \u00ab\u2009moyenne\u2009\u00bb d\u2019environ 350 millions de francs. Comment r\u00e9gler cette facture\u2009? L\u00e0 encore les PC familles nous donnent un point de comparaison\u2009: avec une cotisation de 0,12\u2009% partag\u00e9e \u00e0 \u00e9galit\u00e9 entre employeur\u00b7euse et employ\u00e9\u00b7e, elle a r\u00e9colt\u00e9 35&nbsp;millions en 2015. Un pr\u00e9l\u00e8vement de 1\u2009% sur cette masse salariale (partag\u00e9e \u00e0 \u00e9galit\u00e9 entre employeur\u00b7euse et employ\u00e9\u00b7e) permettrait d\u2019amener 350 millions dans les caisses de l\u2019assurance, correspondant aux co\u00fbts supput\u00e9s.<\/p>\n","protected":false},"excerpt":{"rendered":"<p>Le 25 mars 2025, Ensemble \u00e0 Gauche (E\u00e0G) a propos\u00e9 \u00e0 toutes les organisations politiques, syndicales et associatives vaudoises, susceptibles d\u2019\u00eatre int\u00e9ress\u00e9es, d\u2019initier une discussion collective en vue du lancement unitaire d\u2019une nouvelle initiative cantonale pour le remboursement des soins dentaires. Aujourd\u2019hui, le manque de prise en charge de ces soins par le syst\u00e8me de &hellip; <a href=\"https:\/\/solidarites.ch\/vaud\/2025\/03\/25\/nouvelle-initiative-pour-le-remboursement-des-soins-dentaires\/\">Continued<\/a><\/p>\n","protected":false},"author":22,"featured_media":1209,"comment_status":"closed","ping_status":"closed","sticky":false,"template":"","format":"standard","meta":{"_acf_changed":false,"_monsterinsights_skip_tracking":false,"_monsterinsights_sitenote_active":false,"_monsterinsights_sitenote_note":"","_monsterinsights_sitenote_category":0,"footnotes":""},"tx_journal_display":[],"class_list":["post-2804","post","type-post","status-publish","format-standard","has-post-thumbnail","hentry","tx_journal_sections-communiques","tx_journal_sections-sante"],"acf":[],"yoast_head":"<!-- This site is optimized with the Yoast SEO plugin v27.4 - https:\/\/yoast.com\/product\/yoast-seo-wordpress\/ -->\n<title>Nouvelle initiative pour le remboursement des soins dentaires &#8211; solidarit\u00e9S Vaud<\/title>\n<meta name=\"robots\" content=\"index, follow, max-snippet:-1, max-image-preview:large, max-video-preview:-1\" \/>\n<link rel=\"canonical\" href=\"https:\/\/solidarites.ch\/vaud\/2025\/03\/25\/nouvelle-initiative-pour-le-remboursement-des-soins-dentaires\/\" \/>\n<meta property=\"og:locale\" content=\"fr_FR\" \/>\n<meta property=\"og:type\" content=\"article\" \/>\n<meta property=\"og:title\" content=\"Nouvelle initiative pour le remboursement des soins dentaires &#8211; solidarit\u00e9S Vaud\" \/>\n<meta property=\"og:description\" content=\"Le 25 mars 2025, Ensemble \u00e0 Gauche (E\u00e0G) a propos\u00e9 \u00e0 toutes les organisations politiques, syndicales et associatives vaudoises, susceptibles d\u2019\u00eatre int\u00e9ress\u00e9es, d\u2019initier une discussion collective en vue du lancement unitaire d\u2019une nouvelle initiative cantonale pour le remboursement des soins dentaires. Aujourd\u2019hui, le manque de prise en charge de ces soins par le syst\u00e8me de &hellip; Continued\" \/>\n<meta property=\"og:url\" content=\"https:\/\/solidarites.ch\/vaud\/2025\/03\/25\/nouvelle-initiative-pour-le-remboursement-des-soins-dentaires\/\" \/>\n<meta property=\"og:site_name\" content=\"solidarit\u00e9S Vaud\" \/>\n<meta property=\"article:publisher\" content=\"https:\/\/www.facebook.com\/solidarites.vaud\/\" \/>\n<meta property=\"article:published_time\" content=\"2025-03-25T22:02:30+00:00\" \/>\n<meta property=\"article:modified_time\" content=\"2025-12-09T11:04:23+00:00\" \/>\n<meta property=\"og:image\" content=\"https:\/\/solidarites.ch\/vaud\/wp-content\/uploads\/sites\/3\/2019\/12\/remise_soins_dentaires.jpg\" \/>\n\t<meta property=\"og:image:width\" content=\"490\" \/>\n\t<meta property=\"og:image:height\" content=\"509\" \/>\n\t<meta property=\"og:image:type\" content=\"image\/jpeg\" \/>\n<meta name=\"author\" content=\"secretariatvaud\" \/>\n<meta name=\"twitter:card\" content=\"summary_large_image\" \/>\n<meta name=\"twitter:creator\" content=\"@solidariteSvaud\" \/>\n<meta name=\"twitter:site\" content=\"@solidariteSvaud\" \/>\n<meta name=\"twitter:label1\" content=\"\u00c9crit par\" \/>\n\t<meta name=\"twitter:data1\" content=\"secretariatvaud\" \/>\n\t<meta name=\"twitter:label2\" content=\"Dur\u00e9e de lecture estim\u00e9e\" \/>\n\t<meta name=\"twitter:data2\" content=\"8 minutes\" \/>\n<script type=\"application\/ld+json\" class=\"yoast-schema-graph\">{\"@context\":\"https:\\\/\\\/schema.org\",\"@graph\":[{\"@type\":\"Article\",\"@id\":\"https:\\\/\\\/solidarites.ch\\\/vaud\\\/2025\\\/03\\\/25\\\/nouvelle-initiative-pour-le-remboursement-des-soins-dentaires\\\/#article\",\"isPartOf\":{\"@id\":\"https:\\\/\\\/solidarites.ch\\\/vaud\\\/2025\\\/03\\\/25\\\/nouvelle-initiative-pour-le-remboursement-des-soins-dentaires\\\/\"},\"author\":{\"name\":\"secretariatvaud\",\"@id\":\"https:\\\/\\\/solidarites.ch\\\/vaud\\\/#\\\/schema\\\/person\\\/e8de8bbf7c5fa0df2e0aaafc929a18cd\"},\"headline\":\"Nouvelle initiative pour le remboursement des soins dentaires\",\"datePublished\":\"2025-03-25T22:02:30+00:00\",\"dateModified\":\"2025-12-09T11:04:23+00:00\",\"mainEntityOfPage\":{\"@id\":\"https:\\\/\\\/solidarites.ch\\\/vaud\\\/2025\\\/03\\\/25\\\/nouvelle-initiative-pour-le-remboursement-des-soins-dentaires\\\/\"},\"wordCount\":1665,\"publisher\":{\"@id\":\"https:\\\/\\\/solidarites.ch\\\/vaud\\\/#organization\"},\"image\":{\"@id\":\"https:\\\/\\\/solidarites.ch\\\/vaud\\\/2025\\\/03\\\/25\\\/nouvelle-initiative-pour-le-remboursement-des-soins-dentaires\\\/#primaryimage\"},\"thumbnailUrl\":\"https:\\\/\\\/solidarites.ch\\\/vaud\\\/wp-content\\\/uploads\\\/sites\\\/3\\\/2019\\\/12\\\/remise_soins_dentaires.jpg\",\"inLanguage\":\"fr-FR\"},{\"@type\":\"WebPage\",\"@id\":\"https:\\\/\\\/solidarites.ch\\\/vaud\\\/2025\\\/03\\\/25\\\/nouvelle-initiative-pour-le-remboursement-des-soins-dentaires\\\/\",\"url\":\"https:\\\/\\\/solidarites.ch\\\/vaud\\\/2025\\\/03\\\/25\\\/nouvelle-initiative-pour-le-remboursement-des-soins-dentaires\\\/\",\"name\":\"Nouvelle initiative pour le remboursement des soins dentaires &#8211; solidarit\u00e9S Vaud\",\"isPartOf\":{\"@id\":\"https:\\\/\\\/solidarites.ch\\\/vaud\\\/#website\"},\"primaryImageOfPage\":{\"@id\":\"https:\\\/\\\/solidarites.ch\\\/vaud\\\/2025\\\/03\\\/25\\\/nouvelle-initiative-pour-le-remboursement-des-soins-dentaires\\\/#primaryimage\"},\"image\":{\"@id\":\"https:\\\/\\\/solidarites.ch\\\/vaud\\\/2025\\\/03\\\/25\\\/nouvelle-initiative-pour-le-remboursement-des-soins-dentaires\\\/#primaryimage\"},\"thumbnailUrl\":\"https:\\\/\\\/solidarites.ch\\\/vaud\\\/wp-content\\\/uploads\\\/sites\\\/3\\\/2019\\\/12\\\/remise_soins_dentaires.jpg\",\"datePublished\":\"2025-03-25T22:02:30+00:00\",\"dateModified\":\"2025-12-09T11:04:23+00:00\",\"breadcrumb\":{\"@id\":\"https:\\\/\\\/solidarites.ch\\\/vaud\\\/2025\\\/03\\\/25\\\/nouvelle-initiative-pour-le-remboursement-des-soins-dentaires\\\/#breadcrumb\"},\"inLanguage\":\"fr-FR\",\"potentialAction\":[{\"@type\":\"ReadAction\",\"target\":[\"https:\\\/\\\/solidarites.ch\\\/vaud\\\/2025\\\/03\\\/25\\\/nouvelle-initiative-pour-le-remboursement-des-soins-dentaires\\\/\"]}]},{\"@type\":\"ImageObject\",\"inLanguage\":\"fr-FR\",\"@id\":\"https:\\\/\\\/solidarites.ch\\\/vaud\\\/2025\\\/03\\\/25\\\/nouvelle-initiative-pour-le-remboursement-des-soins-dentaires\\\/#primaryimage\",\"url\":\"https:\\\/\\\/solidarites.ch\\\/vaud\\\/wp-content\\\/uploads\\\/sites\\\/3\\\/2019\\\/12\\\/remise_soins_dentaires.jpg\",\"contentUrl\":\"https:\\\/\\\/solidarites.ch\\\/vaud\\\/wp-content\\\/uploads\\\/sites\\\/3\\\/2019\\\/12\\\/remise_soins_dentaires.jpg\",\"width\":490,\"height\":509,\"caption\":\"Remise des signature de la premi\u00e8re initiative\"},{\"@type\":\"BreadcrumbList\",\"@id\":\"https:\\\/\\\/solidarites.ch\\\/vaud\\\/2025\\\/03\\\/25\\\/nouvelle-initiative-pour-le-remboursement-des-soins-dentaires\\\/#breadcrumb\",\"itemListElement\":[{\"@type\":\"ListItem\",\"position\":1,\"name\":\"Accueil\",\"item\":\"https:\\\/\\\/solidarites.ch\\\/vaud\\\/\"},{\"@type\":\"ListItem\",\"position\":2,\"name\":\"Nouvelle initiative pour le remboursement des soins dentaires\"}]},{\"@type\":\"WebSite\",\"@id\":\"https:\\\/\\\/solidarites.ch\\\/vaud\\\/#website\",\"url\":\"https:\\\/\\\/solidarites.ch\\\/vaud\\\/\",\"name\":\"solidarit\u00e9S Vaud\",\"description\":\"Un mouvement &lt;br&gt;anticapitaliste, &lt;br&gt;f\u00e9ministe, &lt;br&gt;\u00e9cosocialiste et &lt;br&gt; antiraciste\",\"publisher\":{\"@id\":\"https:\\\/\\\/solidarites.ch\\\/vaud\\\/#organization\"},\"potentialAction\":[{\"@type\":\"SearchAction\",\"target\":{\"@type\":\"EntryPoint\",\"urlTemplate\":\"https:\\\/\\\/solidarites.ch\\\/vaud\\\/?s={search_term_string}\"},\"query-input\":{\"@type\":\"PropertyValueSpecification\",\"valueRequired\":true,\"valueName\":\"search_term_string\"}}],\"inLanguage\":\"fr-FR\"},{\"@type\":\"Organization\",\"@id\":\"https:\\\/\\\/solidarites.ch\\\/vaud\\\/#organization\",\"name\":\"solidarit\u00e9S Vaud\",\"url\":\"https:\\\/\\\/solidarites.ch\\\/vaud\\\/\",\"logo\":{\"@type\":\"ImageObject\",\"inLanguage\":\"fr-FR\",\"@id\":\"https:\\\/\\\/solidarites.ch\\\/vaud\\\/#\\\/schema\\\/logo\\\/image\\\/\",\"url\":\"https:\\\/\\\/solidarites.ch\\\/vaud\\\/wp-content\\\/uploads\\\/sites\\\/3\\\/2020\\\/01\\\/sol_VD_Pos_RVB.png\",\"contentUrl\":\"https:\\\/\\\/solidarites.ch\\\/vaud\\\/wp-content\\\/uploads\\\/sites\\\/3\\\/2020\\\/01\\\/sol_VD_Pos_RVB.png\",\"width\":1024,\"height\":409,\"caption\":\"solidarit\u00e9S Vaud\"},\"image\":{\"@id\":\"https:\\\/\\\/solidarites.ch\\\/vaud\\\/#\\\/schema\\\/logo\\\/image\\\/\"},\"sameAs\":[\"https:\\\/\\\/www.facebook.com\\\/solidarites.vaud\\\/\",\"https:\\\/\\\/x.com\\\/solidariteSvaud\",\"https:\\\/\\\/www.instagram.com\\\/solidarites_vaud\\\/\",\"https:\\\/\\\/www.youtube.com\\\/channel\\\/UCL1HKEFgISBtzQgDAlQKKIA\"]},{\"@type\":\"Person\",\"@id\":\"https:\\\/\\\/solidarites.ch\\\/vaud\\\/#\\\/schema\\\/person\\\/e8de8bbf7c5fa0df2e0aaafc929a18cd\",\"name\":\"secretariatvaud\",\"image\":{\"@type\":\"ImageObject\",\"inLanguage\":\"fr-FR\",\"@id\":\"https:\\\/\\\/secure.gravatar.com\\\/avatar\\\/6fe297a20936b32043027522dda94f7312f238035b2af724124950e930b17227?s=96&d=mm&r=g\",\"url\":\"https:\\\/\\\/secure.gravatar.com\\\/avatar\\\/6fe297a20936b32043027522dda94f7312f238035b2af724124950e930b17227?s=96&d=mm&r=g\",\"contentUrl\":\"https:\\\/\\\/secure.gravatar.com\\\/avatar\\\/6fe297a20936b32043027522dda94f7312f238035b2af724124950e930b17227?s=96&d=mm&r=g\",\"caption\":\"secretariatvaud\"},\"url\":\"https:\\\/\\\/solidarites.ch\\\/vaud\\\/author\\\/secretariatvaud\\\/\"}]}<\/script>\n<!-- \/ Yoast SEO plugin. -->","yoast_head_json":{"title":"Nouvelle initiative pour le remboursement des soins dentaires &#8211; solidarit\u00e9S Vaud","robots":{"index":"index","follow":"follow","max-snippet":"max-snippet:-1","max-image-preview":"max-image-preview:large","max-video-preview":"max-video-preview:-1"},"canonical":"https:\/\/solidarites.ch\/vaud\/2025\/03\/25\/nouvelle-initiative-pour-le-remboursement-des-soins-dentaires\/","og_locale":"fr_FR","og_type":"article","og_title":"Nouvelle initiative pour le remboursement des soins dentaires &#8211; solidarit\u00e9S Vaud","og_description":"Le 25 mars 2025, Ensemble \u00e0 Gauche (E\u00e0G) a propos\u00e9 \u00e0 toutes les organisations politiques, syndicales et associatives vaudoises, susceptibles d\u2019\u00eatre int\u00e9ress\u00e9es, d\u2019initier une discussion collective en vue du lancement unitaire d\u2019une nouvelle initiative cantonale pour le remboursement des soins dentaires. Aujourd\u2019hui, le manque de prise en charge de ces soins par le syst\u00e8me de &hellip; Continued","og_url":"https:\/\/solidarites.ch\/vaud\/2025\/03\/25\/nouvelle-initiative-pour-le-remboursement-des-soins-dentaires\/","og_site_name":"solidarit\u00e9S Vaud","article_publisher":"https:\/\/www.facebook.com\/solidarites.vaud\/","article_published_time":"2025-03-25T22:02:30+00:00","article_modified_time":"2025-12-09T11:04:23+00:00","og_image":[{"width":490,"height":509,"url":"https:\/\/solidarites.ch\/vaud\/wp-content\/uploads\/sites\/3\/2019\/12\/remise_soins_dentaires.jpg","type":"image\/jpeg"}],"author":"secretariatvaud","twitter_card":"summary_large_image","twitter_creator":"@solidariteSvaud","twitter_site":"@solidariteSvaud","twitter_misc":{"\u00c9crit par":"secretariatvaud","Dur\u00e9e de lecture estim\u00e9e":"8 minutes"},"schema":{"@context":"https:\/\/schema.org","@graph":[{"@type":"Article","@id":"https:\/\/solidarites.ch\/vaud\/2025\/03\/25\/nouvelle-initiative-pour-le-remboursement-des-soins-dentaires\/#article","isPartOf":{"@id":"https:\/\/solidarites.ch\/vaud\/2025\/03\/25\/nouvelle-initiative-pour-le-remboursement-des-soins-dentaires\/"},"author":{"name":"secretariatvaud","@id":"https:\/\/solidarites.ch\/vaud\/#\/schema\/person\/e8de8bbf7c5fa0df2e0aaafc929a18cd"},"headline":"Nouvelle initiative pour le remboursement des soins dentaires","datePublished":"2025-03-25T22:02:30+00:00","dateModified":"2025-12-09T11:04:23+00:00","mainEntityOfPage":{"@id":"https:\/\/solidarites.ch\/vaud\/2025\/03\/25\/nouvelle-initiative-pour-le-remboursement-des-soins-dentaires\/"},"wordCount":1665,"publisher":{"@id":"https:\/\/solidarites.ch\/vaud\/#organization"},"image":{"@id":"https:\/\/solidarites.ch\/vaud\/2025\/03\/25\/nouvelle-initiative-pour-le-remboursement-des-soins-dentaires\/#primaryimage"},"thumbnailUrl":"https:\/\/solidarites.ch\/vaud\/wp-content\/uploads\/sites\/3\/2019\/12\/remise_soins_dentaires.jpg","inLanguage":"fr-FR"},{"@type":"WebPage","@id":"https:\/\/solidarites.ch\/vaud\/2025\/03\/25\/nouvelle-initiative-pour-le-remboursement-des-soins-dentaires\/","url":"https:\/\/solidarites.ch\/vaud\/2025\/03\/25\/nouvelle-initiative-pour-le-remboursement-des-soins-dentaires\/","name":"Nouvelle initiative pour le remboursement des soins dentaires &#8211; solidarit\u00e9S Vaud","isPartOf":{"@id":"https:\/\/solidarites.ch\/vaud\/#website"},"primaryImageOfPage":{"@id":"https:\/\/solidarites.ch\/vaud\/2025\/03\/25\/nouvelle-initiative-pour-le-remboursement-des-soins-dentaires\/#primaryimage"},"image":{"@id":"https:\/\/solidarites.ch\/vaud\/2025\/03\/25\/nouvelle-initiative-pour-le-remboursement-des-soins-dentaires\/#primaryimage"},"thumbnailUrl":"https:\/\/solidarites.ch\/vaud\/wp-content\/uploads\/sites\/3\/2019\/12\/remise_soins_dentaires.jpg","datePublished":"2025-03-25T22:02:30+00:00","dateModified":"2025-12-09T11:04:23+00:00","breadcrumb":{"@id":"https:\/\/solidarites.ch\/vaud\/2025\/03\/25\/nouvelle-initiative-pour-le-remboursement-des-soins-dentaires\/#breadcrumb"},"inLanguage":"fr-FR","potentialAction":[{"@type":"ReadAction","target":["https:\/\/solidarites.ch\/vaud\/2025\/03\/25\/nouvelle-initiative-pour-le-remboursement-des-soins-dentaires\/"]}]},{"@type":"ImageObject","inLanguage":"fr-FR","@id":"https:\/\/solidarites.ch\/vaud\/2025\/03\/25\/nouvelle-initiative-pour-le-remboursement-des-soins-dentaires\/#primaryimage","url":"https:\/\/solidarites.ch\/vaud\/wp-content\/uploads\/sites\/3\/2019\/12\/remise_soins_dentaires.jpg","contentUrl":"https:\/\/solidarites.ch\/vaud\/wp-content\/uploads\/sites\/3\/2019\/12\/remise_soins_dentaires.jpg","width":490,"height":509,"caption":"Remise des signature de la premi\u00e8re initiative"},{"@type":"BreadcrumbList","@id":"https:\/\/solidarites.ch\/vaud\/2025\/03\/25\/nouvelle-initiative-pour-le-remboursement-des-soins-dentaires\/#breadcrumb","itemListElement":[{"@type":"ListItem","position":1,"name":"Accueil","item":"https:\/\/solidarites.ch\/vaud\/"},{"@type":"ListItem","position":2,"name":"Nouvelle initiative pour le remboursement des soins dentaires"}]},{"@type":"WebSite","@id":"https:\/\/solidarites.ch\/vaud\/#website","url":"https:\/\/solidarites.ch\/vaud\/","name":"solidarit\u00e9S Vaud","description":"Un mouvement &lt;br&gt;anticapitaliste, &lt;br&gt;f\u00e9ministe, &lt;br&gt;\u00e9cosocialiste et &lt;br&gt; antiraciste","publisher":{"@id":"https:\/\/solidarites.ch\/vaud\/#organization"},"potentialAction":[{"@type":"SearchAction","target":{"@type":"EntryPoint","urlTemplate":"https:\/\/solidarites.ch\/vaud\/?s={search_term_string}"},"query-input":{"@type":"PropertyValueSpecification","valueRequired":true,"valueName":"search_term_string"}}],"inLanguage":"fr-FR"},{"@type":"Organization","@id":"https:\/\/solidarites.ch\/vaud\/#organization","name":"solidarit\u00e9S Vaud","url":"https:\/\/solidarites.ch\/vaud\/","logo":{"@type":"ImageObject","inLanguage":"fr-FR","@id":"https:\/\/solidarites.ch\/vaud\/#\/schema\/logo\/image\/","url":"https:\/\/solidarites.ch\/vaud\/wp-content\/uploads\/sites\/3\/2020\/01\/sol_VD_Pos_RVB.png","contentUrl":"https:\/\/solidarites.ch\/vaud\/wp-content\/uploads\/sites\/3\/2020\/01\/sol_VD_Pos_RVB.png","width":1024,"height":409,"caption":"solidarit\u00e9S Vaud"},"image":{"@id":"https:\/\/solidarites.ch\/vaud\/#\/schema\/logo\/image\/"},"sameAs":["https:\/\/www.facebook.com\/solidarites.vaud\/","https:\/\/x.com\/solidariteSvaud","https:\/\/www.instagram.com\/solidarites_vaud\/","https:\/\/www.youtube.com\/channel\/UCL1HKEFgISBtzQgDAlQKKIA"]},{"@type":"Person","@id":"https:\/\/solidarites.ch\/vaud\/#\/schema\/person\/e8de8bbf7c5fa0df2e0aaafc929a18cd","name":"secretariatvaud","image":{"@type":"ImageObject","inLanguage":"fr-FR","@id":"https:\/\/secure.gravatar.com\/avatar\/6fe297a20936b32043027522dda94f7312f238035b2af724124950e930b17227?s=96&d=mm&r=g","url":"https:\/\/secure.gravatar.com\/avatar\/6fe297a20936b32043027522dda94f7312f238035b2af724124950e930b17227?s=96&d=mm&r=g","contentUrl":"https:\/\/secure.gravatar.com\/avatar\/6fe297a20936b32043027522dda94f7312f238035b2af724124950e930b17227?s=96&d=mm&r=g","caption":"secretariatvaud"},"url":"https:\/\/solidarites.ch\/vaud\/author\/secretariatvaud\/"}]}},"distributor_meta":false,"distributor_terms":false,"distributor_media":false,"distributor_original_site_name":"solidarit\u00e9S Vaud","distributor_original_site_url":"https:\/\/solidarites.ch\/vaud","push-errors":false,"_links":{"self":[{"href":"https:\/\/solidarites.ch\/vaud\/wp-json\/wp\/v2\/posts\/2804","targetHints":{"allow":["GET"]}}],"collection":[{"href":"https:\/\/solidarites.ch\/vaud\/wp-json\/wp\/v2\/posts"}],"about":[{"href":"https:\/\/solidarites.ch\/vaud\/wp-json\/wp\/v2\/types\/post"}],"author":[{"embeddable":true,"href":"https:\/\/solidarites.ch\/vaud\/wp-json\/wp\/v2\/users\/22"}],"replies":[{"embeddable":true,"href":"https:\/\/solidarites.ch\/vaud\/wp-json\/wp\/v2\/comments?post=2804"}],"version-history":[{"count":6,"href":"https:\/\/solidarites.ch\/vaud\/wp-json\/wp\/v2\/posts\/2804\/revisions"}],"predecessor-version":[{"id":2816,"href":"https:\/\/solidarites.ch\/vaud\/wp-json\/wp\/v2\/posts\/2804\/revisions\/2816"}],"wp:featuredmedia":[{"embeddable":true,"href":"https:\/\/solidarites.ch\/vaud\/wp-json\/wp\/v2\/media\/1209"}],"wp:attachment":[{"href":"https:\/\/solidarites.ch\/vaud\/wp-json\/wp\/v2\/media?parent=2804"}],"wp:term":[{"taxonomy":"tx_journal_display","embeddable":true,"href":"https:\/\/solidarites.ch\/vaud\/wp-json\/wp\/v2\/tx_journal_display?post=2804"}],"curies":[{"name":"wp","href":"https:\/\/api.w.org\/{rel}","templated":true}]}}