{"id":2828,"date":"2025-04-29T11:29:02","date_gmt":"2025-04-29T09:29:02","guid":{"rendered":"https:\/\/solidarites.ch\/vaud\/?p=2828"},"modified":"2025-12-09T12:04:26","modified_gmt":"2025-12-09T11:04:26","slug":"pour-une-gauche-unitaire-et-combative","status":"publish","type":"post","link":"https:\/\/solidarites.ch\/vaud\/2025\/04\/29\/pour-une-gauche-unitaire-et-combative\/","title":{"rendered":"POUR UNE GAUCHE UNITAIRE ET COMBATIVE"},"content":{"rendered":"\n<figure class=\"wp-block-image size-large\"><img loading=\"lazy\" decoding=\"async\" width=\"1024\" height=\"683\" src=\"https:\/\/solidarites.ch\/vaud\/wp-content\/uploads\/sites\/3\/2020\/06\/64362821_3111023668922209_8690001626280230912_o-1024x683.jpg\" alt=\"\" class=\"wp-image-2286\" srcset=\"https:\/\/solidarites.ch\/vaud\/wp-content\/uploads\/sites\/3\/2020\/06\/64362821_3111023668922209_8690001626280230912_o-1024x683.jpg 1024w, https:\/\/solidarites.ch\/vaud\/wp-content\/uploads\/sites\/3\/2020\/06\/64362821_3111023668922209_8690001626280230912_o-300x200.jpg 300w, https:\/\/solidarites.ch\/vaud\/wp-content\/uploads\/sites\/3\/2020\/06\/64362821_3111023668922209_8690001626280230912_o-768x512.jpg 768w, https:\/\/solidarites.ch\/vaud\/wp-content\/uploads\/sites\/3\/2020\/06\/64362821_3111023668922209_8690001626280230912_o-1536x1024.jpg 1536w, https:\/\/solidarites.ch\/vaud\/wp-content\/uploads\/sites\/3\/2020\/06\/64362821_3111023668922209_8690001626280230912_o.jpg 2048w\" sizes=\"auto, (max-width: 1024px) 100vw, 1024px\" \/>\n<div class='wp-description'>Gr\u00e8ve f\u00e9ministe 2019, Lausanne<\/div><\/figure>\n\n\n<p><strong>Appel pour une liste unitaire de la gauche combative aux \u00e9lections communales de 2026<\/strong><\/p>\n\n\n\n<p>Solidarit\u00e9S Vaud et les ind\u00e9pendant\u00b7exs d\u2019Ensemble \u00e0 Gauche Lausanne appellent toutes les organisations politiques \u00e0 la gauche des Vert\u00b7e\u00b7x\u00b7s et du PS \u00e0 faire vivre l\u2019alternative d\u2019une gauche combative en se pr\u00e9sentant ensemble aux communales 2026. Nous voulons construire une force politique qui refuse de g\u00e9rer les affaires communales en faisant le jeu des classes dirigeantes et qui porte la voix de celles et ceux qui luttent parce qu\u2019aucune v\u00e9ritable transformation sociale ne viendra des parlements, ou des ex\u00e9cutifs seuls.<\/p>\n\n\n\n<p>Dans le monde, en Europe, et en Suisse aussi, les droites r\u00e9actionnaires, autoritaires et fascisantes se renforcent. Avec elles, l\u2019aust\u00e9rit\u00e9, les politiques \u00e9cocidaires et le militarisme, le racisme, la x\u00e9nophobie, les attaques contre les femmes et toutes les minorit\u00e9s. Nous&nbsp; devons&nbsp; nous inspirer des r\u00e9centes victoires de forces de gauche qui s\u2019allient et progressent, comme le NFP en France qui a pu faire barrage au Rassemblement national tout en coalisant d\u2019innombrables personnes et organisations de la soci\u00e9t\u00e9 civile. Dans une telle p\u00e9riode, le sectarisme et la division nous tueront. L\u2019unit\u00e9 ce n\u2019est pas la fusion. Nous pouvons faire vivre nos diff\u00e9rences, et c\u2019est notre richesse. Mais pour la population lausannoise, les divisions sont incompr\u00e9hensibles dans la p\u00e9riode actuelle. Aujourd\u2019hui, face aux p\u00e9rils \u00e9cologique et fasciste, l\u2019unit\u00e9 de celles et ceux qui luttent est une question strat\u00e9gique fondamentale. Soyons \u00e0 la hauteur, m\u00eame depuis notre modeste ville de Lausanne !<\/p>\n\n\n\n<p>La domination de la gauche rose-verte \u00e0 Lausanne depuis pr\u00e8s de 40 ans n\u2019offre aucune r\u00e9ponse \u00e0 la hauteur des d\u00e9fis tant sociaux que climatiques \u00e0 l\u2019\u00e9chelle communale. Parce qu\u2019elle est incapable de remettre en cause les fondements du syst\u00e8me capitaliste, elle se contente de le g\u00e9rer, quitte \u00e0 ignorer&nbsp; certains besoins fondamentaux de la population ou \u00e0&nbsp; trahir ses propres programmes. Rien que dans le budget 2025, cette majorit\u00e9 rose-verte a refus\u00e9 l\u2019acc\u00e9l\u00e9ration des assainissements \u00e9nerg\u00e9tiques du patrimoine immobilier de la Ville pourtant n\u00e9cessaire pour atteindre les objectifs du&nbsp; Plan climat, ou encore l\u2019ouverture de nouvelles places d\u2019h\u00e9bergement d\u2019urgence p\u00e9renne pour les personnes contraintes de dormir dans la rue.&nbsp;<\/p>\n\n\n\n<p>Depuis plusieurs ann\u00e9es, nous travaillons collectivement au sein d\u2019Ensemble \u00e0 Gauche Lausanne, pour combattre les politiques in\u00e9galitaires ou r\u00e9actionnaires dans les parlements. Nous y avons refus\u00e9 les budgets aust\u00e9ritaires de la Municipalit\u00e9, nous avons d\u00e9fendu l\u2019interdiction du placage ventral et l\u2019introduction d\u2019un r\u00e9c\u00e9piss\u00e9 lors des contr\u00f4les de police, ou encore, nous avons soutenu les sapeurs pompiers en lutte ou les gr\u00e9vistes de Smood ou de Vetropack. Continuons de le faire en faisant liste commune au Conseil communal et \u00e0 la Municipalit\u00e9. Continuons en construisant une campagne unitaire. Continuons avec toutes nos forces r\u00e9unies, pour faire de Lausanne une ville r\u00e9ellement d\u00e9mocratique, sociale et solidaire.<\/p>\n","protected":false},"excerpt":{"rendered":"<p>Appel pour une liste unitaire de la gauche combative aux \u00e9lections communales de 2026 Solidarit\u00e9S Vaud et les ind\u00e9pendant\u00b7exs d\u2019Ensemble \u00e0 Gauche Lausanne appellent toutes les organisations politiques \u00e0 la gauche des Vert\u00b7e\u00b7x\u00b7s et du PS \u00e0 faire vivre l\u2019alternative d\u2019une gauche combative en se pr\u00e9sentant ensemble aux communales 2026. Nous voulons construire une force &hellip; <a href=\"https:\/\/solidarites.ch\/vaud\/2025\/04\/29\/pour-une-gauche-unitaire-et-combative\/\">Continued<\/a><\/p>\n","protected":false},"author":22,"featured_media":2286,"comment_status":"closed","ping_status":"closed","sticky":false,"template":"","format":"standard","meta":{"_acf_changed":false,"_monsterinsights_skip_tracking":false,"_monsterinsights_sitenote_active":false,"_monsterinsights_sitenote_note":"","_monsterinsights_sitenote_category":0,"footnotes":""},"tx_journal_display":[],"class_list":["post-2828","post","type-post","status-publish","format-standard","has-post-thumbnail","hentry","tx_journal_sections-communiques","tx_journal_sections-elections"],"acf":[],"yoast_head":"<!-- This site is optimized with the Yoast SEO plugin v27.4 - https:\/\/yoast.com\/product\/yoast-seo-wordpress\/ -->\n<title>POUR UNE GAUCHE UNITAIRE ET COMBATIVE &#8211; solidarit\u00e9S Vaud<\/title>\n<meta name=\"robots\" content=\"index, follow, max-snippet:-1, max-image-preview:large, max-video-preview:-1\" \/>\n<link rel=\"canonical\" href=\"https:\/\/solidarites.ch\/vaud\/2025\/04\/29\/pour-une-gauche-unitaire-et-combative\/\" \/>\n<meta property=\"og:locale\" content=\"fr_FR\" \/>\n<meta property=\"og:type\" content=\"article\" \/>\n<meta property=\"og:title\" content=\"POUR UNE GAUCHE UNITAIRE ET COMBATIVE &#8211; solidarit\u00e9S Vaud\" \/>\n<meta property=\"og:description\" content=\"Appel pour une liste unitaire de la gauche combative aux \u00e9lections communales de 2026 Solidarit\u00e9S Vaud et les ind\u00e9pendant\u00b7exs d\u2019Ensemble \u00e0 Gauche Lausanne appellent toutes les organisations politiques \u00e0 la gauche des Vert\u00b7e\u00b7x\u00b7s et du PS \u00e0 faire vivre l\u2019alternative d\u2019une gauche combative en se pr\u00e9sentant ensemble aux communales 2026. Nous voulons construire une force &hellip; Continued\" \/>\n<meta property=\"og:url\" content=\"https:\/\/solidarites.ch\/vaud\/2025\/04\/29\/pour-une-gauche-unitaire-et-combative\/\" \/>\n<meta property=\"og:site_name\" content=\"solidarit\u00e9S Vaud\" \/>\n<meta property=\"article:publisher\" content=\"https:\/\/www.facebook.com\/solidarites.vaud\/\" \/>\n<meta property=\"article:published_time\" content=\"2025-04-29T09:29:02+00:00\" \/>\n<meta property=\"article:modified_time\" content=\"2025-12-09T11:04:26+00:00\" \/>\n<meta property=\"og:image\" content=\"https:\/\/solidarites.ch\/vaud\/wp-content\/uploads\/sites\/3\/2020\/06\/64362821_3111023668922209_8690001626280230912_o.jpg\" \/>\n\t<meta property=\"og:image:width\" content=\"2048\" \/>\n\t<meta property=\"og:image:height\" content=\"1365\" \/>\n\t<meta property=\"og:image:type\" content=\"image\/jpeg\" \/>\n<meta name=\"author\" content=\"secretariatvaud\" \/>\n<meta name=\"twitter:card\" content=\"summary_large_image\" \/>\n<meta name=\"twitter:creator\" content=\"@solidariteSvaud\" \/>\n<meta name=\"twitter:site\" content=\"@solidariteSvaud\" \/>\n<meta name=\"twitter:label1\" content=\"\u00c9crit par\" \/>\n\t<meta name=\"twitter:data1\" content=\"secretariatvaud\" \/>\n\t<meta name=\"twitter:label2\" content=\"Dur\u00e9e de lecture estim\u00e9e\" \/>\n\t<meta name=\"twitter:data2\" content=\"3 minutes\" \/>\n<script type=\"application\/ld+json\" class=\"yoast-schema-graph\">{\"@context\":\"https:\\\/\\\/schema.org\",\"@graph\":[{\"@type\":\"Article\",\"@id\":\"https:\\\/\\\/solidarites.ch\\\/vaud\\\/2025\\\/04\\\/29\\\/pour-une-gauche-unitaire-et-combative\\\/#article\",\"isPartOf\":{\"@id\":\"https:\\\/\\\/solidarites.ch\\\/vaud\\\/2025\\\/04\\\/29\\\/pour-une-gauche-unitaire-et-combative\\\/\"},\"author\":{\"name\":\"secretariatvaud\",\"@id\":\"https:\\\/\\\/solidarites.ch\\\/vaud\\\/#\\\/schema\\\/person\\\/e8de8bbf7c5fa0df2e0aaafc929a18cd\"},\"headline\":\"POUR UNE GAUCHE UNITAIRE ET COMBATIVE\",\"datePublished\":\"2025-04-29T09:29:02+00:00\",\"dateModified\":\"2025-12-09T11:04:26+00:00\",\"mainEntityOfPage\":{\"@id\":\"https:\\\/\\\/solidarites.ch\\\/vaud\\\/2025\\\/04\\\/29\\\/pour-une-gauche-unitaire-et-combative\\\/\"},\"wordCount\":522,\"publisher\":{\"@id\":\"https:\\\/\\\/solidarites.ch\\\/vaud\\\/#organization\"},\"image\":{\"@id\":\"https:\\\/\\\/solidarites.ch\\\/vaud\\\/2025\\\/04\\\/29\\\/pour-une-gauche-unitaire-et-combative\\\/#primaryimage\"},\"thumbnailUrl\":\"https:\\\/\\\/solidarites.ch\\\/vaud\\\/wp-content\\\/uploads\\\/sites\\\/3\\\/2020\\\/06\\\/64362821_3111023668922209_8690001626280230912_o.jpg\",\"inLanguage\":\"fr-FR\"},{\"@type\":\"WebPage\",\"@id\":\"https:\\\/\\\/solidarites.ch\\\/vaud\\\/2025\\\/04\\\/29\\\/pour-une-gauche-unitaire-et-combative\\\/\",\"url\":\"https:\\\/\\\/solidarites.ch\\\/vaud\\\/2025\\\/04\\\/29\\\/pour-une-gauche-unitaire-et-combative\\\/\",\"name\":\"POUR UNE GAUCHE UNITAIRE ET COMBATIVE &#8211; solidarit\u00e9S Vaud\",\"isPartOf\":{\"@id\":\"https:\\\/\\\/solidarites.ch\\\/vaud\\\/#website\"},\"primaryImageOfPage\":{\"@id\":\"https:\\\/\\\/solidarites.ch\\\/vaud\\\/2025\\\/04\\\/29\\\/pour-une-gauche-unitaire-et-combative\\\/#primaryimage\"},\"image\":{\"@id\":\"https:\\\/\\\/solidarites.ch\\\/vaud\\\/2025\\\/04\\\/29\\\/pour-une-gauche-unitaire-et-combative\\\/#primaryimage\"},\"thumbnailUrl\":\"https:\\\/\\\/solidarites.ch\\\/vaud\\\/wp-content\\\/uploads\\\/sites\\\/3\\\/2020\\\/06\\\/64362821_3111023668922209_8690001626280230912_o.jpg\",\"datePublished\":\"2025-04-29T09:29:02+00:00\",\"dateModified\":\"2025-12-09T11:04:26+00:00\",\"breadcrumb\":{\"@id\":\"https:\\\/\\\/solidarites.ch\\\/vaud\\\/2025\\\/04\\\/29\\\/pour-une-gauche-unitaire-et-combative\\\/#breadcrumb\"},\"inLanguage\":\"fr-FR\",\"potentialAction\":[{\"@type\":\"ReadAction\",\"target\":[\"https:\\\/\\\/solidarites.ch\\\/vaud\\\/2025\\\/04\\\/29\\\/pour-une-gauche-unitaire-et-combative\\\/\"]}]},{\"@type\":\"ImageObject\",\"inLanguage\":\"fr-FR\",\"@id\":\"https:\\\/\\\/solidarites.ch\\\/vaud\\\/2025\\\/04\\\/29\\\/pour-une-gauche-unitaire-et-combative\\\/#primaryimage\",\"url\":\"https:\\\/\\\/solidarites.ch\\\/vaud\\\/wp-content\\\/uploads\\\/sites\\\/3\\\/2020\\\/06\\\/64362821_3111023668922209_8690001626280230912_o.jpg\",\"contentUrl\":\"https:\\\/\\\/solidarites.ch\\\/vaud\\\/wp-content\\\/uploads\\\/sites\\\/3\\\/2020\\\/06\\\/64362821_3111023668922209_8690001626280230912_o.jpg\",\"width\":2048,\"height\":1365},{\"@type\":\"BreadcrumbList\",\"@id\":\"https:\\\/\\\/solidarites.ch\\\/vaud\\\/2025\\\/04\\\/29\\\/pour-une-gauche-unitaire-et-combative\\\/#breadcrumb\",\"itemListElement\":[{\"@type\":\"ListItem\",\"position\":1,\"name\":\"Accueil\",\"item\":\"https:\\\/\\\/solidarites.ch\\\/vaud\\\/\"},{\"@type\":\"ListItem\",\"position\":2,\"name\":\"POUR UNE GAUCHE UNITAIRE ET COMBATIVE\"}]},{\"@type\":\"WebSite\",\"@id\":\"https:\\\/\\\/solidarites.ch\\\/vaud\\\/#website\",\"url\":\"https:\\\/\\\/solidarites.ch\\\/vaud\\\/\",\"name\":\"solidarit\u00e9S Vaud\",\"description\":\"Un mouvement &lt;br&gt;anticapitaliste, &lt;br&gt;f\u00e9ministe, &lt;br&gt;\u00e9cosocialiste et &lt;br&gt; antiraciste\",\"publisher\":{\"@id\":\"https:\\\/\\\/solidarites.ch\\\/vaud\\\/#organization\"},\"potentialAction\":[{\"@type\":\"SearchAction\",\"target\":{\"@type\":\"EntryPoint\",\"urlTemplate\":\"https:\\\/\\\/solidarites.ch\\\/vaud\\\/?s={search_term_string}\"},\"query-input\":{\"@type\":\"PropertyValueSpecification\",\"valueRequired\":true,\"valueName\":\"search_term_string\"}}],\"inLanguage\":\"fr-FR\"},{\"@type\":\"Organization\",\"@id\":\"https:\\\/\\\/solidarites.ch\\\/vaud\\\/#organization\",\"name\":\"solidarit\u00e9S Vaud\",\"url\":\"https:\\\/\\\/solidarites.ch\\\/vaud\\\/\",\"logo\":{\"@type\":\"ImageObject\",\"inLanguage\":\"fr-FR\",\"@id\":\"https:\\\/\\\/solidarites.ch\\\/vaud\\\/#\\\/schema\\\/logo\\\/image\\\/\",\"url\":\"https:\\\/\\\/solidarites.ch\\\/vaud\\\/wp-content\\\/uploads\\\/sites\\\/3\\\/2020\\\/01\\\/sol_VD_Pos_RVB.png\",\"contentUrl\":\"https:\\\/\\\/solidarites.ch\\\/vaud\\\/wp-content\\\/uploads\\\/sites\\\/3\\\/2020\\\/01\\\/sol_VD_Pos_RVB.png\",\"width\":1024,\"height\":409,\"caption\":\"solidarit\u00e9S Vaud\"},\"image\":{\"@id\":\"https:\\\/\\\/solidarites.ch\\\/vaud\\\/#\\\/schema\\\/logo\\\/image\\\/\"},\"sameAs\":[\"https:\\\/\\\/www.facebook.com\\\/solidarites.vaud\\\/\",\"https:\\\/\\\/x.com\\\/solidariteSvaud\",\"https:\\\/\\\/www.instagram.com\\\/solidarites_vaud\\\/\",\"https:\\\/\\\/www.youtube.com\\\/channel\\\/UCL1HKEFgISBtzQgDAlQKKIA\"]},{\"@type\":\"Person\",\"@id\":\"https:\\\/\\\/solidarites.ch\\\/vaud\\\/#\\\/schema\\\/person\\\/e8de8bbf7c5fa0df2e0aaafc929a18cd\",\"name\":\"secretariatvaud\",\"image\":{\"@type\":\"ImageObject\",\"inLanguage\":\"fr-FR\",\"@id\":\"https:\\\/\\\/secure.gravatar.com\\\/avatar\\\/6fe297a20936b32043027522dda94f7312f238035b2af724124950e930b17227?s=96&d=mm&r=g\",\"url\":\"https:\\\/\\\/secure.gravatar.com\\\/avatar\\\/6fe297a20936b32043027522dda94f7312f238035b2af724124950e930b17227?s=96&d=mm&r=g\",\"contentUrl\":\"https:\\\/\\\/secure.gravatar.com\\\/avatar\\\/6fe297a20936b32043027522dda94f7312f238035b2af724124950e930b17227?s=96&d=mm&r=g\",\"caption\":\"secretariatvaud\"},\"url\":\"https:\\\/\\\/solidarites.ch\\\/vaud\\\/author\\\/secretariatvaud\\\/\"}]}<\/script>\n<!-- \/ Yoast SEO plugin. -->","yoast_head_json":{"title":"POUR UNE GAUCHE UNITAIRE ET COMBATIVE &#8211; solidarit\u00e9S Vaud","robots":{"index":"index","follow":"follow","max-snippet":"max-snippet:-1","max-image-preview":"max-image-preview:large","max-video-preview":"max-video-preview:-1"},"canonical":"https:\/\/solidarites.ch\/vaud\/2025\/04\/29\/pour-une-gauche-unitaire-et-combative\/","og_locale":"fr_FR","og_type":"article","og_title":"POUR UNE GAUCHE UNITAIRE ET COMBATIVE &#8211; solidarit\u00e9S Vaud","og_description":"Appel pour une liste unitaire de la gauche combative aux \u00e9lections communales de 2026 Solidarit\u00e9S Vaud et les ind\u00e9pendant\u00b7exs d\u2019Ensemble \u00e0 Gauche Lausanne appellent toutes les organisations politiques \u00e0 la gauche des Vert\u00b7e\u00b7x\u00b7s et du PS \u00e0 faire vivre l\u2019alternative d\u2019une gauche combative en se pr\u00e9sentant ensemble aux communales 2026. Nous voulons construire une force &hellip; Continued","og_url":"https:\/\/solidarites.ch\/vaud\/2025\/04\/29\/pour-une-gauche-unitaire-et-combative\/","og_site_name":"solidarit\u00e9S Vaud","article_publisher":"https:\/\/www.facebook.com\/solidarites.vaud\/","article_published_time":"2025-04-29T09:29:02+00:00","article_modified_time":"2025-12-09T11:04:26+00:00","og_image":[{"width":2048,"height":1365,"url":"https:\/\/solidarites.ch\/vaud\/wp-content\/uploads\/sites\/3\/2020\/06\/64362821_3111023668922209_8690001626280230912_o.jpg","type":"image\/jpeg"}],"author":"secretariatvaud","twitter_card":"summary_large_image","twitter_creator":"@solidariteSvaud","twitter_site":"@solidariteSvaud","twitter_misc":{"\u00c9crit par":"secretariatvaud","Dur\u00e9e de lecture estim\u00e9e":"3 minutes"},"schema":{"@context":"https:\/\/schema.org","@graph":[{"@type":"Article","@id":"https:\/\/solidarites.ch\/vaud\/2025\/04\/29\/pour-une-gauche-unitaire-et-combative\/#article","isPartOf":{"@id":"https:\/\/solidarites.ch\/vaud\/2025\/04\/29\/pour-une-gauche-unitaire-et-combative\/"},"author":{"name":"secretariatvaud","@id":"https:\/\/solidarites.ch\/vaud\/#\/schema\/person\/e8de8bbf7c5fa0df2e0aaafc929a18cd"},"headline":"POUR UNE GAUCHE UNITAIRE ET COMBATIVE","datePublished":"2025-04-29T09:29:02+00:00","dateModified":"2025-12-09T11:04:26+00:00","mainEntityOfPage":{"@id":"https:\/\/solidarites.ch\/vaud\/2025\/04\/29\/pour-une-gauche-unitaire-et-combative\/"},"wordCount":522,"publisher":{"@id":"https:\/\/solidarites.ch\/vaud\/#organization"},"image":{"@id":"https:\/\/solidarites.ch\/vaud\/2025\/04\/29\/pour-une-gauche-unitaire-et-combative\/#primaryimage"},"thumbnailUrl":"https:\/\/solidarites.ch\/vaud\/wp-content\/uploads\/sites\/3\/2020\/06\/64362821_3111023668922209_8690001626280230912_o.jpg","inLanguage":"fr-FR"},{"@type":"WebPage","@id":"https:\/\/solidarites.ch\/vaud\/2025\/04\/29\/pour-une-gauche-unitaire-et-combative\/","url":"https:\/\/solidarites.ch\/vaud\/2025\/04\/29\/pour-une-gauche-unitaire-et-combative\/","name":"POUR UNE GAUCHE UNITAIRE ET COMBATIVE &#8211; solidarit\u00e9S Vaud","isPartOf":{"@id":"https:\/\/solidarites.ch\/vaud\/#website"},"primaryImageOfPage":{"@id":"https:\/\/solidarites.ch\/vaud\/2025\/04\/29\/pour-une-gauche-unitaire-et-combative\/#primaryimage"},"image":{"@id":"https:\/\/solidarites.ch\/vaud\/2025\/04\/29\/pour-une-gauche-unitaire-et-combative\/#primaryimage"},"thumbnailUrl":"https:\/\/solidarites.ch\/vaud\/wp-content\/uploads\/sites\/3\/2020\/06\/64362821_3111023668922209_8690001626280230912_o.jpg","datePublished":"2025-04-29T09:29:02+00:00","dateModified":"2025-12-09T11:04:26+00:00","breadcrumb":{"@id":"https:\/\/solidarites.ch\/vaud\/2025\/04\/29\/pour-une-gauche-unitaire-et-combative\/#breadcrumb"},"inLanguage":"fr-FR","potentialAction":[{"@type":"ReadAction","target":["https:\/\/solidarites.ch\/vaud\/2025\/04\/29\/pour-une-gauche-unitaire-et-combative\/"]}]},{"@type":"ImageObject","inLanguage":"fr-FR","@id":"https:\/\/solidarites.ch\/vaud\/2025\/04\/29\/pour-une-gauche-unitaire-et-combative\/#primaryimage","url":"https:\/\/solidarites.ch\/vaud\/wp-content\/uploads\/sites\/3\/2020\/06\/64362821_3111023668922209_8690001626280230912_o.jpg","contentUrl":"https:\/\/solidarites.ch\/vaud\/wp-content\/uploads\/sites\/3\/2020\/06\/64362821_3111023668922209_8690001626280230912_o.jpg","width":2048,"height":1365},{"@type":"BreadcrumbList","@id":"https:\/\/solidarites.ch\/vaud\/2025\/04\/29\/pour-une-gauche-unitaire-et-combative\/#breadcrumb","itemListElement":[{"@type":"ListItem","position":1,"name":"Accueil","item":"https:\/\/solidarites.ch\/vaud\/"},{"@type":"ListItem","position":2,"name":"POUR UNE GAUCHE UNITAIRE ET COMBATIVE"}]},{"@type":"WebSite","@id":"https:\/\/solidarites.ch\/vaud\/#website","url":"https:\/\/solidarites.ch\/vaud\/","name":"solidarit\u00e9S Vaud","description":"Un mouvement &lt;br&gt;anticapitaliste, &lt;br&gt;f\u00e9ministe, &lt;br&gt;\u00e9cosocialiste et &lt;br&gt; antiraciste","publisher":{"@id":"https:\/\/solidarites.ch\/vaud\/#organization"},"potentialAction":[{"@type":"SearchAction","target":{"@type":"EntryPoint","urlTemplate":"https:\/\/solidarites.ch\/vaud\/?s={search_term_string}"},"query-input":{"@type":"PropertyValueSpecification","valueRequired":true,"valueName":"search_term_string"}}],"inLanguage":"fr-FR"},{"@type":"Organization","@id":"https:\/\/solidarites.ch\/vaud\/#organization","name":"solidarit\u00e9S Vaud","url":"https:\/\/solidarites.ch\/vaud\/","logo":{"@type":"ImageObject","inLanguage":"fr-FR","@id":"https:\/\/solidarites.ch\/vaud\/#\/schema\/logo\/image\/","url":"https:\/\/solidarites.ch\/vaud\/wp-content\/uploads\/sites\/3\/2020\/01\/sol_VD_Pos_RVB.png","contentUrl":"https:\/\/solidarites.ch\/vaud\/wp-content\/uploads\/sites\/3\/2020\/01\/sol_VD_Pos_RVB.png","width":1024,"height":409,"caption":"solidarit\u00e9S Vaud"},"image":{"@id":"https:\/\/solidarites.ch\/vaud\/#\/schema\/logo\/image\/"},"sameAs":["https:\/\/www.facebook.com\/solidarites.vaud\/","https:\/\/x.com\/solidariteSvaud","https:\/\/www.instagram.com\/solidarites_vaud\/","https:\/\/www.youtube.com\/channel\/UCL1HKEFgISBtzQgDAlQKKIA"]},{"@type":"Person","@id":"https:\/\/solidarites.ch\/vaud\/#\/schema\/person\/e8de8bbf7c5fa0df2e0aaafc929a18cd","name":"secretariatvaud","image":{"@type":"ImageObject","inLanguage":"fr-FR","@id":"https:\/\/secure.gravatar.com\/avatar\/6fe297a20936b32043027522dda94f7312f238035b2af724124950e930b17227?s=96&d=mm&r=g","url":"https:\/\/secure.gravatar.com\/avatar\/6fe297a20936b32043027522dda94f7312f238035b2af724124950e930b17227?s=96&d=mm&r=g","contentUrl":"https:\/\/secure.gravatar.com\/avatar\/6fe297a20936b32043027522dda94f7312f238035b2af724124950e930b17227?s=96&d=mm&r=g","caption":"secretariatvaud"},"url":"https:\/\/solidarites.ch\/vaud\/author\/secretariatvaud\/"}]}},"distributor_meta":false,"distributor_terms":false,"distributor_media":false,"distributor_original_site_name":"solidarit\u00e9S Vaud","distributor_original_site_url":"https:\/\/solidarites.ch\/vaud","push-errors":false,"_links":{"self":[{"href":"https:\/\/solidarites.ch\/vaud\/wp-json\/wp\/v2\/posts\/2828","targetHints":{"allow":["GET"]}}],"collection":[{"href":"https:\/\/solidarites.ch\/vaud\/wp-json\/wp\/v2\/posts"}],"about":[{"href":"https:\/\/solidarites.ch\/vaud\/wp-json\/wp\/v2\/types\/post"}],"author":[{"embeddable":true,"href":"https:\/\/solidarites.ch\/vaud\/wp-json\/wp\/v2\/users\/22"}],"replies":[{"embeddable":true,"href":"https:\/\/solidarites.ch\/vaud\/wp-json\/wp\/v2\/comments?post=2828"}],"version-history":[{"count":3,"href":"https:\/\/solidarites.ch\/vaud\/wp-json\/wp\/v2\/posts\/2828\/revisions"}],"predecessor-version":[{"id":2831,"href":"https:\/\/solidarites.ch\/vaud\/wp-json\/wp\/v2\/posts\/2828\/revisions\/2831"}],"wp:featuredmedia":[{"embeddable":true,"href":"https:\/\/solidarites.ch\/vaud\/wp-json\/wp\/v2\/media\/2286"}],"wp:attachment":[{"href":"https:\/\/solidarites.ch\/vaud\/wp-json\/wp\/v2\/media?parent=2828"}],"wp:term":[{"taxonomy":"tx_journal_display","embeddable":true,"href":"https:\/\/solidarites.ch\/vaud\/wp-json\/wp\/v2\/tx_journal_display?post=2828"}],"curies":[{"name":"wp","href":"https:\/\/api.w.org\/{rel}","templated":true}]}}