{"id":2871,"date":"2025-09-24T11:14:21","date_gmt":"2025-09-24T09:14:21","guid":{"rendered":"https:\/\/solidarites.ch\/vaud\/?p=2871"},"modified":"2025-09-24T11:15:58","modified_gmt":"2025-09-24T09:15:58","slug":"cadeaux-fiscaux-pour-les-plus-rches-austerite-pour-les-autres","status":"publish","type":"post","link":"https:\/\/solidarites.ch\/vaud\/2025\/09\/24\/cadeaux-fiscaux-pour-les-plus-rches-austerite-pour-les-autres\/","title":{"rendered":"Cadeaux fiscaux pour les plus riches, aust\u00e9rit\u00e9 pour les autres"},"content":{"rendered":"\n<p><\/p>\n\n\n\n<figure class=\"wp-block-image size-full\"><img loading=\"lazy\" decoding=\"async\" width=\"1024\" height=\"768\" src=\"https:\/\/solidarites.ch\/vaud\/wp-content\/uploads\/sites\/3\/2020\/11\/96091249_3843756568982245_1222811918276755456_o.jpg\" alt=\"\" class=\"wp-image-2363\" srcset=\"https:\/\/solidarites.ch\/vaud\/wp-content\/uploads\/sites\/3\/2020\/11\/96091249_3843756568982245_1222811918276755456_o.jpg 1024w, https:\/\/solidarites.ch\/vaud\/wp-content\/uploads\/sites\/3\/2020\/11\/96091249_3843756568982245_1222811918276755456_o-300x225.jpg 300w, https:\/\/solidarites.ch\/vaud\/wp-content\/uploads\/sites\/3\/2020\/11\/96091249_3843756568982245_1222811918276755456_o-768x576.jpg 768w\" sizes=\"auto, (max-width: 1024px) 100vw, 1024px\" \/>\n<div class='wp-description'><\/div><\/figure>\n\n\n<p>Le Conseil d\u2019\u00c9tat pr\u00e9sente ce jour un budget d\u2019aust\u00e9rit\u00e9 qui constitue une attaque inacceptable contre les prestations \u00e0 la population et les conditions de travail des plus de 70&rsquo;000 employ\u00e9\u00b7es des secteurs public et parapublic, dont une large majorit\u00e9 de femmes. Des coupes sont notamment mises en \u0153uvre dans la sant\u00e9 et l\u2019accueil de jour des enfants, des secteurs d\u00e9j\u00e0 sous tension en raison de moyens budg\u00e9taires insuffisants. La baisse de salaires p\u00e8sera sur des revenus r\u00e9els d\u00e9j\u00e0 amoindris ces derni\u00e8res ann\u00e9es, \u00e0 la suite d\u2019une indexation incompl\u00e8te des r\u00e9mun\u00e9rations par rapport \u00e0 l\u2019inflation.<\/p>\n\n\n\n<p>Le d\u00e9ficit qui sert de pr\u00e9texte \u00e0 ces coupes est le r\u00e9sultat direct de la politique fiscale men\u00e9e par la droite bourgeoise au Conseil d\u2019\u00c9tat et au Grand Conseil, qui a multipli\u00e9 les cadeaux aux plus nantis. Le taux d\u2019imp\u00f4t sur le b\u00e9n\u00e9fice des multinationales a \u00e9t\u00e9 abaiss\u00e9 de 22 \u00e0 15%, un abattement fiscal de 30 \u00e0 40% a \u00e9t\u00e9 introduit sur les dividendes des actionnaires poss\u00e9dant plus de 10% d\u2019une entreprise, l\u2019imp\u00f4t sur la fortune des propri\u00e9taires d\u2019entreprises a \u00e9t\u00e9 abaiss\u00e9, un bouclier fiscal a \u00e9t\u00e9 introduit pour limiter la progressivit\u00e9 de l\u2019imp\u00f4t sur les tr\u00e8s grands patrimoines et celui-ci a \u00e9t\u00e9 appliqu\u00e9 de mani\u00e8re particuli\u00e8rement complaisante, etc. Sans ces cadeaux aux plus nantis, le budget serait tr\u00e8s largement exc\u00e9dentaire.<\/p>\n\n\n\n<p>Le groupe Ensemble \u00e0 gauche &amp; POP s\u2019engagera au Grand Conseil contre ces coupes, \u00e0 travers le d\u00e9p\u00f4t d\u2019amendements. Nous avons \u00e9galement propos\u00e9 des recettes fiscales suppl\u00e9mentaires, notamment \u00e0 travers une motion qui vise \u00e0 r\u00e9duire l\u2019abattement fiscal sur les dividendes et qui permettrait de d\u00e9gager environ 100 millions de revenu additionnel pour l\u2019\u00c9tat. Enfin, nous serons aux c\u00f4t\u00e9s des salari\u00e9\u00b7es de la fonction publique et parapublique et de toutes les personnes solidaires qui manifesteront le 2 octobre prochain contre cette politique d\u2019aust\u00e9rit\u00e9 aussi injuste que d\u00e9l\u00e9t\u00e8re.<\/p>\n\n\n\n<p><\/p>\n","protected":false},"excerpt":{"rendered":"<p>Le Conseil d\u2019\u00c9tat pr\u00e9sente ce jour un budget d\u2019aust\u00e9rit\u00e9 qui constitue une attaque inacceptable contre les prestations \u00e0 la population et les conditions de travail des plus de 70&rsquo;000 employ\u00e9\u00b7es des secteurs public et parapublic, dont une large majorit\u00e9 de femmes. Des coupes sont notamment mises en \u0153uvre dans la sant\u00e9 et l\u2019accueil de jour &hellip; <a href=\"https:\/\/solidarites.ch\/vaud\/2025\/09\/24\/cadeaux-fiscaux-pour-les-plus-rches-austerite-pour-les-autres\/\">Continued<\/a><\/p>\n","protected":false},"author":22,"featured_media":2363,"comment_status":"closed","ping_status":"closed","sticky":false,"template":"","format":"standard","meta":{"_acf_changed":false,"_monsterinsights_skip_tracking":false,"_monsterinsights_sitenote_active":false,"_monsterinsights_sitenote_note":"","_monsterinsights_sitenote_category":0,"footnotes":""},"tx_journal_display":[35],"class_list":["post-2871","post","type-post","status-publish","format-standard","has-post-thumbnail","hentry","tx_journal_sections-communiques","tx_journal_sections-finances","tx_journal_sections-vaud"],"acf":[],"yoast_head":"<!-- This site is optimized with the Yoast SEO plugin v27.5 - https:\/\/yoast.com\/product\/yoast-seo-wordpress\/ -->\n<title>Cadeaux fiscaux pour les plus riches, aust\u00e9rit\u00e9 pour les autres &#8211; solidarit\u00e9S Vaud<\/title>\n<meta name=\"robots\" content=\"index, follow, max-snippet:-1, max-image-preview:large, max-video-preview:-1\" \/>\n<link rel=\"canonical\" href=\"https:\/\/solidarites.ch\/vaud\/2025\/09\/24\/cadeaux-fiscaux-pour-les-plus-rches-austerite-pour-les-autres\/\" \/>\n<meta property=\"og:locale\" content=\"fr_FR\" \/>\n<meta property=\"og:type\" content=\"article\" \/>\n<meta property=\"og:title\" content=\"Cadeaux fiscaux pour les plus riches, aust\u00e9rit\u00e9 pour les autres &#8211; solidarit\u00e9S Vaud\" \/>\n<meta property=\"og:description\" content=\"Le Conseil d\u2019\u00c9tat pr\u00e9sente ce jour un budget d\u2019aust\u00e9rit\u00e9 qui constitue une attaque inacceptable contre les prestations \u00e0 la population et les conditions de travail des plus de 70&rsquo;000 employ\u00e9\u00b7es des secteurs public et parapublic, dont une large majorit\u00e9 de femmes. Des coupes sont notamment mises en \u0153uvre dans la sant\u00e9 et l\u2019accueil de jour &hellip; Continued\" \/>\n<meta property=\"og:url\" content=\"https:\/\/solidarites.ch\/vaud\/2025\/09\/24\/cadeaux-fiscaux-pour-les-plus-rches-austerite-pour-les-autres\/\" \/>\n<meta property=\"og:site_name\" content=\"solidarit\u00e9S Vaud\" \/>\n<meta property=\"article:publisher\" content=\"https:\/\/www.facebook.com\/solidarites.vaud\/\" \/>\n<meta property=\"article:published_time\" content=\"2025-09-24T09:14:21+00:00\" \/>\n<meta property=\"article:modified_time\" content=\"2025-09-24T09:15:58+00:00\" \/>\n<meta property=\"og:image\" content=\"https:\/\/solidarites.ch\/vaud\/wp-content\/uploads\/sites\/3\/2020\/11\/96091249_3843756568982245_1222811918276755456_o.jpg\" \/>\n\t<meta property=\"og:image:width\" content=\"1024\" \/>\n\t<meta property=\"og:image:height\" content=\"768\" \/>\n\t<meta property=\"og:image:type\" content=\"image\/jpeg\" \/>\n<meta name=\"author\" content=\"secretariatvaud\" \/>\n<meta name=\"twitter:card\" content=\"summary_large_image\" \/>\n<meta name=\"twitter:creator\" content=\"@solidariteSvaud\" \/>\n<meta name=\"twitter:site\" content=\"@solidariteSvaud\" \/>\n<meta name=\"twitter:label1\" content=\"\u00c9crit par\" \/>\n\t<meta name=\"twitter:data1\" content=\"secretariatvaud\" \/>\n\t<meta name=\"twitter:label2\" content=\"Dur\u00e9e de lecture estim\u00e9e\" \/>\n\t<meta name=\"twitter:data2\" content=\"2 minutes\" \/>\n<script type=\"application\/ld+json\" class=\"yoast-schema-graph\">{\"@context\":\"https:\\\/\\\/schema.org\",\"@graph\":[{\"@type\":\"Article\",\"@id\":\"https:\\\/\\\/solidarites.ch\\\/vaud\\\/2025\\\/09\\\/24\\\/cadeaux-fiscaux-pour-les-plus-rches-austerite-pour-les-autres\\\/#article\",\"isPartOf\":{\"@id\":\"https:\\\/\\\/solidarites.ch\\\/vaud\\\/2025\\\/09\\\/24\\\/cadeaux-fiscaux-pour-les-plus-rches-austerite-pour-les-autres\\\/\"},\"author\":{\"name\":\"secretariatvaud\",\"@id\":\"https:\\\/\\\/solidarites.ch\\\/vaud\\\/#\\\/schema\\\/person\\\/e8de8bbf7c5fa0df2e0aaafc929a18cd\"},\"headline\":\"Cadeaux fiscaux pour les plus riches, aust\u00e9rit\u00e9 pour les autres\",\"datePublished\":\"2025-09-24T09:14:21+00:00\",\"dateModified\":\"2025-09-24T09:15:58+00:00\",\"mainEntityOfPage\":{\"@id\":\"https:\\\/\\\/solidarites.ch\\\/vaud\\\/2025\\\/09\\\/24\\\/cadeaux-fiscaux-pour-les-plus-rches-austerite-pour-les-autres\\\/\"},\"wordCount\":353,\"publisher\":{\"@id\":\"https:\\\/\\\/solidarites.ch\\\/vaud\\\/#organization\"},\"image\":{\"@id\":\"https:\\\/\\\/solidarites.ch\\\/vaud\\\/2025\\\/09\\\/24\\\/cadeaux-fiscaux-pour-les-plus-rches-austerite-pour-les-autres\\\/#primaryimage\"},\"thumbnailUrl\":\"https:\\\/\\\/solidarites.ch\\\/vaud\\\/wp-content\\\/uploads\\\/sites\\\/3\\\/2020\\\/11\\\/96091249_3843756568982245_1222811918276755456_o.jpg\",\"inLanguage\":\"fr-FR\"},{\"@type\":\"WebPage\",\"@id\":\"https:\\\/\\\/solidarites.ch\\\/vaud\\\/2025\\\/09\\\/24\\\/cadeaux-fiscaux-pour-les-plus-rches-austerite-pour-les-autres\\\/\",\"url\":\"https:\\\/\\\/solidarites.ch\\\/vaud\\\/2025\\\/09\\\/24\\\/cadeaux-fiscaux-pour-les-plus-rches-austerite-pour-les-autres\\\/\",\"name\":\"Cadeaux fiscaux pour les plus riches, aust\u00e9rit\u00e9 pour les autres &#8211; solidarit\u00e9S Vaud\",\"isPartOf\":{\"@id\":\"https:\\\/\\\/solidarites.ch\\\/vaud\\\/#website\"},\"primaryImageOfPage\":{\"@id\":\"https:\\\/\\\/solidarites.ch\\\/vaud\\\/2025\\\/09\\\/24\\\/cadeaux-fiscaux-pour-les-plus-rches-austerite-pour-les-autres\\\/#primaryimage\"},\"image\":{\"@id\":\"https:\\\/\\\/solidarites.ch\\\/vaud\\\/2025\\\/09\\\/24\\\/cadeaux-fiscaux-pour-les-plus-rches-austerite-pour-les-autres\\\/#primaryimage\"},\"thumbnailUrl\":\"https:\\\/\\\/solidarites.ch\\\/vaud\\\/wp-content\\\/uploads\\\/sites\\\/3\\\/2020\\\/11\\\/96091249_3843756568982245_1222811918276755456_o.jpg\",\"datePublished\":\"2025-09-24T09:14:21+00:00\",\"dateModified\":\"2025-09-24T09:15:58+00:00\",\"breadcrumb\":{\"@id\":\"https:\\\/\\\/solidarites.ch\\\/vaud\\\/2025\\\/09\\\/24\\\/cadeaux-fiscaux-pour-les-plus-rches-austerite-pour-les-autres\\\/#breadcrumb\"},\"inLanguage\":\"fr-FR\",\"potentialAction\":[{\"@type\":\"ReadAction\",\"target\":[\"https:\\\/\\\/solidarites.ch\\\/vaud\\\/2025\\\/09\\\/24\\\/cadeaux-fiscaux-pour-les-plus-rches-austerite-pour-les-autres\\\/\"]}]},{\"@type\":\"ImageObject\",\"inLanguage\":\"fr-FR\",\"@id\":\"https:\\\/\\\/solidarites.ch\\\/vaud\\\/2025\\\/09\\\/24\\\/cadeaux-fiscaux-pour-les-plus-rches-austerite-pour-les-autres\\\/#primaryimage\",\"url\":\"https:\\\/\\\/solidarites.ch\\\/vaud\\\/wp-content\\\/uploads\\\/sites\\\/3\\\/2020\\\/11\\\/96091249_3843756568982245_1222811918276755456_o.jpg\",\"contentUrl\":\"https:\\\/\\\/solidarites.ch\\\/vaud\\\/wp-content\\\/uploads\\\/sites\\\/3\\\/2020\\\/11\\\/96091249_3843756568982245_1222811918276755456_o.jpg\",\"width\":1024,\"height\":768},{\"@type\":\"BreadcrumbList\",\"@id\":\"https:\\\/\\\/solidarites.ch\\\/vaud\\\/2025\\\/09\\\/24\\\/cadeaux-fiscaux-pour-les-plus-rches-austerite-pour-les-autres\\\/#breadcrumb\",\"itemListElement\":[{\"@type\":\"ListItem\",\"position\":1,\"name\":\"Accueil\",\"item\":\"https:\\\/\\\/solidarites.ch\\\/vaud\\\/\"},{\"@type\":\"ListItem\",\"position\":2,\"name\":\"Cadeaux fiscaux pour les plus riches, aust\u00e9rit\u00e9 pour les autres\"}]},{\"@type\":\"WebSite\",\"@id\":\"https:\\\/\\\/solidarites.ch\\\/vaud\\\/#website\",\"url\":\"https:\\\/\\\/solidarites.ch\\\/vaud\\\/\",\"name\":\"solidarit\u00e9S Vaud\",\"description\":\"Un mouvement &lt;br&gt;anticapitaliste, &lt;br&gt;f\u00e9ministe, &lt;br&gt;\u00e9cosocialiste et &lt;br&gt; antiraciste\",\"publisher\":{\"@id\":\"https:\\\/\\\/solidarites.ch\\\/vaud\\\/#organization\"},\"potentialAction\":[{\"@type\":\"SearchAction\",\"target\":{\"@type\":\"EntryPoint\",\"urlTemplate\":\"https:\\\/\\\/solidarites.ch\\\/vaud\\\/?s={search_term_string}\"},\"query-input\":{\"@type\":\"PropertyValueSpecification\",\"valueRequired\":true,\"valueName\":\"search_term_string\"}}],\"inLanguage\":\"fr-FR\"},{\"@type\":\"Organization\",\"@id\":\"https:\\\/\\\/solidarites.ch\\\/vaud\\\/#organization\",\"name\":\"solidarit\u00e9S Vaud\",\"url\":\"https:\\\/\\\/solidarites.ch\\\/vaud\\\/\",\"logo\":{\"@type\":\"ImageObject\",\"inLanguage\":\"fr-FR\",\"@id\":\"https:\\\/\\\/solidarites.ch\\\/vaud\\\/#\\\/schema\\\/logo\\\/image\\\/\",\"url\":\"https:\\\/\\\/solidarites.ch\\\/vaud\\\/wp-content\\\/uploads\\\/sites\\\/3\\\/2020\\\/01\\\/sol_VD_Pos_RVB.png\",\"contentUrl\":\"https:\\\/\\\/solidarites.ch\\\/vaud\\\/wp-content\\\/uploads\\\/sites\\\/3\\\/2020\\\/01\\\/sol_VD_Pos_RVB.png\",\"width\":1024,\"height\":409,\"caption\":\"solidarit\u00e9S Vaud\"},\"image\":{\"@id\":\"https:\\\/\\\/solidarites.ch\\\/vaud\\\/#\\\/schema\\\/logo\\\/image\\\/\"},\"sameAs\":[\"https:\\\/\\\/www.facebook.com\\\/solidarites.vaud\\\/\",\"https:\\\/\\\/x.com\\\/solidariteSvaud\",\"https:\\\/\\\/www.instagram.com\\\/solidarites_vaud\\\/\",\"https:\\\/\\\/www.youtube.com\\\/channel\\\/UCL1HKEFgISBtzQgDAlQKKIA\"]},{\"@type\":\"Person\",\"@id\":\"https:\\\/\\\/solidarites.ch\\\/vaud\\\/#\\\/schema\\\/person\\\/e8de8bbf7c5fa0df2e0aaafc929a18cd\",\"name\":\"secretariatvaud\",\"image\":{\"@type\":\"ImageObject\",\"inLanguage\":\"fr-FR\",\"@id\":\"https:\\\/\\\/secure.gravatar.com\\\/avatar\\\/6fe297a20936b32043027522dda94f7312f238035b2af724124950e930b17227?s=96&d=mm&r=g\",\"url\":\"https:\\\/\\\/secure.gravatar.com\\\/avatar\\\/6fe297a20936b32043027522dda94f7312f238035b2af724124950e930b17227?s=96&d=mm&r=g\",\"contentUrl\":\"https:\\\/\\\/secure.gravatar.com\\\/avatar\\\/6fe297a20936b32043027522dda94f7312f238035b2af724124950e930b17227?s=96&d=mm&r=g\",\"caption\":\"secretariatvaud\"},\"url\":\"https:\\\/\\\/solidarites.ch\\\/vaud\\\/author\\\/secretariatvaud\\\/\"}]}<\/script>\n<!-- \/ Yoast SEO plugin. -->","yoast_head_json":{"title":"Cadeaux fiscaux pour les plus riches, aust\u00e9rit\u00e9 pour les autres &#8211; solidarit\u00e9S Vaud","robots":{"index":"index","follow":"follow","max-snippet":"max-snippet:-1","max-image-preview":"max-image-preview:large","max-video-preview":"max-video-preview:-1"},"canonical":"https:\/\/solidarites.ch\/vaud\/2025\/09\/24\/cadeaux-fiscaux-pour-les-plus-rches-austerite-pour-les-autres\/","og_locale":"fr_FR","og_type":"article","og_title":"Cadeaux fiscaux pour les plus riches, aust\u00e9rit\u00e9 pour les autres &#8211; solidarit\u00e9S Vaud","og_description":"Le Conseil d\u2019\u00c9tat pr\u00e9sente ce jour un budget d\u2019aust\u00e9rit\u00e9 qui constitue une attaque inacceptable contre les prestations \u00e0 la population et les conditions de travail des plus de 70&rsquo;000 employ\u00e9\u00b7es des secteurs public et parapublic, dont une large majorit\u00e9 de femmes. Des coupes sont notamment mises en \u0153uvre dans la sant\u00e9 et l\u2019accueil de jour &hellip; Continued","og_url":"https:\/\/solidarites.ch\/vaud\/2025\/09\/24\/cadeaux-fiscaux-pour-les-plus-rches-austerite-pour-les-autres\/","og_site_name":"solidarit\u00e9S Vaud","article_publisher":"https:\/\/www.facebook.com\/solidarites.vaud\/","article_published_time":"2025-09-24T09:14:21+00:00","article_modified_time":"2025-09-24T09:15:58+00:00","og_image":[{"width":1024,"height":768,"url":"https:\/\/solidarites.ch\/vaud\/wp-content\/uploads\/sites\/3\/2020\/11\/96091249_3843756568982245_1222811918276755456_o.jpg","type":"image\/jpeg"}],"author":"secretariatvaud","twitter_card":"summary_large_image","twitter_creator":"@solidariteSvaud","twitter_site":"@solidariteSvaud","twitter_misc":{"\u00c9crit par":"secretariatvaud","Dur\u00e9e de lecture estim\u00e9e":"2 minutes"},"schema":{"@context":"https:\/\/schema.org","@graph":[{"@type":"Article","@id":"https:\/\/solidarites.ch\/vaud\/2025\/09\/24\/cadeaux-fiscaux-pour-les-plus-rches-austerite-pour-les-autres\/#article","isPartOf":{"@id":"https:\/\/solidarites.ch\/vaud\/2025\/09\/24\/cadeaux-fiscaux-pour-les-plus-rches-austerite-pour-les-autres\/"},"author":{"name":"secretariatvaud","@id":"https:\/\/solidarites.ch\/vaud\/#\/schema\/person\/e8de8bbf7c5fa0df2e0aaafc929a18cd"},"headline":"Cadeaux fiscaux pour les plus riches, aust\u00e9rit\u00e9 pour les autres","datePublished":"2025-09-24T09:14:21+00:00","dateModified":"2025-09-24T09:15:58+00:00","mainEntityOfPage":{"@id":"https:\/\/solidarites.ch\/vaud\/2025\/09\/24\/cadeaux-fiscaux-pour-les-plus-rches-austerite-pour-les-autres\/"},"wordCount":353,"publisher":{"@id":"https:\/\/solidarites.ch\/vaud\/#organization"},"image":{"@id":"https:\/\/solidarites.ch\/vaud\/2025\/09\/24\/cadeaux-fiscaux-pour-les-plus-rches-austerite-pour-les-autres\/#primaryimage"},"thumbnailUrl":"https:\/\/solidarites.ch\/vaud\/wp-content\/uploads\/sites\/3\/2020\/11\/96091249_3843756568982245_1222811918276755456_o.jpg","inLanguage":"fr-FR"},{"@type":"WebPage","@id":"https:\/\/solidarites.ch\/vaud\/2025\/09\/24\/cadeaux-fiscaux-pour-les-plus-rches-austerite-pour-les-autres\/","url":"https:\/\/solidarites.ch\/vaud\/2025\/09\/24\/cadeaux-fiscaux-pour-les-plus-rches-austerite-pour-les-autres\/","name":"Cadeaux fiscaux pour les plus riches, aust\u00e9rit\u00e9 pour les autres &#8211; solidarit\u00e9S Vaud","isPartOf":{"@id":"https:\/\/solidarites.ch\/vaud\/#website"},"primaryImageOfPage":{"@id":"https:\/\/solidarites.ch\/vaud\/2025\/09\/24\/cadeaux-fiscaux-pour-les-plus-rches-austerite-pour-les-autres\/#primaryimage"},"image":{"@id":"https:\/\/solidarites.ch\/vaud\/2025\/09\/24\/cadeaux-fiscaux-pour-les-plus-rches-austerite-pour-les-autres\/#primaryimage"},"thumbnailUrl":"https:\/\/solidarites.ch\/vaud\/wp-content\/uploads\/sites\/3\/2020\/11\/96091249_3843756568982245_1222811918276755456_o.jpg","datePublished":"2025-09-24T09:14:21+00:00","dateModified":"2025-09-24T09:15:58+00:00","breadcrumb":{"@id":"https:\/\/solidarites.ch\/vaud\/2025\/09\/24\/cadeaux-fiscaux-pour-les-plus-rches-austerite-pour-les-autres\/#breadcrumb"},"inLanguage":"fr-FR","potentialAction":[{"@type":"ReadAction","target":["https:\/\/solidarites.ch\/vaud\/2025\/09\/24\/cadeaux-fiscaux-pour-les-plus-rches-austerite-pour-les-autres\/"]}]},{"@type":"ImageObject","inLanguage":"fr-FR","@id":"https:\/\/solidarites.ch\/vaud\/2025\/09\/24\/cadeaux-fiscaux-pour-les-plus-rches-austerite-pour-les-autres\/#primaryimage","url":"https:\/\/solidarites.ch\/vaud\/wp-content\/uploads\/sites\/3\/2020\/11\/96091249_3843756568982245_1222811918276755456_o.jpg","contentUrl":"https:\/\/solidarites.ch\/vaud\/wp-content\/uploads\/sites\/3\/2020\/11\/96091249_3843756568982245_1222811918276755456_o.jpg","width":1024,"height":768},{"@type":"BreadcrumbList","@id":"https:\/\/solidarites.ch\/vaud\/2025\/09\/24\/cadeaux-fiscaux-pour-les-plus-rches-austerite-pour-les-autres\/#breadcrumb","itemListElement":[{"@type":"ListItem","position":1,"name":"Accueil","item":"https:\/\/solidarites.ch\/vaud\/"},{"@type":"ListItem","position":2,"name":"Cadeaux fiscaux pour les plus riches, aust\u00e9rit\u00e9 pour les autres"}]},{"@type":"WebSite","@id":"https:\/\/solidarites.ch\/vaud\/#website","url":"https:\/\/solidarites.ch\/vaud\/","name":"solidarit\u00e9S Vaud","description":"Un mouvement &lt;br&gt;anticapitaliste, &lt;br&gt;f\u00e9ministe, &lt;br&gt;\u00e9cosocialiste et &lt;br&gt; antiraciste","publisher":{"@id":"https:\/\/solidarites.ch\/vaud\/#organization"},"potentialAction":[{"@type":"SearchAction","target":{"@type":"EntryPoint","urlTemplate":"https:\/\/solidarites.ch\/vaud\/?s={search_term_string}"},"query-input":{"@type":"PropertyValueSpecification","valueRequired":true,"valueName":"search_term_string"}}],"inLanguage":"fr-FR"},{"@type":"Organization","@id":"https:\/\/solidarites.ch\/vaud\/#organization","name":"solidarit\u00e9S Vaud","url":"https:\/\/solidarites.ch\/vaud\/","logo":{"@type":"ImageObject","inLanguage":"fr-FR","@id":"https:\/\/solidarites.ch\/vaud\/#\/schema\/logo\/image\/","url":"https:\/\/solidarites.ch\/vaud\/wp-content\/uploads\/sites\/3\/2020\/01\/sol_VD_Pos_RVB.png","contentUrl":"https:\/\/solidarites.ch\/vaud\/wp-content\/uploads\/sites\/3\/2020\/01\/sol_VD_Pos_RVB.png","width":1024,"height":409,"caption":"solidarit\u00e9S Vaud"},"image":{"@id":"https:\/\/solidarites.ch\/vaud\/#\/schema\/logo\/image\/"},"sameAs":["https:\/\/www.facebook.com\/solidarites.vaud\/","https:\/\/x.com\/solidariteSvaud","https:\/\/www.instagram.com\/solidarites_vaud\/","https:\/\/www.youtube.com\/channel\/UCL1HKEFgISBtzQgDAlQKKIA"]},{"@type":"Person","@id":"https:\/\/solidarites.ch\/vaud\/#\/schema\/person\/e8de8bbf7c5fa0df2e0aaafc929a18cd","name":"secretariatvaud","image":{"@type":"ImageObject","inLanguage":"fr-FR","@id":"https:\/\/secure.gravatar.com\/avatar\/6fe297a20936b32043027522dda94f7312f238035b2af724124950e930b17227?s=96&d=mm&r=g","url":"https:\/\/secure.gravatar.com\/avatar\/6fe297a20936b32043027522dda94f7312f238035b2af724124950e930b17227?s=96&d=mm&r=g","contentUrl":"https:\/\/secure.gravatar.com\/avatar\/6fe297a20936b32043027522dda94f7312f238035b2af724124950e930b17227?s=96&d=mm&r=g","caption":"secretariatvaud"},"url":"https:\/\/solidarites.ch\/vaud\/author\/secretariatvaud\/"}]}},"distributor_meta":false,"distributor_terms":false,"distributor_media":false,"distributor_original_site_name":"solidarit\u00e9S Vaud","distributor_original_site_url":"https:\/\/solidarites.ch\/vaud","push-errors":false,"_links":{"self":[{"href":"https:\/\/solidarites.ch\/vaud\/wp-json\/wp\/v2\/posts\/2871","targetHints":{"allow":["GET"]}}],"collection":[{"href":"https:\/\/solidarites.ch\/vaud\/wp-json\/wp\/v2\/posts"}],"about":[{"href":"https:\/\/solidarites.ch\/vaud\/wp-json\/wp\/v2\/types\/post"}],"author":[{"embeddable":true,"href":"https:\/\/solidarites.ch\/vaud\/wp-json\/wp\/v2\/users\/22"}],"replies":[{"embeddable":true,"href":"https:\/\/solidarites.ch\/vaud\/wp-json\/wp\/v2\/comments?post=2871"}],"version-history":[{"count":2,"href":"https:\/\/solidarites.ch\/vaud\/wp-json\/wp\/v2\/posts\/2871\/revisions"}],"predecessor-version":[{"id":2873,"href":"https:\/\/solidarites.ch\/vaud\/wp-json\/wp\/v2\/posts\/2871\/revisions\/2873"}],"wp:featuredmedia":[{"embeddable":true,"href":"https:\/\/solidarites.ch\/vaud\/wp-json\/wp\/v2\/media\/2363"}],"wp:attachment":[{"href":"https:\/\/solidarites.ch\/vaud\/wp-json\/wp\/v2\/media?parent=2871"}],"wp:term":[{"taxonomy":"tx_journal_display","embeddable":true,"href":"https:\/\/solidarites.ch\/vaud\/wp-json\/wp\/v2\/tx_journal_display?post=2871"}],"curies":[{"name":"wp","href":"https:\/\/api.w.org\/{rel}","templated":true}]}}