{"id":337,"date":"2014-04-08T08:03:02","date_gmt":"2014-04-08T06:03:02","guid":{"rendered":"http:\/\/wonder.solidarites.ch\/vaud\/2014\/04\/08\/pour-la-transparence-des-remunerations-dans-le-secteur-subventionne-vaudois\/"},"modified":"2019-12-12T16:22:05","modified_gmt":"2019-12-12T15:22:05","slug":"pour-la-transparence-des-remunerations-dans-le-secteur-subventionne-vaudois","status":"publish","type":"post","link":"https:\/\/solidarites.ch\/vaud\/2014\/04\/08\/pour-la-transparence-des-remunerations-dans-le-secteur-subventionne-vaudois\/","title":{"rendered":"Pour la transparence des r\u00e9mun\u00e9rations dans le secteur subventionn\u00e9 vaudois"},"content":{"rendered":"<p><a href=\"http:\/\/solidarites.ch\/vaud\/wp-content\/uploads\/sites\/3\/2019\/12\/chateau_st_maire.jpg\"><img loading=\"lazy\" decoding=\"async\" class=\"aligncenter size-full wp-image-1000\" title=\"Chateau St-Maire\" src=\"http:\/\/solidarites.ch\/vaud\/wp-content\/uploads\/sites\/3\/2019\/12\/chateau_st_maire.jpg\" alt=\"\" width=\"490\" height=\"368\" \/><\/a><\/p>\n<p><strong>Le syndicat du personnel des transports SEV s\u2019est oppos\u00e9 aux mesures d\u2019\u00e9conomie dict\u00e9es par l\u2019Office f\u00e9d\u00e9ral des transports (OFT). Celui-ci a exig\u00e9 une diminution des charges des entreprises de transports publics subventionn\u00e9es de 2,5\u2009% en 2014 et de 1% en 2015. Les employeurs se sont empress\u00e9s de demander aux employ\u00e9s de renoncer aux hausses de salaires pr\u00e9vues dans les conventions collectives de travail. Le SEV qui repr\u00e9sente plus de 70\u2009% du personnel de branche a\u00a0refus\u00e9 cette man\u0153uvre et, du coup, a d\u00e9cid\u00e9 de s\u2019attaquer au\u00a0syst\u00e8me opaque de r\u00e9mun\u00e9rations des directeurs, a\u00a0priori intouchables.<\/strong><br \/>\n<!--more--><br \/>\nDans la foul\u00e9e de l\u2019acceptation de l\u2019initiative \u00ab\u2009Minder\u2009\u00bb \u00ab\u2009Contre les r\u00e9mun\u00e9ration abusives\u2009\u00bb (deux tiers des vo\u00adtant\u00b7e\u00b7s dans le canton de Vaud), le SEV exige la transparence \u00e9galement en mati\u00e8re de r\u00e9mun\u00e9ration des membres des organes dirigeants des entreprises priv\u00e9es, remplissant des missions d\u2019int\u00e9r\u00eat public et subventionn\u00e9es par l\u2019Etat de Vaud, notamment dans le domaine des transports en commun, mais aussi dans le secteur des soins. Dans ce but, le SEV a propos\u00e9 de modifier la loi cantonale sur les subventions afin que les entreprises et les institutions b\u00e9n\u00e9ficiaires soient oblig\u00e9es de rendre compte de la r\u00e9mun\u00e9ration de leurs dirigeants en fournissant toutes les informations \u00e0 ce sujet dans un rapport annuel sp\u00e9cial. A noter que cette obligation existe d\u00e9j\u00e0 pour les \u00e9tablissements et entreprises de la Conf\u00e9d\u00e9ration, notamment les CFF, mais pas sur le plan cantonal vaudois.<\/p>\n<p>Cette d\u00e9marche du SEV a re\u00e7u le soutien du Syndicat des services public (SSP) lequel d\u00e9fend notamment les int\u00e9r\u00eats du personnel soignant dans le secteur sanitaire parapublic du canton de Vaud (EMS, soins \u00e0 domicile, h\u00f4pitaux r\u00e9gionaux). Au d\u00e9but des ann\u00e9es 2000, les d\u00e9nonciations r\u00e9p\u00e9t\u00e9es du SSP concernant de graves manquements en mati\u00e8re de gestion du personnel et de prise en charges des pa\u00adtient\u00b7e\u00b7s de nombreux EMS vaudois avaient \u00e9t\u00e9 \u00e0 l\u2019origine de la cr\u00e9ation d\u2019une Commission d\u2019enqu\u00eate parlementaire en 2001. Celle-ci avait publi\u00e9 un rapport d\u00e9clarant en introduction que\u2009: <em>\u00ab\u2009Passant ensuite aux probl\u00e8mes rencontr\u00e9s dans la gestion des EMS qui sont \u00e0 l\u2019origine de la Commission d\u2019enqu\u00eate, le Rapport traite de probl\u00e8mes aussi graves que la maltraitance, la sous-dotation en personnel des services charg\u00e9s de la surveillance et de la gestion des EMS, le conventionnement parfois in\u00e9galitaire des EMS priv\u00e9s, les comptes frauduleux de certains \u00e9tablissements, les salaires exorbitants de quelques directeurs, l\u2019\u00e9chec du processus d\u2019audit avec l\u2019AVDEMS (Association vaudoise des directeurs d\u2019EMS) et la sous-dotation des EMS en personnel qualifi\u00e9.\u200a\u00bb<\/em><\/p>\n<p>Cette d\u00e9marche avait abouti au renforcement des contr\u00f4les par l\u2019Etat de la qualit\u00e9 des soins, de la dotation et de la gestion financi\u00e8re. Par contre, aucune disposition n\u2019avait \u00e9t\u00e9 pr\u00e9vue s\u2019agissant de la transparence de la r\u00e9mun\u00e9ration des directeurs des EMS.<\/p>\n<p>La d\u00e9marche du SEV a \u00e9t\u00e9 soutenue sur le plan politique par les d\u00e9put\u00e9s Jean-Michel Dolivo (La\u00a0Gauche\/POP-Solidarit\u00e9S), Jean-Michel Favez (Parti socialiste vaudois) Martial de Montmollin (Les Verts), et J\u00e9r\u00f4me Christen (Vaud-\u00adLibre). Leur motion a \u00e9t\u00e9 d\u00e9pos\u00e9e le 14 f\u00e9vrier 2014. Elle demande d\u2019ajouter une nouvelle disposition \u00e0 loi cantonale sur les subventions\u00a0dont le contenu reprend les exigences pos\u00e9es par l\u2019Ordonnance du Conseil f\u00e9d\u00e9ral contre les r\u00e9mun\u00e9ration abusives dans les soci\u00e9t\u00e9s anonymes cot\u00e9es en bourse (ORAb), adopt\u00e9e suite \u00e0 l\u2019acceptation de l\u2019initiative \u00ab\u2009Minder\u2009\u00bb. La motion demande que <em>\u00ab\u2009le b\u00e9n\u00e9ficiaire de subventions, tenu d\u2019avoir une comptabilit\u00e9 en application de l\u2019article 957 du Code des obligations, r\u00e9dige un rapport de r\u00e9mun\u00e9ration qui soit v\u00e9rifi\u00e9 par l\u2019organe de r\u00e9vision\u2009\u00bb<\/em>.<\/p>\n<p>L\u2019enjeu est loin d\u2019\u00eatre n\u00e9gligeable sachant que selon le budget 2014 de l\u2019Etat de Vaud, le montant des subventions vers\u00e9es \u00e0 des entreprises publiques ou priv\u00e9es ainsi qu\u2019\u00e0 des entreprises \u00e0 but non lucratif s\u2019\u00e9l\u00e8ve \u00e0 2,4 milliards de francs, soit le quart du budget cantonal.\u00a0 Comme soulign\u00e9 par les auteurs de la motion, il s\u2019agit d\u2019une proposition minimale et il est extr\u00eamement important que chaque citoyen et chaque citoyenne sachent comment l\u2019argent public est utilis\u00e9.<\/p>\n<p><strong>Pierre-Yves Oppikofer<\/strong>. Article publi\u00e9 dans le n\u00ba 246 du bimensuel <a href=\"http:\/\/www.solidarites.ch\/journal\" target=\"_blank\" rel=\"noopener noreferrer\">solidarit\u00e9S<\/a><\/p>\n","protected":false},"excerpt":{"rendered":"<p>Le syndicat du personnel des transports SEV s\u2019est oppos\u00e9 aux mesures d\u2019\u00e9conomie dict\u00e9es par l\u2019Office f\u00e9d\u00e9ral des transports (OFT). Celui-ci a exig\u00e9 une diminution des charges des entreprises de transports publics subventionn\u00e9es de 2,5\u2009% en 2014 et de 1% en 2015. Les employeurs se sont empress\u00e9s de demander aux employ\u00e9s de renoncer aux hausses de &hellip; <a href=\"https:\/\/solidarites.ch\/vaud\/2014\/04\/08\/pour-la-transparence-des-remunerations-dans-le-secteur-subventionne-vaudois\/\">Continued<\/a><\/p>\n","protected":false},"author":1,"featured_media":1186,"comment_status":"closed","ping_status":"closed","sticky":false,"template":"","format":"standard","meta":{"_acf_changed":false,"_monsterinsights_skip_tracking":false,"_monsterinsights_sitenote_active":false,"_monsterinsights_sitenote_note":"","_monsterinsights_sitenote_category":0,"footnotes":""},"tx_journal_display":[],"class_list":["post-337","post","type-post","status-publish","format-standard","has-post-thumbnail","hentry","tx_journal_sections-grand-conseil","tx_journal_sections-travail","tx_journal_sections-vaud"],"acf":[],"yoast_head":"<!-- This site is optimized with the Yoast SEO plugin v27.5 - https:\/\/yoast.com\/product\/yoast-seo-wordpress\/ -->\n<title>Pour la transparence des r\u00e9mun\u00e9rations dans le secteur subventionn\u00e9 vaudois &#8211; solidarit\u00e9S Vaud<\/title>\n<meta name=\"robots\" content=\"index, follow, max-snippet:-1, max-image-preview:large, max-video-preview:-1\" \/>\n<link rel=\"canonical\" href=\"https:\/\/solidarites.ch\/vaud\/2014\/04\/08\/pour-la-transparence-des-remunerations-dans-le-secteur-subventionne-vaudois\/\" \/>\n<meta property=\"og:locale\" content=\"fr_FR\" \/>\n<meta property=\"og:type\" content=\"article\" \/>\n<meta property=\"og:title\" content=\"Pour la transparence des r\u00e9mun\u00e9rations dans le secteur subventionn\u00e9 vaudois &#8211; solidarit\u00e9S Vaud\" \/>\n<meta property=\"og:description\" content=\"Le syndicat du personnel des transports SEV s\u2019est oppos\u00e9 aux mesures d\u2019\u00e9conomie dict\u00e9es par l\u2019Office f\u00e9d\u00e9ral des transports (OFT). Celui-ci a exig\u00e9 une diminution des charges des entreprises de transports publics subventionn\u00e9es de 2,5\u2009% en 2014 et de 1% en 2015. Les employeurs se sont empress\u00e9s de demander aux employ\u00e9s de renoncer aux hausses de &hellip; Continued\" \/>\n<meta property=\"og:url\" content=\"https:\/\/solidarites.ch\/vaud\/2014\/04\/08\/pour-la-transparence-des-remunerations-dans-le-secteur-subventionne-vaudois\/\" \/>\n<meta property=\"og:site_name\" content=\"solidarit\u00e9S Vaud\" \/>\n<meta property=\"article:publisher\" content=\"https:\/\/www.facebook.com\/solidarites.vaud\/\" \/>\n<meta property=\"article:published_time\" content=\"2014-04-08T06:03:02+00:00\" \/>\n<meta property=\"article:modified_time\" content=\"2019-12-12T15:22:05+00:00\" \/>\n<meta property=\"og:image\" content=\"https:\/\/solidarites.ch\/vaud\/wp-content\/uploads\/sites\/3\/2019\/12\/chateau_st_maire.jpg\" \/>\n\t<meta property=\"og:image:width\" content=\"490\" \/>\n\t<meta property=\"og:image:height\" content=\"368\" \/>\n\t<meta property=\"og:image:type\" content=\"image\/jpeg\" \/>\n<meta name=\"author\" content=\"fab\" \/>\n<meta name=\"twitter:card\" content=\"summary_large_image\" \/>\n<meta name=\"twitter:creator\" content=\"@solidariteSvaud\" \/>\n<meta name=\"twitter:site\" content=\"@solidariteSvaud\" \/>\n<meta name=\"twitter:label1\" content=\"\u00c9crit par\" \/>\n\t<meta name=\"twitter:data1\" content=\"fab\" \/>\n\t<meta name=\"twitter:label2\" content=\"Dur\u00e9e de lecture estim\u00e9e\" \/>\n\t<meta name=\"twitter:data2\" content=\"4 minutes\" \/>\n<script type=\"application\/ld+json\" class=\"yoast-schema-graph\">{\"@context\":\"https:\\\/\\\/schema.org\",\"@graph\":[{\"@type\":\"Article\",\"@id\":\"https:\\\/\\\/solidarites.ch\\\/vaud\\\/2014\\\/04\\\/08\\\/pour-la-transparence-des-remunerations-dans-le-secteur-subventionne-vaudois\\\/#article\",\"isPartOf\":{\"@id\":\"https:\\\/\\\/solidarites.ch\\\/vaud\\\/2014\\\/04\\\/08\\\/pour-la-transparence-des-remunerations-dans-le-secteur-subventionne-vaudois\\\/\"},\"author\":{\"name\":\"fab\",\"@id\":\"https:\\\/\\\/solidarites.ch\\\/vaud\\\/#\\\/schema\\\/person\\\/1fe04f9721c8856b07477d286db23d9d\"},\"headline\":\"Pour la transparence des r\u00e9mun\u00e9rations dans le secteur subventionn\u00e9 vaudois\",\"datePublished\":\"2014-04-08T06:03:02+00:00\",\"dateModified\":\"2019-12-12T15:22:05+00:00\",\"mainEntityOfPage\":{\"@id\":\"https:\\\/\\\/solidarites.ch\\\/vaud\\\/2014\\\/04\\\/08\\\/pour-la-transparence-des-remunerations-dans-le-secteur-subventionne-vaudois\\\/\"},\"wordCount\":774,\"publisher\":{\"@id\":\"https:\\\/\\\/solidarites.ch\\\/vaud\\\/#organization\"},\"image\":{\"@id\":\"https:\\\/\\\/solidarites.ch\\\/vaud\\\/2014\\\/04\\\/08\\\/pour-la-transparence-des-remunerations-dans-le-secteur-subventionne-vaudois\\\/#primaryimage\"},\"thumbnailUrl\":\"https:\\\/\\\/solidarites.ch\\\/vaud\\\/wp-content\\\/uploads\\\/sites\\\/3\\\/2019\\\/12\\\/chateau_st_maire.jpg\",\"inLanguage\":\"fr-FR\"},{\"@type\":\"WebPage\",\"@id\":\"https:\\\/\\\/solidarites.ch\\\/vaud\\\/2014\\\/04\\\/08\\\/pour-la-transparence-des-remunerations-dans-le-secteur-subventionne-vaudois\\\/\",\"url\":\"https:\\\/\\\/solidarites.ch\\\/vaud\\\/2014\\\/04\\\/08\\\/pour-la-transparence-des-remunerations-dans-le-secteur-subventionne-vaudois\\\/\",\"name\":\"Pour la transparence des r\u00e9mun\u00e9rations dans le secteur subventionn\u00e9 vaudois &#8211; solidarit\u00e9S Vaud\",\"isPartOf\":{\"@id\":\"https:\\\/\\\/solidarites.ch\\\/vaud\\\/#website\"},\"primaryImageOfPage\":{\"@id\":\"https:\\\/\\\/solidarites.ch\\\/vaud\\\/2014\\\/04\\\/08\\\/pour-la-transparence-des-remunerations-dans-le-secteur-subventionne-vaudois\\\/#primaryimage\"},\"image\":{\"@id\":\"https:\\\/\\\/solidarites.ch\\\/vaud\\\/2014\\\/04\\\/08\\\/pour-la-transparence-des-remunerations-dans-le-secteur-subventionne-vaudois\\\/#primaryimage\"},\"thumbnailUrl\":\"https:\\\/\\\/solidarites.ch\\\/vaud\\\/wp-content\\\/uploads\\\/sites\\\/3\\\/2019\\\/12\\\/chateau_st_maire.jpg\",\"datePublished\":\"2014-04-08T06:03:02+00:00\",\"dateModified\":\"2019-12-12T15:22:05+00:00\",\"breadcrumb\":{\"@id\":\"https:\\\/\\\/solidarites.ch\\\/vaud\\\/2014\\\/04\\\/08\\\/pour-la-transparence-des-remunerations-dans-le-secteur-subventionne-vaudois\\\/#breadcrumb\"},\"inLanguage\":\"fr-FR\",\"potentialAction\":[{\"@type\":\"ReadAction\",\"target\":[\"https:\\\/\\\/solidarites.ch\\\/vaud\\\/2014\\\/04\\\/08\\\/pour-la-transparence-des-remunerations-dans-le-secteur-subventionne-vaudois\\\/\"]}]},{\"@type\":\"ImageObject\",\"inLanguage\":\"fr-FR\",\"@id\":\"https:\\\/\\\/solidarites.ch\\\/vaud\\\/2014\\\/04\\\/08\\\/pour-la-transparence-des-remunerations-dans-le-secteur-subventionne-vaudois\\\/#primaryimage\",\"url\":\"https:\\\/\\\/solidarites.ch\\\/vaud\\\/wp-content\\\/uploads\\\/sites\\\/3\\\/2019\\\/12\\\/chateau_st_maire.jpg\",\"contentUrl\":\"https:\\\/\\\/solidarites.ch\\\/vaud\\\/wp-content\\\/uploads\\\/sites\\\/3\\\/2019\\\/12\\\/chateau_st_maire.jpg\",\"width\":490,\"height\":368},{\"@type\":\"BreadcrumbList\",\"@id\":\"https:\\\/\\\/solidarites.ch\\\/vaud\\\/2014\\\/04\\\/08\\\/pour-la-transparence-des-remunerations-dans-le-secteur-subventionne-vaudois\\\/#breadcrumb\",\"itemListElement\":[{\"@type\":\"ListItem\",\"position\":1,\"name\":\"Accueil\",\"item\":\"https:\\\/\\\/solidarites.ch\\\/vaud\\\/\"},{\"@type\":\"ListItem\",\"position\":2,\"name\":\"Pour la transparence des r\u00e9mun\u00e9rations dans le secteur subventionn\u00e9 vaudois\"}]},{\"@type\":\"WebSite\",\"@id\":\"https:\\\/\\\/solidarites.ch\\\/vaud\\\/#website\",\"url\":\"https:\\\/\\\/solidarites.ch\\\/vaud\\\/\",\"name\":\"solidarit\u00e9S Vaud\",\"description\":\"Un mouvement &lt;br&gt;anticapitaliste, &lt;br&gt;f\u00e9ministe, &lt;br&gt;\u00e9cosocialiste et &lt;br&gt; antiraciste\",\"publisher\":{\"@id\":\"https:\\\/\\\/solidarites.ch\\\/vaud\\\/#organization\"},\"potentialAction\":[{\"@type\":\"SearchAction\",\"target\":{\"@type\":\"EntryPoint\",\"urlTemplate\":\"https:\\\/\\\/solidarites.ch\\\/vaud\\\/?s={search_term_string}\"},\"query-input\":{\"@type\":\"PropertyValueSpecification\",\"valueRequired\":true,\"valueName\":\"search_term_string\"}}],\"inLanguage\":\"fr-FR\"},{\"@type\":\"Organization\",\"@id\":\"https:\\\/\\\/solidarites.ch\\\/vaud\\\/#organization\",\"name\":\"solidarit\u00e9S Vaud\",\"url\":\"https:\\\/\\\/solidarites.ch\\\/vaud\\\/\",\"logo\":{\"@type\":\"ImageObject\",\"inLanguage\":\"fr-FR\",\"@id\":\"https:\\\/\\\/solidarites.ch\\\/vaud\\\/#\\\/schema\\\/logo\\\/image\\\/\",\"url\":\"https:\\\/\\\/solidarites.ch\\\/vaud\\\/wp-content\\\/uploads\\\/sites\\\/3\\\/2020\\\/01\\\/sol_VD_Pos_RVB.png\",\"contentUrl\":\"https:\\\/\\\/solidarites.ch\\\/vaud\\\/wp-content\\\/uploads\\\/sites\\\/3\\\/2020\\\/01\\\/sol_VD_Pos_RVB.png\",\"width\":1024,\"height\":409,\"caption\":\"solidarit\u00e9S Vaud\"},\"image\":{\"@id\":\"https:\\\/\\\/solidarites.ch\\\/vaud\\\/#\\\/schema\\\/logo\\\/image\\\/\"},\"sameAs\":[\"https:\\\/\\\/www.facebook.com\\\/solidarites.vaud\\\/\",\"https:\\\/\\\/x.com\\\/solidariteSvaud\",\"https:\\\/\\\/www.instagram.com\\\/solidarites_vaud\\\/\",\"https:\\\/\\\/www.youtube.com\\\/channel\\\/UCL1HKEFgISBtzQgDAlQKKIA\"]},{\"@type\":\"Person\",\"@id\":\"https:\\\/\\\/solidarites.ch\\\/vaud\\\/#\\\/schema\\\/person\\\/1fe04f9721c8856b07477d286db23d9d\",\"name\":\"fab\",\"image\":{\"@type\":\"ImageObject\",\"inLanguage\":\"fr-FR\",\"@id\":\"https:\\\/\\\/secure.gravatar.com\\\/avatar\\\/2dd55d128632d654ffcdaedc06aabab9d9cf66a3a6a535b5ca207e20dcd43c69?s=96&d=mm&r=g\",\"url\":\"https:\\\/\\\/secure.gravatar.com\\\/avatar\\\/2dd55d128632d654ffcdaedc06aabab9d9cf66a3a6a535b5ca207e20dcd43c69?s=96&d=mm&r=g\",\"contentUrl\":\"https:\\\/\\\/secure.gravatar.com\\\/avatar\\\/2dd55d128632d654ffcdaedc06aabab9d9cf66a3a6a535b5ca207e20dcd43c69?s=96&d=mm&r=g\",\"caption\":\"fab\"},\"url\":\"https:\\\/\\\/solidarites.ch\\\/vaud\\\/author\\\/fab\\\/\"}]}<\/script>\n<!-- \/ Yoast SEO plugin. -->","yoast_head_json":{"title":"Pour la transparence des r\u00e9mun\u00e9rations dans le secteur subventionn\u00e9 vaudois &#8211; solidarit\u00e9S Vaud","robots":{"index":"index","follow":"follow","max-snippet":"max-snippet:-1","max-image-preview":"max-image-preview:large","max-video-preview":"max-video-preview:-1"},"canonical":"https:\/\/solidarites.ch\/vaud\/2014\/04\/08\/pour-la-transparence-des-remunerations-dans-le-secteur-subventionne-vaudois\/","og_locale":"fr_FR","og_type":"article","og_title":"Pour la transparence des r\u00e9mun\u00e9rations dans le secteur subventionn\u00e9 vaudois &#8211; solidarit\u00e9S Vaud","og_description":"Le syndicat du personnel des transports SEV s\u2019est oppos\u00e9 aux mesures d\u2019\u00e9conomie dict\u00e9es par l\u2019Office f\u00e9d\u00e9ral des transports (OFT). Celui-ci a exig\u00e9 une diminution des charges des entreprises de transports publics subventionn\u00e9es de 2,5\u2009% en 2014 et de 1% en 2015. Les employeurs se sont empress\u00e9s de demander aux employ\u00e9s de renoncer aux hausses de &hellip; Continued","og_url":"https:\/\/solidarites.ch\/vaud\/2014\/04\/08\/pour-la-transparence-des-remunerations-dans-le-secteur-subventionne-vaudois\/","og_site_name":"solidarit\u00e9S Vaud","article_publisher":"https:\/\/www.facebook.com\/solidarites.vaud\/","article_published_time":"2014-04-08T06:03:02+00:00","article_modified_time":"2019-12-12T15:22:05+00:00","og_image":[{"width":490,"height":368,"url":"https:\/\/solidarites.ch\/vaud\/wp-content\/uploads\/sites\/3\/2019\/12\/chateau_st_maire.jpg","type":"image\/jpeg"}],"author":"fab","twitter_card":"summary_large_image","twitter_creator":"@solidariteSvaud","twitter_site":"@solidariteSvaud","twitter_misc":{"\u00c9crit par":"fab","Dur\u00e9e de lecture estim\u00e9e":"4 minutes"},"schema":{"@context":"https:\/\/schema.org","@graph":[{"@type":"Article","@id":"https:\/\/solidarites.ch\/vaud\/2014\/04\/08\/pour-la-transparence-des-remunerations-dans-le-secteur-subventionne-vaudois\/#article","isPartOf":{"@id":"https:\/\/solidarites.ch\/vaud\/2014\/04\/08\/pour-la-transparence-des-remunerations-dans-le-secteur-subventionne-vaudois\/"},"author":{"name":"fab","@id":"https:\/\/solidarites.ch\/vaud\/#\/schema\/person\/1fe04f9721c8856b07477d286db23d9d"},"headline":"Pour la transparence des r\u00e9mun\u00e9rations dans le secteur subventionn\u00e9 vaudois","datePublished":"2014-04-08T06:03:02+00:00","dateModified":"2019-12-12T15:22:05+00:00","mainEntityOfPage":{"@id":"https:\/\/solidarites.ch\/vaud\/2014\/04\/08\/pour-la-transparence-des-remunerations-dans-le-secteur-subventionne-vaudois\/"},"wordCount":774,"publisher":{"@id":"https:\/\/solidarites.ch\/vaud\/#organization"},"image":{"@id":"https:\/\/solidarites.ch\/vaud\/2014\/04\/08\/pour-la-transparence-des-remunerations-dans-le-secteur-subventionne-vaudois\/#primaryimage"},"thumbnailUrl":"https:\/\/solidarites.ch\/vaud\/wp-content\/uploads\/sites\/3\/2019\/12\/chateau_st_maire.jpg","inLanguage":"fr-FR"},{"@type":"WebPage","@id":"https:\/\/solidarites.ch\/vaud\/2014\/04\/08\/pour-la-transparence-des-remunerations-dans-le-secteur-subventionne-vaudois\/","url":"https:\/\/solidarites.ch\/vaud\/2014\/04\/08\/pour-la-transparence-des-remunerations-dans-le-secteur-subventionne-vaudois\/","name":"Pour la transparence des r\u00e9mun\u00e9rations dans le secteur subventionn\u00e9 vaudois &#8211; solidarit\u00e9S Vaud","isPartOf":{"@id":"https:\/\/solidarites.ch\/vaud\/#website"},"primaryImageOfPage":{"@id":"https:\/\/solidarites.ch\/vaud\/2014\/04\/08\/pour-la-transparence-des-remunerations-dans-le-secteur-subventionne-vaudois\/#primaryimage"},"image":{"@id":"https:\/\/solidarites.ch\/vaud\/2014\/04\/08\/pour-la-transparence-des-remunerations-dans-le-secteur-subventionne-vaudois\/#primaryimage"},"thumbnailUrl":"https:\/\/solidarites.ch\/vaud\/wp-content\/uploads\/sites\/3\/2019\/12\/chateau_st_maire.jpg","datePublished":"2014-04-08T06:03:02+00:00","dateModified":"2019-12-12T15:22:05+00:00","breadcrumb":{"@id":"https:\/\/solidarites.ch\/vaud\/2014\/04\/08\/pour-la-transparence-des-remunerations-dans-le-secteur-subventionne-vaudois\/#breadcrumb"},"inLanguage":"fr-FR","potentialAction":[{"@type":"ReadAction","target":["https:\/\/solidarites.ch\/vaud\/2014\/04\/08\/pour-la-transparence-des-remunerations-dans-le-secteur-subventionne-vaudois\/"]}]},{"@type":"ImageObject","inLanguage":"fr-FR","@id":"https:\/\/solidarites.ch\/vaud\/2014\/04\/08\/pour-la-transparence-des-remunerations-dans-le-secteur-subventionne-vaudois\/#primaryimage","url":"https:\/\/solidarites.ch\/vaud\/wp-content\/uploads\/sites\/3\/2019\/12\/chateau_st_maire.jpg","contentUrl":"https:\/\/solidarites.ch\/vaud\/wp-content\/uploads\/sites\/3\/2019\/12\/chateau_st_maire.jpg","width":490,"height":368},{"@type":"BreadcrumbList","@id":"https:\/\/solidarites.ch\/vaud\/2014\/04\/08\/pour-la-transparence-des-remunerations-dans-le-secteur-subventionne-vaudois\/#breadcrumb","itemListElement":[{"@type":"ListItem","position":1,"name":"Accueil","item":"https:\/\/solidarites.ch\/vaud\/"},{"@type":"ListItem","position":2,"name":"Pour la transparence des r\u00e9mun\u00e9rations dans le secteur subventionn\u00e9 vaudois"}]},{"@type":"WebSite","@id":"https:\/\/solidarites.ch\/vaud\/#website","url":"https:\/\/solidarites.ch\/vaud\/","name":"solidarit\u00e9S Vaud","description":"Un mouvement &lt;br&gt;anticapitaliste, &lt;br&gt;f\u00e9ministe, &lt;br&gt;\u00e9cosocialiste et &lt;br&gt; antiraciste","publisher":{"@id":"https:\/\/solidarites.ch\/vaud\/#organization"},"potentialAction":[{"@type":"SearchAction","target":{"@type":"EntryPoint","urlTemplate":"https:\/\/solidarites.ch\/vaud\/?s={search_term_string}"},"query-input":{"@type":"PropertyValueSpecification","valueRequired":true,"valueName":"search_term_string"}}],"inLanguage":"fr-FR"},{"@type":"Organization","@id":"https:\/\/solidarites.ch\/vaud\/#organization","name":"solidarit\u00e9S Vaud","url":"https:\/\/solidarites.ch\/vaud\/","logo":{"@type":"ImageObject","inLanguage":"fr-FR","@id":"https:\/\/solidarites.ch\/vaud\/#\/schema\/logo\/image\/","url":"https:\/\/solidarites.ch\/vaud\/wp-content\/uploads\/sites\/3\/2020\/01\/sol_VD_Pos_RVB.png","contentUrl":"https:\/\/solidarites.ch\/vaud\/wp-content\/uploads\/sites\/3\/2020\/01\/sol_VD_Pos_RVB.png","width":1024,"height":409,"caption":"solidarit\u00e9S Vaud"},"image":{"@id":"https:\/\/solidarites.ch\/vaud\/#\/schema\/logo\/image\/"},"sameAs":["https:\/\/www.facebook.com\/solidarites.vaud\/","https:\/\/x.com\/solidariteSvaud","https:\/\/www.instagram.com\/solidarites_vaud\/","https:\/\/www.youtube.com\/channel\/UCL1HKEFgISBtzQgDAlQKKIA"]},{"@type":"Person","@id":"https:\/\/solidarites.ch\/vaud\/#\/schema\/person\/1fe04f9721c8856b07477d286db23d9d","name":"fab","image":{"@type":"ImageObject","inLanguage":"fr-FR","@id":"https:\/\/secure.gravatar.com\/avatar\/2dd55d128632d654ffcdaedc06aabab9d9cf66a3a6a535b5ca207e20dcd43c69?s=96&d=mm&r=g","url":"https:\/\/secure.gravatar.com\/avatar\/2dd55d128632d654ffcdaedc06aabab9d9cf66a3a6a535b5ca207e20dcd43c69?s=96&d=mm&r=g","contentUrl":"https:\/\/secure.gravatar.com\/avatar\/2dd55d128632d654ffcdaedc06aabab9d9cf66a3a6a535b5ca207e20dcd43c69?s=96&d=mm&r=g","caption":"fab"},"url":"https:\/\/solidarites.ch\/vaud\/author\/fab\/"}]}},"distributor_meta":false,"distributor_terms":false,"distributor_media":false,"distributor_original_site_name":"solidarit\u00e9S Vaud","distributor_original_site_url":"https:\/\/solidarites.ch\/vaud","push-errors":false,"_links":{"self":[{"href":"https:\/\/solidarites.ch\/vaud\/wp-json\/wp\/v2\/posts\/337","targetHints":{"allow":["GET"]}}],"collection":[{"href":"https:\/\/solidarites.ch\/vaud\/wp-json\/wp\/v2\/posts"}],"about":[{"href":"https:\/\/solidarites.ch\/vaud\/wp-json\/wp\/v2\/types\/post"}],"author":[{"embeddable":true,"href":"https:\/\/solidarites.ch\/vaud\/wp-json\/wp\/v2\/users\/1"}],"replies":[{"embeddable":true,"href":"https:\/\/solidarites.ch\/vaud\/wp-json\/wp\/v2\/comments?post=337"}],"version-history":[{"count":1,"href":"https:\/\/solidarites.ch\/vaud\/wp-json\/wp\/v2\/posts\/337\/revisions"}],"predecessor-version":[{"id":1187,"href":"https:\/\/solidarites.ch\/vaud\/wp-json\/wp\/v2\/posts\/337\/revisions\/1187"}],"wp:featuredmedia":[{"embeddable":true,"href":"https:\/\/solidarites.ch\/vaud\/wp-json\/wp\/v2\/media\/1186"}],"wp:attachment":[{"href":"https:\/\/solidarites.ch\/vaud\/wp-json\/wp\/v2\/media?parent=337"}],"wp:term":[{"taxonomy":"tx_journal_display","embeddable":true,"href":"https:\/\/solidarites.ch\/vaud\/wp-json\/wp\/v2\/tx_journal_display?post=337"}],"curies":[{"name":"wp","href":"https:\/\/api.w.org\/{rel}","templated":true}]}}