{"id":346,"date":"2014-06-20T10:02:26","date_gmt":"2014-06-20T08:02:26","guid":{"rendered":"http:\/\/wonder.solidarites.ch\/vaud\/2014\/06\/20\/dealers-de-rue-a-lausanne-la-politique-repressive-de-la-municipalite-dans-limpasse\/"},"modified":"2019-12-12T16:22:11","modified_gmt":"2019-12-12T15:22:11","slug":"dealers-de-rue-a-lausanne-la-politique-repressive-de-la-municipalite-dans-limpasse","status":"publish","type":"post","link":"https:\/\/solidarites.ch\/vaud\/2014\/06\/20\/dealers-de-rue-a-lausanne-la-politique-repressive-de-la-municipalite-dans-limpasse\/","title":{"rendered":"Dealers de rue \u00e0 Lausanne: La&#160;politique r\u00e9pressive de la Municipalit\u00e9 dans l\u2019impasse"},"content":{"rendered":"<p><img loading=\"lazy\" decoding=\"async\" src=\"http:\/\/solidarites.ch\/vaud\/wp-content\/uploads\/sites\/3\/2019\/12\/toxico_085153_H42APR_0.jpg\" alt=\"\" title=\"Toxicomane\" width=\"450\" height=\"300\" class=\"aligncenter size-full wp-image-1064\" \/><\/p>\n<p><strong>Il y a deux ans, le syndic de Lausanne, Daniel Br\u00e9laz (Les Verts) annon\u00e7ait avec fracas que la Municipalit\u00e9 parviendrait \u00e0 bouter les dealers hors des rues lausannoises. La politique s\u00e9curitaire mise en place depuis par le directeur de la s\u00e9curit\u00e9 publique, Gr\u00e9goire Junod (Parti socialiste), visant essentiellement \u00e0 r\u00e9primer les petits vendeurs de stup\u00e9fiants, n\u2019a eu pour effet que de d\u00e9placer de quelques p\u00e2t\u00e9s de maison le trafic de rue. <\/strong><\/p>\n<p>L\u2019accroissement des interpellations de dealers n\u2019a pas d\u00e9courag\u00e9 les victimes de la mis\u00e8re internationale qui s\u2019adonnent \u00e0 ce genre de commerce pour survivre et encore moins r\u00e9ussi \u00e0 d\u00e9jouer les fili\u00e8res du trafic de stup\u00e9fiants \u00e0 grande \u00e9chelle. En outre, la consommation n\u2019a pas faibli et le gros de la consommation n\u2019est pas celle des toxico-\u00add\u00e9\u00adpen\u00addant\u00b7e\u00b7s, mais celle des consommateurs festifs, notamment dans la Vall\u00e9e du Flon, haut lieu des c\u00e9l\u00e8bres nuits lausannoises.<br \/>\n<!--more--><br \/>\n<strong>Une r\u00e9pression n\u00e9faste<\/strong><\/p>\n<p>Outre, le relatif insucc\u00e8s de la politique s\u00e9curitaire de la Ville s\u2019agissant de la r\u00e9duction du trafic de stup\u00e9fiants, il convient aussi de souligner ses effets n\u00e9fastes en terme de sant\u00e9 publique. Le retour au tout r\u00e9pressif se fait au d\u00e9triment de la politique de r\u00e9duction des risques et d\u2019aide \u00e0 la survie. La r\u00e9pression contre les dealers de rue a des effets n\u00e9fastes sur les conditions d\u2019existence des personnes toxicod\u00e9pendantes, et principalement celles d\u2019entre eux\u00b7elles qui se trouvent sans domicile fixe (probablement une centaine de personnes \u00e0 Lausanne). La traque polici\u00e8re entra\u00eene \u00e0 son tour un regain d\u2019attitudes violentes de la part des dealers de rues qui luttent pour assurer leurs besoins vitaux. A plusieurs reprises, le \u00ab\u2009Distribus\u2009\u00bb de la Fondation A Bas Seuil (subventionn\u00e9e par la Ville et le canton de Vaud) a d\u00fb suspendre ses activit\u00e9s en raison de la pression polici\u00e8re sur les dealers de rue qui pensaient que les distributeurs de seringues gratuites \u00e9taient des indicateurs de la police.  En cons\u00e9quence, la pr\u00e9carit\u00e9 des personnes toxicod\u00e9pendantes a augment\u00e9. Si celles-ci n\u2019ont plus acc\u00e8s aux distributions de seringues st\u00e9riles et gratuites, le risque d\u2019\u00eatre infect\u00e9 par des maladies graves telles l\u2019h\u00e9patite et le virus VIH s\u2019aggrave d\u2019autant plus. De m\u00eame, la dispersion des lieux de consommation entra\u00een\u00e9e par la chasse aux dealers de rues augmente le risque d\u2019abandon du mat\u00e9riel d\u2019injection utilis\u00e9 dans toutes sorte de lieux publics avec tous les risques que cela comporte pour la population. <\/p>\n<p><strong>Changer de politique<\/strong><\/p>\n<p>L\u2019\u00e9chec, par ailleurs co\u00fbteux sur le plan de la r\u00e9pression, se double donc d\u2019une politique incoh\u00e9rente en mani\u00e8re de r\u00e9duction des risques. C\u2019est en partie sur la base de ce constat, que la conseiller municipal Oscar Tosato (Parti socialiste), directeur de \u00ab\u2009l\u2019enfance, jeunesse et coh\u00e9sion sociale\u2009\u00bb vient d\u2019annoncer publiquement le 14\u00a0juin que la mise sur pied d\u2019un local d\u2019infection et distribution contr\u00f4l\u00e9e d\u2019h\u00e9ro\u00efne aux personnes toxicod\u00e9pendantes (tels qu\u2019il en existe dans un quinzaine de villes en Suisse) doit revenir \u00e0 l\u2019ordre du jour en d\u00e9pit de l\u2019\u00e9chec en votation populaire d\u2019un projet de cet ordre en 2007. <\/p>\n<p>La politique f\u00e9d\u00e9rale en mati\u00e8re de drogue repose sur la \u00ab\u2009pr\u00e9vention\u2009\u00bb, la \u00ab\u2009th\u00e9rapie et la r\u00e9insertion\u2009\u00bb, la \u00ab\u2009r\u00e9duction des risques et l\u2019aide \u00e0 la survie\u2009\u00bb ainsi que sur le \u00ab\u2009contr\u00f4le et la r\u00e9pression\u2009\u00bb. Emport\u00e9e par son id\u00e9ologie s\u00e9curitaire, la Municipalit\u00e9 de Lausanne a mis nettement la priorit\u00e9 sur le piler \u00ab\u2009contr\u00f4le et r\u00e9pression\u2009\u00bb. L\u2019annonce bienvenue du municipal Oscar Tosato sera-t-elle suffisante pour donner un nouveau tournant \u00e0 la politique municipale lausannoise\u2009? Rien n\u2019est moins certain sans une puissante r\u00e9flexion publique sur la politique prohibitionniste en mati\u00e8re de drogue. Comme le constate la Commission mondiale sur la politique des drogues, la guerre men\u00e9e depuis cinquante ans a \u00e9chou\u00e9\u2009: la consommation n\u2019a pas baiss\u00e9 et le pouvoir du crime organis\u00e9 n\u2019a pas diminu\u00e9.  Au-del\u00e0 de l\u2019exp\u00e9rience indispensable de la distribution contr\u00f4l\u00e9e d\u2019h\u00e9ro\u00efne dans un local d\u2019injection destin\u00e9e \u00e0 r\u00e9duire les risques pour la sant\u00e9 des personnes toxicod\u00e9pendantes et de leur entourage, se pose la question d\u2019un changement radical de la politique en mati\u00e8re de drogue.<\/p>\n<p><strong>Pierre-Yves Oppikofer<\/strong>, article tir\u00e9 du n\u00ba 205 du bimensuel <a href=\"http:\/\/www.solidarites.ch\/journal\" target=\"_blank\" rel=\"noopener noreferrer\">solidarit\u00e9S<\/a>. <a href=\"http:\/\/www.solidarites.ch\/journal\/d\/abonnements\" target=\"_blank\" rel=\"noopener noreferrer\">Abonnez-vous !<\/a>.<\/p>\n","protected":false},"excerpt":{"rendered":"<p>Il y a deux ans, le syndic de Lausanne, Daniel Br\u00e9laz (Les Verts) annon\u00e7ait avec fracas que la Municipalit\u00e9 parviendrait \u00e0 bouter les dealers hors des rues lausannoises. La politique s\u00e9curitaire mise en place depuis par le directeur de la s\u00e9curit\u00e9 publique, Gr\u00e9goire Junod (Parti socialiste), visant essentiellement \u00e0 r\u00e9primer les petits vendeurs de stup\u00e9fiants, &hellip; <a href=\"https:\/\/solidarites.ch\/vaud\/2014\/06\/20\/dealers-de-rue-a-lausanne-la-politique-repressive-de-la-municipalite-dans-limpasse\/\">Continued<\/a><\/p>\n","protected":false},"author":1,"featured_media":1207,"comment_status":"closed","ping_status":"closed","sticky":false,"template":"","format":"standard","meta":{"_acf_changed":false,"_monsterinsights_skip_tracking":false,"_monsterinsights_sitenote_active":false,"_monsterinsights_sitenote_note":"","_monsterinsights_sitenote_category":0,"footnotes":""},"tx_journal_display":[],"class_list":["post-346","post","type-post","status-publish","format-standard","has-post-thumbnail","hentry","tx_journal_sections-conseil-communal","tx_journal_sections-lausanne","tx_journal_sections-sante"],"acf":[],"yoast_head":"<!-- This site is optimized with the Yoast SEO plugin v27.5 - https:\/\/yoast.com\/product\/yoast-seo-wordpress\/ -->\n<title>Dealers de rue \u00e0 Lausanne: La&#160;politique r\u00e9pressive de la Municipalit\u00e9 dans l\u2019impasse &#8211; solidarit\u00e9S Vaud<\/title>\n<meta name=\"robots\" content=\"index, follow, max-snippet:-1, max-image-preview:large, max-video-preview:-1\" \/>\n<link rel=\"canonical\" href=\"https:\/\/solidarites.ch\/vaud\/2014\/06\/20\/dealers-de-rue-a-lausanne-la-politique-repressive-de-la-municipalite-dans-limpasse\/\" \/>\n<meta property=\"og:locale\" content=\"fr_FR\" \/>\n<meta property=\"og:type\" content=\"article\" \/>\n<meta property=\"og:title\" content=\"Dealers de rue \u00e0 Lausanne: La&#160;politique r\u00e9pressive de la Municipalit\u00e9 dans l\u2019impasse &#8211; solidarit\u00e9S Vaud\" \/>\n<meta property=\"og:description\" content=\"Il y a deux ans, le syndic de Lausanne, Daniel Br\u00e9laz (Les Verts) annon\u00e7ait avec fracas que la Municipalit\u00e9 parviendrait \u00e0 bouter les dealers hors des rues lausannoises. La politique s\u00e9curitaire mise en place depuis par le directeur de la s\u00e9curit\u00e9 publique, Gr\u00e9goire Junod (Parti socialiste), visant essentiellement \u00e0 r\u00e9primer les petits vendeurs de stup\u00e9fiants, &hellip; Continued\" \/>\n<meta property=\"og:url\" content=\"https:\/\/solidarites.ch\/vaud\/2014\/06\/20\/dealers-de-rue-a-lausanne-la-politique-repressive-de-la-municipalite-dans-limpasse\/\" \/>\n<meta property=\"og:site_name\" content=\"solidarit\u00e9S Vaud\" \/>\n<meta property=\"article:publisher\" content=\"https:\/\/www.facebook.com\/solidarites.vaud\/\" \/>\n<meta property=\"article:published_time\" content=\"2014-06-20T08:02:26+00:00\" \/>\n<meta property=\"article:modified_time\" content=\"2019-12-12T15:22:11+00:00\" \/>\n<meta property=\"og:image\" content=\"https:\/\/solidarites.ch\/vaud\/wp-content\/uploads\/sites\/3\/2019\/12\/toxico_085153_H42APR_0.jpg\" \/>\n\t<meta property=\"og:image:width\" content=\"450\" \/>\n\t<meta property=\"og:image:height\" content=\"300\" \/>\n\t<meta property=\"og:image:type\" content=\"image\/jpeg\" \/>\n<meta name=\"author\" content=\"fab\" \/>\n<meta name=\"twitter:card\" content=\"summary_large_image\" \/>\n<meta name=\"twitter:creator\" content=\"@solidariteSvaud\" \/>\n<meta name=\"twitter:site\" content=\"@solidariteSvaud\" \/>\n<meta name=\"twitter:label1\" content=\"\u00c9crit par\" \/>\n\t<meta name=\"twitter:data1\" content=\"fab\" \/>\n\t<meta name=\"twitter:label2\" content=\"Dur\u00e9e de lecture estim\u00e9e\" \/>\n\t<meta name=\"twitter:data2\" content=\"4 minutes\" \/>\n<script type=\"application\/ld+json\" class=\"yoast-schema-graph\">{\"@context\":\"https:\\\/\\\/schema.org\",\"@graph\":[{\"@type\":\"Article\",\"@id\":\"https:\\\/\\\/solidarites.ch\\\/vaud\\\/2014\\\/06\\\/20\\\/dealers-de-rue-a-lausanne-la-politique-repressive-de-la-municipalite-dans-limpasse\\\/#article\",\"isPartOf\":{\"@id\":\"https:\\\/\\\/solidarites.ch\\\/vaud\\\/2014\\\/06\\\/20\\\/dealers-de-rue-a-lausanne-la-politique-repressive-de-la-municipalite-dans-limpasse\\\/\"},\"author\":{\"name\":\"fab\",\"@id\":\"https:\\\/\\\/solidarites.ch\\\/vaud\\\/#\\\/schema\\\/person\\\/1fe04f9721c8856b07477d286db23d9d\"},\"headline\":\"Dealers de rue \u00e0 Lausanne: La&#160;politique r\u00e9pressive de la Municipalit\u00e9 dans l\u2019impasse\",\"datePublished\":\"2014-06-20T08:02:26+00:00\",\"dateModified\":\"2019-12-12T15:22:11+00:00\",\"mainEntityOfPage\":{\"@id\":\"https:\\\/\\\/solidarites.ch\\\/vaud\\\/2014\\\/06\\\/20\\\/dealers-de-rue-a-lausanne-la-politique-repressive-de-la-municipalite-dans-limpasse\\\/\"},\"wordCount\":794,\"publisher\":{\"@id\":\"https:\\\/\\\/solidarites.ch\\\/vaud\\\/#organization\"},\"image\":{\"@id\":\"https:\\\/\\\/solidarites.ch\\\/vaud\\\/2014\\\/06\\\/20\\\/dealers-de-rue-a-lausanne-la-politique-repressive-de-la-municipalite-dans-limpasse\\\/#primaryimage\"},\"thumbnailUrl\":\"https:\\\/\\\/solidarites.ch\\\/vaud\\\/wp-content\\\/uploads\\\/sites\\\/3\\\/2019\\\/12\\\/toxico_085153_H42APR_0.jpg\",\"inLanguage\":\"fr-FR\"},{\"@type\":\"WebPage\",\"@id\":\"https:\\\/\\\/solidarites.ch\\\/vaud\\\/2014\\\/06\\\/20\\\/dealers-de-rue-a-lausanne-la-politique-repressive-de-la-municipalite-dans-limpasse\\\/\",\"url\":\"https:\\\/\\\/solidarites.ch\\\/vaud\\\/2014\\\/06\\\/20\\\/dealers-de-rue-a-lausanne-la-politique-repressive-de-la-municipalite-dans-limpasse\\\/\",\"name\":\"Dealers de rue \u00e0 Lausanne: La&#160;politique r\u00e9pressive de la Municipalit\u00e9 dans l\u2019impasse &#8211; solidarit\u00e9S Vaud\",\"isPartOf\":{\"@id\":\"https:\\\/\\\/solidarites.ch\\\/vaud\\\/#website\"},\"primaryImageOfPage\":{\"@id\":\"https:\\\/\\\/solidarites.ch\\\/vaud\\\/2014\\\/06\\\/20\\\/dealers-de-rue-a-lausanne-la-politique-repressive-de-la-municipalite-dans-limpasse\\\/#primaryimage\"},\"image\":{\"@id\":\"https:\\\/\\\/solidarites.ch\\\/vaud\\\/2014\\\/06\\\/20\\\/dealers-de-rue-a-lausanne-la-politique-repressive-de-la-municipalite-dans-limpasse\\\/#primaryimage\"},\"thumbnailUrl\":\"https:\\\/\\\/solidarites.ch\\\/vaud\\\/wp-content\\\/uploads\\\/sites\\\/3\\\/2019\\\/12\\\/toxico_085153_H42APR_0.jpg\",\"datePublished\":\"2014-06-20T08:02:26+00:00\",\"dateModified\":\"2019-12-12T15:22:11+00:00\",\"breadcrumb\":{\"@id\":\"https:\\\/\\\/solidarites.ch\\\/vaud\\\/2014\\\/06\\\/20\\\/dealers-de-rue-a-lausanne-la-politique-repressive-de-la-municipalite-dans-limpasse\\\/#breadcrumb\"},\"inLanguage\":\"fr-FR\",\"potentialAction\":[{\"@type\":\"ReadAction\",\"target\":[\"https:\\\/\\\/solidarites.ch\\\/vaud\\\/2014\\\/06\\\/20\\\/dealers-de-rue-a-lausanne-la-politique-repressive-de-la-municipalite-dans-limpasse\\\/\"]}]},{\"@type\":\"ImageObject\",\"inLanguage\":\"fr-FR\",\"@id\":\"https:\\\/\\\/solidarites.ch\\\/vaud\\\/2014\\\/06\\\/20\\\/dealers-de-rue-a-lausanne-la-politique-repressive-de-la-municipalite-dans-limpasse\\\/#primaryimage\",\"url\":\"https:\\\/\\\/solidarites.ch\\\/vaud\\\/wp-content\\\/uploads\\\/sites\\\/3\\\/2019\\\/12\\\/toxico_085153_H42APR_0.jpg\",\"contentUrl\":\"https:\\\/\\\/solidarites.ch\\\/vaud\\\/wp-content\\\/uploads\\\/sites\\\/3\\\/2019\\\/12\\\/toxico_085153_H42APR_0.jpg\",\"width\":450,\"height\":300},{\"@type\":\"BreadcrumbList\",\"@id\":\"https:\\\/\\\/solidarites.ch\\\/vaud\\\/2014\\\/06\\\/20\\\/dealers-de-rue-a-lausanne-la-politique-repressive-de-la-municipalite-dans-limpasse\\\/#breadcrumb\",\"itemListElement\":[{\"@type\":\"ListItem\",\"position\":1,\"name\":\"Accueil\",\"item\":\"https:\\\/\\\/solidarites.ch\\\/vaud\\\/\"},{\"@type\":\"ListItem\",\"position\":2,\"name\":\"Dealers de rue \u00e0 Lausanne: La&#160;politique r\u00e9pressive de la Municipalit\u00e9 dans l\u2019impasse\"}]},{\"@type\":\"WebSite\",\"@id\":\"https:\\\/\\\/solidarites.ch\\\/vaud\\\/#website\",\"url\":\"https:\\\/\\\/solidarites.ch\\\/vaud\\\/\",\"name\":\"solidarit\u00e9S Vaud\",\"description\":\"Un mouvement &lt;br&gt;anticapitaliste, &lt;br&gt;f\u00e9ministe, &lt;br&gt;\u00e9cosocialiste et &lt;br&gt; antiraciste\",\"publisher\":{\"@id\":\"https:\\\/\\\/solidarites.ch\\\/vaud\\\/#organization\"},\"potentialAction\":[{\"@type\":\"SearchAction\",\"target\":{\"@type\":\"EntryPoint\",\"urlTemplate\":\"https:\\\/\\\/solidarites.ch\\\/vaud\\\/?s={search_term_string}\"},\"query-input\":{\"@type\":\"PropertyValueSpecification\",\"valueRequired\":true,\"valueName\":\"search_term_string\"}}],\"inLanguage\":\"fr-FR\"},{\"@type\":\"Organization\",\"@id\":\"https:\\\/\\\/solidarites.ch\\\/vaud\\\/#organization\",\"name\":\"solidarit\u00e9S Vaud\",\"url\":\"https:\\\/\\\/solidarites.ch\\\/vaud\\\/\",\"logo\":{\"@type\":\"ImageObject\",\"inLanguage\":\"fr-FR\",\"@id\":\"https:\\\/\\\/solidarites.ch\\\/vaud\\\/#\\\/schema\\\/logo\\\/image\\\/\",\"url\":\"https:\\\/\\\/solidarites.ch\\\/vaud\\\/wp-content\\\/uploads\\\/sites\\\/3\\\/2020\\\/01\\\/sol_VD_Pos_RVB.png\",\"contentUrl\":\"https:\\\/\\\/solidarites.ch\\\/vaud\\\/wp-content\\\/uploads\\\/sites\\\/3\\\/2020\\\/01\\\/sol_VD_Pos_RVB.png\",\"width\":1024,\"height\":409,\"caption\":\"solidarit\u00e9S Vaud\"},\"image\":{\"@id\":\"https:\\\/\\\/solidarites.ch\\\/vaud\\\/#\\\/schema\\\/logo\\\/image\\\/\"},\"sameAs\":[\"https:\\\/\\\/www.facebook.com\\\/solidarites.vaud\\\/\",\"https:\\\/\\\/x.com\\\/solidariteSvaud\",\"https:\\\/\\\/www.instagram.com\\\/solidarites_vaud\\\/\",\"https:\\\/\\\/www.youtube.com\\\/channel\\\/UCL1HKEFgISBtzQgDAlQKKIA\"]},{\"@type\":\"Person\",\"@id\":\"https:\\\/\\\/solidarites.ch\\\/vaud\\\/#\\\/schema\\\/person\\\/1fe04f9721c8856b07477d286db23d9d\",\"name\":\"fab\",\"image\":{\"@type\":\"ImageObject\",\"inLanguage\":\"fr-FR\",\"@id\":\"https:\\\/\\\/secure.gravatar.com\\\/avatar\\\/2dd55d128632d654ffcdaedc06aabab9d9cf66a3a6a535b5ca207e20dcd43c69?s=96&d=mm&r=g\",\"url\":\"https:\\\/\\\/secure.gravatar.com\\\/avatar\\\/2dd55d128632d654ffcdaedc06aabab9d9cf66a3a6a535b5ca207e20dcd43c69?s=96&d=mm&r=g\",\"contentUrl\":\"https:\\\/\\\/secure.gravatar.com\\\/avatar\\\/2dd55d128632d654ffcdaedc06aabab9d9cf66a3a6a535b5ca207e20dcd43c69?s=96&d=mm&r=g\",\"caption\":\"fab\"},\"url\":\"https:\\\/\\\/solidarites.ch\\\/vaud\\\/author\\\/fab\\\/\"}]}<\/script>\n<!-- \/ Yoast SEO plugin. -->","yoast_head_json":{"title":"Dealers de rue \u00e0 Lausanne: La&#160;politique r\u00e9pressive de la Municipalit\u00e9 dans l\u2019impasse &#8211; solidarit\u00e9S Vaud","robots":{"index":"index","follow":"follow","max-snippet":"max-snippet:-1","max-image-preview":"max-image-preview:large","max-video-preview":"max-video-preview:-1"},"canonical":"https:\/\/solidarites.ch\/vaud\/2014\/06\/20\/dealers-de-rue-a-lausanne-la-politique-repressive-de-la-municipalite-dans-limpasse\/","og_locale":"fr_FR","og_type":"article","og_title":"Dealers de rue \u00e0 Lausanne: La&#160;politique r\u00e9pressive de la Municipalit\u00e9 dans l\u2019impasse &#8211; solidarit\u00e9S Vaud","og_description":"Il y a deux ans, le syndic de Lausanne, Daniel Br\u00e9laz (Les Verts) annon\u00e7ait avec fracas que la Municipalit\u00e9 parviendrait \u00e0 bouter les dealers hors des rues lausannoises. La politique s\u00e9curitaire mise en place depuis par le directeur de la s\u00e9curit\u00e9 publique, Gr\u00e9goire Junod (Parti socialiste), visant essentiellement \u00e0 r\u00e9primer les petits vendeurs de stup\u00e9fiants, &hellip; Continued","og_url":"https:\/\/solidarites.ch\/vaud\/2014\/06\/20\/dealers-de-rue-a-lausanne-la-politique-repressive-de-la-municipalite-dans-limpasse\/","og_site_name":"solidarit\u00e9S Vaud","article_publisher":"https:\/\/www.facebook.com\/solidarites.vaud\/","article_published_time":"2014-06-20T08:02:26+00:00","article_modified_time":"2019-12-12T15:22:11+00:00","og_image":[{"width":450,"height":300,"url":"https:\/\/solidarites.ch\/vaud\/wp-content\/uploads\/sites\/3\/2019\/12\/toxico_085153_H42APR_0.jpg","type":"image\/jpeg"}],"author":"fab","twitter_card":"summary_large_image","twitter_creator":"@solidariteSvaud","twitter_site":"@solidariteSvaud","twitter_misc":{"\u00c9crit par":"fab","Dur\u00e9e de lecture estim\u00e9e":"4 minutes"},"schema":{"@context":"https:\/\/schema.org","@graph":[{"@type":"Article","@id":"https:\/\/solidarites.ch\/vaud\/2014\/06\/20\/dealers-de-rue-a-lausanne-la-politique-repressive-de-la-municipalite-dans-limpasse\/#article","isPartOf":{"@id":"https:\/\/solidarites.ch\/vaud\/2014\/06\/20\/dealers-de-rue-a-lausanne-la-politique-repressive-de-la-municipalite-dans-limpasse\/"},"author":{"name":"fab","@id":"https:\/\/solidarites.ch\/vaud\/#\/schema\/person\/1fe04f9721c8856b07477d286db23d9d"},"headline":"Dealers de rue \u00e0 Lausanne: La&#160;politique r\u00e9pressive de la Municipalit\u00e9 dans l\u2019impasse","datePublished":"2014-06-20T08:02:26+00:00","dateModified":"2019-12-12T15:22:11+00:00","mainEntityOfPage":{"@id":"https:\/\/solidarites.ch\/vaud\/2014\/06\/20\/dealers-de-rue-a-lausanne-la-politique-repressive-de-la-municipalite-dans-limpasse\/"},"wordCount":794,"publisher":{"@id":"https:\/\/solidarites.ch\/vaud\/#organization"},"image":{"@id":"https:\/\/solidarites.ch\/vaud\/2014\/06\/20\/dealers-de-rue-a-lausanne-la-politique-repressive-de-la-municipalite-dans-limpasse\/#primaryimage"},"thumbnailUrl":"https:\/\/solidarites.ch\/vaud\/wp-content\/uploads\/sites\/3\/2019\/12\/toxico_085153_H42APR_0.jpg","inLanguage":"fr-FR"},{"@type":"WebPage","@id":"https:\/\/solidarites.ch\/vaud\/2014\/06\/20\/dealers-de-rue-a-lausanne-la-politique-repressive-de-la-municipalite-dans-limpasse\/","url":"https:\/\/solidarites.ch\/vaud\/2014\/06\/20\/dealers-de-rue-a-lausanne-la-politique-repressive-de-la-municipalite-dans-limpasse\/","name":"Dealers de rue \u00e0 Lausanne: La&#160;politique r\u00e9pressive de la Municipalit\u00e9 dans l\u2019impasse &#8211; solidarit\u00e9S Vaud","isPartOf":{"@id":"https:\/\/solidarites.ch\/vaud\/#website"},"primaryImageOfPage":{"@id":"https:\/\/solidarites.ch\/vaud\/2014\/06\/20\/dealers-de-rue-a-lausanne-la-politique-repressive-de-la-municipalite-dans-limpasse\/#primaryimage"},"image":{"@id":"https:\/\/solidarites.ch\/vaud\/2014\/06\/20\/dealers-de-rue-a-lausanne-la-politique-repressive-de-la-municipalite-dans-limpasse\/#primaryimage"},"thumbnailUrl":"https:\/\/solidarites.ch\/vaud\/wp-content\/uploads\/sites\/3\/2019\/12\/toxico_085153_H42APR_0.jpg","datePublished":"2014-06-20T08:02:26+00:00","dateModified":"2019-12-12T15:22:11+00:00","breadcrumb":{"@id":"https:\/\/solidarites.ch\/vaud\/2014\/06\/20\/dealers-de-rue-a-lausanne-la-politique-repressive-de-la-municipalite-dans-limpasse\/#breadcrumb"},"inLanguage":"fr-FR","potentialAction":[{"@type":"ReadAction","target":["https:\/\/solidarites.ch\/vaud\/2014\/06\/20\/dealers-de-rue-a-lausanne-la-politique-repressive-de-la-municipalite-dans-limpasse\/"]}]},{"@type":"ImageObject","inLanguage":"fr-FR","@id":"https:\/\/solidarites.ch\/vaud\/2014\/06\/20\/dealers-de-rue-a-lausanne-la-politique-repressive-de-la-municipalite-dans-limpasse\/#primaryimage","url":"https:\/\/solidarites.ch\/vaud\/wp-content\/uploads\/sites\/3\/2019\/12\/toxico_085153_H42APR_0.jpg","contentUrl":"https:\/\/solidarites.ch\/vaud\/wp-content\/uploads\/sites\/3\/2019\/12\/toxico_085153_H42APR_0.jpg","width":450,"height":300},{"@type":"BreadcrumbList","@id":"https:\/\/solidarites.ch\/vaud\/2014\/06\/20\/dealers-de-rue-a-lausanne-la-politique-repressive-de-la-municipalite-dans-limpasse\/#breadcrumb","itemListElement":[{"@type":"ListItem","position":1,"name":"Accueil","item":"https:\/\/solidarites.ch\/vaud\/"},{"@type":"ListItem","position":2,"name":"Dealers de rue \u00e0 Lausanne: La&#160;politique r\u00e9pressive de la Municipalit\u00e9 dans l\u2019impasse"}]},{"@type":"WebSite","@id":"https:\/\/solidarites.ch\/vaud\/#website","url":"https:\/\/solidarites.ch\/vaud\/","name":"solidarit\u00e9S Vaud","description":"Un mouvement &lt;br&gt;anticapitaliste, &lt;br&gt;f\u00e9ministe, &lt;br&gt;\u00e9cosocialiste et &lt;br&gt; antiraciste","publisher":{"@id":"https:\/\/solidarites.ch\/vaud\/#organization"},"potentialAction":[{"@type":"SearchAction","target":{"@type":"EntryPoint","urlTemplate":"https:\/\/solidarites.ch\/vaud\/?s={search_term_string}"},"query-input":{"@type":"PropertyValueSpecification","valueRequired":true,"valueName":"search_term_string"}}],"inLanguage":"fr-FR"},{"@type":"Organization","@id":"https:\/\/solidarites.ch\/vaud\/#organization","name":"solidarit\u00e9S Vaud","url":"https:\/\/solidarites.ch\/vaud\/","logo":{"@type":"ImageObject","inLanguage":"fr-FR","@id":"https:\/\/solidarites.ch\/vaud\/#\/schema\/logo\/image\/","url":"https:\/\/solidarites.ch\/vaud\/wp-content\/uploads\/sites\/3\/2020\/01\/sol_VD_Pos_RVB.png","contentUrl":"https:\/\/solidarites.ch\/vaud\/wp-content\/uploads\/sites\/3\/2020\/01\/sol_VD_Pos_RVB.png","width":1024,"height":409,"caption":"solidarit\u00e9S Vaud"},"image":{"@id":"https:\/\/solidarites.ch\/vaud\/#\/schema\/logo\/image\/"},"sameAs":["https:\/\/www.facebook.com\/solidarites.vaud\/","https:\/\/x.com\/solidariteSvaud","https:\/\/www.instagram.com\/solidarites_vaud\/","https:\/\/www.youtube.com\/channel\/UCL1HKEFgISBtzQgDAlQKKIA"]},{"@type":"Person","@id":"https:\/\/solidarites.ch\/vaud\/#\/schema\/person\/1fe04f9721c8856b07477d286db23d9d","name":"fab","image":{"@type":"ImageObject","inLanguage":"fr-FR","@id":"https:\/\/secure.gravatar.com\/avatar\/2dd55d128632d654ffcdaedc06aabab9d9cf66a3a6a535b5ca207e20dcd43c69?s=96&d=mm&r=g","url":"https:\/\/secure.gravatar.com\/avatar\/2dd55d128632d654ffcdaedc06aabab9d9cf66a3a6a535b5ca207e20dcd43c69?s=96&d=mm&r=g","contentUrl":"https:\/\/secure.gravatar.com\/avatar\/2dd55d128632d654ffcdaedc06aabab9d9cf66a3a6a535b5ca207e20dcd43c69?s=96&d=mm&r=g","caption":"fab"},"url":"https:\/\/solidarites.ch\/vaud\/author\/fab\/"}]}},"distributor_meta":false,"distributor_terms":false,"distributor_media":false,"distributor_original_site_name":"solidarit\u00e9S Vaud","distributor_original_site_url":"https:\/\/solidarites.ch\/vaud","push-errors":false,"_links":{"self":[{"href":"https:\/\/solidarites.ch\/vaud\/wp-json\/wp\/v2\/posts\/346","targetHints":{"allow":["GET"]}}],"collection":[{"href":"https:\/\/solidarites.ch\/vaud\/wp-json\/wp\/v2\/posts"}],"about":[{"href":"https:\/\/solidarites.ch\/vaud\/wp-json\/wp\/v2\/types\/post"}],"author":[{"embeddable":true,"href":"https:\/\/solidarites.ch\/vaud\/wp-json\/wp\/v2\/users\/1"}],"replies":[{"embeddable":true,"href":"https:\/\/solidarites.ch\/vaud\/wp-json\/wp\/v2\/comments?post=346"}],"version-history":[{"count":1,"href":"https:\/\/solidarites.ch\/vaud\/wp-json\/wp\/v2\/posts\/346\/revisions"}],"predecessor-version":[{"id":1208,"href":"https:\/\/solidarites.ch\/vaud\/wp-json\/wp\/v2\/posts\/346\/revisions\/1208"}],"wp:featuredmedia":[{"embeddable":true,"href":"https:\/\/solidarites.ch\/vaud\/wp-json\/wp\/v2\/media\/1207"}],"wp:attachment":[{"href":"https:\/\/solidarites.ch\/vaud\/wp-json\/wp\/v2\/media?parent=346"}],"wp:term":[{"taxonomy":"tx_journal_display","embeddable":true,"href":"https:\/\/solidarites.ch\/vaud\/wp-json\/wp\/v2\/tx_journal_display?post=346"}],"curies":[{"name":"wp","href":"https:\/\/api.w.org\/{rel}","templated":true}]}}