{"id":443,"date":"2015-04-25T10:52:51","date_gmt":"2015-04-25T08:52:51","guid":{"rendered":"http:\/\/wonder.solidarites.ch\/vaud\/2015\/04\/25\/cannabis-les-impasses-de-la-prohibition\/"},"modified":"2019-12-12T16:24:50","modified_gmt":"2019-12-12T15:24:50","slug":"cannabis-les-impasses-de-la-prohibition","status":"publish","type":"post","link":"https:\/\/solidarites.ch\/vaud\/2015\/04\/25\/cannabis-les-impasses-de-la-prohibition\/","title":{"rendered":"Cannabis : les impasses de la prohibition"},"content":{"rendered":"<p><a href=\"http:\/\/solidarites.ch\/vaud\/wp-content\/uploads\/sites\/3\/2019\/12\/image_vd-2.png\"><img loading=\"lazy\" decoding=\"async\" class=\"aligncenter size-full wp-image-2082\" src=\"http:\/\/solidarites.ch\/vaud\/wp-content\/uploads\/sites\/3\/2019\/12\/image_vd-2.png\" alt=\"image_vd-2\" width=\"490\" height=\"327\" \/><\/a><\/p>\n<p><b>C\u00e9dant au climat s\u00e9curitaire ambiant, la majorit\u00e9 rose-verte lausannoise promettait en 2012 de faire dispara\u00eetre le <i>deal<\/i> de rue, en augmentant la r\u00e9pression polici\u00e8re. S\u2019appuyant sur les conclusions de la Commission mondiale sur la politique des drogues qui d\u00e9non\u00e7ait, en 2011, l\u2019\u00e9chec cuisant de la r\u00e9pression men\u00e9e depuis 50 ans, le groupe La Gauche (POP et solidarit\u00e9S) au Conseil communal de Lausanne s\u2019est au contraire engag\u00e9 pour le d\u00e9veloppement d\u2019une politique fond\u00e9e sur la pr\u00e9vention et la r\u00e9duction des risques.<\/b><\/p>\n<p>Parmi nos propositions, un postulat, accept\u00e9 au d\u00e9but du mois, demande que les autorit\u00e9s lausannoises rejoignent la d\u00e9marche, initi\u00e9e par les grandes villes du pays, en faveur d\u2019un projet-pilote de tol\u00e9rance de la consommation de cannabis. Le succ\u00e8s de ce postulat contraste de mani\u00e8re bienvenue avec les d\u00e9rapages r\u00e9pressifs constat\u00e9s ces derniers mois, notamment un contr\u00f4le policier, impliquant un chien renifleur, \u00e0 la sortie d\u2019une \u00e9cole.<!--more--><\/p>\n<p><b>Pour une d\u00e9rogation \u00e0 la LStup<\/b><\/p>\n<p>L\u2019id\u00e9e serait d\u2019obtenir une d\u00e9rogation \u00e0 la Loi sur les stup\u00e9fiants pour ouvrir, par exemple, un <i>coffee-\u00adshop<\/i> sur le mod\u00e8le hollandais, o\u00f9 les clients majeurs peuvent acheter jusqu\u2019\u00e0 5\u00a0grammes par jour\u200a; ou encore un <i>cannabis social club<\/i>, sur le mod\u00e8le espagnol, soit une association \u00e0 but non lucratif, compos\u00e9e de personnes majeures, qui g\u00e8rent la production et la distribution de cannabis pour les besoins personnels de leurs membres.<\/p>\n<p>La tol\u00e9rance de la consommation de cannabis permettrait de r\u00e9duire le deal de rue, dont presque trois-quarts est li\u00e9 \u00e0 la vente de chanvre. Celui-ci g\u00e9n\u00e8re d\u2019importants d\u00e9g\u00e2ts sociaux, dans la mesure o\u00f9 il est en partie contr\u00f4l\u00e9 par des organisations criminelles. La tol\u00e9rance de la consommation de cannabis permettrait aussi de mettre sur pied, en parall\u00e8le, une politique de pr\u00e9vention, seule \u00e0 m\u00eame de r\u00e9duire les risques de d\u00e9pendance.<\/p>\n<p><b>Une droite hypocrite\u00a0<\/b><\/p>\n<p>A quelques exceptions pr\u00e8s, les \u00e9lus de droite ont fait bloc contre cette proposition, au nom de la protection de la jeunesse. Il s\u2019agit d\u2019une argumentation particuli\u00e8rement hypocrite, quand on sait que la forte r\u00e9pression du cannabis conduit \u00e0 une fusion de ce march\u00e9 avec celui des drogues dures, comme l\u2019h\u00e9ro\u00efne\u200a; c\u2019est ce qui s\u2019est produit en Suisse depuis 2008, avec le refus de la loi en faveur d\u2019une r\u00e9glementation. Les consommateurs sont donc potentiellement plus facilement amen\u00e9s \u00e0 essayer d\u2019autres substances, plus dangereuses.<\/p>\n<p>La r\u00e9glementation permettrait au contraire d\u2019introduire une distinction forte entre les diff\u00e9rents march\u00e9s, et de contr\u00f4ler la qualit\u00e9 des produits vendus. Il faut enfin rappeler que la politique r\u00e9pressive actuelle n\u2019a pas limit\u00e9 la consommation de cannabis chez les jeunes\u200a; ces dix derni\u00e8res ann\u00e9es, elle a m\u00eame tripl\u00e9 chez les 15\u201319 ans.<\/p>\n<p>&nbsp;<\/p>\n<p><b>Hadrien Buclin<\/b><\/p>\n<p><b>\u00a0<\/b><\/p>\n","protected":false},"excerpt":{"rendered":"<p>C\u00e9dant au climat s\u00e9curitaire ambiant, la majorit\u00e9 rose-verte lausannoise promettait en 2012 de faire dispara\u00eetre le deal de rue, en augmentant la r\u00e9pression polici\u00e8re. S\u2019appuyant sur les conclusions de la Commission mondiale sur la politique des drogues qui d\u00e9non\u00e7ait, en 2011, l\u2019\u00e9chec cuisant de la r\u00e9pression men\u00e9e depuis 50 ans, le groupe La Gauche (POP &hellip; <a href=\"https:\/\/solidarites.ch\/vaud\/2015\/04\/25\/cannabis-les-impasses-de-la-prohibition\/\">Continued<\/a><\/p>\n","protected":false},"author":1,"featured_media":1403,"comment_status":"closed","ping_status":"closed","sticky":false,"template":"","format":"standard","meta":{"_acf_changed":false,"_monsterinsights_skip_tracking":false,"_monsterinsights_sitenote_active":false,"_monsterinsights_sitenote_note":"","_monsterinsights_sitenote_category":0,"footnotes":""},"tx_journal_display":[],"class_list":["post-443","post","type-post","status-publish","format-standard","has-post-thumbnail","hentry","tx_journal_sections-conseil-communal","tx_journal_sections-lausanne"],"acf":[],"yoast_head":"<!-- This site is optimized with the Yoast SEO plugin v27.5 - https:\/\/yoast.com\/product\/yoast-seo-wordpress\/ -->\n<title>Cannabis : les impasses de la prohibition &#8211; solidarit\u00e9S Vaud<\/title>\n<meta name=\"robots\" content=\"index, follow, max-snippet:-1, max-image-preview:large, max-video-preview:-1\" \/>\n<link rel=\"canonical\" href=\"https:\/\/solidarites.ch\/vaud\/2015\/04\/25\/cannabis-les-impasses-de-la-prohibition\/\" \/>\n<meta property=\"og:locale\" content=\"fr_FR\" \/>\n<meta property=\"og:type\" content=\"article\" \/>\n<meta property=\"og:title\" content=\"Cannabis : les impasses de la prohibition &#8211; solidarit\u00e9S Vaud\" \/>\n<meta property=\"og:description\" content=\"C\u00e9dant au climat s\u00e9curitaire ambiant, la majorit\u00e9 rose-verte lausannoise promettait en 2012 de faire dispara\u00eetre le deal de rue, en augmentant la r\u00e9pression polici\u00e8re. S\u2019appuyant sur les conclusions de la Commission mondiale sur la politique des drogues qui d\u00e9non\u00e7ait, en 2011, l\u2019\u00e9chec cuisant de la r\u00e9pression men\u00e9e depuis 50 ans, le groupe La Gauche (POP &hellip; Continued\" \/>\n<meta property=\"og:url\" content=\"https:\/\/solidarites.ch\/vaud\/2015\/04\/25\/cannabis-les-impasses-de-la-prohibition\/\" \/>\n<meta property=\"og:site_name\" content=\"solidarit\u00e9S Vaud\" \/>\n<meta property=\"article:publisher\" content=\"https:\/\/www.facebook.com\/solidarites.vaud\/\" \/>\n<meta property=\"article:published_time\" content=\"2015-04-25T08:52:51+00:00\" \/>\n<meta property=\"article:modified_time\" content=\"2019-12-12T15:24:50+00:00\" \/>\n<meta property=\"og:image\" content=\"https:\/\/solidarites.ch\/vaud\/wp-content\/uploads\/sites\/3\/2019\/12\/image_vd-2.png\" \/>\n\t<meta property=\"og:image:width\" content=\"490\" \/>\n\t<meta property=\"og:image:height\" content=\"327\" \/>\n\t<meta property=\"og:image:type\" content=\"image\/png\" \/>\n<meta name=\"author\" content=\"fab\" \/>\n<meta name=\"twitter:card\" content=\"summary_large_image\" \/>\n<meta name=\"twitter:creator\" content=\"@solidariteSvaud\" \/>\n<meta name=\"twitter:site\" content=\"@solidariteSvaud\" \/>\n<meta name=\"twitter:label1\" content=\"\u00c9crit par\" \/>\n\t<meta name=\"twitter:data1\" content=\"fab\" \/>\n\t<meta name=\"twitter:label2\" content=\"Dur\u00e9e de lecture estim\u00e9e\" \/>\n\t<meta name=\"twitter:data2\" content=\"2 minutes\" \/>\n<script type=\"application\/ld+json\" class=\"yoast-schema-graph\">{\"@context\":\"https:\\\/\\\/schema.org\",\"@graph\":[{\"@type\":\"Article\",\"@id\":\"https:\\\/\\\/solidarites.ch\\\/vaud\\\/2015\\\/04\\\/25\\\/cannabis-les-impasses-de-la-prohibition\\\/#article\",\"isPartOf\":{\"@id\":\"https:\\\/\\\/solidarites.ch\\\/vaud\\\/2015\\\/04\\\/25\\\/cannabis-les-impasses-de-la-prohibition\\\/\"},\"author\":{\"name\":\"fab\",\"@id\":\"https:\\\/\\\/solidarites.ch\\\/vaud\\\/#\\\/schema\\\/person\\\/1fe04f9721c8856b07477d286db23d9d\"},\"headline\":\"Cannabis : les impasses de la prohibition\",\"datePublished\":\"2015-04-25T08:52:51+00:00\",\"dateModified\":\"2019-12-12T15:24:50+00:00\",\"mainEntityOfPage\":{\"@id\":\"https:\\\/\\\/solidarites.ch\\\/vaud\\\/2015\\\/04\\\/25\\\/cannabis-les-impasses-de-la-prohibition\\\/\"},\"wordCount\":505,\"publisher\":{\"@id\":\"https:\\\/\\\/solidarites.ch\\\/vaud\\\/#organization\"},\"image\":{\"@id\":\"https:\\\/\\\/solidarites.ch\\\/vaud\\\/2015\\\/04\\\/25\\\/cannabis-les-impasses-de-la-prohibition\\\/#primaryimage\"},\"thumbnailUrl\":\"https:\\\/\\\/solidarites.ch\\\/vaud\\\/wp-content\\\/uploads\\\/sites\\\/3\\\/2019\\\/12\\\/image_vd-2.png\",\"inLanguage\":\"fr-FR\"},{\"@type\":\"WebPage\",\"@id\":\"https:\\\/\\\/solidarites.ch\\\/vaud\\\/2015\\\/04\\\/25\\\/cannabis-les-impasses-de-la-prohibition\\\/\",\"url\":\"https:\\\/\\\/solidarites.ch\\\/vaud\\\/2015\\\/04\\\/25\\\/cannabis-les-impasses-de-la-prohibition\\\/\",\"name\":\"Cannabis : les impasses de la prohibition &#8211; solidarit\u00e9S Vaud\",\"isPartOf\":{\"@id\":\"https:\\\/\\\/solidarites.ch\\\/vaud\\\/#website\"},\"primaryImageOfPage\":{\"@id\":\"https:\\\/\\\/solidarites.ch\\\/vaud\\\/2015\\\/04\\\/25\\\/cannabis-les-impasses-de-la-prohibition\\\/#primaryimage\"},\"image\":{\"@id\":\"https:\\\/\\\/solidarites.ch\\\/vaud\\\/2015\\\/04\\\/25\\\/cannabis-les-impasses-de-la-prohibition\\\/#primaryimage\"},\"thumbnailUrl\":\"https:\\\/\\\/solidarites.ch\\\/vaud\\\/wp-content\\\/uploads\\\/sites\\\/3\\\/2019\\\/12\\\/image_vd-2.png\",\"datePublished\":\"2015-04-25T08:52:51+00:00\",\"dateModified\":\"2019-12-12T15:24:50+00:00\",\"breadcrumb\":{\"@id\":\"https:\\\/\\\/solidarites.ch\\\/vaud\\\/2015\\\/04\\\/25\\\/cannabis-les-impasses-de-la-prohibition\\\/#breadcrumb\"},\"inLanguage\":\"fr-FR\",\"potentialAction\":[{\"@type\":\"ReadAction\",\"target\":[\"https:\\\/\\\/solidarites.ch\\\/vaud\\\/2015\\\/04\\\/25\\\/cannabis-les-impasses-de-la-prohibition\\\/\"]}]},{\"@type\":\"ImageObject\",\"inLanguage\":\"fr-FR\",\"@id\":\"https:\\\/\\\/solidarites.ch\\\/vaud\\\/2015\\\/04\\\/25\\\/cannabis-les-impasses-de-la-prohibition\\\/#primaryimage\",\"url\":\"https:\\\/\\\/solidarites.ch\\\/vaud\\\/wp-content\\\/uploads\\\/sites\\\/3\\\/2019\\\/12\\\/image_vd-2.png\",\"contentUrl\":\"https:\\\/\\\/solidarites.ch\\\/vaud\\\/wp-content\\\/uploads\\\/sites\\\/3\\\/2019\\\/12\\\/image_vd-2.png\",\"width\":490,\"height\":327},{\"@type\":\"BreadcrumbList\",\"@id\":\"https:\\\/\\\/solidarites.ch\\\/vaud\\\/2015\\\/04\\\/25\\\/cannabis-les-impasses-de-la-prohibition\\\/#breadcrumb\",\"itemListElement\":[{\"@type\":\"ListItem\",\"position\":1,\"name\":\"Accueil\",\"item\":\"https:\\\/\\\/solidarites.ch\\\/vaud\\\/\"},{\"@type\":\"ListItem\",\"position\":2,\"name\":\"Cannabis : les impasses de la prohibition\"}]},{\"@type\":\"WebSite\",\"@id\":\"https:\\\/\\\/solidarites.ch\\\/vaud\\\/#website\",\"url\":\"https:\\\/\\\/solidarites.ch\\\/vaud\\\/\",\"name\":\"solidarit\u00e9S Vaud\",\"description\":\"Un mouvement &lt;br&gt;anticapitaliste, &lt;br&gt;f\u00e9ministe, &lt;br&gt;\u00e9cosocialiste et &lt;br&gt; antiraciste\",\"publisher\":{\"@id\":\"https:\\\/\\\/solidarites.ch\\\/vaud\\\/#organization\"},\"potentialAction\":[{\"@type\":\"SearchAction\",\"target\":{\"@type\":\"EntryPoint\",\"urlTemplate\":\"https:\\\/\\\/solidarites.ch\\\/vaud\\\/?s={search_term_string}\"},\"query-input\":{\"@type\":\"PropertyValueSpecification\",\"valueRequired\":true,\"valueName\":\"search_term_string\"}}],\"inLanguage\":\"fr-FR\"},{\"@type\":\"Organization\",\"@id\":\"https:\\\/\\\/solidarites.ch\\\/vaud\\\/#organization\",\"name\":\"solidarit\u00e9S Vaud\",\"url\":\"https:\\\/\\\/solidarites.ch\\\/vaud\\\/\",\"logo\":{\"@type\":\"ImageObject\",\"inLanguage\":\"fr-FR\",\"@id\":\"https:\\\/\\\/solidarites.ch\\\/vaud\\\/#\\\/schema\\\/logo\\\/image\\\/\",\"url\":\"https:\\\/\\\/solidarites.ch\\\/vaud\\\/wp-content\\\/uploads\\\/sites\\\/3\\\/2020\\\/01\\\/sol_VD_Pos_RVB.png\",\"contentUrl\":\"https:\\\/\\\/solidarites.ch\\\/vaud\\\/wp-content\\\/uploads\\\/sites\\\/3\\\/2020\\\/01\\\/sol_VD_Pos_RVB.png\",\"width\":1024,\"height\":409,\"caption\":\"solidarit\u00e9S Vaud\"},\"image\":{\"@id\":\"https:\\\/\\\/solidarites.ch\\\/vaud\\\/#\\\/schema\\\/logo\\\/image\\\/\"},\"sameAs\":[\"https:\\\/\\\/www.facebook.com\\\/solidarites.vaud\\\/\",\"https:\\\/\\\/x.com\\\/solidariteSvaud\",\"https:\\\/\\\/www.instagram.com\\\/solidarites_vaud\\\/\",\"https:\\\/\\\/www.youtube.com\\\/channel\\\/UCL1HKEFgISBtzQgDAlQKKIA\"]},{\"@type\":\"Person\",\"@id\":\"https:\\\/\\\/solidarites.ch\\\/vaud\\\/#\\\/schema\\\/person\\\/1fe04f9721c8856b07477d286db23d9d\",\"name\":\"fab\",\"image\":{\"@type\":\"ImageObject\",\"inLanguage\":\"fr-FR\",\"@id\":\"https:\\\/\\\/secure.gravatar.com\\\/avatar\\\/2dd55d128632d654ffcdaedc06aabab9d9cf66a3a6a535b5ca207e20dcd43c69?s=96&d=mm&r=g\",\"url\":\"https:\\\/\\\/secure.gravatar.com\\\/avatar\\\/2dd55d128632d654ffcdaedc06aabab9d9cf66a3a6a535b5ca207e20dcd43c69?s=96&d=mm&r=g\",\"contentUrl\":\"https:\\\/\\\/secure.gravatar.com\\\/avatar\\\/2dd55d128632d654ffcdaedc06aabab9d9cf66a3a6a535b5ca207e20dcd43c69?s=96&d=mm&r=g\",\"caption\":\"fab\"},\"url\":\"https:\\\/\\\/solidarites.ch\\\/vaud\\\/author\\\/fab\\\/\"}]}<\/script>\n<!-- \/ Yoast SEO plugin. -->","yoast_head_json":{"title":"Cannabis : les impasses de la prohibition &#8211; solidarit\u00e9S Vaud","robots":{"index":"index","follow":"follow","max-snippet":"max-snippet:-1","max-image-preview":"max-image-preview:large","max-video-preview":"max-video-preview:-1"},"canonical":"https:\/\/solidarites.ch\/vaud\/2015\/04\/25\/cannabis-les-impasses-de-la-prohibition\/","og_locale":"fr_FR","og_type":"article","og_title":"Cannabis : les impasses de la prohibition &#8211; solidarit\u00e9S Vaud","og_description":"C\u00e9dant au climat s\u00e9curitaire ambiant, la majorit\u00e9 rose-verte lausannoise promettait en 2012 de faire dispara\u00eetre le deal de rue, en augmentant la r\u00e9pression polici\u00e8re. S\u2019appuyant sur les conclusions de la Commission mondiale sur la politique des drogues qui d\u00e9non\u00e7ait, en 2011, l\u2019\u00e9chec cuisant de la r\u00e9pression men\u00e9e depuis 50 ans, le groupe La Gauche (POP &hellip; Continued","og_url":"https:\/\/solidarites.ch\/vaud\/2015\/04\/25\/cannabis-les-impasses-de-la-prohibition\/","og_site_name":"solidarit\u00e9S Vaud","article_publisher":"https:\/\/www.facebook.com\/solidarites.vaud\/","article_published_time":"2015-04-25T08:52:51+00:00","article_modified_time":"2019-12-12T15:24:50+00:00","og_image":[{"width":490,"height":327,"url":"https:\/\/solidarites.ch\/vaud\/wp-content\/uploads\/sites\/3\/2019\/12\/image_vd-2.png","type":"image\/png"}],"author":"fab","twitter_card":"summary_large_image","twitter_creator":"@solidariteSvaud","twitter_site":"@solidariteSvaud","twitter_misc":{"\u00c9crit par":"fab","Dur\u00e9e de lecture estim\u00e9e":"2 minutes"},"schema":{"@context":"https:\/\/schema.org","@graph":[{"@type":"Article","@id":"https:\/\/solidarites.ch\/vaud\/2015\/04\/25\/cannabis-les-impasses-de-la-prohibition\/#article","isPartOf":{"@id":"https:\/\/solidarites.ch\/vaud\/2015\/04\/25\/cannabis-les-impasses-de-la-prohibition\/"},"author":{"name":"fab","@id":"https:\/\/solidarites.ch\/vaud\/#\/schema\/person\/1fe04f9721c8856b07477d286db23d9d"},"headline":"Cannabis : les impasses de la prohibition","datePublished":"2015-04-25T08:52:51+00:00","dateModified":"2019-12-12T15:24:50+00:00","mainEntityOfPage":{"@id":"https:\/\/solidarites.ch\/vaud\/2015\/04\/25\/cannabis-les-impasses-de-la-prohibition\/"},"wordCount":505,"publisher":{"@id":"https:\/\/solidarites.ch\/vaud\/#organization"},"image":{"@id":"https:\/\/solidarites.ch\/vaud\/2015\/04\/25\/cannabis-les-impasses-de-la-prohibition\/#primaryimage"},"thumbnailUrl":"https:\/\/solidarites.ch\/vaud\/wp-content\/uploads\/sites\/3\/2019\/12\/image_vd-2.png","inLanguage":"fr-FR"},{"@type":"WebPage","@id":"https:\/\/solidarites.ch\/vaud\/2015\/04\/25\/cannabis-les-impasses-de-la-prohibition\/","url":"https:\/\/solidarites.ch\/vaud\/2015\/04\/25\/cannabis-les-impasses-de-la-prohibition\/","name":"Cannabis : les impasses de la prohibition &#8211; solidarit\u00e9S Vaud","isPartOf":{"@id":"https:\/\/solidarites.ch\/vaud\/#website"},"primaryImageOfPage":{"@id":"https:\/\/solidarites.ch\/vaud\/2015\/04\/25\/cannabis-les-impasses-de-la-prohibition\/#primaryimage"},"image":{"@id":"https:\/\/solidarites.ch\/vaud\/2015\/04\/25\/cannabis-les-impasses-de-la-prohibition\/#primaryimage"},"thumbnailUrl":"https:\/\/solidarites.ch\/vaud\/wp-content\/uploads\/sites\/3\/2019\/12\/image_vd-2.png","datePublished":"2015-04-25T08:52:51+00:00","dateModified":"2019-12-12T15:24:50+00:00","breadcrumb":{"@id":"https:\/\/solidarites.ch\/vaud\/2015\/04\/25\/cannabis-les-impasses-de-la-prohibition\/#breadcrumb"},"inLanguage":"fr-FR","potentialAction":[{"@type":"ReadAction","target":["https:\/\/solidarites.ch\/vaud\/2015\/04\/25\/cannabis-les-impasses-de-la-prohibition\/"]}]},{"@type":"ImageObject","inLanguage":"fr-FR","@id":"https:\/\/solidarites.ch\/vaud\/2015\/04\/25\/cannabis-les-impasses-de-la-prohibition\/#primaryimage","url":"https:\/\/solidarites.ch\/vaud\/wp-content\/uploads\/sites\/3\/2019\/12\/image_vd-2.png","contentUrl":"https:\/\/solidarites.ch\/vaud\/wp-content\/uploads\/sites\/3\/2019\/12\/image_vd-2.png","width":490,"height":327},{"@type":"BreadcrumbList","@id":"https:\/\/solidarites.ch\/vaud\/2015\/04\/25\/cannabis-les-impasses-de-la-prohibition\/#breadcrumb","itemListElement":[{"@type":"ListItem","position":1,"name":"Accueil","item":"https:\/\/solidarites.ch\/vaud\/"},{"@type":"ListItem","position":2,"name":"Cannabis : les impasses de la prohibition"}]},{"@type":"WebSite","@id":"https:\/\/solidarites.ch\/vaud\/#website","url":"https:\/\/solidarites.ch\/vaud\/","name":"solidarit\u00e9S Vaud","description":"Un mouvement &lt;br&gt;anticapitaliste, &lt;br&gt;f\u00e9ministe, &lt;br&gt;\u00e9cosocialiste et &lt;br&gt; antiraciste","publisher":{"@id":"https:\/\/solidarites.ch\/vaud\/#organization"},"potentialAction":[{"@type":"SearchAction","target":{"@type":"EntryPoint","urlTemplate":"https:\/\/solidarites.ch\/vaud\/?s={search_term_string}"},"query-input":{"@type":"PropertyValueSpecification","valueRequired":true,"valueName":"search_term_string"}}],"inLanguage":"fr-FR"},{"@type":"Organization","@id":"https:\/\/solidarites.ch\/vaud\/#organization","name":"solidarit\u00e9S Vaud","url":"https:\/\/solidarites.ch\/vaud\/","logo":{"@type":"ImageObject","inLanguage":"fr-FR","@id":"https:\/\/solidarites.ch\/vaud\/#\/schema\/logo\/image\/","url":"https:\/\/solidarites.ch\/vaud\/wp-content\/uploads\/sites\/3\/2020\/01\/sol_VD_Pos_RVB.png","contentUrl":"https:\/\/solidarites.ch\/vaud\/wp-content\/uploads\/sites\/3\/2020\/01\/sol_VD_Pos_RVB.png","width":1024,"height":409,"caption":"solidarit\u00e9S Vaud"},"image":{"@id":"https:\/\/solidarites.ch\/vaud\/#\/schema\/logo\/image\/"},"sameAs":["https:\/\/www.facebook.com\/solidarites.vaud\/","https:\/\/x.com\/solidariteSvaud","https:\/\/www.instagram.com\/solidarites_vaud\/","https:\/\/www.youtube.com\/channel\/UCL1HKEFgISBtzQgDAlQKKIA"]},{"@type":"Person","@id":"https:\/\/solidarites.ch\/vaud\/#\/schema\/person\/1fe04f9721c8856b07477d286db23d9d","name":"fab","image":{"@type":"ImageObject","inLanguage":"fr-FR","@id":"https:\/\/secure.gravatar.com\/avatar\/2dd55d128632d654ffcdaedc06aabab9d9cf66a3a6a535b5ca207e20dcd43c69?s=96&d=mm&r=g","url":"https:\/\/secure.gravatar.com\/avatar\/2dd55d128632d654ffcdaedc06aabab9d9cf66a3a6a535b5ca207e20dcd43c69?s=96&d=mm&r=g","contentUrl":"https:\/\/secure.gravatar.com\/avatar\/2dd55d128632d654ffcdaedc06aabab9d9cf66a3a6a535b5ca207e20dcd43c69?s=96&d=mm&r=g","caption":"fab"},"url":"https:\/\/solidarites.ch\/vaud\/author\/fab\/"}]}},"distributor_meta":false,"distributor_terms":false,"distributor_media":false,"distributor_original_site_name":"solidarit\u00e9S Vaud","distributor_original_site_url":"https:\/\/solidarites.ch\/vaud","push-errors":false,"_links":{"self":[{"href":"https:\/\/solidarites.ch\/vaud\/wp-json\/wp\/v2\/posts\/443","targetHints":{"allow":["GET"]}}],"collection":[{"href":"https:\/\/solidarites.ch\/vaud\/wp-json\/wp\/v2\/posts"}],"about":[{"href":"https:\/\/solidarites.ch\/vaud\/wp-json\/wp\/v2\/types\/post"}],"author":[{"embeddable":true,"href":"https:\/\/solidarites.ch\/vaud\/wp-json\/wp\/v2\/users\/1"}],"replies":[{"embeddable":true,"href":"https:\/\/solidarites.ch\/vaud\/wp-json\/wp\/v2\/comments?post=443"}],"version-history":[{"count":1,"href":"https:\/\/solidarites.ch\/vaud\/wp-json\/wp\/v2\/posts\/443\/revisions"}],"predecessor-version":[{"id":1404,"href":"https:\/\/solidarites.ch\/vaud\/wp-json\/wp\/v2\/posts\/443\/revisions\/1404"}],"wp:featuredmedia":[{"embeddable":true,"href":"https:\/\/solidarites.ch\/vaud\/wp-json\/wp\/v2\/media\/1403"}],"wp:attachment":[{"href":"https:\/\/solidarites.ch\/vaud\/wp-json\/wp\/v2\/media?parent=443"}],"wp:term":[{"taxonomy":"tx_journal_display","embeddable":true,"href":"https:\/\/solidarites.ch\/vaud\/wp-json\/wp\/v2\/tx_journal_display?post=443"}],"curies":[{"name":"wp","href":"https:\/\/api.w.org\/{rel}","templated":true}]}}