{"id":502,"date":"2016-02-04T11:03:34","date_gmt":"2016-02-04T10:03:34","guid":{"rendered":"http:\/\/wonder.solidarites.ch\/vaud\/2016\/02\/04\/vevey-pour-une-alternative-a-gauche\/"},"modified":"2019-12-12T16:26:10","modified_gmt":"2019-12-12T15:26:10","slug":"vevey-pour-une-alternative-a-gauche","status":"publish","type":"post","link":"https:\/\/solidarites.ch\/vaud\/2016\/02\/04\/vevey-pour-une-alternative-a-gauche\/","title":{"rendered":"Vevey \u2013 Pour une alternative \u00e0 gauche"},"content":{"rendered":"<p><a href=\"http:\/\/solidarites.ch\/vaud\/wp-content\/uploads\/sites\/3\/2019\/12\/Image_VD.png\"><img loading=\"lazy\" decoding=\"async\" class=\"aligncenter  wp-image-2577\" src=\"http:\/\/solidarites.ch\/vaud\/wp-content\/uploads\/sites\/3\/2019\/12\/Image_VD.png\" alt=\"Image_VD\" width=\"469\" height=\"350\" \/><\/a><\/p>\n<p><b>Le groupe D\u00e9croissance-Alternatives pr\u00e9sente 20 candidat\u00b7e\u00b7s au Conseil communal de Vevey et un candidat \u00e0 la municipalit\u00e9, Yvan Luccarini. Entretien avec Alain Gonthier, l\u2019un de ses animateurs.<\/b><\/p>\n<p><b>Peux-tu nous parler de la gauche alternative de Vevey et notamment du groupe D\u00e9croissance-Alternatives ?<\/b><\/p>\n<p><b>\u00a0Alain Gonthier\u00a0<\/b> Un groupe \u00ab de gauche active \u00e0 fortes pr\u00e9occupations \u00e9cologiques \u00bb est actif au Conseil communal depuis les \u00e9lections de 1989. Tout d\u2019abord affili\u00e9 cantonalement, il s\u2019est autonomis\u00e9 en 2006 sous le nom \u00ab Alternatives \u00bb, du fait que la majorit\u00e9 des membres n\u2019\u00e9tait politiquement active que localement. D\u00e8s 2011, des contacts se sont nou\u00e9s avec le courant de la D\u00e9croissance, au fil d\u2019activit\u00e9s associatives communes, de deux r\u00e9f\u00e9rendums communaux victorieux, et d\u2019une participation sous le nom \u00ab La Gauche \u00bb aux cantonales de 2012. Enfin, lors de l\u2019\u00e9lection partielle de juin 2015, Alternatives a soutenu la candidature d\u2019Yvan Luccarini (D\u00e9croissance), qui a d\u00e9pass\u00e9 le candidat PS-Verts au premier tour et n\u2019a \u00e9chou\u00e9 au second que de 7 voix dans une triangulaire droite-centre-\u00ad\u00ab gauche unie \u00bb. Une candidature D\u00e9croissance-\u00adAlternatives s\u2019imposait donc.<\/p>\n<p><b>Pourquoi vous pr\u00e9senter \u00e0 la Municipalit\u00e9 de Vevey, et pour quelles raisons le faire s\u00e9par\u00e9ment du PS et des Verts ?<\/b><\/p>\n<p>M\u00eame si cela fait d\u00e9bat entre nous, nous pensons qu\u2019il y a des possibilit\u00e9s de faire avancer nos id\u00e9es et propositions au sein d\u2019un ex\u00e9cutif communal, y compris en l\u2019absence d\u2019un mouvement populaire fort. De plus, quoi qu\u2019on en pense sur le fond, il faut se pr\u00e9senter \u00e0 la municipalit\u00e9 pour exister dans les m\u00e9dias, une candidature au seul conseil communal n\u2019\u00e9tant pour eux digne d\u2019aucun int\u00e9r\u00eat. Une liste commune \u00ab \u00e0 gauche \u00bb n\u2019a m\u00eame pas \u00e9t\u00e9 discut\u00e9e, car faire une seule campagne avec un seul contenu pour le conseil communal et la municipalit\u00e9 est une \u00e9vidence pour nous.<!--more--><\/p>\n<p><b>Quels seront vos axes prioritaires de campagne pour cette l\u00e9gislature ?<\/b><\/p>\n<p><b>\u00ab Choisir ensemble la ville \u00bb :<\/b><\/p>\n<p>\u25b7discuter d\u00e9mocratiquement l\u2019avenir de la ville (r\u00e9vision du plan g\u00e9n\u00e9ral d\u2019affectation) ;<\/p>\n<p>\u25b7faire de l\u2019espace public un lieu de vie et de contacts (mod\u00e9ration de la circulation, zones pi\u00e9tonnes ; s\u00e9curit\u00e9 sur les chemins de l\u2019\u00e9cole) ;<\/p>\n<p>\u25b7pr\u00e9parer un projet de r\u00e9am\u00e9nagement de la Place du March\u00e9 avant 2019 (date de la F\u00eate des Vignerons qui implique une restructuration compl\u00e8te de cette grande place centrale et une forte limitation du trafic en ville) ;<\/p>\n<p>\u25b7mener une vraie politique sociale du logement (soutien aux coop\u00e9ratives, entretien du patrimoine, achat de b\u00e2timents) ;<\/p>\n<p>\u25b7 lib\u00e9rer l\u2019espace public de la publicit\u00e9 commerciale ; d\u00e9velopper l\u2019agriculture urbaine et les liens ville-campagne.<\/p>\n<p><b>\u00ab Vivre ensemble \u00bb :<\/b><\/p>\n<p>\u25b7 agir pour que la diversit\u00e9 de la\u00a0 population de Vevey soit pleinement un atout et soit v\u00e9cue comme une richesse par chacun\u00b7e de ses habitant\u00b7e\u00b7s ;<\/p>\n<p>\u25b7 soutenir la vie culturelle et associative, ainsi que l\u2019int\u00e9gration interculturelle et interg\u00e9n\u00e9rationnelle ;<\/p>\n<p>\u25b7lutter contre toute forme de discrimination ;<\/p>\n<p>\u25b7d\u00e9velopper les structures d\u2019accueil de l\u2019enfance et la participation citoyenne.<\/p>\n<p>Enfin, nous voulons que les efforts qui ont \u00e9t\u00e9 impos\u00e9s au personnel communal soient reconnus et qu&rsquo;on cesse de lui mettre la pression.<\/p>\n<p><strong>Propos recueillis par\u00a0 Jorge Lemos\u00a0<\/strong><\/p>\n<p><b>\u00a0<\/b><\/p>\n","protected":false},"excerpt":{"rendered":"<p>Le groupe D\u00e9croissance-Alternatives pr\u00e9sente 20 candidat\u00b7e\u00b7s au Conseil communal de Vevey et un candidat \u00e0 la municipalit\u00e9, Yvan Luccarini. Entretien avec Alain Gonthier, l\u2019un de ses animateurs. Peux-tu nous parler de la gauche alternative de Vevey et notamment du groupe D\u00e9croissance-Alternatives ? \u00a0Alain Gonthier\u00a0 Un groupe \u00ab de gauche active \u00e0 fortes pr\u00e9occupations \u00e9cologiques \u00bb &hellip; <a href=\"https:\/\/solidarites.ch\/vaud\/2016\/02\/04\/vevey-pour-une-alternative-a-gauche\/\">Continued<\/a><\/p>\n","protected":false},"author":1,"featured_media":1522,"comment_status":"closed","ping_status":"closed","sticky":false,"template":"","format":"standard","meta":{"_acf_changed":false,"_monsterinsights_skip_tracking":false,"_monsterinsights_sitenote_active":false,"_monsterinsights_sitenote_note":"","_monsterinsights_sitenote_category":0,"footnotes":""},"tx_journal_display":[],"class_list":["post-502","post","type-post","status-publish","format-standard","has-post-thumbnail","hentry","tx_journal_sections-conseil-communal"],"acf":[],"yoast_head":"<!-- This site is optimized with the Yoast SEO plugin v27.5 - https:\/\/yoast.com\/product\/yoast-seo-wordpress\/ -->\n<title>Vevey \u2013 Pour une alternative \u00e0 gauche &#8211; solidarit\u00e9S Vaud<\/title>\n<meta name=\"robots\" content=\"index, follow, max-snippet:-1, max-image-preview:large, max-video-preview:-1\" \/>\n<link rel=\"canonical\" href=\"https:\/\/solidarites.ch\/vaud\/2016\/02\/04\/vevey-pour-une-alternative-a-gauche\/\" \/>\n<meta property=\"og:locale\" content=\"fr_FR\" \/>\n<meta property=\"og:type\" content=\"article\" \/>\n<meta property=\"og:title\" content=\"Vevey \u2013 Pour une alternative \u00e0 gauche &#8211; solidarit\u00e9S Vaud\" \/>\n<meta property=\"og:description\" content=\"Le groupe D\u00e9croissance-Alternatives pr\u00e9sente 20 candidat\u00b7e\u00b7s au Conseil communal de Vevey et un candidat \u00e0 la municipalit\u00e9, Yvan Luccarini. Entretien avec Alain Gonthier, l\u2019un de ses animateurs. Peux-tu nous parler de la gauche alternative de Vevey et notamment du groupe D\u00e9croissance-Alternatives ? \u00a0Alain Gonthier\u00a0 Un groupe \u00ab de gauche active \u00e0 fortes pr\u00e9occupations \u00e9cologiques \u00bb &hellip; Continued\" \/>\n<meta property=\"og:url\" content=\"https:\/\/solidarites.ch\/vaud\/2016\/02\/04\/vevey-pour-une-alternative-a-gauche\/\" \/>\n<meta property=\"og:site_name\" content=\"solidarit\u00e9S Vaud\" \/>\n<meta property=\"article:publisher\" content=\"https:\/\/www.facebook.com\/solidarites.vaud\/\" \/>\n<meta property=\"article:published_time\" content=\"2016-02-04T10:03:34+00:00\" \/>\n<meta property=\"article:modified_time\" content=\"2019-12-12T15:26:10+00:00\" \/>\n<meta property=\"og:image\" content=\"https:\/\/solidarites.ch\/vaud\/wp-content\/uploads\/sites\/3\/2019\/12\/Image_VD.png\" \/>\n\t<meta property=\"og:image:width\" content=\"1024\" \/>\n\t<meta property=\"og:image:height\" content=\"764\" \/>\n\t<meta property=\"og:image:type\" content=\"image\/png\" \/>\n<meta name=\"author\" content=\"fab\" \/>\n<meta name=\"twitter:card\" content=\"summary_large_image\" \/>\n<meta name=\"twitter:creator\" content=\"@solidariteSvaud\" \/>\n<meta name=\"twitter:site\" content=\"@solidariteSvaud\" \/>\n<meta name=\"twitter:label1\" content=\"\u00c9crit par\" \/>\n\t<meta name=\"twitter:data1\" content=\"fab\" \/>\n\t<meta name=\"twitter:label2\" content=\"Dur\u00e9e de lecture estim\u00e9e\" \/>\n\t<meta name=\"twitter:data2\" content=\"3 minutes\" \/>\n<script type=\"application\/ld+json\" class=\"yoast-schema-graph\">{\"@context\":\"https:\\\/\\\/schema.org\",\"@graph\":[{\"@type\":\"Article\",\"@id\":\"https:\\\/\\\/solidarites.ch\\\/vaud\\\/2016\\\/02\\\/04\\\/vevey-pour-une-alternative-a-gauche\\\/#article\",\"isPartOf\":{\"@id\":\"https:\\\/\\\/solidarites.ch\\\/vaud\\\/2016\\\/02\\\/04\\\/vevey-pour-une-alternative-a-gauche\\\/\"},\"author\":{\"name\":\"fab\",\"@id\":\"https:\\\/\\\/solidarites.ch\\\/vaud\\\/#\\\/schema\\\/person\\\/1fe04f9721c8856b07477d286db23d9d\"},\"headline\":\"Vevey \u2013 Pour une alternative \u00e0 gauche\",\"datePublished\":\"2016-02-04T10:03:34+00:00\",\"dateModified\":\"2019-12-12T15:26:10+00:00\",\"mainEntityOfPage\":{\"@id\":\"https:\\\/\\\/solidarites.ch\\\/vaud\\\/2016\\\/02\\\/04\\\/vevey-pour-une-alternative-a-gauche\\\/\"},\"wordCount\":558,\"publisher\":{\"@id\":\"https:\\\/\\\/solidarites.ch\\\/vaud\\\/#organization\"},\"image\":{\"@id\":\"https:\\\/\\\/solidarites.ch\\\/vaud\\\/2016\\\/02\\\/04\\\/vevey-pour-une-alternative-a-gauche\\\/#primaryimage\"},\"thumbnailUrl\":\"https:\\\/\\\/solidarites.ch\\\/vaud\\\/wp-content\\\/uploads\\\/sites\\\/3\\\/2019\\\/12\\\/Image_VD.png\",\"inLanguage\":\"fr-FR\"},{\"@type\":\"WebPage\",\"@id\":\"https:\\\/\\\/solidarites.ch\\\/vaud\\\/2016\\\/02\\\/04\\\/vevey-pour-une-alternative-a-gauche\\\/\",\"url\":\"https:\\\/\\\/solidarites.ch\\\/vaud\\\/2016\\\/02\\\/04\\\/vevey-pour-une-alternative-a-gauche\\\/\",\"name\":\"Vevey \u2013 Pour une alternative \u00e0 gauche &#8211; solidarit\u00e9S Vaud\",\"isPartOf\":{\"@id\":\"https:\\\/\\\/solidarites.ch\\\/vaud\\\/#website\"},\"primaryImageOfPage\":{\"@id\":\"https:\\\/\\\/solidarites.ch\\\/vaud\\\/2016\\\/02\\\/04\\\/vevey-pour-une-alternative-a-gauche\\\/#primaryimage\"},\"image\":{\"@id\":\"https:\\\/\\\/solidarites.ch\\\/vaud\\\/2016\\\/02\\\/04\\\/vevey-pour-une-alternative-a-gauche\\\/#primaryimage\"},\"thumbnailUrl\":\"https:\\\/\\\/solidarites.ch\\\/vaud\\\/wp-content\\\/uploads\\\/sites\\\/3\\\/2019\\\/12\\\/Image_VD.png\",\"datePublished\":\"2016-02-04T10:03:34+00:00\",\"dateModified\":\"2019-12-12T15:26:10+00:00\",\"breadcrumb\":{\"@id\":\"https:\\\/\\\/solidarites.ch\\\/vaud\\\/2016\\\/02\\\/04\\\/vevey-pour-une-alternative-a-gauche\\\/#breadcrumb\"},\"inLanguage\":\"fr-FR\",\"potentialAction\":[{\"@type\":\"ReadAction\",\"target\":[\"https:\\\/\\\/solidarites.ch\\\/vaud\\\/2016\\\/02\\\/04\\\/vevey-pour-une-alternative-a-gauche\\\/\"]}]},{\"@type\":\"ImageObject\",\"inLanguage\":\"fr-FR\",\"@id\":\"https:\\\/\\\/solidarites.ch\\\/vaud\\\/2016\\\/02\\\/04\\\/vevey-pour-une-alternative-a-gauche\\\/#primaryimage\",\"url\":\"https:\\\/\\\/solidarites.ch\\\/vaud\\\/wp-content\\\/uploads\\\/sites\\\/3\\\/2019\\\/12\\\/Image_VD.png\",\"contentUrl\":\"https:\\\/\\\/solidarites.ch\\\/vaud\\\/wp-content\\\/uploads\\\/sites\\\/3\\\/2019\\\/12\\\/Image_VD.png\",\"width\":1024,\"height\":764},{\"@type\":\"BreadcrumbList\",\"@id\":\"https:\\\/\\\/solidarites.ch\\\/vaud\\\/2016\\\/02\\\/04\\\/vevey-pour-une-alternative-a-gauche\\\/#breadcrumb\",\"itemListElement\":[{\"@type\":\"ListItem\",\"position\":1,\"name\":\"Accueil\",\"item\":\"https:\\\/\\\/solidarites.ch\\\/vaud\\\/\"},{\"@type\":\"ListItem\",\"position\":2,\"name\":\"Vevey \u2013 Pour une alternative \u00e0 gauche\"}]},{\"@type\":\"WebSite\",\"@id\":\"https:\\\/\\\/solidarites.ch\\\/vaud\\\/#website\",\"url\":\"https:\\\/\\\/solidarites.ch\\\/vaud\\\/\",\"name\":\"solidarit\u00e9S Vaud\",\"description\":\"Un mouvement &lt;br&gt;anticapitaliste, &lt;br&gt;f\u00e9ministe, &lt;br&gt;\u00e9cosocialiste et &lt;br&gt; antiraciste\",\"publisher\":{\"@id\":\"https:\\\/\\\/solidarites.ch\\\/vaud\\\/#organization\"},\"potentialAction\":[{\"@type\":\"SearchAction\",\"target\":{\"@type\":\"EntryPoint\",\"urlTemplate\":\"https:\\\/\\\/solidarites.ch\\\/vaud\\\/?s={search_term_string}\"},\"query-input\":{\"@type\":\"PropertyValueSpecification\",\"valueRequired\":true,\"valueName\":\"search_term_string\"}}],\"inLanguage\":\"fr-FR\"},{\"@type\":\"Organization\",\"@id\":\"https:\\\/\\\/solidarites.ch\\\/vaud\\\/#organization\",\"name\":\"solidarit\u00e9S Vaud\",\"url\":\"https:\\\/\\\/solidarites.ch\\\/vaud\\\/\",\"logo\":{\"@type\":\"ImageObject\",\"inLanguage\":\"fr-FR\",\"@id\":\"https:\\\/\\\/solidarites.ch\\\/vaud\\\/#\\\/schema\\\/logo\\\/image\\\/\",\"url\":\"https:\\\/\\\/solidarites.ch\\\/vaud\\\/wp-content\\\/uploads\\\/sites\\\/3\\\/2020\\\/01\\\/sol_VD_Pos_RVB.png\",\"contentUrl\":\"https:\\\/\\\/solidarites.ch\\\/vaud\\\/wp-content\\\/uploads\\\/sites\\\/3\\\/2020\\\/01\\\/sol_VD_Pos_RVB.png\",\"width\":1024,\"height\":409,\"caption\":\"solidarit\u00e9S Vaud\"},\"image\":{\"@id\":\"https:\\\/\\\/solidarites.ch\\\/vaud\\\/#\\\/schema\\\/logo\\\/image\\\/\"},\"sameAs\":[\"https:\\\/\\\/www.facebook.com\\\/solidarites.vaud\\\/\",\"https:\\\/\\\/x.com\\\/solidariteSvaud\",\"https:\\\/\\\/www.instagram.com\\\/solidarites_vaud\\\/\",\"https:\\\/\\\/www.youtube.com\\\/channel\\\/UCL1HKEFgISBtzQgDAlQKKIA\"]},{\"@type\":\"Person\",\"@id\":\"https:\\\/\\\/solidarites.ch\\\/vaud\\\/#\\\/schema\\\/person\\\/1fe04f9721c8856b07477d286db23d9d\",\"name\":\"fab\",\"image\":{\"@type\":\"ImageObject\",\"inLanguage\":\"fr-FR\",\"@id\":\"https:\\\/\\\/secure.gravatar.com\\\/avatar\\\/2dd55d128632d654ffcdaedc06aabab9d9cf66a3a6a535b5ca207e20dcd43c69?s=96&d=mm&r=g\",\"url\":\"https:\\\/\\\/secure.gravatar.com\\\/avatar\\\/2dd55d128632d654ffcdaedc06aabab9d9cf66a3a6a535b5ca207e20dcd43c69?s=96&d=mm&r=g\",\"contentUrl\":\"https:\\\/\\\/secure.gravatar.com\\\/avatar\\\/2dd55d128632d654ffcdaedc06aabab9d9cf66a3a6a535b5ca207e20dcd43c69?s=96&d=mm&r=g\",\"caption\":\"fab\"},\"url\":\"https:\\\/\\\/solidarites.ch\\\/vaud\\\/author\\\/fab\\\/\"}]}<\/script>\n<!-- \/ Yoast SEO plugin. -->","yoast_head_json":{"title":"Vevey \u2013 Pour une alternative \u00e0 gauche &#8211; solidarit\u00e9S Vaud","robots":{"index":"index","follow":"follow","max-snippet":"max-snippet:-1","max-image-preview":"max-image-preview:large","max-video-preview":"max-video-preview:-1"},"canonical":"https:\/\/solidarites.ch\/vaud\/2016\/02\/04\/vevey-pour-une-alternative-a-gauche\/","og_locale":"fr_FR","og_type":"article","og_title":"Vevey \u2013 Pour une alternative \u00e0 gauche &#8211; solidarit\u00e9S Vaud","og_description":"Le groupe D\u00e9croissance-Alternatives pr\u00e9sente 20 candidat\u00b7e\u00b7s au Conseil communal de Vevey et un candidat \u00e0 la municipalit\u00e9, Yvan Luccarini. Entretien avec Alain Gonthier, l\u2019un de ses animateurs. Peux-tu nous parler de la gauche alternative de Vevey et notamment du groupe D\u00e9croissance-Alternatives ? \u00a0Alain Gonthier\u00a0 Un groupe \u00ab de gauche active \u00e0 fortes pr\u00e9occupations \u00e9cologiques \u00bb &hellip; Continued","og_url":"https:\/\/solidarites.ch\/vaud\/2016\/02\/04\/vevey-pour-une-alternative-a-gauche\/","og_site_name":"solidarit\u00e9S Vaud","article_publisher":"https:\/\/www.facebook.com\/solidarites.vaud\/","article_published_time":"2016-02-04T10:03:34+00:00","article_modified_time":"2019-12-12T15:26:10+00:00","og_image":[{"width":1024,"height":764,"url":"https:\/\/solidarites.ch\/vaud\/wp-content\/uploads\/sites\/3\/2019\/12\/Image_VD.png","type":"image\/png"}],"author":"fab","twitter_card":"summary_large_image","twitter_creator":"@solidariteSvaud","twitter_site":"@solidariteSvaud","twitter_misc":{"\u00c9crit par":"fab","Dur\u00e9e de lecture estim\u00e9e":"3 minutes"},"schema":{"@context":"https:\/\/schema.org","@graph":[{"@type":"Article","@id":"https:\/\/solidarites.ch\/vaud\/2016\/02\/04\/vevey-pour-une-alternative-a-gauche\/#article","isPartOf":{"@id":"https:\/\/solidarites.ch\/vaud\/2016\/02\/04\/vevey-pour-une-alternative-a-gauche\/"},"author":{"name":"fab","@id":"https:\/\/solidarites.ch\/vaud\/#\/schema\/person\/1fe04f9721c8856b07477d286db23d9d"},"headline":"Vevey \u2013 Pour une alternative \u00e0 gauche","datePublished":"2016-02-04T10:03:34+00:00","dateModified":"2019-12-12T15:26:10+00:00","mainEntityOfPage":{"@id":"https:\/\/solidarites.ch\/vaud\/2016\/02\/04\/vevey-pour-une-alternative-a-gauche\/"},"wordCount":558,"publisher":{"@id":"https:\/\/solidarites.ch\/vaud\/#organization"},"image":{"@id":"https:\/\/solidarites.ch\/vaud\/2016\/02\/04\/vevey-pour-une-alternative-a-gauche\/#primaryimage"},"thumbnailUrl":"https:\/\/solidarites.ch\/vaud\/wp-content\/uploads\/sites\/3\/2019\/12\/Image_VD.png","inLanguage":"fr-FR"},{"@type":"WebPage","@id":"https:\/\/solidarites.ch\/vaud\/2016\/02\/04\/vevey-pour-une-alternative-a-gauche\/","url":"https:\/\/solidarites.ch\/vaud\/2016\/02\/04\/vevey-pour-une-alternative-a-gauche\/","name":"Vevey \u2013 Pour une alternative \u00e0 gauche &#8211; solidarit\u00e9S Vaud","isPartOf":{"@id":"https:\/\/solidarites.ch\/vaud\/#website"},"primaryImageOfPage":{"@id":"https:\/\/solidarites.ch\/vaud\/2016\/02\/04\/vevey-pour-une-alternative-a-gauche\/#primaryimage"},"image":{"@id":"https:\/\/solidarites.ch\/vaud\/2016\/02\/04\/vevey-pour-une-alternative-a-gauche\/#primaryimage"},"thumbnailUrl":"https:\/\/solidarites.ch\/vaud\/wp-content\/uploads\/sites\/3\/2019\/12\/Image_VD.png","datePublished":"2016-02-04T10:03:34+00:00","dateModified":"2019-12-12T15:26:10+00:00","breadcrumb":{"@id":"https:\/\/solidarites.ch\/vaud\/2016\/02\/04\/vevey-pour-une-alternative-a-gauche\/#breadcrumb"},"inLanguage":"fr-FR","potentialAction":[{"@type":"ReadAction","target":["https:\/\/solidarites.ch\/vaud\/2016\/02\/04\/vevey-pour-une-alternative-a-gauche\/"]}]},{"@type":"ImageObject","inLanguage":"fr-FR","@id":"https:\/\/solidarites.ch\/vaud\/2016\/02\/04\/vevey-pour-une-alternative-a-gauche\/#primaryimage","url":"https:\/\/solidarites.ch\/vaud\/wp-content\/uploads\/sites\/3\/2019\/12\/Image_VD.png","contentUrl":"https:\/\/solidarites.ch\/vaud\/wp-content\/uploads\/sites\/3\/2019\/12\/Image_VD.png","width":1024,"height":764},{"@type":"BreadcrumbList","@id":"https:\/\/solidarites.ch\/vaud\/2016\/02\/04\/vevey-pour-une-alternative-a-gauche\/#breadcrumb","itemListElement":[{"@type":"ListItem","position":1,"name":"Accueil","item":"https:\/\/solidarites.ch\/vaud\/"},{"@type":"ListItem","position":2,"name":"Vevey \u2013 Pour une alternative \u00e0 gauche"}]},{"@type":"WebSite","@id":"https:\/\/solidarites.ch\/vaud\/#website","url":"https:\/\/solidarites.ch\/vaud\/","name":"solidarit\u00e9S Vaud","description":"Un mouvement &lt;br&gt;anticapitaliste, &lt;br&gt;f\u00e9ministe, &lt;br&gt;\u00e9cosocialiste et &lt;br&gt; antiraciste","publisher":{"@id":"https:\/\/solidarites.ch\/vaud\/#organization"},"potentialAction":[{"@type":"SearchAction","target":{"@type":"EntryPoint","urlTemplate":"https:\/\/solidarites.ch\/vaud\/?s={search_term_string}"},"query-input":{"@type":"PropertyValueSpecification","valueRequired":true,"valueName":"search_term_string"}}],"inLanguage":"fr-FR"},{"@type":"Organization","@id":"https:\/\/solidarites.ch\/vaud\/#organization","name":"solidarit\u00e9S Vaud","url":"https:\/\/solidarites.ch\/vaud\/","logo":{"@type":"ImageObject","inLanguage":"fr-FR","@id":"https:\/\/solidarites.ch\/vaud\/#\/schema\/logo\/image\/","url":"https:\/\/solidarites.ch\/vaud\/wp-content\/uploads\/sites\/3\/2020\/01\/sol_VD_Pos_RVB.png","contentUrl":"https:\/\/solidarites.ch\/vaud\/wp-content\/uploads\/sites\/3\/2020\/01\/sol_VD_Pos_RVB.png","width":1024,"height":409,"caption":"solidarit\u00e9S Vaud"},"image":{"@id":"https:\/\/solidarites.ch\/vaud\/#\/schema\/logo\/image\/"},"sameAs":["https:\/\/www.facebook.com\/solidarites.vaud\/","https:\/\/x.com\/solidariteSvaud","https:\/\/www.instagram.com\/solidarites_vaud\/","https:\/\/www.youtube.com\/channel\/UCL1HKEFgISBtzQgDAlQKKIA"]},{"@type":"Person","@id":"https:\/\/solidarites.ch\/vaud\/#\/schema\/person\/1fe04f9721c8856b07477d286db23d9d","name":"fab","image":{"@type":"ImageObject","inLanguage":"fr-FR","@id":"https:\/\/secure.gravatar.com\/avatar\/2dd55d128632d654ffcdaedc06aabab9d9cf66a3a6a535b5ca207e20dcd43c69?s=96&d=mm&r=g","url":"https:\/\/secure.gravatar.com\/avatar\/2dd55d128632d654ffcdaedc06aabab9d9cf66a3a6a535b5ca207e20dcd43c69?s=96&d=mm&r=g","contentUrl":"https:\/\/secure.gravatar.com\/avatar\/2dd55d128632d654ffcdaedc06aabab9d9cf66a3a6a535b5ca207e20dcd43c69?s=96&d=mm&r=g","caption":"fab"},"url":"https:\/\/solidarites.ch\/vaud\/author\/fab\/"}]}},"distributor_meta":false,"distributor_terms":false,"distributor_media":false,"distributor_original_site_name":"solidarit\u00e9S Vaud","distributor_original_site_url":"https:\/\/solidarites.ch\/vaud","push-errors":false,"_links":{"self":[{"href":"https:\/\/solidarites.ch\/vaud\/wp-json\/wp\/v2\/posts\/502","targetHints":{"allow":["GET"]}}],"collection":[{"href":"https:\/\/solidarites.ch\/vaud\/wp-json\/wp\/v2\/posts"}],"about":[{"href":"https:\/\/solidarites.ch\/vaud\/wp-json\/wp\/v2\/types\/post"}],"author":[{"embeddable":true,"href":"https:\/\/solidarites.ch\/vaud\/wp-json\/wp\/v2\/users\/1"}],"replies":[{"embeddable":true,"href":"https:\/\/solidarites.ch\/vaud\/wp-json\/wp\/v2\/comments?post=502"}],"version-history":[{"count":1,"href":"https:\/\/solidarites.ch\/vaud\/wp-json\/wp\/v2\/posts\/502\/revisions"}],"predecessor-version":[{"id":1523,"href":"https:\/\/solidarites.ch\/vaud\/wp-json\/wp\/v2\/posts\/502\/revisions\/1523"}],"wp:featuredmedia":[{"embeddable":true,"href":"https:\/\/solidarites.ch\/vaud\/wp-json\/wp\/v2\/media\/1522"}],"wp:attachment":[{"href":"https:\/\/solidarites.ch\/vaud\/wp-json\/wp\/v2\/media?parent=502"}],"wp:term":[{"taxonomy":"tx_journal_display","embeddable":true,"href":"https:\/\/solidarites.ch\/vaud\/wp-json\/wp\/v2\/tx_journal_display?post=502"}],"curies":[{"name":"wp","href":"https:\/\/api.w.org\/{rel}","templated":true}]}}